{"id":14230,"date":"2024-01-01T07:41:23","date_gmt":"2024-01-01T06:41:23","guid":{"rendered":"https:\/\/ambulantconvoyeurpar.com\/?p=14230"},"modified":"2025-06-30T12:51:01","modified_gmt":"2025-06-30T10:51:01","slug":"les-obliterations-convoyeurs-dalsace-lorraine-type-ondule-1920-1939","status":"publish","type":"post","link":"https:\/\/ambulantconvoyeurpar.com\/index.php\/2024\/01\/01\/les-obliterations-convoyeurs-dalsace-lorraine-type-ondule-1920-1939\/","title":{"rendered":"LES OBLIT\u00c9RATIONS CONVOYEURS D\u2019ALSACE-LORRAINE TYPE ONDULE 1920\/1939"},"content":{"rendered":"<p>Article modifi\u00e9 le 21\/01\/25.<\/p>\n<p><img decoding=\"async\" src=\"http:\/\/ambulantconvoyeurpar.com\/wp-content\/uploads\/2019\/08\/a-1.jpg\" \/><\/p>\n<p>Pour cette liste, je me suis servi du Pothion. Il est possible qu&rsquo;ils y aient des manques ou des ajouts qui ne concerne pas cette p\u00e9riode. Avec le Pothion, on ne peut pas distinguer, si ces convoyeurs ont circul\u00e9 avant ou apr\u00e8s la seconde guerre mondiale. Toute aide sera la bienvenue.<\/p>\n<p>Une petite trentaine de convoyeurs ondul\u00e9s sont signal\u00e9s pour la p\u00e9riode 1920\/1939, ils se distinguent de la majorit\u00e9 des convoyeurs de type ambulant de l&rsquo;Alsace\/Lorraine cr\u00e9\u00e9s pour remplacer les cachets allemands. Il ne faut pas oublier que, quand l&rsquo;A\/L rejoint la France apr\u00e8s la premi\u00e8re guerre mondiale, aucune oblit\u00e9ration ferroviaire fran\u00e7aise n&rsquo;est disponible pour ces r\u00e9gions.<\/p>\n<p>Il semble que ces couronnes ondul\u00e9es soient cr\u00e9\u00e9es post\u00e9rieurement \u00e0 la premi\u00e8re mouture des couronnes de type ambulant. 1919 est le mill\u00e9sime vu pour le type ambulant et 1920 pour le type ondul\u00e9.<\/p>\n<p>Ces convoyeurs ont circul\u00e9 jusqu&rsquo;au premier semestre de 1939. Deux \u00e9vacuations notables (septembre 1939 et mai 1940) feront partir 1.2 millions habitants de ces r\u00e9gions vers d\u2019autres d\u00e9partements o\u00f9 la SNCF va jouer son r\u00f4le de canalisateur pour le transport d\u2019une partie de ces populations d\u00e9plac\u00e9es. Ces mesures d\u2019\u00e9vacuation touchent \u00e9galement la SNCF. Les gares proches du front sont \u00e9vacu\u00e9es : 56 en Moselle, 33 dans le Bas-Rhin et 18 dans le Haut-Rhin. Fin 1939, pr\u00e8s de 6 000 agents sont \u00e9vacu\u00e9s sur d\u2019autres r\u00e9gions SNCF et, avec eux, environ 5 000 wagons charg\u00e9s de mat\u00e9riel. Le trafic ferroviaire de fait en sera impact\u00e9 sauf pour le trafic ferroviaire militaire qui battra son plein.<\/p>\n<p>Le classement est r\u00e9alis\u00e9 par ordre alphab\u00e9tique. Pour la recherche des oblit\u00e9rations ferroviaires de A\/L, je me suis calqu\u00e9 sur le territoire occup\u00e9 par l\u2019administration militaire allemande.<\/p>\n<p><strong>Bale A Metz<\/strong><\/p>\n<figure id=\"attachment_20862\" aria-describedby=\"caption-attachment-20862\" style=\"width: 695px\" class=\"wp-caption aligncenter\"><a href=\"https:\/\/ambulantconvoyeurpar.com\/?attachment_id=20862\" rel=\"attachment wp-att-20862\"><img loading=\"lazy\" decoding=\"async\" class=\"wp-image-20862 size-full\" src=\"https:\/\/ambulantconvoyeurpar.com\/wp-content\/uploads\/2023\/07\/Plan-1-2.jpg\" alt=\"\" width=\"695\" height=\"854\" srcset=\"https:\/\/ambulantconvoyeurpar.com\/wp-content\/uploads\/2023\/07\/Plan-1-2.jpg 695w, https:\/\/ambulantconvoyeurpar.com\/wp-content\/uploads\/2023\/07\/Plan-1-2-244x300.jpg 244w, https:\/\/ambulantconvoyeurpar.com\/wp-content\/uploads\/2023\/07\/Plan-1-2-220x270.jpg 220w\" sizes=\"auto, (max-width: 695px) 100vw, 695px\" \/><\/a><figcaption id=\"caption-attachment-20862\" class=\"wp-caption-text\">B\u00e2le \u00e0 Metz via Strasbourg. Ligne N\u00b03.<\/figcaption><\/figure>\n<p><span style=\"color: #ff0000;\">Aller<\/span><\/p>\n<p>Je ne poss\u00e8de pas cette oblit\u00e9ration.<\/p>\n<p><span style=\"color: #0000ff;\">Retour<\/span><\/p>\n<p>Je ne poss\u00e8de pas cette oblit\u00e9ration.<\/p>\n<p><strong>Bale A Strasbourg<\/strong><\/p>\n<figure id=\"attachment_20860\" aria-describedby=\"caption-attachment-20860\" style=\"width: 340px\" class=\"wp-caption aligncenter\"><a href=\"https:\/\/ambulantconvoyeurpar.com\/?attachment_id=20860\" rel=\"attachment wp-att-20860\"><img loading=\"lazy\" decoding=\"async\" class=\"wp-image-20860 size-full\" src=\"https:\/\/ambulantconvoyeurpar.com\/wp-content\/uploads\/2023\/07\/Plan-1-1.jpg\" alt=\"\" width=\"340\" height=\"608\" srcset=\"https:\/\/ambulantconvoyeurpar.com\/wp-content\/uploads\/2023\/07\/Plan-1-1.jpg 340w, https:\/\/ambulantconvoyeurpar.com\/wp-content\/uploads\/2023\/07\/Plan-1-1-168x300.jpg 168w, https:\/\/ambulantconvoyeurpar.com\/wp-content\/uploads\/2023\/07\/Plan-1-1-151x270.jpg 151w\" sizes=\"auto, (max-width: 340px) 100vw, 340px\" \/><\/a><figcaption id=\"caption-attachment-20860\" class=\"wp-caption-text\">Ligne 3.<\/figcaption><\/figure>\n<p><span style=\"color: #ff0000;\">Aller\u00a0<\/span><\/p>\n<p>Je ne poss\u00e8de pas cette oblit\u00e9ration.<\/p>\n<p><span style=\"color: #0000ff;\">Retour<\/span><\/p>\n<p>Je ne poss\u00e8de pas cette oblit\u00e9ration.<\/p>\n<p><strong>Bantzenheim A Neuf-Brisach<\/strong><\/p>\n<p>Ligne ouverte au service voyageur le 01\/04\/1923. Le service voyageur est ferm\u00e9 le 31\/12\/1945<time class=\"nowrap date-lien\" datetime=\"1945-12-31\" data-sort-value=\"1945-12-31\"><\/time>.<time class=\"nowrap date-lien\" datetime=\"1923-04-01\" data-sort-value=\"1923-04-01\"><\/time><\/p>\n<p><a href=\"http:\/\/archeoferroviaire.free.fr\/v31\/spip.php?article1221\">http:\/\/archeoferroviaire.free.fr\/v31\/spip.php?article1221<\/a><\/p>\n<p><a href=\"https:\/\/fr.wikipedia.org\/wiki\/Ligne_de_Neuf-Brisach_%C3%A0_Bantzenheim\">https:\/\/fr.wikipedia.org\/wiki\/Ligne_de_Neuf-Brisach_%C3%A0_Bantzenheim<\/a><\/p>\n<figure id=\"attachment_20859\" aria-describedby=\"caption-attachment-20859\" style=\"width: 160px\" class=\"wp-caption aligncenter\"><a href=\"https:\/\/ambulantconvoyeurpar.com\/?attachment_id=20859\" rel=\"attachment wp-att-20859\"><img loading=\"lazy\" decoding=\"async\" class=\"wp-image-20859 size-full\" src=\"https:\/\/ambulantconvoyeurpar.com\/wp-content\/uploads\/2023\/07\/Plan-1.jpg\" alt=\"\" width=\"160\" height=\"151\" \/><\/a><figcaption id=\"caption-attachment-20859\" class=\"wp-caption-text\">Ligne 90.<\/figcaption><\/figure>\n<p><span style=\"color: #ff0000;\">Aller<\/span><\/p>\n<p>Je ne poss\u00e8de pas cette oblit\u00e9ration.<\/p>\n<p><span style=\"color: #0000ff;\">Retour<\/span><\/p>\n<p><a href=\"https:\/\/ambulantconvoyeurpar.com\/?attachment_id=20901\" rel=\"attachment wp-att-20901\"><img loading=\"lazy\" decoding=\"async\" class=\"size-large wp-image-20901 aligncenter\" src=\"https:\/\/ambulantconvoyeurpar.com\/wp-content\/uploads\/2023\/07\/a1-27-1024x714.jpg\" alt=\"\" width=\"640\" height=\"446\" srcset=\"https:\/\/ambulantconvoyeurpar.com\/wp-content\/uploads\/2023\/07\/a1-27-1024x714.jpg 1024w, https:\/\/ambulantconvoyeurpar.com\/wp-content\/uploads\/2023\/07\/a1-27-300x209.jpg 300w, https:\/\/ambulantconvoyeurpar.com\/wp-content\/uploads\/2023\/07\/a1-27-768x535.jpg 768w, https:\/\/ambulantconvoyeurpar.com\/wp-content\/uploads\/2023\/07\/a1-27-387x270.jpg 387w, https:\/\/ambulantconvoyeurpar.com\/wp-content\/uploads\/2023\/07\/a1-27.jpg 1142w\" sizes=\"auto, (max-width: 640px) 100vw, 640px\" \/><\/a><\/p>\n<p><strong>Battenheim A Mulhouse<\/strong><\/p>\n<p>Ligne ouverte en 1885. Cette ligne comprend les gares de: Mulhouse, Modenheim, Dollfus\/Noack, Sausheim-Village, Baldersheim-Village, Battenheim, Moulin-d\u2019Adolsheim, Faubourg-Saint-Martin, Ensisheim<i>.<\/i><\/p>\n<p>En 1930, sont signal\u00e9es les fermetures de: Moulin-d\u2019Adolsheim, Faubourg-Saint-Martin puis les gares de Sausheim-Village, Baldersheim-Village, Battenheim qui ferment en 1944. Enfin le reste de la ligne en 1957.<\/p>\n<p>Voir \u00e9galement la ligne: <strong>Ensisheim A Mulhouse.<\/strong><\/p>\n<p><a href=\"http:\/\/archeoferroviaire.free.fr\/v31\/spip.php?article1146\">http:\/\/archeoferroviaire.free.fr\/v31\/spip.php?article1146<\/a><\/p>\n<p><a href=\"https:\/\/ambulantconvoyeurpar.com\/?attachment_id=22056\" rel=\"attachment wp-att-22056\"><img loading=\"lazy\" decoding=\"async\" class=\"alignnone size-full wp-image-22056\" src=\"https:\/\/ambulantconvoyeurpar.com\/wp-content\/uploads\/2023\/11\/a1-1.jpg\" alt=\"\" width=\"535\" height=\"223\" srcset=\"https:\/\/ambulantconvoyeurpar.com\/wp-content\/uploads\/2023\/11\/a1-1.jpg 535w, https:\/\/ambulantconvoyeurpar.com\/wp-content\/uploads\/2023\/11\/a1-1-300x125.jpg 300w\" sizes=\"auto, (max-width: 535px) 100vw, 535px\" \/><\/a><\/p>\n<p><span style=\"color: #ff0000;\">Aller<\/span><\/p>\n<p><a href=\"https:\/\/ambulantconvoyeurpar.com\/?attachment_id=21688\" rel=\"attachment wp-att-21688\"><img loading=\"lazy\" decoding=\"async\" class=\"size-full wp-image-21688 aligncenter\" src=\"https:\/\/ambulantconvoyeurpar.com\/wp-content\/uploads\/2023\/09\/a1-13.jpg\" alt=\"\" width=\"1173\" height=\"815\" srcset=\"https:\/\/ambulantconvoyeurpar.com\/wp-content\/uploads\/2023\/09\/a1-13.jpg 1173w, https:\/\/ambulantconvoyeurpar.com\/wp-content\/uploads\/2023\/09\/a1-13-300x208.jpg 300w, https:\/\/ambulantconvoyeurpar.com\/wp-content\/uploads\/2023\/09\/a1-13-1024x711.jpg 1024w, https:\/\/ambulantconvoyeurpar.com\/wp-content\/uploads\/2023\/09\/a1-13-768x534.jpg 768w, https:\/\/ambulantconvoyeurpar.com\/wp-content\/uploads\/2023\/09\/a1-13-389x270.jpg 389w\" sizes=\"auto, (max-width: 1173px) 100vw, 1173px\" \/><\/a><\/p>\n<p><span style=\"color: #0000ff;\">Retour<\/span><\/p>\n<p><a href=\"https:\/\/ambulantconvoyeurpar.com\/index.php\/2024\/01\/01\/les-obliterations-convoyeurs-dalsace-lorraine-type-ondule-1920-1939\/a1-2740\/\" rel=\"attachment wp-att-24392\"><img loading=\"lazy\" decoding=\"async\" class=\"alignnone size-full wp-image-24392\" src=\"https:\/\/ambulantconvoyeurpar.com\/wp-content\/uploads\/2024\/01\/a1-29.jpg\" alt=\"\" width=\"1178\" height=\"803\" srcset=\"https:\/\/ambulantconvoyeurpar.com\/wp-content\/uploads\/2024\/01\/a1-29.jpg 1178w, https:\/\/ambulantconvoyeurpar.com\/wp-content\/uploads\/2024\/01\/a1-29-300x204.jpg 300w, https:\/\/ambulantconvoyeurpar.com\/wp-content\/uploads\/2024\/01\/a1-29-1024x698.jpg 1024w, https:\/\/ambulantconvoyeurpar.com\/wp-content\/uploads\/2024\/01\/a1-29-768x524.jpg 768w, https:\/\/ambulantconvoyeurpar.com\/wp-content\/uploads\/2024\/01\/a1-29-396x270.jpg 396w\" sizes=\"auto, (max-width: 1178px) 100vw, 1178px\" \/><\/a><\/p>\n<p><strong><span style=\"font-size: inherit;\">Belfort A Strasbourg<\/span><\/strong><\/p>\n<figure id=\"attachment_20865\" aria-describedby=\"caption-attachment-20865\" style=\"width: 441px\" class=\"wp-caption aligncenter\"><a href=\"https:\/\/ambulantconvoyeurpar.com\/?attachment_id=20865\" rel=\"attachment wp-att-20865\"><img loading=\"lazy\" decoding=\"async\" class=\"wp-image-20865 size-full\" src=\"https:\/\/ambulantconvoyeurpar.com\/wp-content\/uploads\/2023\/07\/Plan-1-4.jpg\" alt=\"\" width=\"441\" height=\"594\" srcset=\"https:\/\/ambulantconvoyeurpar.com\/wp-content\/uploads\/2023\/07\/Plan-1-4.jpg 441w, https:\/\/ambulantconvoyeurpar.com\/wp-content\/uploads\/2023\/07\/Plan-1-4-223x300.jpg 223w, https:\/\/ambulantconvoyeurpar.com\/wp-content\/uploads\/2023\/07\/Plan-1-4-200x270.jpg 200w\" sizes=\"auto, (max-width: 441px) 100vw, 441px\" \/><\/a><figcaption id=\"caption-attachment-20865\" class=\"wp-caption-text\">Strasbourg\/Colmar\/Mulhouse\/Belfort.<\/figcaption><\/figure>\n<p><span style=\"color: #0000ff;\">Retour uniquement<\/span><\/p>\n<p>Je ne poss\u00e8de pas cette oblit\u00e9ration.<\/p>\n<p><strong><span style=\"font-size: inherit;\">Belfort A Strasbourg<\/span><\/strong><\/p>\n<p><span style=\"color: #0000ff;\">Retour uniquement<\/span><\/p>\n<p>Je ne poss\u00e8de pas cette oblit\u00e9ration.<\/p>\n<p><strong>Bollwiller A Colmar 1\u00b0\/2\u00b0<\/strong><\/p>\n<p>Ici, je ne suis pas encore capable d&rsquo;\u00e9crire si ce convoyeur empruntait l&rsquo;art\u00e8re principale N\u00b03 ou la ligne N\u00b088.<\/p>\n<p><a href=\"https:\/\/ambulantconvoyeurpar.com\/?attachment_id=20866\" rel=\"attachment wp-att-20866\"><img loading=\"lazy\" decoding=\"async\" class=\"size-full wp-image-20866 aligncenter\" src=\"https:\/\/ambulantconvoyeurpar.com\/wp-content\/uploads\/2023\/07\/Plan-1-5.jpg\" alt=\"\" width=\"206\" height=\"147\" \/><\/a><\/p>\n<p><span style=\"color: #0000ff;\">Retour uniquement<\/span><\/p>\n<p><a href=\"https:\/\/ambulantconvoyeurpar.com\/?attachment_id=14387\" rel=\"attachment wp-att-14387\"><img loading=\"lazy\" decoding=\"async\" class=\"size-large wp-image-14387 aligncenter\" src=\"https:\/\/ambulantconvoyeurpar.com\/wp-content\/uploads\/2021\/07\/a3-35-1024x787.jpg\" alt=\"\" width=\"640\" height=\"492\" srcset=\"https:\/\/ambulantconvoyeurpar.com\/wp-content\/uploads\/2021\/07\/a3-35-1024x787.jpg 1024w, https:\/\/ambulantconvoyeurpar.com\/wp-content\/uploads\/2021\/07\/a3-35-300x231.jpg 300w, https:\/\/ambulantconvoyeurpar.com\/wp-content\/uploads\/2021\/07\/a3-35-768x590.jpg 768w, https:\/\/ambulantconvoyeurpar.com\/wp-content\/uploads\/2021\/07\/a3-35-351x270.jpg 351w, https:\/\/ambulantconvoyeurpar.com\/wp-content\/uploads\/2021\/07\/a3-35.jpg 1131w\" sizes=\"auto, (max-width: 640px) 100vw, 640px\" \/><\/a><\/p>\n<p><strong>Colmar A Lapoutroye 1\u00b0\/2\u00b0\/3\u00b0\/4\u00b0<\/strong><\/p>\n<p>Ligne ouverte en 1885 et ferm\u00e9e au trafic voyageurs en 1944.<\/p>\n<p><a href=\"http:\/\/archeoferroviaire.free.fr\/v31\/spip.php?article1210\">http:\/\/archeoferroviaire.free.fr\/v31\/spip.php?article1210<\/a><\/p>\n<figure id=\"attachment_20867\" aria-describedby=\"caption-attachment-20867\" style=\"width: 186px\" class=\"wp-caption aligncenter\"><a href=\"https:\/\/ambulantconvoyeurpar.com\/?attachment_id=20867\" rel=\"attachment wp-att-20867\"><img loading=\"lazy\" decoding=\"async\" class=\"wp-image-20867 size-full\" src=\"https:\/\/ambulantconvoyeurpar.com\/wp-content\/uploads\/2023\/07\/Plan-1-6.jpg\" alt=\"\" width=\"186\" height=\"83\" \/><\/a><figcaption id=\"caption-attachment-20867\" class=\"wp-caption-text\">Ligne 99.<\/figcaption><\/figure>\n<p><span style=\"color: #ff0000;\">Aller<\/span><\/p>\n<figure id=\"attachment_14379\" aria-describedby=\"caption-attachment-14379\" style=\"width: 640px\" class=\"wp-caption aligncenter\"><a href=\"https:\/\/ambulantconvoyeurpar.com\/?attachment_id=14379\" rel=\"attachment wp-att-14379\"><img loading=\"lazy\" decoding=\"async\" class=\"wp-image-14379 size-large\" src=\"https:\/\/ambulantconvoyeurpar.com\/wp-content\/uploads\/2021\/07\/a3-32-1024x668.jpg\" alt=\"\" width=\"640\" height=\"418\" srcset=\"https:\/\/ambulantconvoyeurpar.com\/wp-content\/uploads\/2021\/07\/a3-32-1024x668.jpg 1024w, https:\/\/ambulantconvoyeurpar.com\/wp-content\/uploads\/2021\/07\/a3-32-300x196.jpg 300w, https:\/\/ambulantconvoyeurpar.com\/wp-content\/uploads\/2021\/07\/a3-32-768x501.jpg 768w, https:\/\/ambulantconvoyeurpar.com\/wp-content\/uploads\/2021\/07\/a3-32-414x270.jpg 414w, https:\/\/ambulantconvoyeurpar.com\/wp-content\/uploads\/2021\/07\/a3-32.jpg 1130w\" sizes=\"auto, (max-width: 640px) 100vw, 640px\" \/><\/a><figcaption id=\"caption-attachment-14379\" class=\"wp-caption-text\">Brigade N\u00b01.<\/figcaption><\/figure>\n<figure id=\"attachment_14386\" aria-describedby=\"caption-attachment-14386\" style=\"width: 640px\" class=\"wp-caption aligncenter\"><a href=\"https:\/\/ambulantconvoyeurpar.com\/?attachment_id=14386\" rel=\"attachment wp-att-14386\"><img loading=\"lazy\" decoding=\"async\" class=\"wp-image-14386 size-large\" src=\"https:\/\/ambulantconvoyeurpar.com\/wp-content\/uploads\/2021\/07\/a3-34-1024x704.jpg\" alt=\"\" width=\"640\" height=\"440\" srcset=\"https:\/\/ambulantconvoyeurpar.com\/wp-content\/uploads\/2021\/07\/a3-34-1024x704.jpg 1024w, https:\/\/ambulantconvoyeurpar.com\/wp-content\/uploads\/2021\/07\/a3-34-300x206.jpg 300w, https:\/\/ambulantconvoyeurpar.com\/wp-content\/uploads\/2021\/07\/a3-34-768x528.jpg 768w, https:\/\/ambulantconvoyeurpar.com\/wp-content\/uploads\/2021\/07\/a3-34-392x270.jpg 392w, https:\/\/ambulantconvoyeurpar.com\/wp-content\/uploads\/2021\/07\/a3-34.jpg 1160w\" sizes=\"auto, (max-width: 640px) 100vw, 640px\" \/><\/a><figcaption id=\"caption-attachment-14386\" class=\"wp-caption-text\">Brigade N\u00b02.<\/figcaption><\/figure>\n<figure id=\"attachment_15809\" aria-describedby=\"caption-attachment-15809\" style=\"width: 640px\" class=\"wp-caption aligncenter\"><a href=\"https:\/\/ambulantconvoyeurpar.com\/?attachment_id=15809\" rel=\"attachment wp-att-15809\"><img loading=\"lazy\" decoding=\"async\" class=\"wp-image-15809 size-large\" src=\"https:\/\/ambulantconvoyeurpar.com\/wp-content\/uploads\/2022\/02\/a1-75-1024x741.jpg\" alt=\"\" width=\"640\" height=\"463\" srcset=\"https:\/\/ambulantconvoyeurpar.com\/wp-content\/uploads\/2022\/02\/a1-75-1024x741.jpg 1024w, https:\/\/ambulantconvoyeurpar.com\/wp-content\/uploads\/2022\/02\/a1-75-300x217.jpg 300w, https:\/\/ambulantconvoyeurpar.com\/wp-content\/uploads\/2022\/02\/a1-75-768x556.jpg 768w, https:\/\/ambulantconvoyeurpar.com\/wp-content\/uploads\/2022\/02\/a1-75-373x270.jpg 373w, https:\/\/ambulantconvoyeurpar.com\/wp-content\/uploads\/2022\/02\/a1-75.jpg 1165w\" sizes=\"auto, (max-width: 640px) 100vw, 640px\" \/><\/a><figcaption id=\"caption-attachment-15809\" class=\"wp-caption-text\">Brigade N\u00b04.<\/figcaption><\/figure>\n<p><span style=\"color: #0000ff;\">Retour<\/span><\/p>\n<p>Je ne poss\u00e8de pas cette oblit\u00e9ration.<\/p>\n<p><strong>Colmar A Markolsheim<\/strong><\/p>\n<p>Ligne ouverte en 1885 et ferm\u00e9e en 1946.<\/p>\n<p><a href=\"http:\/\/archeoferroviaire.free.fr\/v31\/spip.php?article1211\">http:\/\/archeoferroviaire.free.fr\/v31\/spip.php?article1211<\/a><\/p>\n<p><a href=\"https:\/\/fr.wikipedia.org\/wiki\/Ligne_de_Colmar-Central_%C3%A0_Marckolsheim\">https:\/\/fr.wikipedia.org\/wiki\/Ligne_de_Colmar-Central_%C3%A0_Marckolsheim<\/a><\/p>\n<figure id=\"attachment_20868\" aria-describedby=\"caption-attachment-20868\" style=\"width: 192px\" class=\"wp-caption aligncenter\"><a href=\"https:\/\/ambulantconvoyeurpar.com\/?attachment_id=20868\" rel=\"attachment wp-att-20868\"><img loading=\"lazy\" decoding=\"async\" class=\"wp-image-20868 size-full\" src=\"https:\/\/ambulantconvoyeurpar.com\/wp-content\/uploads\/2023\/07\/Plan-1-7.jpg\" alt=\"\" width=\"192\" height=\"123\" \/><\/a><figcaption id=\"caption-attachment-20868\" class=\"wp-caption-text\">Ligne 98.<\/figcaption><\/figure>\n<p><span style=\"color: #ff0000;\">Aller uniquement<\/span><\/p>\n<p>Je ne poss\u00e8de pas cette oblit\u00e9ration.<\/p>\n<p><strong>Colmar A Markolsheim 2\u00b0\/3\u00b0\/4\u00b0<\/strong><\/p>\n<p><span style=\"color: #ff0000;\">Aller uniquement<\/span><\/p>\n<figure id=\"attachment_22249\" aria-describedby=\"caption-attachment-22249\" style=\"width: 640px\" class=\"wp-caption aligncenter\"><a href=\"https:\/\/ambulantconvoyeurpar.com\/?attachment_id=22249\" rel=\"attachment wp-att-22249\"><img loading=\"lazy\" decoding=\"async\" class=\"wp-image-22249 size-large\" src=\"https:\/\/ambulantconvoyeurpar.com\/wp-content\/uploads\/2023\/11\/a1-11-1024x722.jpg\" alt=\"\" width=\"640\" height=\"451\" srcset=\"https:\/\/ambulantconvoyeurpar.com\/wp-content\/uploads\/2023\/11\/a1-11-1024x722.jpg 1024w, https:\/\/ambulantconvoyeurpar.com\/wp-content\/uploads\/2023\/11\/a1-11-300x212.jpg 300w, https:\/\/ambulantconvoyeurpar.com\/wp-content\/uploads\/2023\/11\/a1-11-768x542.jpg 768w, https:\/\/ambulantconvoyeurpar.com\/wp-content\/uploads\/2023\/11\/a1-11-383x270.jpg 383w, https:\/\/ambulantconvoyeurpar.com\/wp-content\/uploads\/2023\/11\/a1-11.jpg 1160w\" sizes=\"auto, (max-width: 640px) 100vw, 640px\" \/><\/a><figcaption id=\"caption-attachment-22249\" class=\"wp-caption-text\">Brigade N\u00b03.<\/figcaption><\/figure>\n<p><strong>Colmar A\u00a0 Metzeral 1\u00b0\/2\u00b0\/3\u00b0\/4\u00b0<\/strong><\/p>\n<p>Ligne ouverte depuis le 01\/11\/1893 et toujours en activit\u00e9.<\/p>\n<p><a href=\"https:\/\/fr.wikipedia.org\/wiki\/Ligne_de_Colmar-Central_%C3%A0_Metzeral\">https:\/\/fr.wikipedia.org\/wiki\/Ligne_de_Colmar-Central_%C3%A0_Metzeral<\/a><\/p>\n<figure id=\"attachment_20869\" aria-describedby=\"caption-attachment-20869\" style=\"width: 278px\" class=\"wp-caption aligncenter\"><a href=\"https:\/\/ambulantconvoyeurpar.com\/?attachment_id=20869\" rel=\"attachment wp-att-20869\"><img loading=\"lazy\" decoding=\"async\" class=\"wp-image-20869 size-full\" src=\"https:\/\/ambulantconvoyeurpar.com\/wp-content\/uploads\/2023\/07\/Plan-1-8.jpg\" alt=\"\" width=\"278\" height=\"65\" \/><\/a><figcaption id=\"caption-attachment-20869\" class=\"wp-caption-text\">Ligne 86.<\/figcaption><\/figure>\n<p><span style=\"color: #ff0000;\">Aller<\/span><\/p>\n<figure id=\"attachment_21554\" aria-describedby=\"caption-attachment-21554\" style=\"width: 640px\" class=\"wp-caption aligncenter\"><a href=\"https:\/\/ambulantconvoyeurpar.com\/?attachment_id=21554\" rel=\"attachment wp-att-21554\"><img loading=\"lazy\" decoding=\"async\" class=\"wp-image-21554 size-large\" src=\"https:\/\/ambulantconvoyeurpar.com\/wp-content\/uploads\/2023\/09\/a1-3-1024x663.jpg\" alt=\"\" width=\"640\" height=\"414\" srcset=\"https:\/\/ambulantconvoyeurpar.com\/wp-content\/uploads\/2023\/09\/a1-3-1024x663.jpg 1024w, https:\/\/ambulantconvoyeurpar.com\/wp-content\/uploads\/2023\/09\/a1-3-300x194.jpg 300w, https:\/\/ambulantconvoyeurpar.com\/wp-content\/uploads\/2023\/09\/a1-3-768x497.jpg 768w, https:\/\/ambulantconvoyeurpar.com\/wp-content\/uploads\/2023\/09\/a1-3-417x270.jpg 417w, https:\/\/ambulantconvoyeurpar.com\/wp-content\/uploads\/2023\/09\/a1-3.jpg 1100w\" sizes=\"auto, (max-width: 640px) 100vw, 640px\" \/><\/a><figcaption id=\"caption-attachment-21554\" class=\"wp-caption-text\">Brigade N\u00b01.<\/figcaption><\/figure>\n<figure id=\"attachment_14475\" aria-describedby=\"caption-attachment-14475\" style=\"width: 640px\" class=\"wp-caption aligncenter\"><a href=\"https:\/\/ambulantconvoyeurpar.com\/?attachment_id=14475\" rel=\"attachment wp-att-14475\"><img loading=\"lazy\" decoding=\"async\" class=\"wp-image-14475 size-large\" src=\"https:\/\/ambulantconvoyeurpar.com\/wp-content\/uploads\/2021\/08\/a3-3-1024x655.jpg\" alt=\"\" width=\"640\" height=\"409\" srcset=\"https:\/\/ambulantconvoyeurpar.com\/wp-content\/uploads\/2021\/08\/a3-3-1024x655.jpg 1024w, https:\/\/ambulantconvoyeurpar.com\/wp-content\/uploads\/2021\/08\/a3-3-300x192.jpg 300w, https:\/\/ambulantconvoyeurpar.com\/wp-content\/uploads\/2021\/08\/a3-3-768x491.jpg 768w, https:\/\/ambulantconvoyeurpar.com\/wp-content\/uploads\/2021\/08\/a3-3-422x270.jpg 422w, https:\/\/ambulantconvoyeurpar.com\/wp-content\/uploads\/2021\/08\/a3-3.jpg 1119w\" sizes=\"auto, (max-width: 640px) 100vw, 640px\" \/><\/a><figcaption id=\"caption-attachment-14475\" class=\"wp-caption-text\">Brigade N\u00b02.<\/figcaption><\/figure>\n<figure id=\"attachment_19466\" aria-describedby=\"caption-attachment-19466\" style=\"width: 640px\" class=\"wp-caption aligncenter\"><a href=\"https:\/\/ambulantconvoyeurpar.com\/?attachment_id=19466\" rel=\"attachment wp-att-19466\"><img loading=\"lazy\" decoding=\"async\" class=\"wp-image-19466 size-large\" src=\"https:\/\/ambulantconvoyeurpar.com\/wp-content\/uploads\/2023\/03\/a1-77-1024x683.jpg\" alt=\"\" width=\"640\" height=\"427\" srcset=\"https:\/\/ambulantconvoyeurpar.com\/wp-content\/uploads\/2023\/03\/a1-77-1024x683.jpg 1024w, https:\/\/ambulantconvoyeurpar.com\/wp-content\/uploads\/2023\/03\/a1-77-300x200.jpg 300w, https:\/\/ambulantconvoyeurpar.com\/wp-content\/uploads\/2023\/03\/a1-77-768x512.jpg 768w, https:\/\/ambulantconvoyeurpar.com\/wp-content\/uploads\/2023\/03\/a1-77-405x270.jpg 405w, https:\/\/ambulantconvoyeurpar.com\/wp-content\/uploads\/2023\/03\/a1-77.jpg 1120w\" sizes=\"auto, (max-width: 640px) 100vw, 640px\" \/><\/a><figcaption id=\"caption-attachment-19466\" class=\"wp-caption-text\">Brigade N\u00b03.<\/figcaption><\/figure>\n<figure id=\"attachment_14231\" aria-describedby=\"caption-attachment-14231\" style=\"width: 640px\" class=\"wp-caption aligncenter\"><a href=\"https:\/\/ambulantconvoyeurpar.com\/?attachment_id=14231\" rel=\"attachment wp-att-14231\"><img loading=\"lazy\" decoding=\"async\" class=\"wp-image-14231 size-large\" src=\"https:\/\/ambulantconvoyeurpar.com\/wp-content\/uploads\/2021\/06\/a3-82-1024x677.jpg\" alt=\"\" width=\"640\" height=\"423\" srcset=\"https:\/\/ambulantconvoyeurpar.com\/wp-content\/uploads\/2021\/06\/a3-82-1024x677.jpg 1024w, https:\/\/ambulantconvoyeurpar.com\/wp-content\/uploads\/2021\/06\/a3-82-300x198.jpg 300w, https:\/\/ambulantconvoyeurpar.com\/wp-content\/uploads\/2021\/06\/a3-82-768x508.jpg 768w, https:\/\/ambulantconvoyeurpar.com\/wp-content\/uploads\/2021\/06\/a3-82-409x270.jpg 409w, https:\/\/ambulantconvoyeurpar.com\/wp-content\/uploads\/2021\/06\/a3-82.jpg 1085w\" sizes=\"auto, (max-width: 640px) 100vw, 640px\" \/><\/a><figcaption id=\"caption-attachment-14231\" class=\"wp-caption-text\">Brigade N\u00b04.<\/figcaption><\/figure>\n<p><span style=\"color: #0000ff;\">Retour<\/span><\/p>\n<p>Je ne poss\u00e8de pas cette oblit\u00e9ration.<\/p>\n<p><strong>Colmar \u00e0 Metzeral 1\u00b0\/2\u00b0( petit \u00e0 )<\/strong><\/p>\n<p><span style=\"color: #ff0000;\">Aller<\/span><\/p>\n<p>Je ne poss\u00e8de pas cette oblit\u00e9ration.<\/p>\n<p><span style=\"color: #0000ff;\">Retour, vu jusqu&rsquo;au 15\/05\/1940.<\/span><\/p>\n<p><a href=\"https:\/\/ambulantconvoyeurpar.com\/index.php\/2024\/01\/01\/les-obliterations-convoyeurs-dalsace-lorraine-type-ondule-1920-1939\/a1-2320\/\" rel=\"attachment wp-att-23005\"><img loading=\"lazy\" decoding=\"async\" class=\"alignnone size-large wp-image-23005\" src=\"https:\/\/ambulantconvoyeurpar.com\/wp-content\/uploads\/2024\/01\/a1-27-1024x698.jpg\" alt=\"\" width=\"640\" height=\"436\" srcset=\"https:\/\/ambulantconvoyeurpar.com\/wp-content\/uploads\/2024\/01\/a1-27-1024x698.jpg 1024w, https:\/\/ambulantconvoyeurpar.com\/wp-content\/uploads\/2024\/01\/a1-27-300x205.jpg 300w, https:\/\/ambulantconvoyeurpar.com\/wp-content\/uploads\/2024\/01\/a1-27-768x524.jpg 768w, https:\/\/ambulantconvoyeurpar.com\/wp-content\/uploads\/2024\/01\/a1-27-396x270.jpg 396w, https:\/\/ambulantconvoyeurpar.com\/wp-content\/uploads\/2024\/01\/a1-27.jpg 1175w\" sizes=\"auto, (max-width: 640px) 100vw, 640px\" \/><\/a><\/p>\n<p><a href=\"https:\/\/ambulantconvoyeurpar.com\/index.php\/2024\/01\/01\/les-obliterations-convoyeurs-dalsace-lorraine-type-ondule-1920-1939\/a1-2373\/\" rel=\"attachment wp-att-23196\"><img loading=\"lazy\" decoding=\"async\" class=\"alignnone size-large wp-image-23196\" src=\"https:\/\/ambulantconvoyeurpar.com\/wp-content\/uploads\/2024\/01\/a1-28-1024x481.jpg\" alt=\"\" width=\"640\" height=\"301\" srcset=\"https:\/\/ambulantconvoyeurpar.com\/wp-content\/uploads\/2024\/01\/a1-28-1024x481.jpg 1024w, https:\/\/ambulantconvoyeurpar.com\/wp-content\/uploads\/2024\/01\/a1-28-300x141.jpg 300w, https:\/\/ambulantconvoyeurpar.com\/wp-content\/uploads\/2024\/01\/a1-28-768x361.jpg 768w, https:\/\/ambulantconvoyeurpar.com\/wp-content\/uploads\/2024\/01\/a1-28-575x270.jpg 575w, https:\/\/ambulantconvoyeurpar.com\/wp-content\/uploads\/2024\/01\/a1-28.jpg 1160w\" sizes=\"auto, (max-width: 640px) 100vw, 640px\" \/><\/a><\/p>\n<p><strong>Colmar \u00e0 Neuf-Brisach 1\u00b0\/2\u00b0\/3\u00b0\/4\u00b0<\/strong><\/p>\n<p>Ligne ouverte en 1878 et toujours en activit\u00e9.<\/p>\n<p><a href=\"http:\/\/archeoferroviaire.free.fr\/v31\/spip.php?article1380\">http:\/\/archeoferroviaire.free.fr\/v31\/spip.php?article1380<\/a><\/p>\n<p><a href=\"https:\/\/fr.wikipedia.org\/wiki\/Ligne_de_Colmar-Central_%C3%A0_Neuf-Brisach\">https:\/\/fr.wikipedia.org\/wiki\/Ligne_de_Colmar-Central_%C3%A0_Neuf-Brisach<\/a><\/p>\n<p><a href=\"https:\/\/transrhinrail.eu\/wp-content\/uploads\/2023\/02\/Bericht-Mitgliederversammlung-2023.pdf\" target=\"_blank\" rel=\"noopener noreferrer nofollow\">Cliquer pour acc\u00e9der \u00e0 Bericht-Mitgliederversammlung-2023.pdf<\/a><\/p>\n<figure id=\"attachment_20870\" aria-describedby=\"caption-attachment-20870\" style=\"width: 202px\" class=\"wp-caption aligncenter\"><a href=\"https:\/\/ambulantconvoyeurpar.com\/?attachment_id=20870\" rel=\"attachment wp-att-20870\"><img loading=\"lazy\" decoding=\"async\" class=\"wp-image-20870 size-full\" src=\"https:\/\/ambulantconvoyeurpar.com\/wp-content\/uploads\/2023\/07\/Plan-1-9.jpg\" alt=\"\" width=\"202\" height=\"69\" \/><\/a><figcaption id=\"caption-attachment-20870\" class=\"wp-caption-text\">Ligne 87.<\/figcaption><\/figure>\n<p><span style=\"color: #ff0000;\">Aller uniquement<\/span><\/p>\n<p><a href=\"https:\/\/ambulantconvoyeurpar.com\/index.php\/2024\/01\/01\/les-obliterations-convoyeurs-dalsace-lorraine-type-ondule-1920-1939\/scan-392\/\" rel=\"attachment wp-att-25628\"><img loading=\"lazy\" decoding=\"async\" class=\"alignnone size-full wp-image-25628\" src=\"https:\/\/ambulantconvoyeurpar.com\/wp-content\/uploads\/2024\/01\/Scan.jpg\" alt=\"\" width=\"953\" height=\"737\" srcset=\"https:\/\/ambulantconvoyeurpar.com\/wp-content\/uploads\/2024\/01\/Scan.jpg 953w, https:\/\/ambulantconvoyeurpar.com\/wp-content\/uploads\/2024\/01\/Scan-300x232.jpg 300w, https:\/\/ambulantconvoyeurpar.com\/wp-content\/uploads\/2024\/01\/Scan-768x594.jpg 768w, https:\/\/ambulantconvoyeurpar.com\/wp-content\/uploads\/2024\/01\/Scan-349x270.jpg 349w\" sizes=\"auto, (max-width: 953px) 100vw, 953px\" \/><\/a><\/p>\n<p><strong><span style=\"font-size: inherit;\">Conflans \u00e0 Metz<\/span><\/strong><\/p>\n<p>Ligne ouverte le 01\/04\/1873 et ferm\u00e9e au service voyageur le 06\/06\/1973<\/p>\n<p><a href=\"https:\/\/fr.wikipedia.org\/wiki\/Ligne_de_Conflans_-_Jarny_%C3%A0_Metz-Ville\">https:\/\/fr.wikipedia.org\/wiki\/Ligne_de_Conflans_-_Jarny_%C3%A0_Metz-Ville<\/a><\/p>\n<figure id=\"attachment_20871\" aria-describedby=\"caption-attachment-20871\" style=\"width: 240px\" class=\"wp-caption aligncenter\"><a href=\"https:\/\/ambulantconvoyeurpar.com\/?attachment_id=20871\" rel=\"attachment wp-att-20871\"><img loading=\"lazy\" decoding=\"async\" class=\"wp-image-20871 size-full\" src=\"https:\/\/ambulantconvoyeurpar.com\/wp-content\/uploads\/2023\/07\/Plan-1-10.jpg\" alt=\"\" width=\"240\" height=\"83\" \/><\/a><figcaption id=\"caption-attachment-20871\" class=\"wp-caption-text\">Ligne 68.<\/figcaption><\/figure>\n<p><span style=\"color: #ff0000;\">Aller<\/span><\/p>\n<p>Je ne poss\u00e8de pas cette oblit\u00e9ration.<\/p>\n<p><span style=\"color: #0000ff;\">Retour<\/span><\/p>\n<p>Je ne poss\u00e8de pas cette oblit\u00e9ration.<\/p>\n<p><strong>Diemeringen \u00e0 Drulingen 1\u00b0<\/strong><\/p>\n<p>Ligne ouverte le 01\/05\/1913. Ligne ferm\u00e9e au service voyageur le 03\/10\/1945.<\/p>\n<p><a href=\"https:\/\/fr.wikipedia.org\/wiki\/Ligne_de_R%C3%A9ding_%C3%A0_Diemeringen\">https:\/\/fr.wikipedia.org\/wiki\/Ligne_de_R%C3%A9ding_%C3%A0_Diemeringen<\/a><\/p>\n<figure id=\"attachment_20872\" aria-describedby=\"caption-attachment-20872\" style=\"width: 100px\" class=\"wp-caption aligncenter\"><a href=\"https:\/\/ambulantconvoyeurpar.com\/?attachment_id=20872\" rel=\"attachment wp-att-20872\"><img loading=\"lazy\" decoding=\"async\" class=\"wp-image-20872 size-full\" src=\"https:\/\/ambulantconvoyeurpar.com\/wp-content\/uploads\/2023\/07\/Plan-1-11.jpg\" alt=\"\" width=\"100\" height=\"71\" \/><\/a><figcaption id=\"caption-attachment-20872\" class=\"wp-caption-text\">Ligne 79.<\/figcaption><\/figure>\n<p><span style=\"color: #ff0000;\">Aller uniquement<\/span><\/p>\n<p>Je ne poss\u00e8de pas cette oblit\u00e9ration.<\/p>\n<p><strong>Ensisheim A Mulhouse<\/strong><\/p>\n<p>Ligne ouverte en 1885. Les haltes: Moulin-d\u2019Adolsheim et Faubourg-Saint-Martin sont ferm\u00e9es en 1930. Ligne de chemin de fer secondaire.<\/p>\n<p><a href=\"http:\/\/archeoferroviaire.free.fr\/v31\/spip.php?article1146\">http:\/\/archeoferroviaire.free.fr\/v31\/spip.php?article1146<\/a><\/p>\n<p><a href=\"https:\/\/ambulantconvoyeurpar.com\/?attachment_id=22054\" rel=\"attachment wp-att-22054\"><img loading=\"lazy\" decoding=\"async\" class=\"alignnone size-full wp-image-22054\" src=\"https:\/\/ambulantconvoyeurpar.com\/wp-content\/uploads\/2023\/11\/a1.jpg\" alt=\"\" width=\"453\" height=\"214\" srcset=\"https:\/\/ambulantconvoyeurpar.com\/wp-content\/uploads\/2023\/11\/a1.jpg 453w, https:\/\/ambulantconvoyeurpar.com\/wp-content\/uploads\/2023\/11\/a1-300x142.jpg 300w\" sizes=\"auto, (max-width: 453px) 100vw, 453px\" \/><\/a><\/p>\n<p><span style=\"color: #ff0000;\">Aller<\/span><\/p>\n<p><a href=\"https:\/\/ambulantconvoyeurpar.com\/?attachment_id=21523\" rel=\"attachment wp-att-21523\"><img loading=\"lazy\" decoding=\"async\" class=\"size-full wp-image-21523 aligncenter\" src=\"https:\/\/ambulantconvoyeurpar.com\/wp-content\/uploads\/2023\/09\/a1-1.jpg\" alt=\"\" width=\"1145\" height=\"773\" srcset=\"https:\/\/ambulantconvoyeurpar.com\/wp-content\/uploads\/2023\/09\/a1-1.jpg 1145w, https:\/\/ambulantconvoyeurpar.com\/wp-content\/uploads\/2023\/09\/a1-1-300x203.jpg 300w, https:\/\/ambulantconvoyeurpar.com\/wp-content\/uploads\/2023\/09\/a1-1-1024x691.jpg 1024w, https:\/\/ambulantconvoyeurpar.com\/wp-content\/uploads\/2023\/09\/a1-1-768x518.jpg 768w, https:\/\/ambulantconvoyeurpar.com\/wp-content\/uploads\/2023\/09\/a1-1-400x270.jpg 400w\" sizes=\"auto, (max-width: 1145px) 100vw, 1145px\" \/><\/a><\/p>\n<p><span style=\"color: #0000ff;\">Retour<\/span><\/p>\n<p><a href=\"https:\/\/ambulantconvoyeurpar.com\/index.php\/2024\/01\/01\/les-obliterations-convoyeurs-dalsace-lorraine-type-ondule-1920-1939\/a1-2741\/\" rel=\"attachment wp-att-24393\"><img loading=\"lazy\" decoding=\"async\" class=\"alignnone size-full wp-image-24393\" src=\"https:\/\/ambulantconvoyeurpar.com\/wp-content\/uploads\/2024\/01\/a1-30.jpg\" alt=\"\" width=\"1172\" height=\"799\" srcset=\"https:\/\/ambulantconvoyeurpar.com\/wp-content\/uploads\/2024\/01\/a1-30.jpg 1172w, https:\/\/ambulantconvoyeurpar.com\/wp-content\/uploads\/2024\/01\/a1-30-300x205.jpg 300w, https:\/\/ambulantconvoyeurpar.com\/wp-content\/uploads\/2024\/01\/a1-30-1024x698.jpg 1024w, https:\/\/ambulantconvoyeurpar.com\/wp-content\/uploads\/2024\/01\/a1-30-768x524.jpg 768w, https:\/\/ambulantconvoyeurpar.com\/wp-content\/uploads\/2024\/01\/a1-30-396x270.jpg 396w\" sizes=\"auto, (max-width: 1172px) 100vw, 1172px\" \/><\/a><\/p>\n<p><strong>Forbach A Metz<\/strong><\/p>\n<p>La ligne est ouverte en deux sections, de R\u00e9milly \u00e0 Forbach en 1851 et de Forbach \u00e0 la fronti\u00e8re en 1852. Elle est toujours en activit\u00e9.<\/p>\n<p><a href=\"https:\/\/fr.wikipedia.org\/wiki\/Ligne_de_R%C3%A9milly_%C3%A0_Stiring-Wendel\">https:\/\/fr.wikipedia.org\/wiki\/Ligne_de_R%C3%A9milly_%C3%A0_Stiring-Wendel\u00a0\u00a0<\/a><\/p>\n<figure id=\"attachment_20873\" aria-describedby=\"caption-attachment-20873\" style=\"width: 511px\" class=\"wp-caption aligncenter\"><a href=\"https:\/\/ambulantconvoyeurpar.com\/?attachment_id=20873\" rel=\"attachment wp-att-20873\"><img loading=\"lazy\" decoding=\"async\" class=\"wp-image-20873 size-full\" src=\"https:\/\/ambulantconvoyeurpar.com\/wp-content\/uploads\/2023\/07\/a1-23.jpg\" alt=\"\" width=\"511\" height=\"236\" srcset=\"https:\/\/ambulantconvoyeurpar.com\/wp-content\/uploads\/2023\/07\/a1-23.jpg 511w, https:\/\/ambulantconvoyeurpar.com\/wp-content\/uploads\/2023\/07\/a1-23-300x139.jpg 300w\" sizes=\"auto, (max-width: 511px) 100vw, 511px\" \/><\/a><figcaption id=\"caption-attachment-20873\" class=\"wp-caption-text\">Forbach\/Bening\/R\u00e9milly\/Metz. Ligne 11.<\/figcaption><\/figure>\n<p><span style=\"color: #ff0000;\">Aller<\/span><\/p>\n<p>Je ne poss\u00e8de pas cette oblit\u00e9ration.<\/p>\n<p><span style=\"color: #0000ff;\">Retour<\/span><\/p>\n<p>Je ne poss\u00e8de pas cette oblit\u00e9ration.<\/p>\n<p><strong>Metz A Sarreguemines<\/strong><\/p>\n<p><a href=\"https:\/\/fr.wikipedia.org\/wiki\/Ligne_de_Haguenau_%C3%A0_Hargarten_-_Falck\">https:\/\/fr.wikipedia.org\/wiki\/Ligne_de_Haguenau_%C3%A0_Hargarten_-_Falck<\/a><\/p>\n<p><a href=\"https:\/\/fr.wikipedia.org\/wiki\/Ligne_de_Metz-Ville_%C3%A0_la_fronti%C3%A8re_allemande_vers_%C3%9Cberherrn\">https:\/\/fr.wikipedia.org\/wiki\/Ligne_de_Metz-Ville_%C3%A0_la_fronti%C3%A8re_allemande_vers_%C3%9Cberherrn<\/a><\/p>\n<p><a href=\"https:\/\/fr.wikipedia.org\/wiki\/Ligne_de_Sarreguemines_%C3%A0_Bliesbruck\">https:\/\/fr.wikipedia.org\/wiki\/Ligne_de_Sarreguemines_%C3%A0_Bliesbruck<\/a><\/p>\n<figure id=\"attachment_20874\" aria-describedby=\"caption-attachment-20874\" style=\"width: 444px\" class=\"wp-caption aligncenter\"><a href=\"https:\/\/ambulantconvoyeurpar.com\/?attachment_id=20874\" rel=\"attachment wp-att-20874\"><img loading=\"lazy\" decoding=\"async\" class=\"wp-image-20874 size-full\" src=\"https:\/\/ambulantconvoyeurpar.com\/wp-content\/uploads\/2023\/07\/Plan-1-12.jpg\" alt=\"\" width=\"444\" height=\"99\" srcset=\"https:\/\/ambulantconvoyeurpar.com\/wp-content\/uploads\/2023\/07\/Plan-1-12.jpg 444w, https:\/\/ambulantconvoyeurpar.com\/wp-content\/uploads\/2023\/07\/Plan-1-12-300x67.jpg 300w\" sizes=\"auto, (max-width: 444px) 100vw, 444px\" \/><\/a><figcaption id=\"caption-attachment-20874\" class=\"wp-caption-text\">Ligne 8.<\/figcaption><\/figure>\n<p><span style=\"color: #ff0000;\">Aller uniquement<\/span><\/p>\n<p>Je ne poss\u00e8de pas cette oblit\u00e9ration.<\/p>\n<p><strong>Metz \u00e0 Sarrebruck<\/strong><\/p>\n<p><a href=\"https:\/\/fr.wikipedia.org\/wiki\/Ligne_de_R%C3%A9milly_%C3%A0_Stiring-Wendel#:~:text=La%20ligne%20de%20R%C3%A9milly%20%C3%A0,R%C3%A9milly%20et%20Sarrebruck%20via%20Forbach.\">https:\/\/fr.wikipedia.org\/wiki\/Ligne_de_R%C3%A9milly_%C3%A0_Stiring-Wendel#:~:text=La%20ligne%20de%20R%C3%A9milly%20%C3%A0,R%C3%A9milly%20et%20Sarrebruck%20via%20Forbach.<\/a><\/p>\n<figure id=\"attachment_20876\" aria-describedby=\"caption-attachment-20876\" style=\"width: 356px\" class=\"wp-caption aligncenter\"><a href=\"https:\/\/ambulantconvoyeurpar.com\/?attachment_id=20876\" rel=\"attachment wp-att-20876\"><img loading=\"lazy\" decoding=\"async\" class=\"wp-image-20876 size-full\" src=\"https:\/\/ambulantconvoyeurpar.com\/wp-content\/uploads\/2023\/07\/Plan-1-13.jpg\" alt=\"\" width=\"356\" height=\"197\" srcset=\"https:\/\/ambulantconvoyeurpar.com\/wp-content\/uploads\/2023\/07\/Plan-1-13.jpg 356w, https:\/\/ambulantconvoyeurpar.com\/wp-content\/uploads\/2023\/07\/Plan-1-13-300x166.jpg 300w\" sizes=\"auto, (max-width: 356px) 100vw, 356px\" \/><\/a><figcaption id=\"caption-attachment-20876\" class=\"wp-caption-text\">Ligne 11.<\/figcaption><\/figure>\n<p><span style=\"color: #0000ff;\">Retour uniquement<\/span><\/p>\n<p>Je ne poss\u00e8de pas cette oblit\u00e9ration.<\/p>\n<p><strong>Mulhouse A S\u00e9lestat 2\u00b0<\/strong><\/p>\n<figure id=\"attachment_20877\" aria-describedby=\"caption-attachment-20877\" style=\"width: 212px\" class=\"wp-caption aligncenter\"><a href=\"https:\/\/ambulantconvoyeurpar.com\/?attachment_id=20877\" rel=\"attachment wp-att-20877\"><img loading=\"lazy\" decoding=\"async\" class=\"wp-image-20877 size-full\" src=\"https:\/\/ambulantconvoyeurpar.com\/wp-content\/uploads\/2023\/07\/Plan-1-14.jpg\" alt=\"\" width=\"212\" height=\"322\" srcset=\"https:\/\/ambulantconvoyeurpar.com\/wp-content\/uploads\/2023\/07\/Plan-1-14.jpg 212w, https:\/\/ambulantconvoyeurpar.com\/wp-content\/uploads\/2023\/07\/Plan-1-14-198x300.jpg 198w, https:\/\/ambulantconvoyeurpar.com\/wp-content\/uploads\/2023\/07\/Plan-1-14-178x270.jpg 178w\" sizes=\"auto, (max-width: 212px) 100vw, 212px\" \/><\/a><figcaption id=\"caption-attachment-20877\" class=\"wp-caption-text\">Mulhouse\/Colmar\/S\u00e9lestat Ligne 3.<\/figcaption><\/figure>\n<p><span style=\"color: #0000ff;\">Retour uniquement<\/span><\/p>\n<p>Je ne poss\u00e8de pas cette oblit\u00e9ration.<\/p>\n<p><strong>Nancy \u00e0 Sarreguemines<\/strong><\/p>\n<figure id=\"attachment_20878\" aria-describedby=\"caption-attachment-20878\" style=\"width: 477px\" class=\"wp-caption aligncenter\"><a href=\"https:\/\/ambulantconvoyeurpar.com\/?attachment_id=20878\" rel=\"attachment wp-att-20878\"><img loading=\"lazy\" decoding=\"async\" class=\"wp-image-20878 size-full\" src=\"https:\/\/ambulantconvoyeurpar.com\/wp-content\/uploads\/2023\/07\/Plan-1-15.jpg\" alt=\"\" width=\"477\" height=\"259\" srcset=\"https:\/\/ambulantconvoyeurpar.com\/wp-content\/uploads\/2023\/07\/Plan-1-15.jpg 477w, https:\/\/ambulantconvoyeurpar.com\/wp-content\/uploads\/2023\/07\/Plan-1-15-300x163.jpg 300w\" sizes=\"auto, (max-width: 477px) 100vw, 477px\" \/><\/a><figcaption id=\"caption-attachment-20878\" class=\"wp-caption-text\">Ligne 13.<\/figcaption><\/figure>\n<p><span style=\"color: #0000ff;\">Retour uniquement<\/span><\/p>\n<p>Je ne poss\u00e8de pas cette oblit\u00e9ration.<\/p>\n<p><strong>Ottrot \u00e0 Strasbourg 1\u00b0\/2\u00b0<\/strong><\/p>\n<p>ligne de tramway ouverte en 1930.<\/p>\n<p><a href=\"http:\/\/www.entzheim.fr\/fr\/information\/99047\/le-chemin-fer-entzheim\">http:\/\/www.entzheim.fr\/fr\/information\/99047\/le-chemin-fer-entzheim<\/a><\/p>\n<p><a href=\"https:\/\/fr.wikipedia.org\/wiki\/Ligne_de_Rosheim_%C3%A0_Saint-Nabor\">https:\/\/fr.wikipedia.org\/wiki\/Ligne_de_Rosheim_%C3%A0_Saint-Nabor<\/a><\/p>\n<p><a href=\"https:\/\/www.autour-du-mont-sainte-odile.fr\/2014\/01\/le-chemin-de-fer-rosheim-saint-nabor.html\">https:\/\/www.autour-du-mont-sainte-odile.fr\/2014\/01\/le-chemin-de-fer-rosheim-saint-nabor.html<\/a><\/p>\n<p><a href=\"https:\/\/archives.strasbourg.eu\/expositions\/salle-l-ere-du-tramway-96\/n:335\">https:\/\/archives.strasbourg.eu\/expositions\/salle-l-ere-du-tramway-96\/n:335<\/a><\/p>\n<p><a href=\"http:\/\/www.strasbourg-tramway.fr\/historique%20strasbourg-ottrott.html\">http:\/\/www.strasbourg-tramway.fr\/historique%20strasbourg-ottrott.html<\/a><\/p>\n<p><a href=\"http:\/\/www.strasbourg-tramway.fr\/strasbourg-ottrott.html\">http:\/\/www.strasbourg-tramway.fr\/strasbourg-ottrott.html<\/a><\/p>\n<p><img decoding=\"async\" class=\"aligncenter\" src=\"http:\/\/www.strasbourg-tramway.fr\/wpimages\/wp30b95194_05_06.jpg\" \/><\/p>\n<p><span style=\"color: #ff0000;\">Aller<\/span><\/p>\n<p>Je ne poss\u00e8de pas cette oblit\u00e9ration.<\/p>\n<p><span style=\"color: #0000ff;\">Retour<\/span><\/p>\n<p>Le retour pour la brigade 2\u00b0 n&rsquo;est pas connu ou n&rsquo;existe pas.<\/p>\n<p>Je ne poss\u00e8de pas cette oblit\u00e9ration.<\/p>\n<p><strong>Ribeauvill\u00e9-Ville \u00e0 Ribeauvill\u00e9-gare<\/strong><\/p>\n<p>Ligne ferm\u00e9e en 1938.<\/p>\n<p><a href=\"http:\/\/archeoferroviaire.free.fr\/v31\/spip.php?article1222\">http:\/\/archeoferroviaire.free.fr\/v31\/spip.php?article1222<\/a><\/p>\n<p><span style=\"color: #0000ff;\">Retour uniquement<\/span><\/p>\n<p><a href=\"https:\/\/ambulantconvoyeurpar.com\/?attachment_id=15320\" rel=\"attachment wp-att-15320\"><img loading=\"lazy\" decoding=\"async\" class=\"size-full wp-image-15320 aligncenter\" src=\"https:\/\/ambulantconvoyeurpar.com\/wp-content\/uploads\/2022\/01\/a6-23.jpg\" alt=\"\" width=\"1267\" height=\"841\" srcset=\"https:\/\/ambulantconvoyeurpar.com\/wp-content\/uploads\/2022\/01\/a6-23.jpg 1267w, https:\/\/ambulantconvoyeurpar.com\/wp-content\/uploads\/2022\/01\/a6-23-300x199.jpg 300w, https:\/\/ambulantconvoyeurpar.com\/wp-content\/uploads\/2022\/01\/a6-23-1024x680.jpg 1024w, https:\/\/ambulantconvoyeurpar.com\/wp-content\/uploads\/2022\/01\/a6-23-768x510.jpg 768w, https:\/\/ambulantconvoyeurpar.com\/wp-content\/uploads\/2022\/01\/a6-23-407x270.jpg 407w\" sizes=\"auto, (max-width: 1267px) 100vw, 1267px\" \/><\/a><\/p>\n<p><strong>R\u0153schwoog A Saverne<\/strong><\/p>\n<p><a href=\"https:\/\/fr.wikipedia.org\/wiki\/Ligne_de_Steinbourg_%C3%A0_Schweighouse-sur-Moder\">https:\/\/fr.wikipedia.org\/wiki\/Ligne_de_Steinbourg_%C3%A0_Schweighouse-sur-Moder<\/a><\/p>\n<p><a href=\"https:\/\/fr.wikipedia.org\/wiki\/Ligne_de_Haguenau_%C3%A0_R%C5%93schwoog_et_fronti%C3%A8re#:~:text=La%20ligne%20de%20Haguenau%20%C3%A0,transversale%20reliant%20Saverne%20%C3%A0%20Rastatt.\">https:\/\/fr.wikipedia.org\/wiki\/Ligne_de_Haguenau_%C3%A0_R%C5%93schwoog_et_fronti%C3%A8re#:~:text=La%20ligne%20de%20Haguenau%20%C3%A0,transversale%20reliant%20Saverne%20%C3%A0%20Rastatt.<\/a><\/p>\n<figure id=\"attachment_20879\" aria-describedby=\"caption-attachment-20879\" style=\"width: 380px\" class=\"wp-caption aligncenter\"><a href=\"https:\/\/ambulantconvoyeurpar.com\/?attachment_id=20879\" rel=\"attachment wp-att-20879\"><img loading=\"lazy\" decoding=\"async\" class=\"wp-image-20879 size-full\" src=\"https:\/\/ambulantconvoyeurpar.com\/wp-content\/uploads\/2023\/07\/Plan-1-16.jpg\" alt=\"\" width=\"380\" height=\"103\" srcset=\"https:\/\/ambulantconvoyeurpar.com\/wp-content\/uploads\/2023\/07\/Plan-1-16.jpg 380w, https:\/\/ambulantconvoyeurpar.com\/wp-content\/uploads\/2023\/07\/Plan-1-16-300x81.jpg 300w\" sizes=\"auto, (max-width: 380px) 100vw, 380px\" \/><\/a><figcaption id=\"caption-attachment-20879\" class=\"wp-caption-text\">Ligne 38.<\/figcaption><\/figure>\n<p><span style=\"color: #ff0000;\">Aller<\/span><\/p>\n<p><a href=\"https:\/\/ambulantconvoyeurpar.com\/?attachment_id=15047\" rel=\"attachment wp-att-15047\"><img loading=\"lazy\" decoding=\"async\" class=\"size-full wp-image-15047 aligncenter\" src=\"https:\/\/ambulantconvoyeurpar.com\/wp-content\/uploads\/2021\/12\/a6.jpg\" alt=\"\" width=\"1095\" height=\"732\" srcset=\"https:\/\/ambulantconvoyeurpar.com\/wp-content\/uploads\/2021\/12\/a6.jpg 1095w, https:\/\/ambulantconvoyeurpar.com\/wp-content\/uploads\/2021\/12\/a6-300x201.jpg 300w, https:\/\/ambulantconvoyeurpar.com\/wp-content\/uploads\/2021\/12\/a6-1024x685.jpg 1024w, https:\/\/ambulantconvoyeurpar.com\/wp-content\/uploads\/2021\/12\/a6-768x513.jpg 768w, https:\/\/ambulantconvoyeurpar.com\/wp-content\/uploads\/2021\/12\/a6-404x270.jpg 404w\" sizes=\"auto, (max-width: 1095px) 100vw, 1095px\" \/><\/a><\/p>\n<p><span style=\"color: #0000ff;\">Retour<\/span><\/p>\n<p>Je ne poss\u00e8de pas cette oblit\u00e9ration.<\/p>\n<p><strong>Saales A Strasbourg<\/strong><\/p>\n<p><a href=\"https:\/\/fr.wikipedia.org\/wiki\/Ligne_de_Strasbourg-Ville_%C3%A0_Saint-Di%C3%A9\">https:\/\/fr.wikipedia.org\/wiki\/Ligne_de_Strasbourg-Ville_%C3%A0_Saint-Di%C3%A9<\/a><\/p>\n<figure id=\"attachment_20880\" aria-describedby=\"caption-attachment-20880\" style=\"width: 643px\" class=\"wp-caption aligncenter\"><a href=\"https:\/\/ambulantconvoyeurpar.com\/?attachment_id=20880\" rel=\"attachment wp-att-20880\"><img loading=\"lazy\" decoding=\"async\" class=\"wp-image-20880 size-full\" src=\"https:\/\/ambulantconvoyeurpar.com\/wp-content\/uploads\/2023\/07\/a1-24.jpg\" alt=\"\" width=\"643\" height=\"338\" srcset=\"https:\/\/ambulantconvoyeurpar.com\/wp-content\/uploads\/2023\/07\/a1-24.jpg 643w, https:\/\/ambulantconvoyeurpar.com\/wp-content\/uploads\/2023\/07\/a1-24-300x158.jpg 300w, https:\/\/ambulantconvoyeurpar.com\/wp-content\/uploads\/2023\/07\/a1-24-514x270.jpg 514w\" sizes=\"auto, (max-width: 643px) 100vw, 643px\" \/><\/a><figcaption id=\"caption-attachment-20880\" class=\"wp-caption-text\">Ligne 18.<\/figcaption><\/figure>\n<p><span style=\"color: #ff0000;\">Aller<\/span><\/p>\n<p>Je ne poss\u00e8de pas cette oblit\u00e9ration.<\/p>\n<p><span style=\"color: #0000ff;\">Retour<\/span><\/p>\n<p>Je ne poss\u00e8de pas cette oblit\u00e9ration.<\/p>\n<p><strong>S\u00e9lestat Molsheim A Strasbourg<\/strong><\/p>\n<p><a href=\"https:\/\/fr.wikipedia.org\/wiki\/Ligne_de_S%C3%A9lestat_%C3%A0_Saverne\">https:\/\/fr.wikipedia.org\/wiki\/Ligne_de_S%C3%A9lestat_%C3%A0_Saverne<\/a><\/p>\n<figure id=\"attachment_20881\" aria-describedby=\"caption-attachment-20881\" style=\"width: 323px\" class=\"wp-caption aligncenter\"><a href=\"https:\/\/ambulantconvoyeurpar.com\/?attachment_id=20881\" rel=\"attachment wp-att-20881\"><img loading=\"lazy\" decoding=\"async\" class=\"wp-image-20881 size-full\" src=\"https:\/\/ambulantconvoyeurpar.com\/wp-content\/uploads\/2023\/07\/Plan-1-17.jpg\" alt=\"\" width=\"323\" height=\"241\" srcset=\"https:\/\/ambulantconvoyeurpar.com\/wp-content\/uploads\/2023\/07\/Plan-1-17.jpg 323w, https:\/\/ambulantconvoyeurpar.com\/wp-content\/uploads\/2023\/07\/Plan-1-17-300x224.jpg 300w\" sizes=\"auto, (max-width: 323px) 100vw, 323px\" \/><\/a><figcaption id=\"caption-attachment-20881\" class=\"wp-caption-text\">Ligne 22.<\/figcaption><\/figure>\n<p><span style=\"color: #ff0000;\">Aller<\/span><\/p>\n<p>Je ne poss\u00e8de pas cette oblit\u00e9ration.<\/p>\n<p><span style=\"color: #0000ff;\">Retour<\/span><\/p>\n<p>Je ne poss\u00e8de pas cette oblit\u00e9ration.<\/p>\n<p><strong>S\u00e9lestat A Sainte Marie aux Mines 1\u00b0\/2\u00b0\/3\u00b0<\/strong><\/p>\n<p><a href=\"https:\/\/fr.wikipedia.org\/wiki\/Ligne_de_Lun%C3%A9ville_%C3%A0_S%C3%A9lestat#:~:text=La%20ligne%2023%20(num%C3%A9rotation%20SNCF,liant%20Saint%2DDi%C3%A9%20%C3%A0%20S%C3%A9lestat.\">https:\/\/fr.wikipedia.org\/wiki\/Ligne_de_Lun%C3%A9ville_%C3%A0_S%C3%A9lestat#:~:text=La%20ligne%2023%20(num%C3%A9rotation%20SNCF,liant%20Saint%2DDi%C3%A9%20%C3%A0%20S%C3%A9lestat.<\/a><\/p>\n<p><a href=\"https:\/\/fr.wikipedia.org\/wiki\/Ligne_de_S%C3%A9lestat_%C3%A0_Lesseux_-_Frapelle\">https:\/\/fr.wikipedia.org\/wiki\/Ligne_de_S%C3%A9lestat_%C3%A0_Lesseux_-_Frapelle<\/a><\/p>\n<figure id=\"attachment_20882\" aria-describedby=\"caption-attachment-20882\" style=\"width: 346px\" class=\"wp-caption aligncenter\"><a href=\"https:\/\/ambulantconvoyeurpar.com\/?attachment_id=20882\" rel=\"attachment wp-att-20882\"><img loading=\"lazy\" decoding=\"async\" class=\"wp-image-20882 size-full\" src=\"https:\/\/ambulantconvoyeurpar.com\/wp-content\/uploads\/2023\/07\/a1-25.jpg\" alt=\"\" width=\"346\" height=\"173\" srcset=\"https:\/\/ambulantconvoyeurpar.com\/wp-content\/uploads\/2023\/07\/a1-25.jpg 346w, https:\/\/ambulantconvoyeurpar.com\/wp-content\/uploads\/2023\/07\/a1-25-300x150.jpg 300w\" sizes=\"auto, (max-width: 346px) 100vw, 346px\" \/><\/a><figcaption id=\"caption-attachment-20882\" class=\"wp-caption-text\">Ligne 21.<\/figcaption><\/figure>\n<p><span style=\"color: #ff0000;\">Aller<\/span><\/p>\n<figure id=\"attachment_15172\" aria-describedby=\"caption-attachment-15172\" style=\"width: 1099px\" class=\"wp-caption aligncenter\"><a href=\"https:\/\/ambulantconvoyeurpar.com\/?attachment_id=15172\" rel=\"attachment wp-att-15172\"><img loading=\"lazy\" decoding=\"async\" class=\"wp-image-15172 size-full\" src=\"https:\/\/ambulantconvoyeurpar.com\/wp-content\/uploads\/2021\/12\/a6-53.jpg\" alt=\"\" width=\"1099\" height=\"682\" srcset=\"https:\/\/ambulantconvoyeurpar.com\/wp-content\/uploads\/2021\/12\/a6-53.jpg 1099w, https:\/\/ambulantconvoyeurpar.com\/wp-content\/uploads\/2021\/12\/a6-53-300x186.jpg 300w, https:\/\/ambulantconvoyeurpar.com\/wp-content\/uploads\/2021\/12\/a6-53-1024x635.jpg 1024w, https:\/\/ambulantconvoyeurpar.com\/wp-content\/uploads\/2021\/12\/a6-53-768x477.jpg 768w, https:\/\/ambulantconvoyeurpar.com\/wp-content\/uploads\/2021\/12\/a6-53-435x270.jpg 435w\" sizes=\"auto, (max-width: 1099px) 100vw, 1099px\" \/><\/a><figcaption id=\"caption-attachment-15172\" class=\"wp-caption-text\">Brigade N\u00b03<\/figcaption><\/figure>\n<p><span style=\"color: #0000ff;\">Retour<\/span><\/p>\n<figure id=\"attachment_16286\" aria-describedby=\"caption-attachment-16286\" style=\"width: 1110px\" class=\"wp-caption aligncenter\"><a href=\"https:\/\/ambulantconvoyeurpar.com\/?attachment_id=16286\" rel=\"attachment wp-att-16286\"><img loading=\"lazy\" decoding=\"async\" class=\"wp-image-16286 size-full\" src=\"https:\/\/ambulantconvoyeurpar.com\/wp-content\/uploads\/2022\/04\/a1-16.jpg\" alt=\"\" width=\"1110\" height=\"682\" srcset=\"https:\/\/ambulantconvoyeurpar.com\/wp-content\/uploads\/2022\/04\/a1-16.jpg 1110w, https:\/\/ambulantconvoyeurpar.com\/wp-content\/uploads\/2022\/04\/a1-16-300x184.jpg 300w, https:\/\/ambulantconvoyeurpar.com\/wp-content\/uploads\/2022\/04\/a1-16-1024x629.jpg 1024w, https:\/\/ambulantconvoyeurpar.com\/wp-content\/uploads\/2022\/04\/a1-16-768x472.jpg 768w, https:\/\/ambulantconvoyeurpar.com\/wp-content\/uploads\/2022\/04\/a1-16-439x270.jpg 439w\" sizes=\"auto, (max-width: 1110px) 100vw, 1110px\" \/><\/a><figcaption id=\"caption-attachment-16286\" class=\"wp-caption-text\">Brigade N\u00b02.<\/figcaption><\/figure>\n<figure id=\"attachment_16605\" aria-describedby=\"caption-attachment-16605\" style=\"width: 1102px\" class=\"wp-caption aligncenter\"><a href=\"https:\/\/ambulantconvoyeurpar.com\/?attachment_id=16605\" rel=\"attachment wp-att-16605\"><img loading=\"lazy\" decoding=\"async\" class=\"wp-image-16605 size-full\" src=\"https:\/\/ambulantconvoyeurpar.com\/wp-content\/uploads\/2022\/06\/a1-19.jpg\" alt=\"\" width=\"1102\" height=\"615\" srcset=\"https:\/\/ambulantconvoyeurpar.com\/wp-content\/uploads\/2022\/06\/a1-19.jpg 1102w, https:\/\/ambulantconvoyeurpar.com\/wp-content\/uploads\/2022\/06\/a1-19-300x167.jpg 300w, https:\/\/ambulantconvoyeurpar.com\/wp-content\/uploads\/2022\/06\/a1-19-1024x571.jpg 1024w, https:\/\/ambulantconvoyeurpar.com\/wp-content\/uploads\/2022\/06\/a1-19-768x429.jpg 768w, https:\/\/ambulantconvoyeurpar.com\/wp-content\/uploads\/2022\/06\/a1-19-484x270.jpg 484w\" sizes=\"auto, (max-width: 1102px) 100vw, 1102px\" \/><\/a><figcaption id=\"caption-attachment-16605\" class=\"wp-caption-text\">Brigade N\u00b03.<\/figcaption><\/figure>\n<p><strong>S\u00e9lestat A Sundhouse 1\u00b0<\/strong><\/p>\n<p>Ligne ouverte le 30\/10\/1909. Cette ligne est ferm\u00e9e au service voyageur le 01\/10\/1947.<\/p>\n<p><a href=\"http:\/\/archeoferroviaire.free.fr\/v31\/spip.php?article1224\">http:\/\/archeoferroviaire.free.fr\/v31\/spip.php?article1224<\/a><\/p>\n<p><a href=\"https:\/\/fr.wikipedia.org\/wiki\/Ligne_de_S%C3%A9lestat_%C3%A0_Sundhouse\">https:\/\/fr.wikipedia.org\/wiki\/Ligne_de_S%C3%A9lestat_%C3%A0_Sundhouse<\/a><\/p>\n<figure id=\"attachment_20883\" aria-describedby=\"caption-attachment-20883\" style=\"width: 184px\" class=\"wp-caption aligncenter\"><a href=\"https:\/\/ambulantconvoyeurpar.com\/?attachment_id=20883\" rel=\"attachment wp-att-20883\"><img loading=\"lazy\" decoding=\"async\" class=\"wp-image-20883 size-full\" src=\"https:\/\/ambulantconvoyeurpar.com\/wp-content\/uploads\/2023\/07\/Plan-1-18.jpg\" alt=\"\" width=\"184\" height=\"77\" \/><\/a><figcaption id=\"caption-attachment-20883\" class=\"wp-caption-text\">Ligne 85.<\/figcaption><\/figure>\n<p><span style=\"color: #0000ff;\">Retour uniquement<\/span><\/p>\n<p>Je ne poss\u00e8de pas cette oblit\u00e9ration.<\/p>\n<p><strong>S\u00e9lestat A Sundhouse 2\u00b0<\/strong><\/p>\n<p><span style=\"color: #ff0000;\">Aller<\/span><\/p>\n<p><a href=\"https:\/\/ambulantconvoyeurpar.com\/index.php\/2024\/01\/01\/les-obliterations-convoyeurs-dalsace-lorraine-type-ondule-1920-1939\/a1-2742\/\" rel=\"attachment wp-att-24394\"><img loading=\"lazy\" decoding=\"async\" class=\"alignnone size-full wp-image-24394\" src=\"https:\/\/ambulantconvoyeurpar.com\/wp-content\/uploads\/2024\/01\/a1-31.jpg\" alt=\"\" width=\"1180\" height=\"818\" srcset=\"https:\/\/ambulantconvoyeurpar.com\/wp-content\/uploads\/2024\/01\/a1-31.jpg 1180w, https:\/\/ambulantconvoyeurpar.com\/wp-content\/uploads\/2024\/01\/a1-31-300x208.jpg 300w, https:\/\/ambulantconvoyeurpar.com\/wp-content\/uploads\/2024\/01\/a1-31-1024x710.jpg 1024w, https:\/\/ambulantconvoyeurpar.com\/wp-content\/uploads\/2024\/01\/a1-31-768x532.jpg 768w, https:\/\/ambulantconvoyeurpar.com\/wp-content\/uploads\/2024\/01\/a1-31-389x270.jpg 389w\" sizes=\"auto, (max-width: 1180px) 100vw, 1180px\" \/><\/a><\/p>\n<p><span style=\"color: #0000ff;\">Retour<\/span><\/p>\n<p><a href=\"https:\/\/ambulantconvoyeurpar.com\/index.php\/2024\/01\/01\/les-obliterations-convoyeurs-dalsace-lorraine-type-ondule-1920-1939\/a1-2743\/\" rel=\"attachment wp-att-24395\"><img loading=\"lazy\" decoding=\"async\" class=\"alignnone size-full wp-image-24395\" src=\"https:\/\/ambulantconvoyeurpar.com\/wp-content\/uploads\/2024\/01\/a1-32.jpg\" alt=\"\" width=\"1176\" height=\"801\" srcset=\"https:\/\/ambulantconvoyeurpar.com\/wp-content\/uploads\/2024\/01\/a1-32.jpg 1176w, https:\/\/ambulantconvoyeurpar.com\/wp-content\/uploads\/2024\/01\/a1-32-300x204.jpg 300w, https:\/\/ambulantconvoyeurpar.com\/wp-content\/uploads\/2024\/01\/a1-32-1024x697.jpg 1024w, https:\/\/ambulantconvoyeurpar.com\/wp-content\/uploads\/2024\/01\/a1-32-768x523.jpg 768w, https:\/\/ambulantconvoyeurpar.com\/wp-content\/uploads\/2024\/01\/a1-32-396x270.jpg 396w\" sizes=\"auto, (max-width: 1176px) 100vw, 1176px\" \/><\/a><\/p>\n<p><strong>S\u00e9lestat A Vill\u00e9 1\u00b0\/2\u00b0<\/strong><\/p>\n<p>Ligne ouverte en 1891 et ferm\u00e9e au trafic voyageurs en 1947. S\u00e9lestat \u00e0 Vill\u00e9 2\u00b0 en aller est beaucoup plus rare.<\/p>\n<p><a href=\"http:\/\/archeoferroviaire.free.fr\/v31\/spip.php?article1225\">http:\/\/archeoferroviaire.free.fr\/v31\/spip.php?article1225<\/a><\/p>\n<p><a href=\"https:\/\/fr.wikipedia.org\/wiki\/Ligne_de_Val-de-Vill%C3%A9_%C3%A0_Vill%C3%A9\">https:\/\/fr.wikipedia.org\/wiki\/Ligne_de_Val-de-Vill%C3%A9_%C3%A0_Vill%C3%A9<\/a><\/p>\n<figure id=\"attachment_20884\" aria-describedby=\"caption-attachment-20884\" style=\"width: 128px\" class=\"wp-caption aligncenter\"><a href=\"https:\/\/ambulantconvoyeurpar.com\/?attachment_id=20884\" rel=\"attachment wp-att-20884\"><img loading=\"lazy\" decoding=\"async\" class=\"wp-image-20884 size-full\" src=\"https:\/\/ambulantconvoyeurpar.com\/wp-content\/uploads\/2023\/07\/Plan-1-19.jpg\" alt=\"\" width=\"128\" height=\"95\" \/><\/a><figcaption id=\"caption-attachment-20884\" class=\"wp-caption-text\">Ligne 84.<\/figcaption><\/figure>\n<p><span style=\"color: #ff0000;\">Aller<\/span><\/p>\n<figure id=\"attachment_19536\" aria-describedby=\"caption-attachment-19536\" style=\"width: 1120px\" class=\"wp-caption aligncenter\"><a href=\"https:\/\/ambulantconvoyeurpar.com\/?attachment_id=19536\" rel=\"attachment wp-att-19536\"><img loading=\"lazy\" decoding=\"async\" class=\"wp-image-19536 size-full\" src=\"https:\/\/ambulantconvoyeurpar.com\/wp-content\/uploads\/2023\/03\/a1-83.jpg\" alt=\"\" width=\"1120\" height=\"750\" srcset=\"https:\/\/ambulantconvoyeurpar.com\/wp-content\/uploads\/2023\/03\/a1-83.jpg 1120w, https:\/\/ambulantconvoyeurpar.com\/wp-content\/uploads\/2023\/03\/a1-83-300x201.jpg 300w, https:\/\/ambulantconvoyeurpar.com\/wp-content\/uploads\/2023\/03\/a1-83-1024x686.jpg 1024w, https:\/\/ambulantconvoyeurpar.com\/wp-content\/uploads\/2023\/03\/a1-83-768x514.jpg 768w, https:\/\/ambulantconvoyeurpar.com\/wp-content\/uploads\/2023\/03\/a1-83-403x270.jpg 403w\" sizes=\"auto, (max-width: 1120px) 100vw, 1120px\" \/><\/a><figcaption id=\"caption-attachment-19536\" class=\"wp-caption-text\">Brigade N\u00b01.<\/figcaption><\/figure>\n<p><span style=\"color: #0000ff;\">Retour<\/span><\/p>\n<figure id=\"attachment_15259\" aria-describedby=\"caption-attachment-15259\" style=\"width: 1085px\" class=\"wp-caption aligncenter\"><a href=\"https:\/\/ambulantconvoyeurpar.com\/?attachment_id=15259\" rel=\"attachment wp-att-15259\"><img loading=\"lazy\" decoding=\"async\" class=\"wp-image-15259 size-full\" src=\"https:\/\/ambulantconvoyeurpar.com\/wp-content\/uploads\/2021\/12\/a6-86.jpg\" alt=\"\" width=\"1085\" height=\"710\" srcset=\"https:\/\/ambulantconvoyeurpar.com\/wp-content\/uploads\/2021\/12\/a6-86.jpg 1085w, https:\/\/ambulantconvoyeurpar.com\/wp-content\/uploads\/2021\/12\/a6-86-300x196.jpg 300w, https:\/\/ambulantconvoyeurpar.com\/wp-content\/uploads\/2021\/12\/a6-86-1024x670.jpg 1024w, https:\/\/ambulantconvoyeurpar.com\/wp-content\/uploads\/2021\/12\/a6-86-768x503.jpg 768w, https:\/\/ambulantconvoyeurpar.com\/wp-content\/uploads\/2021\/12\/a6-86-413x270.jpg 413w\" sizes=\"auto, (max-width: 1085px) 100vw, 1085px\" \/><\/a><figcaption id=\"caption-attachment-15259\" class=\"wp-caption-text\">Brigade N\u00b01.<\/figcaption><\/figure>\n<figure id=\"attachment_14427\" aria-describedby=\"caption-attachment-14427\" style=\"width: 1138px\" class=\"wp-caption aligncenter\"><a href=\"https:\/\/ambulantconvoyeurpar.com\/?attachment_id=14427\" rel=\"attachment wp-att-14427\"><img loading=\"lazy\" decoding=\"async\" class=\"wp-image-14427 size-full\" src=\"https:\/\/ambulantconvoyeurpar.com\/wp-content\/uploads\/2021\/07\/a3-48.jpg\" alt=\"\" width=\"1138\" height=\"797\" srcset=\"https:\/\/ambulantconvoyeurpar.com\/wp-content\/uploads\/2021\/07\/a3-48.jpg 1138w, https:\/\/ambulantconvoyeurpar.com\/wp-content\/uploads\/2021\/07\/a3-48-300x210.jpg 300w, https:\/\/ambulantconvoyeurpar.com\/wp-content\/uploads\/2021\/07\/a3-48-1024x717.jpg 1024w, https:\/\/ambulantconvoyeurpar.com\/wp-content\/uploads\/2021\/07\/a3-48-768x538.jpg 768w, https:\/\/ambulantconvoyeurpar.com\/wp-content\/uploads\/2021\/07\/a3-48-386x270.jpg 386w\" sizes=\"auto, (max-width: 1138px) 100vw, 1138px\" \/><\/a><figcaption id=\"caption-attachment-14427\" class=\"wp-caption-text\">Brigade N\u00b02.<\/figcaption><\/figure>\n<p>Lien:<\/p>\n<p><a href=\"http:\/\/archeoferroviaire.free.fr\/v31\/spip.php?rubrique1\">http:\/\/archeoferroviaire.free.fr\/v31\/spip.php?rubrique1<\/a><\/p>\n<p>Biblio:<\/p>\n<p><a href=\"https:\/\/ambulantconvoyeurpar.com\/?attachment_id=20913\" rel=\"attachment wp-att-20913\"><img loading=\"lazy\" decoding=\"async\" class=\"alignnone size-large wp-image-20913\" src=\"https:\/\/ambulantconvoyeurpar.com\/wp-content\/uploads\/2023\/07\/a1-29-710x1024.jpg\" alt=\"\" width=\"640\" height=\"923\" srcset=\"https:\/\/ambulantconvoyeurpar.com\/wp-content\/uploads\/2023\/07\/a1-29-710x1024.jpg 710w, https:\/\/ambulantconvoyeurpar.com\/wp-content\/uploads\/2023\/07\/a1-29-208x300.jpg 208w, https:\/\/ambulantconvoyeurpar.com\/wp-content\/uploads\/2023\/07\/a1-29-768x1107.jpg 768w, https:\/\/ambulantconvoyeurpar.com\/wp-content\/uploads\/2023\/07\/a1-29-1065x1536.jpg 1065w, https:\/\/ambulantconvoyeurpar.com\/wp-content\/uploads\/2023\/07\/a1-29-187x270.jpg 187w, https:\/\/ambulantconvoyeurpar.com\/wp-content\/uploads\/2023\/07\/a1-29.jpg 1340w\" sizes=\"auto, (max-width: 640px) 100vw, 640px\" \/><\/a><\/p>\n","protected":false},"excerpt":{"rendered":"<p>Article modifi\u00e9 le 21\/01\/25. Pour cette liste, je me suis servi du Pothion. Il est possible qu&rsquo;ils y aient des manques ou des ajouts qui ne concerne pas cette p\u00e9riode. Avec le Pothion, on ne peut pas distinguer, si ces convoyeurs ont circul\u00e9 avant ou apr\u00e8s la seconde guerre mondiale. Toute aide sera la bienvenue. Une petite trentaine de convoyeurs ondul\u00e9s sont signal\u00e9s pour la p\u00e9riode 1920\/1939, ils se distinguent de la majorit\u00e9 des convoyeurs de type ambulant de l&rsquo;Alsace\/Lorraine&#8230;<\/p>\n<p class=\"read-more\"><a class=\"btn btn-default\" href=\"https:\/\/ambulantconvoyeurpar.com\/index.php\/2024\/01\/01\/les-obliterations-convoyeurs-dalsace-lorraine-type-ondule-1920-1939\/\">Lire la suite<span class=\"screen-reader-text\"> Lire la suite<\/span><\/a><\/p>\n","protected":false},"author":1,"featured_media":0,"comment_status":"open","ping_status":"open","sticky":false,"template":"","format":"standard","meta":{"jetpack_post_was_ever_published":false,"_jetpack_newsletter_access":"","_jetpack_dont_email_post_to_subs":false,"_jetpack_newsletter_tier_id":0,"_jetpack_memberships_contains_paywalled_content":false,"_jetpack_memberships_contains_paid_content":false,"footnotes":"","jetpack_publicize_message":"","jetpack_publicize_feature_enabled":true,"jetpack_social_post_already_shared":true,"jetpack_social_options":{"image_generator_settings":{"template":"highway","default_image_id":0,"font":"","enabled":false},"version":2}},"categories":[12],"tags":[],"class_list":["post-14230","post","type-post","status-publish","format-standard","hentry","category-convoyeur-ligne"],"jetpack_publicize_connections":[],"jetpack_featured_media_url":"","jetpack_shortlink":"https:\/\/wp.me\/p91OMs-3Hw","jetpack-related-posts":[],"jetpack_sharing_enabled":true,"_links":{"self":[{"href":"https:\/\/ambulantconvoyeurpar.com\/index.php\/wp-json\/wp\/v2\/posts\/14230","targetHints":{"allow":["GET"]}}],"collection":[{"href":"https:\/\/ambulantconvoyeurpar.com\/index.php\/wp-json\/wp\/v2\/posts"}],"about":[{"href":"https:\/\/ambulantconvoyeurpar.com\/index.php\/wp-json\/wp\/v2\/types\/post"}],"author":[{"embeddable":true,"href":"https:\/\/ambulantconvoyeurpar.com\/index.php\/wp-json\/wp\/v2\/users\/1"}],"replies":[{"embeddable":true,"href":"https:\/\/ambulantconvoyeurpar.com\/index.php\/wp-json\/wp\/v2\/comments?post=14230"}],"version-history":[{"count":3,"href":"https:\/\/ambulantconvoyeurpar.com\/index.php\/wp-json\/wp\/v2\/posts\/14230\/revisions"}],"predecessor-version":[{"id":25629,"href":"https:\/\/ambulantconvoyeurpar.com\/index.php\/wp-json\/wp\/v2\/posts\/14230\/revisions\/25629"}],"wp:attachment":[{"href":"https:\/\/ambulantconvoyeurpar.com\/index.php\/wp-json\/wp\/v2\/media?parent=14230"}],"wp:term":[{"taxonomy":"category","embeddable":true,"href":"https:\/\/ambulantconvoyeurpar.com\/index.php\/wp-json\/wp\/v2\/categories?post=14230"},{"taxonomy":"post_tag","embeddable":true,"href":"https:\/\/ambulantconvoyeurpar.com\/index.php\/wp-json\/wp\/v2\/tags?post=14230"}],"curies":[{"name":"wp","href":"https:\/\/api.w.org\/{rel}","templated":true}]}}