{"id":15069,"date":"2022-02-01T13:32:55","date_gmt":"2022-02-01T12:32:55","guid":{"rendered":"https:\/\/ambulantconvoyeurpar.com\/?p=15069"},"modified":"2023-08-22T16:42:11","modified_gmt":"2023-08-22T14:42:11","slug":"ambulants-francais-1970-94-reseau-du-nord","status":"publish","type":"post","link":"https:\/\/ambulantconvoyeurpar.com\/index.php\/2022\/02\/01\/ambulants-francais-1970-94-reseau-du-nord\/","title":{"rendered":"Ambulants fran\u00e7ais 1970\/94 r\u00e9seau du Nord"},"content":{"rendered":"<p>Article modifi\u00e9 le 20\/08\/2023.<\/p>\n<p><a href=\"https:\/\/ambulantconvoyeurpar.com\/?attachment_id=15556\" rel=\"attachment wp-att-15556\"><img loading=\"lazy\" decoding=\"async\" class=\"alignnone size-full wp-image-15556\" src=\"https:\/\/ambulantconvoyeurpar.com\/wp-content\/uploads\/2022\/01\/truc-pour-mon-pere.png\" alt=\"\" width=\"3508\" height=\"2480\" srcset=\"https:\/\/ambulantconvoyeurpar.com\/wp-content\/uploads\/2022\/01\/truc-pour-mon-pere.png 3508w, https:\/\/ambulantconvoyeurpar.com\/wp-content\/uploads\/2022\/01\/truc-pour-mon-pere-300x212.png 300w, https:\/\/ambulantconvoyeurpar.com\/wp-content\/uploads\/2022\/01\/truc-pour-mon-pere-1024x724.png 1024w, https:\/\/ambulantconvoyeurpar.com\/wp-content\/uploads\/2022\/01\/truc-pour-mon-pere-768x543.png 768w, https:\/\/ambulantconvoyeurpar.com\/wp-content\/uploads\/2022\/01\/truc-pour-mon-pere-1536x1086.png 1536w, https:\/\/ambulantconvoyeurpar.com\/wp-content\/uploads\/2022\/01\/truc-pour-mon-pere-2048x1448.png 2048w, https:\/\/ambulantconvoyeurpar.com\/wp-content\/uploads\/2022\/01\/truc-pour-mon-pere-382x270.png 382w\" sizes=\"auto, (max-width: 3508px) 100vw, 3508px\" \/><\/a><\/p>\n<p><span style=\"color: #000000;\">Ces ambulants sont class\u00e9s en fonction de leur lieu de r\u00e9sidence. Une pr\u00e9cision pour les derniers jours de circulation : dans un service \u00e0 quatre brigades par exemple, les ambulants ne vont pas s&rsquo;arr\u00eater tous en m\u00eame temps. Ils vont avoir un dernier jour diff\u00e9rent pour chacun d&rsquo;entre eux qui s&rsquo;\u00e9tale sur quatre jours.<\/span><\/p>\n<p>La ligne la plus utilis\u00e9e avait ce parcours avant 1980:<\/p>\n<p>Paris Nord \u2192 Creil \u2192 Saint Quentin \u2192 Aulnoye-Aymeries \u2192 Valenciennes \u2192 Lille. Les \u00e9changes de sacs postaux se faisaient via les bureaux-gares et les entrep\u00f4ts. Ainsi par exemple, Aulnoye-Aymeries r\u00e9ceptionnait les sacs en partance pour l&rsquo;Europe du Nord et l&rsquo;Est de la France qu&rsquo;il remettait au courrier-convoyeur en partance vers Hirson pour l&rsquo;Est ou vers Jeumont pour la fronti\u00e8re belge.<\/p>\n<p><strong>Ligne<\/strong><em><strong> du Nord<\/strong><\/em><\/p>\n<p><span style=\"color: #ff00ff;\">R\u00e9sidence: Paris<\/span><\/p>\n<p><strong>Paris \u00e0 Dunkerque<\/strong><\/p>\n<p>Service de nuit.<\/p>\n<p>Bien que cela ne soit pas visible dans les oblit\u00e9rations, la r\u00e9elle d\u00e9nomination de ce service \u00e9tait: Paris \u00e0 Dunkerque 2\u00b0, ce qui correspond bien \u00e0 un service de nuit. Voila pourquoi on voit apparaitre de temps en temps des plis rev\u00eatus d&rsquo;une griffe avec la mention 2\u00b0. Cet ambulant avait comme terminus Lille et non pas Dunkerque.<\/p>\n<p><span style=\"color: #ff0000;\">Aller, brigade: A\/B\/C\/D. Service supprim\u00e9 le 26\/09\/1993.<\/span><\/p>\n<p><a href=\"https:\/\/ambulantconvoyeurpar.com\/?attachment_id=15192\" rel=\"attachment wp-att-15192\"><img loading=\"lazy\" decoding=\"async\" class=\"size-full wp-image-15192 aligncenter\" src=\"https:\/\/ambulantconvoyeurpar.com\/wp-content\/uploads\/2021\/12\/a6-67.jpg\" alt=\"\" width=\"711\" height=\"424\" srcset=\"https:\/\/ambulantconvoyeurpar.com\/wp-content\/uploads\/2021\/12\/a6-67.jpg 711w, https:\/\/ambulantconvoyeurpar.com\/wp-content\/uploads\/2021\/12\/a6-67-300x179.jpg 300w, https:\/\/ambulantconvoyeurpar.com\/wp-content\/uploads\/2021\/12\/a6-67-453x270.jpg 453w\" sizes=\"auto, (max-width: 711px) 100vw, 711px\" \/><\/a><\/p>\n<p><a href=\"https:\/\/ambulantconvoyeurpar.com\/?attachment_id=15108\" rel=\"attachment wp-att-15108\"><img loading=\"lazy\" decoding=\"async\" class=\"size-full wp-image-15108 aligncenter\" src=\"https:\/\/ambulantconvoyeurpar.com\/wp-content\/uploads\/2021\/12\/a6-24.jpg\" alt=\"\" width=\"948\" height=\"1207\" srcset=\"https:\/\/ambulantconvoyeurpar.com\/wp-content\/uploads\/2021\/12\/a6-24.jpg 948w, https:\/\/ambulantconvoyeurpar.com\/wp-content\/uploads\/2021\/12\/a6-24-236x300.jpg 236w, https:\/\/ambulantconvoyeurpar.com\/wp-content\/uploads\/2021\/12\/a6-24-804x1024.jpg 804w, https:\/\/ambulantconvoyeurpar.com\/wp-content\/uploads\/2021\/12\/a6-24-768x978.jpg 768w, https:\/\/ambulantconvoyeurpar.com\/wp-content\/uploads\/2021\/12\/a6-24-212x270.jpg 212w\" sizes=\"auto, (max-width: 948px) 100vw, 948px\" \/><\/a><\/p>\n<p><span style=\"color: #0000ff;\">Retour, brigade: A\/B\/C\/D. Service supprim\u00e9 le 26\/09\/1993.<\/span><\/p>\n<p><a href=\"https:\/\/ambulantconvoyeurpar.com\/?attachment_id=15193\" rel=\"attachment wp-att-15193\"><img loading=\"lazy\" decoding=\"async\" class=\"size-full wp-image-15193 aligncenter\" src=\"https:\/\/ambulantconvoyeurpar.com\/wp-content\/uploads\/2021\/12\/a6-68.jpg\" alt=\"\" width=\"1074\" height=\"323\" srcset=\"https:\/\/ambulantconvoyeurpar.com\/wp-content\/uploads\/2021\/12\/a6-68.jpg 1074w, https:\/\/ambulantconvoyeurpar.com\/wp-content\/uploads\/2021\/12\/a6-68-300x90.jpg 300w, https:\/\/ambulantconvoyeurpar.com\/wp-content\/uploads\/2021\/12\/a6-68-1024x308.jpg 1024w, https:\/\/ambulantconvoyeurpar.com\/wp-content\/uploads\/2021\/12\/a6-68-768x231.jpg 768w, https:\/\/ambulantconvoyeurpar.com\/wp-content\/uploads\/2021\/12\/a6-68-604x182.jpg 604w\" sizes=\"auto, (max-width: 1074px) 100vw, 1074px\" \/><\/a><\/p>\n<p><a href=\"https:\/\/ambulantconvoyeurpar.com\/?attachment_id=15109\" rel=\"attachment wp-att-15109\"><img loading=\"lazy\" decoding=\"async\" class=\"size-full wp-image-15109 aligncenter\" src=\"https:\/\/ambulantconvoyeurpar.com\/wp-content\/uploads\/2021\/12\/a6-25.jpg\" alt=\"\" width=\"767\" height=\"1368\" srcset=\"https:\/\/ambulantconvoyeurpar.com\/wp-content\/uploads\/2021\/12\/a6-25.jpg 767w, https:\/\/ambulantconvoyeurpar.com\/wp-content\/uploads\/2021\/12\/a6-25-168x300.jpg 168w, https:\/\/ambulantconvoyeurpar.com\/wp-content\/uploads\/2021\/12\/a6-25-574x1024.jpg 574w, https:\/\/ambulantconvoyeurpar.com\/wp-content\/uploads\/2021\/12\/a6-25-151x270.jpg 151w\" sizes=\"auto, (max-width: 767px) 100vw, 767px\" \/><\/a><\/p>\n<p>Griffes plastiques avec lettre de brigade.<\/p>\n<p><a href=\"https:\/\/ambulantconvoyeurpar.com\/?attachment_id=15107\" rel=\"attachment wp-att-15107\"><img loading=\"lazy\" decoding=\"async\" class=\"size-full wp-image-15107 aligncenter\" src=\"https:\/\/ambulantconvoyeurpar.com\/wp-content\/uploads\/2021\/12\/a6-23.jpg\" alt=\"\" width=\"550\" height=\"227\" srcset=\"https:\/\/ambulantconvoyeurpar.com\/wp-content\/uploads\/2021\/12\/a6-23.jpg 550w, https:\/\/ambulantconvoyeurpar.com\/wp-content\/uploads\/2021\/12\/a6-23-300x124.jpg 300w\" sizes=\"auto, (max-width: 550px) 100vw, 550px\" \/><\/a><a href=\"https:\/\/ambulantconvoyeurpar.com\/index.php\/2022\/02\/01\/ambulants-francais-1970-94-reseau-du-nord\/a1-1833\/\" rel=\"attachment wp-att-21278\"><img loading=\"lazy\" decoding=\"async\" class=\"size-full wp-image-21278 aligncenter\" src=\"https:\/\/ambulantconvoyeurpar.com\/wp-content\/uploads\/2022\/02\/a1-135.jpg\" alt=\"\" width=\"367\" height=\"46\" srcset=\"https:\/\/ambulantconvoyeurpar.com\/wp-content\/uploads\/2022\/02\/a1-135.jpg 367w, https:\/\/ambulantconvoyeurpar.com\/wp-content\/uploads\/2022\/02\/a1-135-300x38.jpg 300w\" sizes=\"auto, (max-width: 367px) 100vw, 367px\" \/><\/a><\/p>\n<p><a href=\"https:\/\/ambulantconvoyeurpar.com\/?attachment_id=15075\" rel=\"attachment wp-att-15075\"><img loading=\"lazy\" decoding=\"async\" class=\"size-full wp-image-15075 aligncenter\" src=\"https:\/\/ambulantconvoyeurpar.com\/wp-content\/uploads\/2021\/12\/a6-7.jpg\" alt=\"\" width=\"416\" height=\"130\" srcset=\"https:\/\/ambulantconvoyeurpar.com\/wp-content\/uploads\/2021\/12\/a6-7.jpg 416w, https:\/\/ambulantconvoyeurpar.com\/wp-content\/uploads\/2021\/12\/a6-7-300x94.jpg 300w\" sizes=\"auto, (max-width: 416px) 100vw, 416px\" \/><\/a><a href=\"https:\/\/ambulantconvoyeurpar.com\/?attachment_id=15194\" rel=\"attachment wp-att-15194\"><img loading=\"lazy\" decoding=\"async\" class=\"size-full wp-image-15194 aligncenter\" src=\"https:\/\/ambulantconvoyeurpar.com\/wp-content\/uploads\/2021\/12\/a6-69.jpg\" alt=\"\" width=\"656\" height=\"252\" srcset=\"https:\/\/ambulantconvoyeurpar.com\/wp-content\/uploads\/2021\/12\/a6-69.jpg 656w, https:\/\/ambulantconvoyeurpar.com\/wp-content\/uploads\/2021\/12\/a6-69-300x115.jpg 300w, https:\/\/ambulantconvoyeurpar.com\/wp-content\/uploads\/2021\/12\/a6-69-604x232.jpg 604w\" sizes=\"auto, (max-width: 656px) 100vw, 656px\" \/><\/a><\/p>\n<figure id=\"attachment_15197\" aria-describedby=\"caption-attachment-15197\" style=\"width: 1281px\" class=\"wp-caption aligncenter\"><a href=\"https:\/\/ambulantconvoyeurpar.com\/?attachment_id=15197\" rel=\"attachment wp-att-15197\"><img loading=\"lazy\" decoding=\"async\" class=\"wp-image-15197 size-full\" src=\"https:\/\/ambulantconvoyeurpar.com\/wp-content\/uploads\/2021\/12\/a6-72.jpg\" alt=\"\" width=\"1281\" height=\"399\" srcset=\"https:\/\/ambulantconvoyeurpar.com\/wp-content\/uploads\/2021\/12\/a6-72.jpg 1281w, https:\/\/ambulantconvoyeurpar.com\/wp-content\/uploads\/2021\/12\/a6-72-300x93.jpg 300w, https:\/\/ambulantconvoyeurpar.com\/wp-content\/uploads\/2021\/12\/a6-72-1024x319.jpg 1024w, https:\/\/ambulantconvoyeurpar.com\/wp-content\/uploads\/2021\/12\/a6-72-768x239.jpg 768w, https:\/\/ambulantconvoyeurpar.com\/wp-content\/uploads\/2021\/12\/a6-72-604x188.jpg 604w\" sizes=\"auto, (max-width: 1281px) 100vw, 1281px\" \/><\/a><figcaption id=\"caption-attachment-15197\" class=\"wp-caption-text\">Griffe: Paris \u00e0 Dunkerque 2\u00b0D. Ces griffes sont connues \u00e9galement: Avec la brigade B, griffe aller avec mention 2\u00b0. Brigade C griffe retour avec mention 2\u00b0. Ce sont des griffes de r\u00e9serve du Paris \u00e0 Dunkerque 2\u00b0 qui ont \u00e9t\u00e9 mises en service.<\/figcaption><\/figure>\n<p><strong>Paris \u00e0 Dunkerque 2\u00b0<\/strong><\/p>\n<p>Service de nuit, m\u00eame service que ci-dessus. Les oblit\u00e9rations 2\u00b0B , 2\u00b0C et 2\u00b0D sont des cachets de r\u00e9serve. L&rsquo;oblit\u00e9ration 2\u00b0B a \u00e9t\u00e9 utilis\u00e9 pour r\u00e9aliser les souvenirs du dernier jour de l&rsquo;ambulant. L&rsquo;oblit\u00e9ration des brigades 2\u00b0C et 2\u00b0D a \u00e9t\u00e9 utilis\u00e9e de mani\u00e8re sporadique dans le service. On les rencontre plus rarement. Les griffes B2\u00b0, C2\u00b0, D2\u00b0 ont \u00e9galement \u00e9t\u00e9 utilis\u00e9es dans le service.<\/p>\n<p><span style=\"color: #ff0000;\">Aller, brigade: 2\u00b0B\/2\u00b0C\/2\u00b0D. Service supprim\u00e9 le 26\/09\/1993.<\/span><\/p>\n<p><a href=\"https:\/\/ambulantconvoyeurpar.com\/?attachment_id=15072\" rel=\"attachment wp-att-15072\"><img loading=\"lazy\" decoding=\"async\" class=\"size-full wp-image-15072 aligncenter\" src=\"https:\/\/ambulantconvoyeurpar.com\/wp-content\/uploads\/2021\/12\/a6-4.jpg\" alt=\"\" width=\"942\" height=\"545\" srcset=\"https:\/\/ambulantconvoyeurpar.com\/wp-content\/uploads\/2021\/12\/a6-4.jpg 942w, https:\/\/ambulantconvoyeurpar.com\/wp-content\/uploads\/2021\/12\/a6-4-300x174.jpg 300w, https:\/\/ambulantconvoyeurpar.com\/wp-content\/uploads\/2021\/12\/a6-4-768x444.jpg 768w, https:\/\/ambulantconvoyeurpar.com\/wp-content\/uploads\/2021\/12\/a6-4-467x270.jpg 467w\" sizes=\"auto, (max-width: 942px) 100vw, 942px\" \/><\/a><\/p>\n<p><a href=\"https:\/\/ambulantconvoyeurpar.com\/?attachment_id=15195\" rel=\"attachment wp-att-15195\"><img loading=\"lazy\" decoding=\"async\" class=\"size-full wp-image-15195 aligncenter\" src=\"https:\/\/ambulantconvoyeurpar.com\/wp-content\/uploads\/2021\/12\/a6-70.jpg\" alt=\"\" width=\"923\" height=\"313\" srcset=\"https:\/\/ambulantconvoyeurpar.com\/wp-content\/uploads\/2021\/12\/a6-70.jpg 923w, https:\/\/ambulantconvoyeurpar.com\/wp-content\/uploads\/2021\/12\/a6-70-300x102.jpg 300w, https:\/\/ambulantconvoyeurpar.com\/wp-content\/uploads\/2021\/12\/a6-70-768x260.jpg 768w, https:\/\/ambulantconvoyeurpar.com\/wp-content\/uploads\/2021\/12\/a6-70-604x205.jpg 604w\" sizes=\"auto, (max-width: 923px) 100vw, 923px\" \/><\/a><\/p>\n<p><span style=\"color: #0000ff;\">Retour, brigades 2\u00b0B\/2C. Service supprim\u00e9 le 26\/09\/1993.<\/span><\/p>\n<p><a href=\"https:\/\/ambulantconvoyeurpar.com\/?attachment_id=15111\" rel=\"attachment wp-att-15111\"><img loading=\"lazy\" decoding=\"async\" class=\"size-full wp-image-15111 aligncenter\" src=\"https:\/\/ambulantconvoyeurpar.com\/wp-content\/uploads\/2021\/12\/a6-26.jpg\" alt=\"\" width=\"1180\" height=\"790\" srcset=\"https:\/\/ambulantconvoyeurpar.com\/wp-content\/uploads\/2021\/12\/a6-26.jpg 1180w, https:\/\/ambulantconvoyeurpar.com\/wp-content\/uploads\/2021\/12\/a6-26-300x201.jpg 300w, https:\/\/ambulantconvoyeurpar.com\/wp-content\/uploads\/2021\/12\/a6-26-1024x686.jpg 1024w, https:\/\/ambulantconvoyeurpar.com\/wp-content\/uploads\/2021\/12\/a6-26-768x514.jpg 768w, https:\/\/ambulantconvoyeurpar.com\/wp-content\/uploads\/2021\/12\/a6-26-403x270.jpg 403w\" sizes=\"auto, (max-width: 1180px) 100vw, 1180px\" \/><\/a><\/p>\n<p>Griffes plastiques avec lettre de brigade.<\/p>\n<p><a href=\"https:\/\/ambulantconvoyeurpar.com\/?attachment_id=15076\" rel=\"attachment wp-att-15076\"><img loading=\"lazy\" decoding=\"async\" class=\"size-full wp-image-15076 aligncenter\" src=\"https:\/\/ambulantconvoyeurpar.com\/wp-content\/uploads\/2021\/12\/a6-8.jpg\" alt=\"\" width=\"487\" height=\"130\" srcset=\"https:\/\/ambulantconvoyeurpar.com\/wp-content\/uploads\/2021\/12\/a6-8.jpg 487w, https:\/\/ambulantconvoyeurpar.com\/wp-content\/uploads\/2021\/12\/a6-8-300x80.jpg 300w\" sizes=\"auto, (max-width: 487px) 100vw, 487px\" \/><\/a><\/p>\n<figure id=\"attachment_15196\" aria-describedby=\"caption-attachment-15196\" style=\"width: 545px\" class=\"wp-caption aligncenter\"><a href=\"https:\/\/ambulantconvoyeurpar.com\/?attachment_id=15196\" rel=\"attachment wp-att-15196\"><img loading=\"lazy\" decoding=\"async\" class=\"wp-image-15196 size-full\" src=\"https:\/\/ambulantconvoyeurpar.com\/wp-content\/uploads\/2021\/12\/a6-71.jpg\" alt=\"\" width=\"545\" height=\"470\" srcset=\"https:\/\/ambulantconvoyeurpar.com\/wp-content\/uploads\/2021\/12\/a6-71.jpg 545w, https:\/\/ambulantconvoyeurpar.com\/wp-content\/uploads\/2021\/12\/a6-71-300x259.jpg 300w, https:\/\/ambulantconvoyeurpar.com\/wp-content\/uploads\/2021\/12\/a6-71-313x270.jpg 313w\" sizes=\"auto, (max-width: 545px) 100vw, 545px\" \/><\/a><figcaption id=\"caption-attachment-15196\" class=\"wp-caption-text\">Mention: pli de service.<\/figcaption><\/figure>\n<p><a href=\"https:\/\/ambulantconvoyeurpar.com\/?attachment_id=15076\" rel=\"attachment wp-att-15076\">\u00a0<\/a><\/p>\n<p><a href=\"https:\/\/ambulantconvoyeurpar.com\/?attachment_id=15070\" rel=\"attachment wp-att-15070\"><img loading=\"lazy\" decoding=\"async\" class=\"size-full wp-image-15070 aligncenter\" src=\"https:\/\/ambulantconvoyeurpar.com\/wp-content\/uploads\/2021\/12\/a6-2.jpg\" alt=\"\" width=\"1034\" height=\"1429\" srcset=\"https:\/\/ambulantconvoyeurpar.com\/wp-content\/uploads\/2021\/12\/a6-2.jpg 1034w, https:\/\/ambulantconvoyeurpar.com\/wp-content\/uploads\/2021\/12\/a6-2-217x300.jpg 217w, https:\/\/ambulantconvoyeurpar.com\/wp-content\/uploads\/2021\/12\/a6-2-741x1024.jpg 741w, https:\/\/ambulantconvoyeurpar.com\/wp-content\/uploads\/2021\/12\/a6-2-768x1061.jpg 768w, https:\/\/ambulantconvoyeurpar.com\/wp-content\/uploads\/2021\/12\/a6-2-195x270.jpg 195w\" sizes=\"auto, (max-width: 1034px) 100vw, 1034px\" \/><\/a><\/p>\n<p><a href=\"https:\/\/ambulantconvoyeurpar.com\/?attachment_id=15071\" rel=\"attachment wp-att-15071\"><img loading=\"lazy\" decoding=\"async\" class=\"size-full wp-image-15071 aligncenter\" src=\"https:\/\/ambulantconvoyeurpar.com\/wp-content\/uploads\/2021\/12\/a6-3.jpg\" alt=\"\" width=\"1160\" height=\"1671\" srcset=\"https:\/\/ambulantconvoyeurpar.com\/wp-content\/uploads\/2021\/12\/a6-3.jpg 1160w, https:\/\/ambulantconvoyeurpar.com\/wp-content\/uploads\/2021\/12\/a6-3-208x300.jpg 208w, https:\/\/ambulantconvoyeurpar.com\/wp-content\/uploads\/2021\/12\/a6-3-711x1024.jpg 711w, https:\/\/ambulantconvoyeurpar.com\/wp-content\/uploads\/2021\/12\/a6-3-768x1106.jpg 768w, https:\/\/ambulantconvoyeurpar.com\/wp-content\/uploads\/2021\/12\/a6-3-1066x1536.jpg 1066w, https:\/\/ambulantconvoyeurpar.com\/wp-content\/uploads\/2021\/12\/a6-3-187x270.jpg 187w\" sizes=\"auto, (max-width: 1160px) 100vw, 1160px\" \/><\/a><\/p>\n<p><strong>Paris \u00e0 Lille 1\u00b0<\/strong><\/p>\n<p>Service de jour<\/p>\n<p><span style=\"color: #ff0000;\">Aller, brigade: A\/B. Service supprim\u00e9 le 01\/06\/1980.<\/span><\/p>\n<p><a href=\"https:\/\/ambulantconvoyeurpar.com\/?attachment_id=15120\" rel=\"attachment wp-att-15120\"><img loading=\"lazy\" decoding=\"async\" class=\"size-full wp-image-15120 aligncenter\" src=\"https:\/\/ambulantconvoyeurpar.com\/wp-content\/uploads\/2021\/12\/a6-35.jpg\" alt=\"\" width=\"590\" height=\"384\" srcset=\"https:\/\/ambulantconvoyeurpar.com\/wp-content\/uploads\/2021\/12\/a6-35.jpg 590w, https:\/\/ambulantconvoyeurpar.com\/wp-content\/uploads\/2021\/12\/a6-35-300x195.jpg 300w, https:\/\/ambulantconvoyeurpar.com\/wp-content\/uploads\/2021\/12\/a6-35-415x270.jpg 415w\" sizes=\"auto, (max-width: 590px) 100vw, 590px\" \/><\/a><\/p>\n<p><span style=\"color: #0000ff;\">Retour, brigades A\/B. Service supprim\u00e9 le 01\/06\/1980.<\/span><\/p>\n<p><a href=\"https:\/\/ambulantconvoyeurpar.com\/?attachment_id=15119\" rel=\"attachment wp-att-15119\"><img loading=\"lazy\" decoding=\"async\" class=\"size-full wp-image-15119 aligncenter\" src=\"https:\/\/ambulantconvoyeurpar.com\/wp-content\/uploads\/2021\/12\/a6-34.jpg\" alt=\"\" width=\"762\" height=\"409\" srcset=\"https:\/\/ambulantconvoyeurpar.com\/wp-content\/uploads\/2021\/12\/a6-34.jpg 762w, https:\/\/ambulantconvoyeurpar.com\/wp-content\/uploads\/2021\/12\/a6-34-300x161.jpg 300w, https:\/\/ambulantconvoyeurpar.com\/wp-content\/uploads\/2021\/12\/a6-34-503x270.jpg 503w\" sizes=\"auto, (max-width: 762px) 100vw, 762px\" \/><\/a><\/p>\n<p><a href=\"https:\/\/ambulantconvoyeurpar.com\/index.php\/2022\/02\/01\/ambulants-francais-1970-94-reseau-du-nord\/a1-130\/\" rel=\"attachment wp-att-15843\"><img loading=\"lazy\" decoding=\"async\" class=\"alignnone size-full wp-image-15843\" src=\"https:\/\/ambulantconvoyeurpar.com\/wp-content\/uploads\/2022\/02\/a1-88.jpg\" alt=\"\" width=\"817\" height=\"313\" srcset=\"https:\/\/ambulantconvoyeurpar.com\/wp-content\/uploads\/2022\/02\/a1-88.jpg 817w, https:\/\/ambulantconvoyeurpar.com\/wp-content\/uploads\/2022\/02\/a1-88-300x115.jpg 300w, https:\/\/ambulantconvoyeurpar.com\/wp-content\/uploads\/2022\/02\/a1-88-768x294.jpg 768w, https:\/\/ambulantconvoyeurpar.com\/wp-content\/uploads\/2022\/02\/a1-88-604x231.jpg 604w\" sizes=\"auto, (max-width: 817px) 100vw, 817px\" \/><\/a><\/p>\n<p>Griffes plastiques avec lettre de brigade.<\/p>\n<p>Je ne poss\u00e8de pas ces griffes.<\/p>\n<p><strong>Paris \u00e0 Lille 2\u00b0<\/strong><\/p>\n<p>Service de nuit<\/p>\n<p><span style=\"color: #ff0000;\">Aller, brigade: A\/B\/C\/D. Service supprim\u00e9 le 06\/11\/1994.<\/span><\/p>\n<p><a href=\"https:\/\/ambulantconvoyeurpar.com\/?attachment_id=15115\" rel=\"attachment wp-att-15115\"><img loading=\"lazy\" decoding=\"async\" class=\"size-full wp-image-15115 alignleft\" src=\"https:\/\/ambulantconvoyeurpar.com\/wp-content\/uploads\/2021\/12\/a6-30.jpg\" alt=\"\" width=\"278\" height=\"282\" srcset=\"https:\/\/ambulantconvoyeurpar.com\/wp-content\/uploads\/2021\/12\/a6-30.jpg 278w, https:\/\/ambulantconvoyeurpar.com\/wp-content\/uploads\/2021\/12\/a6-30-266x270.jpg 266w\" sizes=\"auto, (max-width: 278px) 100vw, 278px\" \/><\/a><\/p>\n<p><a href=\"https:\/\/ambulantconvoyeurpar.com\/?attachment_id=18727\" rel=\"attachment wp-att-18727\"><img loading=\"lazy\" decoding=\"async\" class=\"alignnone size-full wp-image-18727\" src=\"https:\/\/ambulantconvoyeurpar.com\/wp-content\/uploads\/2022\/02\/a1-132.jpg\" alt=\"\" width=\"381\" height=\"85\" srcset=\"https:\/\/ambulantconvoyeurpar.com\/wp-content\/uploads\/2022\/02\/a1-132.jpg 381w, https:\/\/ambulantconvoyeurpar.com\/wp-content\/uploads\/2022\/02\/a1-132-300x67.jpg 300w\" sizes=\"auto, (max-width: 381px) 100vw, 381px\" \/><\/a><a href=\"https:\/\/ambulantconvoyeurpar.com\/?attachment_id=15116\" rel=\"attachment wp-att-15116\"><img loading=\"lazy\" decoding=\"async\" class=\"size-full wp-image-15116 aligncenter\" src=\"https:\/\/ambulantconvoyeurpar.com\/wp-content\/uploads\/2021\/12\/a6-31.jpg\" alt=\"\" width=\"615\" height=\"798\" srcset=\"https:\/\/ambulantconvoyeurpar.com\/wp-content\/uploads\/2021\/12\/a6-31.jpg 615w, https:\/\/ambulantconvoyeurpar.com\/wp-content\/uploads\/2021\/12\/a6-31-231x300.jpg 231w, https:\/\/ambulantconvoyeurpar.com\/wp-content\/uploads\/2021\/12\/a6-31-208x270.jpg 208w\" sizes=\"auto, (max-width: 615px) 100vw, 615px\" \/><\/a><\/p>\n<p><span style=\"color: #0000ff;\">Retour, brigade: A\/B\/C\/D. Service supprim\u00e9 le 06\/11\/1994.<\/span><\/p>\n<p><a href=\"https:\/\/ambulantconvoyeurpar.com\/?attachment_id=15118\" rel=\"attachment wp-att-15118\"><img loading=\"lazy\" decoding=\"async\" class=\"size-full wp-image-15118 aligncenter\" src=\"https:\/\/ambulantconvoyeurpar.com\/wp-content\/uploads\/2021\/12\/a6-33.jpg\" alt=\"\" width=\"290\" height=\"292\" srcset=\"https:\/\/ambulantconvoyeurpar.com\/wp-content\/uploads\/2021\/12\/a6-33.jpg 290w, https:\/\/ambulantconvoyeurpar.com\/wp-content\/uploads\/2021\/12\/a6-33-150x150.jpg 150w, https:\/\/ambulantconvoyeurpar.com\/wp-content\/uploads\/2021\/12\/a6-33-268x270.jpg 268w\" sizes=\"auto, (max-width: 290px) 100vw, 290px\" \/><\/a><a href=\"https:\/\/ambulantconvoyeurpar.com\/?attachment_id=15169\" rel=\"attachment wp-att-15169\"><img loading=\"lazy\" decoding=\"async\" class=\"size-full wp-image-15169 aligncenter\" src=\"https:\/\/ambulantconvoyeurpar.com\/wp-content\/uploads\/2021\/12\/a6-51.jpg\" alt=\"\" width=\"1301\" height=\"611\" srcset=\"https:\/\/ambulantconvoyeurpar.com\/wp-content\/uploads\/2021\/12\/a6-51.jpg 1301w, https:\/\/ambulantconvoyeurpar.com\/wp-content\/uploads\/2021\/12\/a6-51-300x141.jpg 300w, https:\/\/ambulantconvoyeurpar.com\/wp-content\/uploads\/2021\/12\/a6-51-1024x481.jpg 1024w, https:\/\/ambulantconvoyeurpar.com\/wp-content\/uploads\/2021\/12\/a6-51-768x361.jpg 768w, https:\/\/ambulantconvoyeurpar.com\/wp-content\/uploads\/2021\/12\/a6-51-575x270.jpg 575w\" sizes=\"auto, (max-width: 1301px) 100vw, 1301px\" \/><\/a><\/p>\n<p>Griffes plastiques avec lettre de brigade.<\/p>\n<p><a href=\"https:\/\/ambulantconvoyeurpar.com\/?attachment_id=15117\" rel=\"attachment wp-att-15117\"><img loading=\"lazy\" decoding=\"async\" class=\"size-full wp-image-15117 aligncenter\" src=\"https:\/\/ambulantconvoyeurpar.com\/wp-content\/uploads\/2021\/12\/a6-32.jpg\" alt=\"\" width=\"1044\" height=\"414\" srcset=\"https:\/\/ambulantconvoyeurpar.com\/wp-content\/uploads\/2021\/12\/a6-32.jpg 1044w, https:\/\/ambulantconvoyeurpar.com\/wp-content\/uploads\/2021\/12\/a6-32-300x119.jpg 300w, https:\/\/ambulantconvoyeurpar.com\/wp-content\/uploads\/2021\/12\/a6-32-1024x406.jpg 1024w, https:\/\/ambulantconvoyeurpar.com\/wp-content\/uploads\/2021\/12\/a6-32-768x305.jpg 768w, https:\/\/ambulantconvoyeurpar.com\/wp-content\/uploads\/2021\/12\/a6-32-604x240.jpg 604w\" sizes=\"auto, (max-width: 1044px) 100vw, 1044px\" \/><\/a><\/p>\n<p><a href=\"https:\/\/ambulantconvoyeurpar.com\/?attachment_id=18729\" rel=\"attachment wp-att-18729\"><img loading=\"lazy\" decoding=\"async\" class=\"alignnone size-full wp-image-18729\" src=\"https:\/\/ambulantconvoyeurpar.com\/wp-content\/uploads\/2022\/02\/a1-133.jpg\" alt=\"\" width=\"1034\" height=\"298\" srcset=\"https:\/\/ambulantconvoyeurpar.com\/wp-content\/uploads\/2022\/02\/a1-133.jpg 1034w, https:\/\/ambulantconvoyeurpar.com\/wp-content\/uploads\/2022\/02\/a1-133-300x86.jpg 300w, https:\/\/ambulantconvoyeurpar.com\/wp-content\/uploads\/2022\/02\/a1-133-1024x295.jpg 1024w, https:\/\/ambulantconvoyeurpar.com\/wp-content\/uploads\/2022\/02\/a1-133-768x221.jpg 768w, https:\/\/ambulantconvoyeurpar.com\/wp-content\/uploads\/2022\/02\/a1-133-604x174.jpg 604w\" sizes=\"auto, (max-width: 1034px) 100vw, 1034px\" \/><\/a><\/p>\n<p><strong>Paris \u00e0 Valenciennes<\/strong><\/p>\n<p>Service de nuit<\/p>\n<p><span style=\"color: #ff0000;\">Aller, brigade: A\/B\/C\/D. Service supprim\u00e9 le 06\/11\/1994.<\/span><\/p>\n<figure id=\"attachment_15114\" aria-describedby=\"caption-attachment-15114\" style=\"width: 1216px\" class=\"wp-caption aligncenter\"><a href=\"https:\/\/ambulantconvoyeurpar.com\/?attachment_id=15114\" rel=\"attachment wp-att-15114\"><img loading=\"lazy\" decoding=\"async\" class=\"wp-image-15114 size-full\" src=\"https:\/\/ambulantconvoyeurpar.com\/wp-content\/uploads\/2021\/12\/a6-29.jpg\" alt=\"\" width=\"1216\" height=\"348\" srcset=\"https:\/\/ambulantconvoyeurpar.com\/wp-content\/uploads\/2021\/12\/a6-29.jpg 1216w, https:\/\/ambulantconvoyeurpar.com\/wp-content\/uploads\/2021\/12\/a6-29-300x86.jpg 300w, https:\/\/ambulantconvoyeurpar.com\/wp-content\/uploads\/2021\/12\/a6-29-1024x293.jpg 1024w, https:\/\/ambulantconvoyeurpar.com\/wp-content\/uploads\/2021\/12\/a6-29-768x220.jpg 768w, https:\/\/ambulantconvoyeurpar.com\/wp-content\/uploads\/2021\/12\/a6-29-604x173.jpg 604w\" sizes=\"auto, (max-width: 1216px) 100vw, 1216px\" \/><\/a><figcaption id=\"caption-attachment-15114\" class=\"wp-caption-text\">Particularit\u00e9 de ce service: \u00e0 l&rsquo;aller, ce service utilisait les timbres \u00e0 date du Paris \u00e0 Lille 2\u00b0, mais les griffes mentionnaient bien Paris \u00e0 Valenciennes. Il faut donc le couplage de la griffe et du timbre \u00e0 date pour reconnaitre ce service.<\/figcaption><\/figure>\n<p><a href=\"https:\/\/ambulantconvoyeurpar.com\/index.php\/2022\/02\/01\/ambulants-francais-1970-94-reseau-du-nord\/a1-1838\/\" rel=\"attachment wp-att-21283\"><img loading=\"lazy\" decoding=\"async\" class=\"alignnone size-full wp-image-21283\" src=\"https:\/\/ambulantconvoyeurpar.com\/wp-content\/uploads\/2022\/02\/a1-140.jpg\" alt=\"\" width=\"661\" height=\"384\" srcset=\"https:\/\/ambulantconvoyeurpar.com\/wp-content\/uploads\/2022\/02\/a1-140.jpg 661w, https:\/\/ambulantconvoyeurpar.com\/wp-content\/uploads\/2022\/02\/a1-140-300x174.jpg 300w, https:\/\/ambulantconvoyeurpar.com\/wp-content\/uploads\/2022\/02\/a1-140-465x270.jpg 465w\" sizes=\"auto, (max-width: 661px) 100vw, 661px\" \/><\/a><\/p>\n<p><a href=\"https:\/\/ambulantconvoyeurpar.com\/index.php\/2022\/02\/01\/ambulants-francais-1970-94-reseau-du-nord\/a1-1837\/\" rel=\"attachment wp-att-21282\"><img loading=\"lazy\" decoding=\"async\" class=\"alignnone size-full wp-image-21282\" src=\"https:\/\/ambulantconvoyeurpar.com\/wp-content\/uploads\/2022\/02\/a1-139.jpg\" alt=\"\" width=\"550\" height=\"131\" srcset=\"https:\/\/ambulantconvoyeurpar.com\/wp-content\/uploads\/2022\/02\/a1-139.jpg 550w, https:\/\/ambulantconvoyeurpar.com\/wp-content\/uploads\/2022\/02\/a1-139-300x71.jpg 300w\" sizes=\"auto, (max-width: 550px) 100vw, 550px\" \/><\/a><\/p>\n<p><span style=\"color: #0000ff;\">Retour, brigade: A\/B\/C\/D. Service supprim\u00e9 le 06\/11\/1994.\u00a0\u00a0<\/span><\/p>\n<p><a href=\"https:\/\/ambulantconvoyeurpar.com\/?attachment_id=15261\" rel=\"attachment wp-att-15261\"><img loading=\"lazy\" decoding=\"async\" class=\"size-full wp-image-15261 aligncenter\" src=\"https:\/\/ambulantconvoyeurpar.com\/wp-content\/uploads\/2021\/12\/a6-87.jpg\" alt=\"\" width=\"1503\" height=\"333\" srcset=\"https:\/\/ambulantconvoyeurpar.com\/wp-content\/uploads\/2021\/12\/a6-87.jpg 1503w, https:\/\/ambulantconvoyeurpar.com\/wp-content\/uploads\/2021\/12\/a6-87-300x66.jpg 300w, https:\/\/ambulantconvoyeurpar.com\/wp-content\/uploads\/2021\/12\/a6-87-1024x227.jpg 1024w, https:\/\/ambulantconvoyeurpar.com\/wp-content\/uploads\/2021\/12\/a6-87-768x170.jpg 768w, https:\/\/ambulantconvoyeurpar.com\/wp-content\/uploads\/2021\/12\/a6-87-604x134.jpg 604w\" sizes=\"auto, (max-width: 1503px) 100vw, 1503px\" \/><\/a><\/p>\n<p><a href=\"https:\/\/ambulantconvoyeurpar.com\/?attachment_id=15170\" rel=\"attachment wp-att-15170\"><img loading=\"lazy\" decoding=\"async\" class=\"size-full wp-image-15170 aligncenter\" src=\"https:\/\/ambulantconvoyeurpar.com\/wp-content\/uploads\/2021\/12\/a6-52.jpg\" alt=\"\" width=\"1054\" height=\"323\" srcset=\"https:\/\/ambulantconvoyeurpar.com\/wp-content\/uploads\/2021\/12\/a6-52.jpg 1054w, https:\/\/ambulantconvoyeurpar.com\/wp-content\/uploads\/2021\/12\/a6-52-300x92.jpg 300w, https:\/\/ambulantconvoyeurpar.com\/wp-content\/uploads\/2021\/12\/a6-52-1024x314.jpg 1024w, https:\/\/ambulantconvoyeurpar.com\/wp-content\/uploads\/2021\/12\/a6-52-768x235.jpg 768w, https:\/\/ambulantconvoyeurpar.com\/wp-content\/uploads\/2021\/12\/a6-52-604x185.jpg 604w\" sizes=\"auto, (max-width: 1054px) 100vw, 1054px\" \/><\/a><\/p>\n<p><a href=\"https:\/\/ambulantconvoyeurpar.com\/?attachment_id=15253\" rel=\"attachment wp-att-15253\"><img loading=\"lazy\" decoding=\"async\" class=\"size-full wp-image-15253 aligncenter\" src=\"https:\/\/ambulantconvoyeurpar.com\/wp-content\/uploads\/2021\/12\/a6-85.jpg\" alt=\"\" width=\"1236\" height=\"838\" srcset=\"https:\/\/ambulantconvoyeurpar.com\/wp-content\/uploads\/2021\/12\/a6-85.jpg 1236w, https:\/\/ambulantconvoyeurpar.com\/wp-content\/uploads\/2021\/12\/a6-85-300x203.jpg 300w, https:\/\/ambulantconvoyeurpar.com\/wp-content\/uploads\/2021\/12\/a6-85-1024x694.jpg 1024w, https:\/\/ambulantconvoyeurpar.com\/wp-content\/uploads\/2021\/12\/a6-85-768x521.jpg 768w, https:\/\/ambulantconvoyeurpar.com\/wp-content\/uploads\/2021\/12\/a6-85-398x270.jpg 398w\" sizes=\"auto, (max-width: 1236px) 100vw, 1236px\" \/><\/a><\/p>\n<p><a href=\"https:\/\/ambulantconvoyeurpar.com\/index.php\/2022\/02\/01\/ambulants-francais-1970-94-reseau-du-nord\/a1-1834\/\" rel=\"attachment wp-att-21279\"><img loading=\"lazy\" decoding=\"async\" class=\"alignnone size-full wp-image-21279\" src=\"https:\/\/ambulantconvoyeurpar.com\/wp-content\/uploads\/2022\/02\/a1-136.jpg\" alt=\"\" width=\"868\" height=\"399\" srcset=\"https:\/\/ambulantconvoyeurpar.com\/wp-content\/uploads\/2022\/02\/a1-136.jpg 868w, https:\/\/ambulantconvoyeurpar.com\/wp-content\/uploads\/2022\/02\/a1-136-300x138.jpg 300w, https:\/\/ambulantconvoyeurpar.com\/wp-content\/uploads\/2022\/02\/a1-136-768x353.jpg 768w, https:\/\/ambulantconvoyeurpar.com\/wp-content\/uploads\/2022\/02\/a1-136-587x270.jpg 587w\" sizes=\"auto, (max-width: 868px) 100vw, 868px\" \/><\/a><\/p>\n<p><strong>Paris \u00e0 Valenciennes 2\u00b0<\/strong><\/p>\n<p>Service de nuit, m\u00eame service que ci-dessus. L&rsquo;oblit\u00e9ration 2\u00b0D est un cachet de r\u00e9serve. Le timbre \u00e0 date 2\u00b0D a \u00e9t\u00e9 utilis\u00e9 pour r\u00e9aliser les souvenirs du dernier jour de l&rsquo;ambulant. Timbre \u00e0 date connu uniquement \u00e0 l&rsquo;aller.<\/p>\n<p><span style=\"color: #ff0000;\">Aller, brigade D.\u00a0<\/span><\/p>\n<p><a href=\"https:\/\/ambulantconvoyeurpar.com\/?attachment_id=15198\" rel=\"attachment wp-att-15198\"><img loading=\"lazy\" decoding=\"async\" class=\"size-full wp-image-15198 aligncenter\" src=\"https:\/\/ambulantconvoyeurpar.com\/wp-content\/uploads\/2021\/12\/a6-73.jpg\" alt=\"\" width=\"1178\" height=\"803\" srcset=\"https:\/\/ambulantconvoyeurpar.com\/wp-content\/uploads\/2021\/12\/a6-73.jpg 1178w, https:\/\/ambulantconvoyeurpar.com\/wp-content\/uploads\/2021\/12\/a6-73-300x204.jpg 300w, https:\/\/ambulantconvoyeurpar.com\/wp-content\/uploads\/2021\/12\/a6-73-1024x698.jpg 1024w, https:\/\/ambulantconvoyeurpar.com\/wp-content\/uploads\/2021\/12\/a6-73-768x524.jpg 768w, https:\/\/ambulantconvoyeurpar.com\/wp-content\/uploads\/2021\/12\/a6-73-396x270.jpg 396w\" sizes=\"auto, (max-width: 1178px) 100vw, 1178px\" \/><\/a><\/p>\n<p>Griffe plastique avec lettre de brigade D.<\/p>\n<p><a href=\"https:\/\/ambulantconvoyeurpar.com\/index.php\/2022\/02\/01\/ambulants-francais-1970-94-reseau-du-nord\/a1-1923\/\" rel=\"attachment wp-att-21409\"><img loading=\"lazy\" decoding=\"async\" class=\"alignnone size-full wp-image-21409\" src=\"https:\/\/ambulantconvoyeurpar.com\/wp-content\/uploads\/2022\/02\/a1-141.jpg\" alt=\"\" width=\"424\" height=\"101\" srcset=\"https:\/\/ambulantconvoyeurpar.com\/wp-content\/uploads\/2022\/02\/a1-141.jpg 424w, https:\/\/ambulantconvoyeurpar.com\/wp-content\/uploads\/2022\/02\/a1-141-300x71.jpg 300w\" sizes=\"auto, (max-width: 424px) 100vw, 424px\" \/><\/a><\/p>\n<p><strong>Paris \u00e0 Valenciennes 2<\/strong><\/p>\n<p>Service de nuit, m\u00eame service que ci-dessus. L&rsquo;oblit\u00e9ration 2 D est un cachet de r\u00e9serve. Le timbre \u00e0 date 2 D a \u00e9t\u00e9 utilis\u00e9 pour r\u00e9aliser les souvenirs du dernier jour de l&rsquo;ambulant. Timbre \u00e0 date connu uniquement au retour.<\/p>\n<p><span style=\"color: #0000ff;\">Retour, brigade 2 D.<\/span><\/p>\n<p><a href=\"https:\/\/ambulantconvoyeurpar.com\/?attachment_id=18730\" rel=\"attachment wp-att-18730\"><img loading=\"lazy\" decoding=\"async\" class=\"alignnone size-full wp-image-18730\" src=\"https:\/\/ambulantconvoyeurpar.com\/wp-content\/uploads\/2022\/02\/a1-134.jpg\" alt=\"\" width=\"787\" height=\"1096\" srcset=\"https:\/\/ambulantconvoyeurpar.com\/wp-content\/uploads\/2022\/02\/a1-134.jpg 787w, https:\/\/ambulantconvoyeurpar.com\/wp-content\/uploads\/2022\/02\/a1-134-215x300.jpg 215w, https:\/\/ambulantconvoyeurpar.com\/wp-content\/uploads\/2022\/02\/a1-134-735x1024.jpg 735w, https:\/\/ambulantconvoyeurpar.com\/wp-content\/uploads\/2022\/02\/a1-134-768x1070.jpg 768w, https:\/\/ambulantconvoyeurpar.com\/wp-content\/uploads\/2022\/02\/a1-134-194x270.jpg 194w\" sizes=\"auto, (max-width: 787px) 100vw, 787px\" \/><\/a><\/p>\n<p><strong>Griffe.<\/strong><\/p>\n<p><span style=\"color: #0000ff;\">Aller\/Retour, brigade 2\u00b0A,2\u00b0C.<\/span><\/p>\n<p><a href=\"https:\/\/ambulantconvoyeurpar.com\/index.php\/2022\/02\/01\/ambulants-francais-1970-94-reseau-du-nord\/a1-1836\/\" rel=\"attachment wp-att-21281\"><img loading=\"lazy\" decoding=\"async\" class=\"alignnone size-full wp-image-21281\" src=\"https:\/\/ambulantconvoyeurpar.com\/wp-content\/uploads\/2022\/02\/a1-138.jpg\" alt=\"\" width=\"323\" height=\"258\" srcset=\"https:\/\/ambulantconvoyeurpar.com\/wp-content\/uploads\/2022\/02\/a1-138.jpg 323w, https:\/\/ambulantconvoyeurpar.com\/wp-content\/uploads\/2022\/02\/a1-138-300x240.jpg 300w\" sizes=\"auto, (max-width: 323px) 100vw, 323px\" \/><\/a><\/p>\n<p><a href=\"https:\/\/ambulantconvoyeurpar.com\/index.php\/2022\/02\/01\/ambulants-francais-1970-94-reseau-du-nord\/a1-1835\/\" rel=\"attachment wp-att-21280\"><img loading=\"lazy\" decoding=\"async\" class=\"alignnone size-full wp-image-21280\" src=\"https:\/\/ambulantconvoyeurpar.com\/wp-content\/uploads\/2022\/02\/a1-137.jpg\" alt=\"\" width=\"388\" height=\"444\" srcset=\"https:\/\/ambulantconvoyeurpar.com\/wp-content\/uploads\/2022\/02\/a1-137.jpg 388w, https:\/\/ambulantconvoyeurpar.com\/wp-content\/uploads\/2022\/02\/a1-137-262x300.jpg 262w, https:\/\/ambulantconvoyeurpar.com\/wp-content\/uploads\/2022\/02\/a1-137-236x270.jpg 236w\" sizes=\"auto, (max-width: 388px) 100vw, 388px\" \/><\/a><\/p>\n<figure id=\"attachment_15322\" aria-describedby=\"caption-attachment-15322\" style=\"width: 1291px\" class=\"wp-caption aligncenter\"><a href=\"https:\/\/ambulantconvoyeurpar.com\/?attachment_id=15322\" rel=\"attachment wp-att-15322\"><img loading=\"lazy\" decoding=\"async\" class=\"wp-image-15322 size-full\" src=\"https:\/\/ambulantconvoyeurpar.com\/wp-content\/uploads\/2022\/01\/a6-24.jpg\" alt=\"\" width=\"1291\" height=\"909\" srcset=\"https:\/\/ambulantconvoyeurpar.com\/wp-content\/uploads\/2022\/01\/a6-24.jpg 1291w, https:\/\/ambulantconvoyeurpar.com\/wp-content\/uploads\/2022\/01\/a6-24-300x211.jpg 300w, https:\/\/ambulantconvoyeurpar.com\/wp-content\/uploads\/2022\/01\/a6-24-1024x721.jpg 1024w, https:\/\/ambulantconvoyeurpar.com\/wp-content\/uploads\/2022\/01\/a6-24-768x541.jpg 768w, https:\/\/ambulantconvoyeurpar.com\/wp-content\/uploads\/2022\/01\/a6-24-383x270.jpg 383w\" sizes=\"auto, (max-width: 1291px) 100vw, 1291px\" \/><\/a><figcaption id=\"caption-attachment-15322\" class=\"wp-caption-text\">Pli de complaisance. L&rsquo;oblit\u00e9ration est bien celle en service mais la griffe est une griffe de r\u00e9serve.<\/figcaption><\/figure>\n<p><a href=\"https:\/\/ambulantconvoyeurpar.com\/index.php\/2022\/02\/01\/ambulants-francais-1970-94-reseau-du-nord\/a1-1924\/\" rel=\"attachment wp-att-21410\"><img loading=\"lazy\" decoding=\"async\" class=\"alignnone size-full wp-image-21410\" src=\"https:\/\/ambulantconvoyeurpar.com\/wp-content\/uploads\/2022\/02\/a1-142.jpg\" alt=\"\" width=\"439\" height=\"101\" srcset=\"https:\/\/ambulantconvoyeurpar.com\/wp-content\/uploads\/2022\/02\/a1-142.jpg 439w, https:\/\/ambulantconvoyeurpar.com\/wp-content\/uploads\/2022\/02\/a1-142-300x69.jpg 300w\" sizes=\"auto, (max-width: 439px) 100vw, 439px\" \/><\/a><\/p>\n<p><a href=\"https:\/\/ambulantconvoyeurpar.com\/?attachment_id=15101\" rel=\"attachment wp-att-15101\"><img loading=\"lazy\" decoding=\"async\" class=\"size-full wp-image-15101 aligncenter\" src=\"https:\/\/ambulantconvoyeurpar.com\/wp-content\/uploads\/2021\/12\/a6-20.jpg\" alt=\"\" width=\"1165\" height=\"1722\" srcset=\"https:\/\/ambulantconvoyeurpar.com\/wp-content\/uploads\/2021\/12\/a6-20.jpg 1165w, https:\/\/ambulantconvoyeurpar.com\/wp-content\/uploads\/2021\/12\/a6-20-203x300.jpg 203w, https:\/\/ambulantconvoyeurpar.com\/wp-content\/uploads\/2021\/12\/a6-20-693x1024.jpg 693w, https:\/\/ambulantconvoyeurpar.com\/wp-content\/uploads\/2021\/12\/a6-20-768x1135.jpg 768w, https:\/\/ambulantconvoyeurpar.com\/wp-content\/uploads\/2021\/12\/a6-20-1039x1536.jpg 1039w, https:\/\/ambulantconvoyeurpar.com\/wp-content\/uploads\/2021\/12\/a6-20-183x270.jpg 183w\" sizes=\"auto, (max-width: 1165px) 100vw, 1165px\" \/>Biblio<\/a><\/p>\n<p><a href=\"https:\/\/ambulantconvoyeurpar.com\/?attachment_id=15487\" rel=\"attachment wp-att-15487\"><img loading=\"lazy\" decoding=\"async\" class=\"alignnone size-full wp-image-15487\" src=\"https:\/\/ambulantconvoyeurpar.com\/wp-content\/uploads\/2022\/01\/a6-69.jpg\" alt=\"\" width=\"1700\" height=\"2323\" srcset=\"https:\/\/ambulantconvoyeurpar.com\/wp-content\/uploads\/2022\/01\/a6-69.jpg 1700w, https:\/\/ambulantconvoyeurpar.com\/wp-content\/uploads\/2022\/01\/a6-69-220x300.jpg 220w, https:\/\/ambulantconvoyeurpar.com\/wp-content\/uploads\/2022\/01\/a6-69-749x1024.jpg 749w, https:\/\/ambulantconvoyeurpar.com\/wp-content\/uploads\/2022\/01\/a6-69-768x1049.jpg 768w, https:\/\/ambulantconvoyeurpar.com\/wp-content\/uploads\/2022\/01\/a6-69-1124x1536.jpg 1124w, https:\/\/ambulantconvoyeurpar.com\/wp-content\/uploads\/2022\/01\/a6-69-1499x2048.jpg 1499w, https:\/\/ambulantconvoyeurpar.com\/wp-content\/uploads\/2022\/01\/a6-69-198x270.jpg 198w\" sizes=\"auto, (max-width: 1700px) 100vw, 1700px\" \/><\/a><\/p>\n","protected":false},"excerpt":{"rendered":"<p>Article modifi\u00e9 le 20\/08\/2023. Ces ambulants sont class\u00e9s en fonction de leur lieu de r\u00e9sidence. Une pr\u00e9cision pour les derniers jours de circulation : dans un service \u00e0 quatre brigades par exemple, les ambulants ne vont pas s&rsquo;arr\u00eater tous en m\u00eame temps. Ils vont avoir un dernier jour diff\u00e9rent pour chacun d&rsquo;entre eux qui s&rsquo;\u00e9tale sur quatre jours. La ligne la plus utilis\u00e9e avait ce parcours avant 1980: Paris Nord \u2192 Creil \u2192 Saint Quentin \u2192 Aulnoye-Aymeries \u2192 Valenciennes \u2192&#8230;<\/p>\n<p class=\"read-more\"><a class=\"btn btn-default\" href=\"https:\/\/ambulantconvoyeurpar.com\/index.php\/2022\/02\/01\/ambulants-francais-1970-94-reseau-du-nord\/\">Lire la suite<span class=\"screen-reader-text\"> Lire la suite<\/span><\/a><\/p>\n","protected":false},"author":1,"featured_media":0,"comment_status":"open","ping_status":"open","sticky":false,"template":"","format":"standard","meta":{"jetpack_post_was_ever_published":true,"_jetpack_newsletter_access":"","_jetpack_dont_email_post_to_subs":false,"_jetpack_newsletter_tier_id":0,"_jetpack_memberships_contains_paywalled_content":false,"_jetpack_memberships_contains_paid_content":false,"footnotes":"","jetpack_publicize_message":"","jetpack_publicize_feature_enabled":true,"jetpack_social_post_already_shared":true,"jetpack_social_options":{"image_generator_settings":{"template":"highway","default_image_id":0,"font":"","enabled":false},"version":2}},"categories":[10],"tags":[],"class_list":["post-15069","post","type-post","status-publish","format-standard","hentry","category-ambulant"],"jetpack_publicize_connections":[],"jetpack_featured_media_url":"","jetpack_shortlink":"https:\/\/wp.me\/p91OMs-3V3","jetpack-related-posts":[],"jetpack_sharing_enabled":true,"_links":{"self":[{"href":"https:\/\/ambulantconvoyeurpar.com\/index.php\/wp-json\/wp\/v2\/posts\/15069","targetHints":{"allow":["GET"]}}],"collection":[{"href":"https:\/\/ambulantconvoyeurpar.com\/index.php\/wp-json\/wp\/v2\/posts"}],"about":[{"href":"https:\/\/ambulantconvoyeurpar.com\/index.php\/wp-json\/wp\/v2\/types\/post"}],"author":[{"embeddable":true,"href":"https:\/\/ambulantconvoyeurpar.com\/index.php\/wp-json\/wp\/v2\/users\/1"}],"replies":[{"embeddable":true,"href":"https:\/\/ambulantconvoyeurpar.com\/index.php\/wp-json\/wp\/v2\/comments?post=15069"}],"version-history":[{"count":2,"href":"https:\/\/ambulantconvoyeurpar.com\/index.php\/wp-json\/wp\/v2\/posts\/15069\/revisions"}],"predecessor-version":[{"id":21411,"href":"https:\/\/ambulantconvoyeurpar.com\/index.php\/wp-json\/wp\/v2\/posts\/15069\/revisions\/21411"}],"wp:attachment":[{"href":"https:\/\/ambulantconvoyeurpar.com\/index.php\/wp-json\/wp\/v2\/media?parent=15069"}],"wp:term":[{"taxonomy":"category","embeddable":true,"href":"https:\/\/ambulantconvoyeurpar.com\/index.php\/wp-json\/wp\/v2\/categories?post=15069"},{"taxonomy":"post_tag","embeddable":true,"href":"https:\/\/ambulantconvoyeurpar.com\/index.php\/wp-json\/wp\/v2\/tags?post=15069"}],"curies":[{"name":"wp","href":"https:\/\/api.w.org\/{rel}","templated":true}]}}