{"id":15845,"date":"2022-10-01T20:50:00","date_gmt":"2022-10-01T18:50:00","guid":{"rendered":"https:\/\/ambulantconvoyeurpar.com\/?p=15845"},"modified":"2025-07-04T08:56:28","modified_gmt":"2025-07-04T06:56:28","slug":"gare-montparnasse-bureau-de-poste-et-centre-de-tri-ex-gare-de-louest-obliterations-manuelles","status":"publish","type":"post","link":"https:\/\/ambulantconvoyeurpar.com\/index.php\/2022\/10\/01\/gare-montparnasse-bureau-de-poste-et-centre-de-tri-ex-gare-de-louest-obliterations-manuelles\/","title":{"rendered":"Gare Montparnasse, bureau de poste et centre de tri, ex gare de l&rsquo;Ouest. Oblit\u00e9rations manuelles."},"content":{"rendered":"\n<p>Article modifi\u00e9 le 07\/07\/2025.<\/p>\n\n\n<p><img loading=\"lazy\" decoding=\"async\" class=\"size-full wp-image-15846 aligncenter\" src=\"https:\/\/ambulantconvoyeurpar.com\/wp-content\/uploads\/2022\/02\/a1-89.jpg\" alt=\"\" width=\"1054\" height=\"616\" srcset=\"https:\/\/ambulantconvoyeurpar.com\/wp-content\/uploads\/2022\/02\/a1-89.jpg 1054w, https:\/\/ambulantconvoyeurpar.com\/wp-content\/uploads\/2022\/02\/a1-89-300x175.jpg 300w, https:\/\/ambulantconvoyeurpar.com\/wp-content\/uploads\/2022\/02\/a1-89-1024x598.jpg 1024w, https:\/\/ambulantconvoyeurpar.com\/wp-content\/uploads\/2022\/02\/a1-89-768x449.jpg 768w, https:\/\/ambulantconvoyeurpar.com\/wp-content\/uploads\/2022\/02\/a1-89-462x270.jpg 462w\" sizes=\"auto, (max-width: 1054px) 100vw, 1054px\" \/><\/p>\n<p>Le premier \u00ab d\u00e9barcad\u00e8re \u00bb est mis en service en 1840. Il est d\u00e9truit en 1852, pour construire une nouvelle gare. En 1854, elle accueille 1 400 000 voyageurs. La gare est remani\u00e9e au d\u00e9but de 1860. la gare accueille alors 3 700 000 voyageurs en 1884<sup id=\"cite_ref-Nature1887_46-0\" class=\"reference\"><\/sup>, puis 4\u00a0millions en 1885<sup id=\"cite_ref-Illustration1886_47-0\" class=\"reference\"><\/sup>, et offre un train par heure vers Versailles-Rive-Gauche, de\u00a0<span class=\"nowrap\">7h<\/span> \u00e0 minuit en service r\u00e9gulier, et neuf d\u00e9parts journaliers vers la gare de Versailles pour ce qui concerne la banlieue en 1895<sup id=\"cite_ref-Noblet1895_48-0\" class=\"reference\"><\/sup>. \u00c0 la suite du rachat de lignes en faillite en 1878, l\u2019\u00c9tat s\u2019est trouv\u00e9 \u00e0 la t\u00eate de ce r\u00e9seau. \u00a0Au gr\u00e9 des ouvertures de ligne, Montparnasse devient alors la t\u00eate de ligne pour les trains Paris\u2013Nantes par Segr\u00e9 et Paris-Bordeaux.<\/p>\n<p>La gare accueille 6 500 000 voyageurs en 1898. Pour l&rsquo;occasion de l&rsquo;Exposition Universelle de 1900, quatre voies sont ajout\u00e9es. Le nom de gare Montparnasse apparait vers 1905.<\/p>\n<p>La\u00a0<a title=\"Compagnie des chemins de fer de l'Ouest\" href=\"https:\/\/fr.wikipedia.org\/wiki\/Compagnie_des_chemins_de_fer_de_l%27Ouest\">Compagnie des chemins de fer de l&rsquo;Ouest<\/a>, rachet\u00e9e en 1908 par l&rsquo;administration des chemins de fer de l&rsquo;Etat, exploitait les deux lignes de Versailles, l&rsquo;une par la rive droite, l&rsquo;autre par la rive gauche, ce qui explique la pr\u00e9sence de deux gares principales \u00e0 Paris ( Saint-Lazare et Montparnasse)<\/p>\n<figure style=\"width: 478px\" class=\"wp-caption aligncenter\"><a href=\"https:\/\/ambulantconvoyeurpar.com\/?attachment_id=15847\" rel=\"attachment wp-att-15847\"><img loading=\"lazy\" decoding=\"async\" src=\"https:\/\/paris1900.lartnouveau.com\/paris15\/gare_montparnasse\/cpa\/1plan_gm1898.jpg\" alt=\"\" width=\"478\" height=\"312\" \/><\/a><figcaption class=\"wp-caption-text\">plan de la gare en 1898. <a href=\"https:\/\/paris1900.lartnouveau.com\/paris15\/gare_montparnasse\/cpa\/1plan_gm1898.jpg\">https:\/\/paris1900.lartnouveau.com\/paris15\/gare_montparnasse\/cpa\/1plan_gm1898.jpg<\/a><\/figcaption><\/figure>\n<p>Les ann\u00e9es 1920 voient l&rsquo;explosion du trafic, notamment de banlieue, depuis Saint-Lazare. Consid\u00e9rant les possibilit\u00e9s d&rsquo;expansion \u00e0 Saint-Lazare comme limit\u00e9es, l\u2019id\u00e9e est de regrouper l&rsquo;essentiel du trafic de grandes lignes d\u00e9pendant de l&rsquo;\u00c9tat <sup id=\"cite_ref-83\" class=\"reference\"><\/sup>dans une nouvelle gare Montparnasse. L&rsquo;id\u00e9e est abandonn\u00e9e et l&rsquo;on construit \u00e0 la place deux annexes pour d\u00e9sengorger la gare devenue trop petite: Maine Arriv\u00e9e en 1929 et Maine D\u00e9part en 1938.<\/p>\n<p>Dans les ann\u00e9es 1960, la reconstruction de la gare est incluse dans une vaste op\u00e9ration de r\u00e9novation urbaine, comprenant la nouvelle gare elle-m\u00eame, un ensemble d&rsquo;immeubles de bureaux et d&rsquo;habitations de grande hauteur, la tour Montparnasse et ses b\u00e2timents en base, ainsi qu&rsquo;un gratte-ciel abritant un h\u00f4tel.<\/p>\n<p><a href=\"https:\/\/ambulantconvoyeurpar.com\/?attachment_id=15847\" rel=\"attachment wp-att-15847\"><img loading=\"lazy\" decoding=\"async\" class=\"size-full wp-image-15847 aligncenter\" src=\"https:\/\/ambulantconvoyeurpar.com\/wp-content\/uploads\/2022\/02\/a1-90.jpg\" alt=\"\" width=\"1173\" height=\"814\" srcset=\"https:\/\/ambulantconvoyeurpar.com\/wp-content\/uploads\/2022\/02\/a1-90.jpg 1173w, https:\/\/ambulantconvoyeurpar.com\/wp-content\/uploads\/2022\/02\/a1-90-300x208.jpg 300w, https:\/\/ambulantconvoyeurpar.com\/wp-content\/uploads\/2022\/02\/a1-90-1024x711.jpg 1024w, https:\/\/ambulantconvoyeurpar.com\/wp-content\/uploads\/2022\/02\/a1-90-768x533.jpg 768w, https:\/\/ambulantconvoyeurpar.com\/wp-content\/uploads\/2022\/02\/a1-90-389x270.jpg 389w\" sizes=\"auto, (max-width: 1173px) 100vw, 1173px\" \/><\/a><\/p>\n<p>Jusqu&rsquo;en 1990, la gare Montparnasse est le point de d\u00e9part vers le grand Ouest. La mise en service de la ligne \u00e0 grande vitesse (TGV) accro\u00eet fortement le trafic. Une refonte de l&rsquo;espace int\u00e9rieur est inaugur\u00e9e \u00e0 cette occasion ; elle m\u00eale une nouvelle fa\u00e7ade de verre, appel\u00e9e la \u00ab porte Oc\u00e9ane \u00bb qui permet de mieux identifier la pr\u00e9sence de la gare, et une architecture interne en b\u00e9ton. Une dalle est cr\u00e9\u00e9e, recouvrant une grande partie des voies auparavant \u00e0 l&rsquo;air libre, et supportant un parc de stationnement avec, au-dessus, un espace vert appel\u00e9 le jardin atlantique cr\u00e9\u00e9 entre un immeuble de bureau et le mus\u00e9e Jean Moulin.<\/p>\n<p>En 2019, selon les estimations de la SNCF, la fr\u00e9quentation annuelle de la gare est de 61 374 035 voyageurs contre 59 174 531 en 2018.<\/p>\n<p>Le\u00a0<time class=\"nowrap\" datetime=\"2021-09-24\" data-sort-value=\"2021-09-24\">24 septembre 2021<\/time>, apr\u00e8s quatre ans de travaux ayant co\u00fbt\u00e9 150 millions d&rsquo;euros, la gare r\u00e9am\u00e9nag\u00e9e est inaugur\u00e9e.\u00a0<\/p>\n<p><img decoding=\"async\" class=\"aligncenter\" src=\"https:\/\/www.batiactu.com\/images\/auto\/620-465-c\/20130802_151413_20130802_105236_gare-1.jpg\" alt=\"Gare Montparnasse : les travaux de LGV seraient \u00e0 l&amp;#39;origine de la panne\" \/><\/p>\n<p>La nouvelle gare Montparnasse, celle des trains du Sud-Ouest, a \u00e9t\u00e9 inaugur\u00e9e le 24 septembre 2021, en pr\u00e9sence du Ministre des Transports Jean-Baptiste Djebbari, de la Maire de Paris Anne Hidalgo, de Jean-Pierre Farandou Pr\u00e9sident-directeur g\u00e9n\u00e9ral de la SNCF. L\u2019objectif \u00e9tait de la rendre plus conviviale et plus lumineuse. 90 millions de voyageurs par an y sont attendus pour 2025. D\u00e9marr\u00e9s en f\u00e9vrier 2017, les travaux de transformation de la gare Montparnasse et de restructuration des commerces sont achev\u00e9s.\u00a0<\/p>\n<p><a href=\"https:\/\/www.alpes-controles.fr\/actualites\/fin-de-transformation-gare-paris-montparnasse\/\">https:\/\/www.alpes-controles.fr\/actualites\/fin-de-transformation-gare-paris-montparnasse\/<\/a><\/p>\n<p>Gare de l&rsquo;Ouest<\/p>\n<figure id=\"attachment_15853\" aria-describedby=\"caption-attachment-15853\" style=\"width: 1130px\" class=\"wp-caption aligncenter\"><a href=\"https:\/\/ambulantconvoyeurpar.com\/?attachment_id=15853\" rel=\"attachment wp-att-15853\"><img loading=\"lazy\" decoding=\"async\" class=\"wp-image-15853 size-full\" src=\"https:\/\/ambulantconvoyeurpar.com\/wp-content\/uploads\/2022\/02\/a1-91.jpg\" alt=\"\" width=\"1130\" height=\"868\" srcset=\"https:\/\/ambulantconvoyeurpar.com\/wp-content\/uploads\/2022\/02\/a1-91.jpg 1130w, https:\/\/ambulantconvoyeurpar.com\/wp-content\/uploads\/2022\/02\/a1-91-300x230.jpg 300w, https:\/\/ambulantconvoyeurpar.com\/wp-content\/uploads\/2022\/02\/a1-91-1024x787.jpg 1024w, https:\/\/ambulantconvoyeurpar.com\/wp-content\/uploads\/2022\/02\/a1-91-768x590.jpg 768w, https:\/\/ambulantconvoyeurpar.com\/wp-content\/uploads\/2022\/02\/a1-91-351x270.jpg 351w\" sizes=\"auto, (max-width: 1130px) 100vw, 1130px\" \/><\/a><figcaption id=\"caption-attachment-15853\" class=\"wp-caption-text\">La lettre a \u00e9t\u00e9 post\u00e9e la veille au soir dans une bo\u00eete aux lettres du ressort du bureau E de la rue de S\u00e8ze (Paris), o\u00f9 elle a \u00e9t\u00e9 trait\u00e9e pour la premi\u00e8re distribution de 7 heures 30 du matin. Affranchissement pour un port local du premier \u00e9chelon de poids. Enveloppe de service, 1861.<\/figcaption><\/figure>\n<p><strong>Bureau annexe: p\u00e9riode des losanges d\u00e8s 1852 jusque 1876.<\/strong><\/p>\n<p>Service de nuit, oblit\u00e9ration ronde.<\/p>\n<figure id=\"attachment_15860\" aria-describedby=\"caption-attachment-15860\" style=\"width: 1017px\" class=\"wp-caption aligncenter\"><a href=\"https:\/\/ambulantconvoyeurpar.com\/?attachment_id=15860\" rel=\"attachment wp-att-15860\"><img loading=\"lazy\" decoding=\"async\" class=\"wp-image-15860 size-full\" src=\"https:\/\/ambulantconvoyeurpar.com\/wp-content\/uploads\/2022\/02\/a1-92.jpg\" alt=\"\" width=\"1017\" height=\"712\" srcset=\"https:\/\/ambulantconvoyeurpar.com\/wp-content\/uploads\/2022\/02\/a1-92.jpg 1017w, https:\/\/ambulantconvoyeurpar.com\/wp-content\/uploads\/2022\/02\/a1-92-300x210.jpg 300w, https:\/\/ambulantconvoyeurpar.com\/wp-content\/uploads\/2022\/02\/a1-92-768x538.jpg 768w, https:\/\/ambulantconvoyeurpar.com\/wp-content\/uploads\/2022\/02\/a1-92-386x270.jpg 386w\" sizes=\"auto, (max-width: 1017px) 100vw, 1017px\" \/><\/a><figcaption id=\"caption-attachment-15860\" class=\"wp-caption-text\">PGO dans le losange oblit\u00e9rant le timbre: Paris Gare de l&rsquo;Ouest. 1875.<\/figcaption><\/figure>\n<p>Service de jour, oblit\u00e9ration octogonale.<\/p>\n<p>Je ne poss\u00e8de pas cette oblit\u00e9ration.<\/p>\n<p><strong>Bureau annexe de gare. Cachets \u00e0 date sur timbres \u00e0 partir de 1876.<\/strong><\/p>\n<figure id=\"attachment_15934\" aria-describedby=\"caption-attachment-15934\" style=\"width: 998px\" class=\"wp-caption aligncenter\"><a href=\"https:\/\/ambulantconvoyeurpar.com\/?attachment_id=15934\" rel=\"attachment wp-att-15934\"><img loading=\"lazy\" decoding=\"async\" class=\"wp-image-15934 size-full\" src=\"https:\/\/ambulantconvoyeurpar.com\/wp-content\/uploads\/2022\/02\/a1-108.jpg\" alt=\"\" width=\"998\" height=\"683\" srcset=\"https:\/\/ambulantconvoyeurpar.com\/wp-content\/uploads\/2022\/02\/a1-108.jpg 998w, https:\/\/ambulantconvoyeurpar.com\/wp-content\/uploads\/2022\/02\/a1-108-300x205.jpg 300w, https:\/\/ambulantconvoyeurpar.com\/wp-content\/uploads\/2022\/02\/a1-108-768x526.jpg 768w, https:\/\/ambulantconvoyeurpar.com\/wp-content\/uploads\/2022\/02\/a1-108-395x270.jpg 395w\" sizes=\"auto, (max-width: 998px) 100vw, 998px\" \/><\/a><figcaption id=\"caption-attachment-15934\" class=\"wp-caption-text\">1877, gare-de-l &lsquo;Ouest.<\/figcaption><\/figure>\n<figure id=\"attachment_16015\" aria-describedby=\"caption-attachment-16015\" style=\"width: 857px\" class=\"wp-caption aligncenter\"><a href=\"https:\/\/ambulantconvoyeurpar.com\/?attachment_id=16015\" rel=\"attachment wp-att-16015\"><img loading=\"lazy\" decoding=\"async\" class=\"wp-image-16015 size-full\" src=\"https:\/\/ambulantconvoyeurpar.com\/wp-content\/uploads\/2022\/03\/a1-4.jpg\" alt=\"\" width=\"857\" height=\"696\" srcset=\"https:\/\/ambulantconvoyeurpar.com\/wp-content\/uploads\/2022\/03\/a1-4.jpg 857w, https:\/\/ambulantconvoyeurpar.com\/wp-content\/uploads\/2022\/03\/a1-4-300x244.jpg 300w, https:\/\/ambulantconvoyeurpar.com\/wp-content\/uploads\/2022\/03\/a1-4-768x624.jpg 768w, https:\/\/ambulantconvoyeurpar.com\/wp-content\/uploads\/2022\/03\/a1-4-332x270.jpg 332w\" sizes=\"auto, (max-width: 857px) 100vw, 857px\" \/><\/a><figcaption id=\"caption-attachment-16015\" class=\"wp-caption-text\">1879, gare de l&rsquo;Ouest.<\/figcaption><\/figure>\n<p><strong>Bureau annexe de gare. oblit\u00e9ration du type de 1884 dit type 84.<\/strong><\/p>\n<p><a href=\"https:\/\/ambulantconvoyeurpar.com\/?attachment_id=15861\" rel=\"attachment wp-att-15861\"><img loading=\"lazy\" decoding=\"async\" class=\"size-full wp-image-15861 aligncenter\" src=\"https:\/\/ambulantconvoyeurpar.com\/wp-content\/uploads\/2022\/02\/a1-93.jpg\" alt=\"\" width=\"1122\" height=\"733\" srcset=\"https:\/\/ambulantconvoyeurpar.com\/wp-content\/uploads\/2022\/02\/a1-93.jpg 1122w, https:\/\/ambulantconvoyeurpar.com\/wp-content\/uploads\/2022\/02\/a1-93-300x196.jpg 300w, https:\/\/ambulantconvoyeurpar.com\/wp-content\/uploads\/2022\/02\/a1-93-1024x669.jpg 1024w, https:\/\/ambulantconvoyeurpar.com\/wp-content\/uploads\/2022\/02\/a1-93-768x502.jpg 768w, https:\/\/ambulantconvoyeurpar.com\/wp-content\/uploads\/2022\/02\/a1-93-413x270.jpg 413w\" sizes=\"auto, (max-width: 1122px) 100vw, 1122px\" \/><\/a><\/p>\n<p><strong>Bureau de transit de gare. oblit\u00e9ration du type de 1884 dit type 84, sans lev\u00e9e.<\/strong><\/p>\n<p><a href=\"https:\/\/ambulantconvoyeurpar.com\/?attachment_id=15948\" rel=\"attachment wp-att-15948\"><img loading=\"lazy\" decoding=\"async\" class=\"size-full wp-image-15948 aligncenter\" src=\"https:\/\/ambulantconvoyeurpar.com\/wp-content\/uploads\/2022\/02\/a1-110.jpg\" alt=\"\" width=\"232\" height=\"252\" \/><\/a><\/p>\n<p>Une lev\u00e9e s&rsquo;applique \u00e0 chaque fois qu&rsquo;une bo\u00eete aux lettres fixe est relev\u00e9e par un pr\u00e9pos\u00e9 des postes, le courrier est ramass\u00e9 puis mis dans le service pour sa distribution aux usag\u00e9s. Le nombre de lev\u00e9e est d\u00e9fini par le remplissage plus ou moins rapide de la bo\u00eete aux lettres. Exemple:<\/p>\n<figure id=\"attachment_15949\" aria-describedby=\"caption-attachment-15949\" style=\"width: 252px\" class=\"wp-caption aligncenter\"><a href=\"https:\/\/ambulantconvoyeurpar.com\/?attachment_id=15949\" rel=\"attachment wp-att-15949\"><img loading=\"lazy\" decoding=\"async\" class=\"wp-image-15949 size-full\" src=\"https:\/\/ambulantconvoyeurpar.com\/wp-content\/uploads\/2022\/02\/a1-111.jpg\" alt=\"\" width=\"252\" height=\"242\" \/><\/a><figcaption id=\"caption-attachment-15949\" class=\"wp-caption-text\">Dans le cercle int\u00e9rieur, il est inscrit, 8E pour huiti\u00e8me lev\u00e9e.<\/figcaption><\/figure>\n<p><strong>Bureau annexe de gare. oblit\u00e9ration du type de 1904 dit type 04.<\/strong><\/p>\n<p>Je ne poss\u00e8de pas cette oblit\u00e9ration.<\/p>\n<p><span style=\"color: #ff0000;\">La s\u00e9paration du bureau de poste et du centre de tri a \u00e9t\u00e9 act\u00e9e au d\u00e9but du 20\u00e8me si\u00e8cle, auparavant ces deux services \u00e9t\u00e9 r\u00e9unis au sein d\u2019un m\u00eame b\u00e2timent. Aujourd\u2019hui, je ne connais pas encore la date effective de cette scission.<\/span><\/p>\n<p><strong>Centre de tri de Paris Montparnasse<\/strong><\/p>\n<p>Apr\u00e8s plusieurs d\u00e9m\u00e9nagements, ce centre de tri \u00e9tait situ\u00e9 rue du commandant Ren\u00e9 Mouchotte. Ce centre est ferm\u00e9 le 24\/12\/1995. Ce qui met fin \u00e9galement aux derniers ambulants: Paris\/Nantes, Paris\/Saint-Brieuc, Paris\/Rennes.<\/p>\n<figure id=\"attachment_16034\" aria-describedby=\"caption-attachment-16034\" style=\"width: 824px\" class=\"wp-caption aligncenter\"><a href=\"https:\/\/ambulantconvoyeurpar.com\/?attachment_id=16034\" rel=\"attachment wp-att-16034\"><img loading=\"lazy\" decoding=\"async\" class=\"wp-image-16034 size-full\" src=\"https:\/\/ambulantconvoyeurpar.com\/wp-content\/uploads\/2022\/03\/a1-14.jpg\" alt=\"\" width=\"824\" height=\"1173\" srcset=\"https:\/\/ambulantconvoyeurpar.com\/wp-content\/uploads\/2022\/03\/a1-14.jpg 824w, https:\/\/ambulantconvoyeurpar.com\/wp-content\/uploads\/2022\/03\/a1-14-211x300.jpg 211w, https:\/\/ambulantconvoyeurpar.com\/wp-content\/uploads\/2022\/03\/a1-14-719x1024.jpg 719w, https:\/\/ambulantconvoyeurpar.com\/wp-content\/uploads\/2022\/03\/a1-14-768x1093.jpg 768w, https:\/\/ambulantconvoyeurpar.com\/wp-content\/uploads\/2022\/03\/a1-14-190x270.jpg 190w\" sizes=\"auto, (max-width: 824px) 100vw, 824px\" \/><\/a><figcaption id=\"caption-attachment-16034\" class=\"wp-caption-text\">Ramassage du courrier \u00e0 la gare Montparnasse pour le centre de tri. 1990.<\/figcaption><\/figure>\n<p><span style=\"color: #ff0000;\">Griffes.<\/span><\/p>\n<p><a href=\"https:\/\/ambulantconvoyeurpar.com\/?attachment_id=16014\" rel=\"attachment wp-att-16014\"><img loading=\"lazy\" decoding=\"async\" class=\"size-full wp-image-16014 aligncenter\" src=\"https:\/\/ambulantconvoyeurpar.com\/wp-content\/uploads\/2022\/03\/a1-3.jpg\" alt=\"\" width=\"444\" height=\"227\" srcset=\"https:\/\/ambulantconvoyeurpar.com\/wp-content\/uploads\/2022\/03\/a1-3.jpg 444w, https:\/\/ambulantconvoyeurpar.com\/wp-content\/uploads\/2022\/03\/a1-3-300x153.jpg 300w\" sizes=\"auto, (max-width: 444px) 100vw, 444px\" \/><\/a><\/p>\n<p><a href=\"https:\/\/ambulantconvoyeurpar.com\/?attachment_id=15947\" rel=\"attachment wp-att-15947\"><img loading=\"lazy\" decoding=\"async\" class=\"size-full wp-image-15947 aligncenter\" src=\"https:\/\/ambulantconvoyeurpar.com\/wp-content\/uploads\/2022\/02\/a1-109.jpg\" alt=\"\" width=\"580\" height=\"237\" srcset=\"https:\/\/ambulantconvoyeurpar.com\/wp-content\/uploads\/2022\/02\/a1-109.jpg 580w, https:\/\/ambulantconvoyeurpar.com\/wp-content\/uploads\/2022\/02\/a1-109-300x123.jpg 300w\" sizes=\"auto, (max-width: 580px) 100vw, 580px\" \/><\/a><\/p>\n<p><span style=\"color: #ff0000;\">Bureau d&rsquo;ordre ligne de l&rsquo;ouest<\/span><\/p>\n<p>Je ne poss\u00e8de pas cette oblit\u00e9ration.<\/p>\n<p><span style=\"color: #ff0000;\">Pr\u00e9paratoire annexe ouest<\/span><\/p>\n<figure id=\"attachment_15433\" aria-describedby=\"caption-attachment-15433\" style=\"width: 898px\" class=\"wp-caption aligncenter\"><a href=\"https:\/\/ambulantconvoyeurpar.com\/?attachment_id=15433\" rel=\"attachment wp-att-15433\"><img loading=\"lazy\" decoding=\"async\" class=\"wp-image-15433 size-full\" src=\"https:\/\/ambulantconvoyeurpar.com\/wp-content\/uploads\/2022\/01\/a6-58.jpg\" alt=\"\" width=\"898\" height=\"606\" srcset=\"https:\/\/ambulantconvoyeurpar.com\/wp-content\/uploads\/2022\/01\/a6-58.jpg 898w, https:\/\/ambulantconvoyeurpar.com\/wp-content\/uploads\/2022\/01\/a6-58-300x202.jpg 300w, https:\/\/ambulantconvoyeurpar.com\/wp-content\/uploads\/2022\/01\/a6-58-768x518.jpg 768w, https:\/\/ambulantconvoyeurpar.com\/wp-content\/uploads\/2022\/01\/a6-58-400x270.jpg 400w\" sizes=\"auto, (max-width: 898px) 100vw, 898px\" \/><\/a><figcaption id=\"caption-attachment-15433\" class=\"wp-caption-text\">Ils sont apparus en 1916, c\u2019est une nouvelle d\u00e9nomination des bureaux gares de Paris.<\/figcaption><\/figure>\n<p><span style=\"color: #ff0000;\">Pr\u00e9paratoire Montparnasse<\/span><\/p>\n<p><span style=\"vertical-align: inherit;\"><span style=\"vertical-align: inherit;\">Je ne poss\u00e8de pas cette oblit\u00e9ration.<\/span><\/span><\/p>\n<p><span style=\"color: #ff0000;\">Pr\u00e9paratoire ouest<\/span><\/p>\n<p><span style=\"vertical-align: inherit;\"><span style=\"vertical-align: inherit;\">Je ne poss\u00e8de pas cette oblit\u00e9ration.<\/span><\/span><\/p>\n<p><span style=\"color: #ff0000;\">Chronopost paris Montparnasse brigade A\/B\/C\/D<\/span><\/p>\n<p><span style=\"vertical-align: inherit;\"><span style=\"vertical-align: inherit;\">Je ne poss\u00e8de pas cette oblit\u00e9ration.<\/span><\/span><\/p>\n<p><span style=\"color: #ff0000;\">Montparnasse province<\/span><\/p>\n<p><span style=\"vertical-align: inherit;\"><span style=\"vertical-align: inherit;\">Je ne poss\u00e8de pas cette oblit\u00e9ration.<\/span><\/span><\/p>\n<p><span style=\"color: #ff0000;\">Montparnasse transit<\/span><\/p>\n<figure id=\"attachment_15890\" aria-describedby=\"caption-attachment-15890\" style=\"width: 640px\" class=\"wp-caption aligncenter\"><a href=\"https:\/\/ambulantconvoyeurpar.com\/?attachment_id=15890\" rel=\"attachment wp-att-15890\"><img loading=\"lazy\" decoding=\"async\" class=\"wp-image-15890 size-large\" src=\"https:\/\/ambulantconvoyeurpar.com\/wp-content\/uploads\/2022\/02\/363_001-1024x359.jpg\" alt=\"\" width=\"640\" height=\"224\" srcset=\"https:\/\/ambulantconvoyeurpar.com\/wp-content\/uploads\/2022\/02\/363_001-1024x359.jpg 1024w, https:\/\/ambulantconvoyeurpar.com\/wp-content\/uploads\/2022\/02\/363_001-300x105.jpg 300w, https:\/\/ambulantconvoyeurpar.com\/wp-content\/uploads\/2022\/02\/363_001-768x269.jpg 768w, https:\/\/ambulantconvoyeurpar.com\/wp-content\/uploads\/2022\/02\/363_001-604x212.jpg 604w, https:\/\/ambulantconvoyeurpar.com\/wp-content\/uploads\/2022\/02\/363_001.jpg 1226w\" sizes=\"auto, (max-width: 640px) 100vw, 640px\" \/><\/a><figcaption id=\"caption-attachment-15890\" class=\"wp-caption-text\">Vu cette date.<\/figcaption><\/figure>\n<p><span style=\"color: #ff0000;\">Montparnasse transit ordinaire<\/span><\/p>\n<p>Je ne poss\u00e8de pas cette oblit\u00e9ration.<\/p>\n<p><span style=\"color: #ff0000;\">Montparnasse transit OPR (objet prix r\u00e9duits)<\/span><\/p>\n<p><span style=\"vertical-align: inherit;\"><span style=\"vertical-align: inherit;\">Je ne poss\u00e8de pas cette oblit\u00e9ration.<\/span><\/span><\/p>\n<p><span style=\"color: #ff0000;\">Postadex paris Montparnasse<\/span><\/p>\n<p><span style=\"vertical-align: inherit;\"><span style=\"vertical-align: inherit;\">Je ne poss\u00e8de pas cette oblit\u00e9ration.<\/span><\/span><\/p>\n<p><span style=\"color: #ff0000;\">Postadex paris Montparnasse brigade A\/B<\/span><\/p>\n<p><span style=\"vertical-align: inherit;\"><span style=\"vertical-align: inherit;\">Je ne poss\u00e8de pas cette oblit\u00e9ration.<\/span><\/span><\/p>\n<p><span style=\"color: #ff0000;\">Transbordement ouest<\/span><\/p>\n<p><span style=\"vertical-align: inherit;\"><span style=\"vertical-align: inherit;\">Je ne poss\u00e8de pas cette oblit\u00e9ration.<\/span><\/span><\/p>\n<p><span style=\"color: #ff0000;\">Gare Montparnasse<\/span><\/p>\n<p><span style=\"vertical-align: inherit;\"><span style=\"vertical-align: inherit;\">Je ne poss\u00e8de pas cette oblit\u00e9ration.<\/span><\/span><\/p>\n<p><span style=\"color: #ff0000;\">Gare Montparnasse transit<\/span><\/p>\n<p><span style=\"vertical-align: inherit;\"><span style=\"vertical-align: inherit;\">Je ne poss\u00e8de pas cette oblit\u00e9ration.<\/span><\/span><\/p>\n<p><span style=\"color: #ff0000;\">Gare Montparnasse transit brigade E<\/span><\/p>\n<p><span style=\"vertical-align: inherit;\"><span style=\"vertical-align: inherit;\">Je ne poss\u00e8de pas cette oblit\u00e9ration.<\/span><\/span><\/p>\n<p><span style=\"color: #ff0000;\">Paris aviation Montparnasse<\/span><\/p>\n<p><span style=\"vertical-align: inherit;\"><span style=\"vertical-align: inherit;\">Je ne poss\u00e8de pas cette oblit\u00e9ration.<\/span><\/span><\/p>\n<p><span style=\"color: #ff0000;\">Paris aviation Montparnasse brigade A\/B\/C\/D<\/span><\/p>\n<p><span style=\"vertical-align: inherit;\"><span style=\"vertical-align: inherit;\">Je ne poss\u00e8de pas cette oblit\u00e9ration.<\/span><\/span><\/p>\n<p><span style=\"color: #ff0000;\">Paris Montparnasse avion Brigade C<\/span><\/p>\n<p><span style=\"vertical-align: inherit;\"><span style=\"vertical-align: inherit;\">Je ne poss\u00e8de pas cette oblit\u00e9ration.<\/span><\/span><\/p>\n<p><span style=\"color: #ff0000;\">Paris Montparnasse bureau d&rsquo;ordre brigade A\/B vu 1972\/82<\/span><\/p>\n<p><span style=\"vertical-align: inherit;\"><span style=\"vertical-align: inherit;\">Je ne poss\u00e8de pas cette oblit\u00e9ration.<\/span><\/span><\/p>\n<p><span style=\"color: #ff0000;\">Paris Montparnasse bureau d&rsquo;ordre<\/span><\/p>\n<p><span style=\"vertical-align: inherit;\"><span style=\"vertical-align: inherit;\">Je ne poss\u00e8de pas cette oblit\u00e9ration.<\/span><\/span><\/p>\n<p><span style=\"color: #ff0000;\">Paris Montparnasse mat\u00e9riel<\/span><\/p>\n<p><span style=\"vertical-align: inherit;\"><span style=\"vertical-align: inherit;\">Je ne poss\u00e8de pas cette oblit\u00e9ration.<\/span><\/span><\/p>\n<p>Griffe:<\/p>\n<figure id=\"attachment_15970\" aria-describedby=\"caption-attachment-15970\" style=\"width: 424px\" class=\"wp-caption aligncenter\"><a href=\"https:\/\/ambulantconvoyeurpar.com\/?attachment_id=15970\" rel=\"attachment wp-att-15970\"><img loading=\"lazy\" decoding=\"async\" class=\"wp-image-15970 size-full\" src=\"https:\/\/ambulantconvoyeurpar.com\/wp-content\/uploads\/2022\/02\/a1-119.jpg\" alt=\"\" width=\"424\" height=\"313\" srcset=\"https:\/\/ambulantconvoyeurpar.com\/wp-content\/uploads\/2022\/02\/a1-119.jpg 424w, https:\/\/ambulantconvoyeurpar.com\/wp-content\/uploads\/2022\/02\/a1-119-300x221.jpg 300w, https:\/\/ambulantconvoyeurpar.com\/wp-content\/uploads\/2022\/02\/a1-119-366x270.jpg 366w\" sizes=\"auto, (max-width: 424px) 100vw, 424px\" \/><\/a><figcaption id=\"caption-attachment-15970\" class=\"wp-caption-text\">Mat\u00e9riel. Vu cette date.<\/figcaption><\/figure>\n<p>\u00a0<\/p>\n<p><span style=\"color: #ff0000;\">Postadex Paris Montparnasse, brigade B<\/span><\/p>\n<p><a href=\"https:\/\/ambulantconvoyeurpar.com\/index.php\/2022\/10\/01\/gare-montparnasse-bureau-de-poste-et-centre-de-tri-ex-gare-de-louest-obliterations-manuelles\/scan-393\/\" rel=\"attachment wp-att-25649\"><img loading=\"lazy\" decoding=\"async\" class=\"alignnone size-full wp-image-25649\" src=\"https:\/\/ambulantconvoyeurpar.com\/wp-content\/uploads\/2022\/10\/Scan.jpg\" alt=\"\" width=\"1251\" height=\"581\" srcset=\"https:\/\/ambulantconvoyeurpar.com\/wp-content\/uploads\/2022\/10\/Scan.jpg 1251w, https:\/\/ambulantconvoyeurpar.com\/wp-content\/uploads\/2022\/10\/Scan-300x139.jpg 300w, https:\/\/ambulantconvoyeurpar.com\/wp-content\/uploads\/2022\/10\/Scan-1024x476.jpg 1024w, https:\/\/ambulantconvoyeurpar.com\/wp-content\/uploads\/2022\/10\/Scan-768x357.jpg 768w, https:\/\/ambulantconvoyeurpar.com\/wp-content\/uploads\/2022\/10\/Scan-581x270.jpg 581w\" sizes=\"auto, (max-width: 1251px) 100vw, 1251px\" \/><\/a><\/p>\n<p><span style=\"color: #ff0000;\">Paris Montparnasse transbordement<\/span><\/p>\n<figure id=\"attachment_15868\" aria-describedby=\"caption-attachment-15868\" style=\"width: 318px\" class=\"wp-caption aligncenter\"><a style=\"color: #ff0000;\" href=\"https:\/\/ambulantconvoyeurpar.com\/?attachment_id=15868\" rel=\"attachment wp-att-15868\"><img loading=\"lazy\" decoding=\"async\" class=\"wp-image-15868 size-full\" src=\"https:\/\/ambulantconvoyeurpar.com\/wp-content\/uploads\/2022\/02\/a1-97.jpg\" alt=\"\" width=\"318\" height=\"359\" srcset=\"https:\/\/ambulantconvoyeurpar.com\/wp-content\/uploads\/2022\/02\/a1-97.jpg 318w, https:\/\/ambulantconvoyeurpar.com\/wp-content\/uploads\/2022\/02\/a1-97-266x300.jpg 266w, https:\/\/ambulantconvoyeurpar.com\/wp-content\/uploads\/2022\/02\/a1-97-239x270.jpg 239w\" sizes=\"auto, (max-width: 318px) 100vw, 318px\" \/><\/a><figcaption id=\"caption-attachment-15868\" class=\"wp-caption-text\">Signal\u00e9 1966\/94.<\/figcaption><\/figure>\n<p><span style=\"color: #ff0000;\">Paris gare Montparnasse<\/span><\/p>\n<figure id=\"attachment_16035\" aria-describedby=\"caption-attachment-16035\" style=\"width: 948px\" class=\"wp-caption aligncenter\"><a href=\"https:\/\/ambulantconvoyeurpar.com\/?attachment_id=16035\" rel=\"attachment wp-att-16035\"><img loading=\"lazy\" decoding=\"async\" class=\"wp-image-16035 size-full\" src=\"https:\/\/ambulantconvoyeurpar.com\/wp-content\/uploads\/2022\/03\/a1-15.jpg\" alt=\"\" width=\"948\" height=\"717\" srcset=\"https:\/\/ambulantconvoyeurpar.com\/wp-content\/uploads\/2022\/03\/a1-15.jpg 948w, https:\/\/ambulantconvoyeurpar.com\/wp-content\/uploads\/2022\/03\/a1-15-300x227.jpg 300w, https:\/\/ambulantconvoyeurpar.com\/wp-content\/uploads\/2022\/03\/a1-15-768x581.jpg 768w, https:\/\/ambulantconvoyeurpar.com\/wp-content\/uploads\/2022\/03\/a1-15-357x270.jpg 357w\" sizes=\"auto, (max-width: 948px) 100vw, 948px\" \/><\/a><figcaption id=\"caption-attachment-16035\" class=\"wp-caption-text\">Horoplan vu 1938\/46<\/figcaption><\/figure>\n<p>\u00a0<\/p>\n<figure id=\"attachment_15951\" aria-describedby=\"caption-attachment-15951\" style=\"width: 1160px\" class=\"wp-caption aligncenter\"><a href=\"https:\/\/ambulantconvoyeurpar.com\/?attachment_id=15951\" rel=\"attachment wp-att-15951\"><img loading=\"lazy\" decoding=\"async\" class=\"wp-image-15951 size-full\" src=\"https:\/\/ambulantconvoyeurpar.com\/wp-content\/uploads\/2022\/02\/a1-112.jpg\" alt=\"\" width=\"1160\" height=\"768\" srcset=\"https:\/\/ambulantconvoyeurpar.com\/wp-content\/uploads\/2022\/02\/a1-112.jpg 1160w, https:\/\/ambulantconvoyeurpar.com\/wp-content\/uploads\/2022\/02\/a1-112-300x199.jpg 300w, https:\/\/ambulantconvoyeurpar.com\/wp-content\/uploads\/2022\/02\/a1-112-1024x678.jpg 1024w, https:\/\/ambulantconvoyeurpar.com\/wp-content\/uploads\/2022\/02\/a1-112-768x508.jpg 768w, https:\/\/ambulantconvoyeurpar.com\/wp-content\/uploads\/2022\/02\/a1-112-408x270.jpg 408w\" sizes=\"auto, (max-width: 1160px) 100vw, 1160px\" \/><\/a><figcaption id=\"caption-attachment-15951\" class=\"wp-caption-text\">Type A7.<\/figcaption><\/figure>\n<p>\u00a0<\/p>\n<figure id=\"attachment_15869\" aria-describedby=\"caption-attachment-15869\" style=\"width: 1014px\" class=\"wp-caption aligncenter\"><a style=\"color: #ff0000;\" href=\"https:\/\/ambulantconvoyeurpar.com\/?attachment_id=15869\" rel=\"attachment wp-att-15869\"><img loading=\"lazy\" decoding=\"async\" class=\"wp-image-15869 size-full\" src=\"https:\/\/ambulantconvoyeurpar.com\/wp-content\/uploads\/2022\/02\/a1-98.jpg\" alt=\"\" width=\"1014\" height=\"434\" srcset=\"https:\/\/ambulantconvoyeurpar.com\/wp-content\/uploads\/2022\/02\/a1-98.jpg 1014w, https:\/\/ambulantconvoyeurpar.com\/wp-content\/uploads\/2022\/02\/a1-98-300x128.jpg 300w, https:\/\/ambulantconvoyeurpar.com\/wp-content\/uploads\/2022\/02\/a1-98-768x329.jpg 768w, https:\/\/ambulantconvoyeurpar.com\/wp-content\/uploads\/2022\/02\/a1-98-604x259.jpg 604w\" sizes=\"auto, (max-width: 1014px) 100vw, 1014px\" \/><\/a><figcaption id=\"caption-attachment-15869\" class=\"wp-caption-text\">Vu 1968\/78. Type A8.<\/figcaption><\/figure>\n<figure id=\"attachment_15867\" aria-describedby=\"caption-attachment-15867\" style=\"width: 247px\" class=\"wp-caption aligncenter\"><a style=\"color: #ff0000;\" href=\"https:\/\/ambulantconvoyeurpar.com\/?attachment_id=15867\" rel=\"attachment wp-att-15867\"><img loading=\"lazy\" decoding=\"async\" class=\"wp-image-15867 size-full\" src=\"https:\/\/ambulantconvoyeurpar.com\/wp-content\/uploads\/2022\/02\/a1-96.jpg\" alt=\"\" width=\"247\" height=\"260\" \/><\/a><figcaption id=\"caption-attachment-15867\" class=\"wp-caption-text\">Vu 1969.<\/figcaption><\/figure>\n<p><span style=\"color: #ff0000;\">Paris gare Montparnasse, brigade: A\/B\/C\/D\/G. Signal\u00e9 1966\/1993 pour le type plastique.<\/span><\/p>\n<p><a href=\"https:\/\/ambulantconvoyeurpar.com\/?attachment_id=16029\" rel=\"attachment wp-att-16029\"><img loading=\"lazy\" decoding=\"async\" class=\"size-full wp-image-16029 aligncenter\" src=\"https:\/\/ambulantconvoyeurpar.com\/wp-content\/uploads\/2022\/03\/a1-11.jpg\" alt=\"\" width=\"530\" height=\"278\" srcset=\"https:\/\/ambulantconvoyeurpar.com\/wp-content\/uploads\/2022\/03\/a1-11.jpg 530w, https:\/\/ambulantconvoyeurpar.com\/wp-content\/uploads\/2022\/03\/a1-11-300x157.jpg 300w, https:\/\/ambulantconvoyeurpar.com\/wp-content\/uploads\/2022\/03\/a1-11-515x270.jpg 515w\" sizes=\"auto, (max-width: 530px) 100vw, 530px\" \/><\/a><\/p>\n<figure id=\"attachment_15865\" aria-describedby=\"caption-attachment-15865\" style=\"width: 214px\" class=\"wp-caption aligncenter\"><a style=\"color: #ff0000;\" href=\"https:\/\/ambulantconvoyeurpar.com\/?attachment_id=15865\" rel=\"attachment wp-att-15865\"><img loading=\"lazy\" decoding=\"async\" class=\"wp-image-15865 size-full\" src=\"https:\/\/ambulantconvoyeurpar.com\/wp-content\/uploads\/2022\/02\/a1-94.jpg\" alt=\"\" width=\"214\" height=\"220\" \/><\/a><figcaption id=\"caption-attachment-15865\" class=\"wp-caption-text\">Oblit\u00e9ration de type m\u00e9tal.<\/figcaption><\/figure>\n<figure id=\"attachment_16030\" aria-describedby=\"caption-attachment-16030\" style=\"width: 545px\" class=\"wp-caption aligncenter\"><a href=\"https:\/\/ambulantconvoyeurpar.com\/?attachment_id=16030\" rel=\"attachment wp-att-16030\"><img loading=\"lazy\" decoding=\"async\" class=\"wp-image-16030 size-full\" src=\"https:\/\/ambulantconvoyeurpar.com\/wp-content\/uploads\/2022\/03\/a1-12.jpg\" alt=\"\" width=\"545\" height=\"369\" srcset=\"https:\/\/ambulantconvoyeurpar.com\/wp-content\/uploads\/2022\/03\/a1-12.jpg 545w, https:\/\/ambulantconvoyeurpar.com\/wp-content\/uploads\/2022\/03\/a1-12-300x203.jpg 300w, https:\/\/ambulantconvoyeurpar.com\/wp-content\/uploads\/2022\/03\/a1-12-399x270.jpg 399w\" sizes=\"auto, (max-width: 545px) 100vw, 545px\" \/><\/a><figcaption id=\"caption-attachment-16030\" class=\"wp-caption-text\">Oblit\u00e9ration de type plastique.<\/figcaption><\/figure>\n<p><span style=\"color: #ff0000;\">Paris gare Montparnasse avion<\/span><\/p>\n<p><span style=\"vertical-align: inherit;\"><span style=\"vertical-align: inherit;\">Je ne poss\u00e8de pas cette oblit\u00e9ration.<\/span><\/span><\/p>\n<p><span style=\"color: #ff0000;\">Paris gare Montparnasse avion brigade A\/D<\/span><\/p>\n<p><span style=\"vertical-align: inherit;\"><span style=\"vertical-align: inherit;\">Je ne poss\u00e8de pas cette oblit\u00e9ration.<\/span><\/span><\/p>\n<p><span style=\"color: #ff0000;\">paris gare Montparnasse banlieue<\/span><\/p>\n<p><span style=\"vertical-align: inherit;\"><span style=\"vertical-align: inherit;\"><a href=\"https:\/\/ambulantconvoyeurpar.com\/index.php\/2022\/10\/01\/gare-montparnasse-bureau-de-poste-et-centre-de-tri-ex-gare-de-louest-obliterations-manuelles\/a1-2788\/\" rel=\"attachment wp-att-24694\"><img loading=\"lazy\" decoding=\"async\" class=\"alignnone size-full wp-image-24694\" src=\"https:\/\/ambulantconvoyeurpar.com\/wp-content\/uploads\/2022\/10\/a1-46.jpg\" alt=\"\" width=\"525\" height=\"313\" srcset=\"https:\/\/ambulantconvoyeurpar.com\/wp-content\/uploads\/2022\/10\/a1-46.jpg 525w, https:\/\/ambulantconvoyeurpar.com\/wp-content\/uploads\/2022\/10\/a1-46-300x179.jpg 300w, https:\/\/ambulantconvoyeurpar.com\/wp-content\/uploads\/2022\/10\/a1-46-453x270.jpg 453w\" sizes=\"auto, (max-width: 525px) 100vw, 525px\" \/><\/a><\/span><\/span><\/p>\n<p><span style=\"color: #ff0000;\">paris gare Montparnasse province\u00a0<\/span><\/p>\n<figure id=\"attachment_15982\" aria-describedby=\"caption-attachment-15982\" style=\"width: 1239px\" class=\"wp-caption aligncenter\"><a href=\"https:\/\/ambulantconvoyeurpar.com\/?attachment_id=15982\" rel=\"attachment wp-att-15982\"><img loading=\"lazy\" decoding=\"async\" class=\"wp-image-15982 size-full\" src=\"https:\/\/ambulantconvoyeurpar.com\/wp-content\/uploads\/2022\/02\/a1-121.jpg\" alt=\"\" width=\"1239\" height=\"744\" srcset=\"https:\/\/ambulantconvoyeurpar.com\/wp-content\/uploads\/2022\/02\/a1-121.jpg 1239w, https:\/\/ambulantconvoyeurpar.com\/wp-content\/uploads\/2022\/02\/a1-121-300x180.jpg 300w, https:\/\/ambulantconvoyeurpar.com\/wp-content\/uploads\/2022\/02\/a1-121-1024x615.jpg 1024w, https:\/\/ambulantconvoyeurpar.com\/wp-content\/uploads\/2022\/02\/a1-121-768x461.jpg 768w, https:\/\/ambulantconvoyeurpar.com\/wp-content\/uploads\/2022\/02\/a1-121-450x270.jpg 450w\" sizes=\"auto, (max-width: 1239px) 100vw, 1239px\" \/><\/a><figcaption id=\"caption-attachment-15982\" class=\"wp-caption-text\">Vu 1922.<\/figcaption><\/figure>\n<p><span style=\"color: #ff0000;\">Paris gare Montparnasse transbord.<\/span><\/p>\n<p><span style=\"vertical-align: inherit;\"><span style=\"vertical-align: inherit;\">Je ne poss\u00e8de pas cette oblit\u00e9ration.<\/span><\/span><\/p>\n<p><span style=\"color: #ff0000;\">Paris gare Montparnasse transbordement<\/span><\/p>\n<figure id=\"attachment_15952\" aria-describedby=\"caption-attachment-15952\" style=\"width: 1178px\" class=\"wp-caption aligncenter\"><a href=\"https:\/\/ambulantconvoyeurpar.com\/?attachment_id=15952\" rel=\"attachment wp-att-15952\"><img loading=\"lazy\" decoding=\"async\" class=\"wp-image-15952 size-full\" src=\"https:\/\/ambulantconvoyeurpar.com\/wp-content\/uploads\/2022\/02\/a1-113.jpg\" alt=\"\" width=\"1178\" height=\"839\" srcset=\"https:\/\/ambulantconvoyeurpar.com\/wp-content\/uploads\/2022\/02\/a1-113.jpg 1178w, https:\/\/ambulantconvoyeurpar.com\/wp-content\/uploads\/2022\/02\/a1-113-300x214.jpg 300w, https:\/\/ambulantconvoyeurpar.com\/wp-content\/uploads\/2022\/02\/a1-113-1024x729.jpg 1024w, https:\/\/ambulantconvoyeurpar.com\/wp-content\/uploads\/2022\/02\/a1-113-768x547.jpg 768w, https:\/\/ambulantconvoyeurpar.com\/wp-content\/uploads\/2022\/02\/a1-113-379x270.jpg 379w\" sizes=\"auto, (max-width: 1178px) 100vw, 1178px\" \/><\/a><figcaption id=\"caption-attachment-15952\" class=\"wp-caption-text\">Les fourgons postaux sont vid\u00e9s. Sacs postaux, colis sont tri\u00e9s sur le quai. Photo de 1992.<\/figcaption><\/figure>\n<p>Je ne poss\u00e8de pas cette oblit\u00e9ration.<\/p>\n<p><span style=\"color: #ff0000;\">Paris tri Montparnasse signal\u00e9 1978\/94.<\/span><\/p>\n<p><a href=\"https:\/\/ambulantconvoyeurpar.com\/?attachment_id=16028\" rel=\"attachment wp-att-16028\"><img loading=\"lazy\" decoding=\"async\" class=\"size-full wp-image-16028 aligncenter\" src=\"https:\/\/ambulantconvoyeurpar.com\/wp-content\/uploads\/2022\/03\/a1-10.jpg\" alt=\"\" width=\"282\" height=\"283\" srcset=\"https:\/\/ambulantconvoyeurpar.com\/wp-content\/uploads\/2022\/03\/a1-10.jpg 282w, https:\/\/ambulantconvoyeurpar.com\/wp-content\/uploads\/2022\/03\/a1-10-150x150.jpg 150w, https:\/\/ambulantconvoyeurpar.com\/wp-content\/uploads\/2022\/03\/a1-10-269x270.jpg 269w\" sizes=\"auto, (max-width: 282px) 100vw, 282px\" \/><\/a><\/p>\n<p><span style=\"color: #ff0000;\"><a style=\"color: #ff0000;\" href=\"https:\/\/ambulantconvoyeurpar.com\/?attachment_id=15866\" rel=\"attachment wp-att-15866\"><img loading=\"lazy\" decoding=\"async\" class=\"size-full wp-image-15866 aligncenter\" src=\"https:\/\/ambulantconvoyeurpar.com\/wp-content\/uploads\/2022\/02\/a1-95.jpg\" alt=\"\" width=\"1155\" height=\"409\" srcset=\"https:\/\/ambulantconvoyeurpar.com\/wp-content\/uploads\/2022\/02\/a1-95.jpg 1155w, https:\/\/ambulantconvoyeurpar.com\/wp-content\/uploads\/2022\/02\/a1-95-300x106.jpg 300w, https:\/\/ambulantconvoyeurpar.com\/wp-content\/uploads\/2022\/02\/a1-95-1024x363.jpg 1024w, https:\/\/ambulantconvoyeurpar.com\/wp-content\/uploads\/2022\/02\/a1-95-768x272.jpg 768w, https:\/\/ambulantconvoyeurpar.com\/wp-content\/uploads\/2022\/02\/a1-95-604x214.jpg 604w\" sizes=\"auto, (max-width: 1155px) 100vw, 1155px\" \/><\/a><\/span><\/p>\n<p>griffe:<\/p>\n<p><a href=\"https:\/\/ambulantconvoyeurpar.com\/?attachment_id=15966\" rel=\"attachment wp-att-15966\"><img loading=\"lazy\" decoding=\"async\" class=\"size-full wp-image-15966 aligncenter\" src=\"https:\/\/ambulantconvoyeurpar.com\/wp-content\/uploads\/2022\/02\/a1-118.jpg\" alt=\"\" width=\"383\" height=\"242\" srcset=\"https:\/\/ambulantconvoyeurpar.com\/wp-content\/uploads\/2022\/02\/a1-118.jpg 383w, https:\/\/ambulantconvoyeurpar.com\/wp-content\/uploads\/2022\/02\/a1-118-300x190.jpg 300w\" sizes=\"auto, (max-width: 383px) 100vw, 383px\" \/><\/a><\/p>\n<p><span style=\"color: #ff0000;\">Paris tri Montparnasse\u00a0 A\/B\/C\/D, signal\u00e9 1978\/94.<\/span><\/p>\n<p><a href=\"https:\/\/ambulantconvoyeurpar.com\/?attachment_id=16027\" rel=\"attachment wp-att-16027\"><img loading=\"lazy\" decoding=\"async\" class=\"size-full wp-image-16027 aligncenter\" src=\"https:\/\/ambulantconvoyeurpar.com\/wp-content\/uploads\/2022\/03\/a1-9.jpg\" alt=\"\" width=\"681\" height=\"1040\" srcset=\"https:\/\/ambulantconvoyeurpar.com\/wp-content\/uploads\/2022\/03\/a1-9.jpg 681w, https:\/\/ambulantconvoyeurpar.com\/wp-content\/uploads\/2022\/03\/a1-9-196x300.jpg 196w, https:\/\/ambulantconvoyeurpar.com\/wp-content\/uploads\/2022\/03\/a1-9-671x1024.jpg 671w, https:\/\/ambulantconvoyeurpar.com\/wp-content\/uploads\/2022\/03\/a1-9-177x270.jpg 177w\" sizes=\"auto, (max-width: 681px) 100vw, 681px\" \/><\/a><\/p>\n<p><a href=\"https:\/\/ambulantconvoyeurpar.com\/?attachment_id=16001\" rel=\"attachment wp-att-16001\"><img loading=\"lazy\" decoding=\"async\" class=\"size-full wp-image-16001 aligncenter\" src=\"https:\/\/ambulantconvoyeurpar.com\/wp-content\/uploads\/2022\/03\/a1.jpg\" alt=\"\" width=\"247\" height=\"288\" srcset=\"https:\/\/ambulantconvoyeurpar.com\/wp-content\/uploads\/2022\/03\/a1.jpg 247w, https:\/\/ambulantconvoyeurpar.com\/wp-content\/uploads\/2022\/03\/a1-232x270.jpg 232w\" sizes=\"auto, (max-width: 247px) 100vw, 247px\" \/><\/a><\/p>\n<p><span style=\"color: #ff0000;\">Paris tri Montparnasse brigade A\/B\/C\/D, signal\u00e9 1982\/94.<\/span><\/p>\n<p><a href=\"https:\/\/ambulantconvoyeurpar.com\/?attachment_id=16105\" rel=\"attachment wp-att-16105\"><img loading=\"lazy\" decoding=\"async\" class=\"size-full wp-image-16105 aligncenter\" src=\"https:\/\/ambulantconvoyeurpar.com\/wp-content\/uploads\/2022\/03\/a1-45.jpg\" alt=\"\" width=\"242\" height=\"288\" srcset=\"https:\/\/ambulantconvoyeurpar.com\/wp-content\/uploads\/2022\/03\/a1-45.jpg 242w, https:\/\/ambulantconvoyeurpar.com\/wp-content\/uploads\/2022\/03\/a1-45-227x270.jpg 227w\" sizes=\"auto, (max-width: 242px) 100vw, 242px\" \/><\/a><\/p>\n<p><span style=\"color: #ff0000;\">Paris tri Montparnasse bureau d&rsquo;ordre<\/span><\/p>\n<p><span style=\"vertical-align: inherit;\"><span style=\"vertical-align: inherit;\">Je ne poss\u00e8de pas cette oblit\u00e9ration.<\/span><\/span><\/p>\n<p><span style=\"color: #ff0000;\">Paris tri Montparnasse mat\u00e9riel<\/span><\/p>\n<p><span style=\"vertical-align: inherit;\"><span style=\"vertical-align: inherit;\">Je ne poss\u00e8de pas cette oblit\u00e9ration.<\/span><\/span><\/p>\n<p>En 1991, Une nouvelle d\u00e9nomination est donn\u00e9e pour le centre de tri: Paris-Montparnasse C.T.<\/p>\n<p><span style=\"color: #ff0000;\">Paris Montparnasse C.T. export brigade A\/B\/C\/D.<\/span><\/p>\n<p><span style=\"vertical-align: inherit;\"><span style=\"vertical-align: inherit;\">Je ne poss\u00e8de pas cette oblit\u00e9ration.<\/span><\/span><\/p>\n<p><span style=\"color: #ff0000;\">Paris Montparnasse C.T. import brigade A\/B\/C\/D<\/span><\/p>\n<p><span style=\"vertical-align: inherit;\"><span style=\"vertical-align: inherit;\">Je ne poss\u00e8de pas cette oblit\u00e9ration.<\/span><\/span><\/p>\n<p>Liens<\/p>\n<p><a href=\"http:\/\/roland.arzul.pagesperso-orange.fr\/infrastructure\/paris\/versailles_rg.htm\">http:\/\/roland.arzul.pagesperso-orange.fr\/infrastructure\/paris\/versailles_rg.htm<\/a><\/p>\n<p><a href=\"http:\/\/roland.arzul.pagesperso-orange.fr\/infrastructure\/paris\/montparnasse\">http:\/\/roland.arzul.pagesperso-orange.fr\/infrastructure\/paris\/montparnasse<\/a><\/p>\n<p><blockquote class=\"wp-embedded-content\" data-secret=\"ZvUkfjf9MI\"><a href=\"https:\/\/www.fondationvasarely.org\/events\/restauration-de-la-gare-montparnasse\/\">Restauration de la gare Montparnasse<\/a><\/blockquote><iframe loading=\"lazy\" class=\"wp-embedded-content\" sandbox=\"allow-scripts\" security=\"restricted\" style=\"position: absolute; visibility: hidden;\" title=\"\u00ab\u00a0Restauration de la gare Montparnasse\u00a0\u00bb &#8212; Fondation Vasarely\" src=\"https:\/\/www.fondationvasarely.org\/events\/restauration-de-la-gare-montparnasse\/embed\/#?secret=1tZkira5kn#?secret=ZvUkfjf9MI\" data-secret=\"ZvUkfjf9MI\" width=\"600\" height=\"338\" frameborder=\"0\" marginwidth=\"0\" marginheight=\"0\" scrolling=\"no\"><\/iframe><\/p>\n<p><a href=\"https:\/\/www.affiches-parisiennes.com\/la-nouvelle-gare-montparnasse-inauguree-apres-quatre-ans-et-demi-de-travaux-46332.html\">https:\/\/www.affiches-parisiennes.com\/la-nouvelle-gare-montparnasse-inauguree-apres-quatre-ans-et-demi-de-travaux-46332.html<\/a><\/p>\n<p><a href=\"https:\/\/www.gettyimages.fr\/photos\/gare-montparnasse\">https:\/\/www.gettyimages.fr\/photos\/gare-montparnasse<\/a><\/p>\n<p><a href=\"http:\/\/transportrail.canalblog.com\/pages\/les-metamorphoses-de-la-gare-montparnasse\/35224346.html\">http:\/\/transportrail.canalblog.com\/pages\/les-metamorphoses-de-la-gare-montparnasse\/35224346.html<\/a><\/p>\n<p><span class=\"embed-youtube\" style=\"text-align:center; display: block;\"><iframe loading=\"lazy\" class=\"youtube-player\" width=\"640\" height=\"360\" src=\"https:\/\/www.youtube.com\/embed\/FBzlEG3tMuw?version=3&#038;rel=1&#038;showsearch=0&#038;showinfo=1&#038;iv_load_policy=1&#038;fs=1&#038;hl=fr-FR&#038;autohide=2&#038;wmode=transparent\" allowfullscreen=\"true\" style=\"border:0;\" sandbox=\"allow-scripts allow-same-origin allow-popups allow-presentation allow-popups-to-escape-sandbox\"><\/iframe><\/span><\/p>\n\n\n<p><\/p>\n","protected":false},"excerpt":{"rendered":"<p>Article modifi\u00e9 le 07\/07\/2025. Le premier \u00ab d\u00e9barcad\u00e8re \u00bb est mis en service en 1840. Il est d\u00e9truit en 1852, pour construire une nouvelle gare. En 1854, elle accueille 1 400 000 voyageurs. La gare est remani\u00e9e au d\u00e9but de 1860. la gare accueille alors 3 700 000 voyageurs en 1884, puis 4\u00a0millions en 1885, et offre un train par heure vers Versailles-Rive-Gauche, de\u00a07h \u00e0 minuit en service r\u00e9gulier, et neuf d\u00e9parts journaliers vers la gare de Versailles pour ce&#8230;<\/p>\n<p class=\"read-more\"><a class=\"btn btn-default\" href=\"https:\/\/ambulantconvoyeurpar.com\/index.php\/2022\/10\/01\/gare-montparnasse-bureau-de-poste-et-centre-de-tri-ex-gare-de-louest-obliterations-manuelles\/\">Lire la suite<span class=\"screen-reader-text\"> Lire la suite<\/span><\/a><\/p>\n","protected":false},"author":1,"featured_media":0,"comment_status":"open","ping_status":"open","sticky":false,"template":"","format":"standard","meta":{"jetpack_post_was_ever_published":false,"_jetpack_newsletter_access":"","_jetpack_dont_email_post_to_subs":false,"_jetpack_newsletter_tier_id":0,"_jetpack_memberships_contains_paywalled_content":false,"_jetpack_memberships_contains_paid_content":false,"footnotes":"","jetpack_publicize_message":"","jetpack_publicize_feature_enabled":true,"jetpack_social_post_already_shared":true,"jetpack_social_options":{"image_generator_settings":{"template":"highway","default_image_id":0,"font":"","enabled":false},"version":2}},"categories":[57],"tags":[],"class_list":["post-15845","post","type-post","status-publish","format-standard","hentry","category-gares"],"jetpack_publicize_connections":[],"jetpack_featured_media_url":"","jetpack_shortlink":"https:\/\/wp.me\/p91OMs-47z","jetpack-related-posts":[],"jetpack_sharing_enabled":true,"_links":{"self":[{"href":"https:\/\/ambulantconvoyeurpar.com\/index.php\/wp-json\/wp\/v2\/posts\/15845","targetHints":{"allow":["GET"]}}],"collection":[{"href":"https:\/\/ambulantconvoyeurpar.com\/index.php\/wp-json\/wp\/v2\/posts"}],"about":[{"href":"https:\/\/ambulantconvoyeurpar.com\/index.php\/wp-json\/wp\/v2\/types\/post"}],"author":[{"embeddable":true,"href":"https:\/\/ambulantconvoyeurpar.com\/index.php\/wp-json\/wp\/v2\/users\/1"}],"replies":[{"embeddable":true,"href":"https:\/\/ambulantconvoyeurpar.com\/index.php\/wp-json\/wp\/v2\/comments?post=15845"}],"version-history":[{"count":3,"href":"https:\/\/ambulantconvoyeurpar.com\/index.php\/wp-json\/wp\/v2\/posts\/15845\/revisions"}],"predecessor-version":[{"id":25651,"href":"https:\/\/ambulantconvoyeurpar.com\/index.php\/wp-json\/wp\/v2\/posts\/15845\/revisions\/25651"}],"wp:attachment":[{"href":"https:\/\/ambulantconvoyeurpar.com\/index.php\/wp-json\/wp\/v2\/media?parent=15845"}],"wp:term":[{"taxonomy":"category","embeddable":true,"href":"https:\/\/ambulantconvoyeurpar.com\/index.php\/wp-json\/wp\/v2\/categories?post=15845"},{"taxonomy":"post_tag","embeddable":true,"href":"https:\/\/ambulantconvoyeurpar.com\/index.php\/wp-json\/wp\/v2\/tags?post=15845"}],"curies":[{"name":"wp","href":"https:\/\/api.w.org\/{rel}","templated":true}]}}