{"id":15984,"date":"2024-07-01T06:57:55","date_gmt":"2024-07-01T04:57:55","guid":{"rendered":"https:\/\/ambulantconvoyeurpar.com\/?p=15984"},"modified":"2024-07-01T07:00:18","modified_gmt":"2024-07-01T05:00:18","slug":"bureaux-centralisateurs-avion-1930","status":"publish","type":"post","link":"https:\/\/ambulantconvoyeurpar.com\/index.php\/2024\/07\/01\/bureaux-centralisateurs-avion-1930\/","title":{"rendered":"Bureaux centralisateurs, centres de tri \u00ab\u00a0avion\u00a0\u00bb 1930"},"content":{"rendered":"<p>Face \u00e0 la multiplicit\u00e9 des correspondances avion, les PTT ont d\u00fb s&rsquo;adapter. Trop d&rsquo;erreurs dans les calculs des taxes a\u00e9riennes ont incit\u00e9 les PTT \u00e0 introduire un manuel avec des additifs pour calculer et percevoir les taxes a\u00e9riennes au plus juste. Cela permettait au personnel des postes de conna\u00eetre \u00e9galement l&rsquo;ouverture des nouvelles lignes a\u00e9riennes.<\/p>\n<p>Dans les centres de tri et les bureaux centralisateurs d\u00e9di\u00e9s sont cr\u00e9\u00e9s une section \u00ab\u00a0avion\u00a0\u00bb.<\/p>\n<p><span style=\"color: #0000ff;\">Centres de tri:<\/span><\/p>\n<p>Paris gare du Nord.<\/p>\n<p>Paris gare d&rsquo;Austerlitz.<\/p>\n<p>Paris gare P.L.M.\u00a0<\/p>\n<p><span style=\"color: #0000ff;\">Bureaux centralisateurs:<\/span><\/p>\n<p>Toulouse gare.<\/p>\n<p>Lyon gare.<\/p>\n<p>Marseille gare.<\/p>\n<p>Strasbourg gare.<\/p>\n<p>Devant le d\u00e9veloppement de la poste a\u00e9rienne, d&rsquo;autres bureaux et centres de tri seront ouverts les ann\u00e9es suivantes.\u00a0<\/p>\n<p>ils re\u00e7oivent le courrier \u00ab\u00a0par avion\u00a0\u00bb dans des sacs ou des enveloppes pr\u00e9vus \u00e0 cet effet. Ainsi le courrier par voie de surface est dissoci\u00e9 des correspondances par voie a\u00e9rienne.<\/p>\n<figure id=\"attachment_23272\" aria-describedby=\"caption-attachment-23272\" style=\"width: 1334px\" class=\"wp-caption aligncenter\"><a href=\"https:\/\/ambulantconvoyeurpar.com\/?attachment_id=23272\" rel=\"attachment wp-att-23272\"><img loading=\"lazy\" decoding=\"async\" class=\"wp-image-23272 size-full\" src=\"https:\/\/ambulantconvoyeurpar.com\/wp-content\/uploads\/2024\/06\/745_001.jpg\" alt=\"\" width=\"1334\" height=\"1064\" srcset=\"https:\/\/ambulantconvoyeurpar.com\/wp-content\/uploads\/2024\/06\/745_001.jpg 1334w, https:\/\/ambulantconvoyeurpar.com\/wp-content\/uploads\/2024\/06\/745_001-300x239.jpg 300w, https:\/\/ambulantconvoyeurpar.com\/wp-content\/uploads\/2024\/06\/745_001-1024x817.jpg 1024w, https:\/\/ambulantconvoyeurpar.com\/wp-content\/uploads\/2024\/06\/745_001-768x613.jpg 768w, https:\/\/ambulantconvoyeurpar.com\/wp-content\/uploads\/2024\/06\/745_001-339x270.jpg 339w\" sizes=\"auto, (max-width: 1334px) 100vw, 1334px\" \/><\/a><figcaption id=\"caption-attachment-23272\" class=\"wp-caption-text\">La F\u00e8re, Aisne, 1939, pour Paris gare du Nord. Enveloppe de grande contenance: 20X16 cm.<\/figcaption><\/figure>\n<p>Gare du Nord:<\/p>\n<figure id=\"attachment_23225\" aria-describedby=\"caption-attachment-23225\" style=\"width: 1155px\" class=\"wp-caption aligncenter\"><a href=\"https:\/\/ambulantconvoyeurpar.com\/?attachment_id=23225\" rel=\"attachment wp-att-23225\"><img loading=\"lazy\" decoding=\"async\" class=\"wp-image-23225 size-full\" src=\"https:\/\/ambulantconvoyeurpar.com\/wp-content\/uploads\/2024\/05\/a1-7.jpg\" alt=\"\" width=\"1155\" height=\"894\" srcset=\"https:\/\/ambulantconvoyeurpar.com\/wp-content\/uploads\/2024\/05\/a1-7.jpg 1155w, https:\/\/ambulantconvoyeurpar.com\/wp-content\/uploads\/2024\/05\/a1-7-300x232.jpg 300w, https:\/\/ambulantconvoyeurpar.com\/wp-content\/uploads\/2024\/05\/a1-7-1024x793.jpg 1024w, https:\/\/ambulantconvoyeurpar.com\/wp-content\/uploads\/2024\/05\/a1-7-768x594.jpg 768w, https:\/\/ambulantconvoyeurpar.com\/wp-content\/uploads\/2024\/05\/a1-7-349x270.jpg 349w\" sizes=\"auto, (max-width: 1155px) 100vw, 1155px\" \/><\/a><figcaption id=\"caption-attachment-23225\" class=\"wp-caption-text\">Premier jour d&rsquo;ouverture du centre de tri Paris gare du Nord avion. De Paris vers l&rsquo;Angleterre.<\/figcaption><\/figure>\n<p>Gare d&rsquo;Austerlistz:<\/p>\n<figure id=\"attachment_23177\" aria-describedby=\"caption-attachment-23177\" style=\"width: 1221px\" class=\"wp-caption aligncenter\"><a href=\"https:\/\/ambulantconvoyeurpar.com\/?attachment_id=23177\" rel=\"attachment wp-att-23177\"><img loading=\"lazy\" decoding=\"async\" class=\"wp-image-23177 size-full\" src=\"https:\/\/ambulantconvoyeurpar.com\/wp-content\/uploads\/2024\/05\/a1-1.jpg\" alt=\"\" width=\"1221\" height=\"994\" srcset=\"https:\/\/ambulantconvoyeurpar.com\/wp-content\/uploads\/2024\/05\/a1-1.jpg 1221w, https:\/\/ambulantconvoyeurpar.com\/wp-content\/uploads\/2024\/05\/a1-1-300x244.jpg 300w, https:\/\/ambulantconvoyeurpar.com\/wp-content\/uploads\/2024\/05\/a1-1-1024x834.jpg 1024w, https:\/\/ambulantconvoyeurpar.com\/wp-content\/uploads\/2024\/05\/a1-1-768x625.jpg 768w, https:\/\/ambulantconvoyeurpar.com\/wp-content\/uploads\/2024\/05\/a1-1-332x270.jpg 332w\" sizes=\"auto, (max-width: 1221px) 100vw, 1221px\" \/><\/a><figcaption id=\"caption-attachment-23177\" class=\"wp-caption-text\">De Paris vers le S\u00e9n\u00e9gal.<\/figcaption><\/figure>\n<p>Gare PLM:<\/p>\n<figure id=\"attachment_23176\" aria-describedby=\"caption-attachment-23176\" style=\"width: 1156px\" class=\"wp-caption aligncenter\"><a href=\"https:\/\/ambulantconvoyeurpar.com\/?attachment_id=23176\" rel=\"attachment wp-att-23176\"><img loading=\"lazy\" decoding=\"async\" class=\"wp-image-23176 size-full\" src=\"https:\/\/ambulantconvoyeurpar.com\/wp-content\/uploads\/2024\/05\/a1.jpg\" alt=\"\" width=\"1156\" height=\"904\" srcset=\"https:\/\/ambulantconvoyeurpar.com\/wp-content\/uploads\/2024\/05\/a1.jpg 1156w, https:\/\/ambulantconvoyeurpar.com\/wp-content\/uploads\/2024\/05\/a1-300x235.jpg 300w, https:\/\/ambulantconvoyeurpar.com\/wp-content\/uploads\/2024\/05\/a1-1024x801.jpg 1024w, https:\/\/ambulantconvoyeurpar.com\/wp-content\/uploads\/2024\/05\/a1-768x601.jpg 768w, https:\/\/ambulantconvoyeurpar.com\/wp-content\/uploads\/2024\/05\/a1-345x270.jpg 345w\" sizes=\"auto, (max-width: 1156px) 100vw, 1156px\" \/><\/a><figcaption id=\"caption-attachment-23176\" class=\"wp-caption-text\">Centre de tri du PLM avion (Paris, Lyon, M\u00e9diterran\u00e9e). De Paris vers l&rsquo;Indochine.<\/figcaption><\/figure>\n<p>La cr\u00e9dibilit\u00e9 de la poste \u00e9tant engag\u00e9e quand \u00e0 la surtaxe a\u00e9rienne, elle tenait \u00e0 ce que l&rsquo;usager soit bien conscient du gain de temps d&rsquo;une correspondance avion par rapport \u00e0 une correspondance par voie de surface.<\/p>\n<p><a href=\"https:\/\/ambulantconvoyeurpar.com\/?attachment_id=15997\" rel=\"attachment wp-att-15997\"><img loading=\"lazy\" decoding=\"async\" class=\"size-full wp-image-15997 aligncenter\" src=\"https:\/\/ambulantconvoyeurpar.com\/wp-content\/uploads\/2022\/02\/a1-129.jpg\" alt=\"\" width=\"1357\" height=\"2181\" srcset=\"https:\/\/ambulantconvoyeurpar.com\/wp-content\/uploads\/2022\/02\/a1-129.jpg 1357w, https:\/\/ambulantconvoyeurpar.com\/wp-content\/uploads\/2022\/02\/a1-129-187x300.jpg 187w, https:\/\/ambulantconvoyeurpar.com\/wp-content\/uploads\/2022\/02\/a1-129-637x1024.jpg 637w, https:\/\/ambulantconvoyeurpar.com\/wp-content\/uploads\/2022\/02\/a1-129-768x1234.jpg 768w, https:\/\/ambulantconvoyeurpar.com\/wp-content\/uploads\/2022\/02\/a1-129-956x1536.jpg 956w, https:\/\/ambulantconvoyeurpar.com\/wp-content\/uploads\/2022\/02\/a1-129-1274x2048.jpg 1274w, https:\/\/ambulantconvoyeurpar.com\/wp-content\/uploads\/2022\/02\/a1-129-168x270.jpg 168w\" sizes=\"auto, (max-width: 1357px) 100vw, 1357px\" \/><\/a><\/p>\n<p><a href=\"https:\/\/ambulantconvoyeurpar.com\/?attachment_id=15996\" rel=\"attachment wp-att-15996\"><img loading=\"lazy\" decoding=\"async\" class=\"alignnone size-full wp-image-15996\" src=\"https:\/\/ambulantconvoyeurpar.com\/wp-content\/uploads\/2022\/02\/a1-128.jpg\" alt=\"\" width=\"1342\" height=\"2121\" srcset=\"https:\/\/ambulantconvoyeurpar.com\/wp-content\/uploads\/2022\/02\/a1-128.jpg 1342w, https:\/\/ambulantconvoyeurpar.com\/wp-content\/uploads\/2022\/02\/a1-128-190x300.jpg 190w, https:\/\/ambulantconvoyeurpar.com\/wp-content\/uploads\/2022\/02\/a1-128-648x1024.jpg 648w, https:\/\/ambulantconvoyeurpar.com\/wp-content\/uploads\/2022\/02\/a1-128-768x1214.jpg 768w, https:\/\/ambulantconvoyeurpar.com\/wp-content\/uploads\/2022\/02\/a1-128-972x1536.jpg 972w, https:\/\/ambulantconvoyeurpar.com\/wp-content\/uploads\/2022\/02\/a1-128-1296x2048.jpg 1296w, https:\/\/ambulantconvoyeurpar.com\/wp-content\/uploads\/2022\/02\/a1-128-171x270.jpg 171w\" sizes=\"auto, (max-width: 1342px) 100vw, 1342px\" \/><\/a><\/p>\n<p><a href=\"https:\/\/ambulantconvoyeurpar.com\/?attachment_id=15995\" rel=\"attachment wp-att-15995\"><img loading=\"lazy\" decoding=\"async\" class=\"alignnone size-full wp-image-15995\" src=\"https:\/\/ambulantconvoyeurpar.com\/wp-content\/uploads\/2022\/02\/a1-127.jpg\" alt=\"\" width=\"1327\" height=\"2171\" srcset=\"https:\/\/ambulantconvoyeurpar.com\/wp-content\/uploads\/2022\/02\/a1-127.jpg 1327w, https:\/\/ambulantconvoyeurpar.com\/wp-content\/uploads\/2022\/02\/a1-127-183x300.jpg 183w, https:\/\/ambulantconvoyeurpar.com\/wp-content\/uploads\/2022\/02\/a1-127-626x1024.jpg 626w, https:\/\/ambulantconvoyeurpar.com\/wp-content\/uploads\/2022\/02\/a1-127-768x1256.jpg 768w, https:\/\/ambulantconvoyeurpar.com\/wp-content\/uploads\/2022\/02\/a1-127-939x1536.jpg 939w, https:\/\/ambulantconvoyeurpar.com\/wp-content\/uploads\/2022\/02\/a1-127-1252x2048.jpg 1252w, https:\/\/ambulantconvoyeurpar.com\/wp-content\/uploads\/2022\/02\/a1-127-165x270.jpg 165w\" sizes=\"auto, (max-width: 1327px) 100vw, 1327px\" \/><\/a><\/p>\n<p><a href=\"https:\/\/ambulantconvoyeurpar.com\/?attachment_id=15994\" rel=\"attachment wp-att-15994\"><img loading=\"lazy\" decoding=\"async\" class=\"alignnone size-full wp-image-15994\" src=\"https:\/\/ambulantconvoyeurpar.com\/wp-content\/uploads\/2022\/02\/a1-126.jpg\" alt=\"\" width=\"1296\" height=\"2111\" srcset=\"https:\/\/ambulantconvoyeurpar.com\/wp-content\/uploads\/2022\/02\/a1-126.jpg 1296w, https:\/\/ambulantconvoyeurpar.com\/wp-content\/uploads\/2022\/02\/a1-126-184x300.jpg 184w, https:\/\/ambulantconvoyeurpar.com\/wp-content\/uploads\/2022\/02\/a1-126-629x1024.jpg 629w, https:\/\/ambulantconvoyeurpar.com\/wp-content\/uploads\/2022\/02\/a1-126-768x1251.jpg 768w, https:\/\/ambulantconvoyeurpar.com\/wp-content\/uploads\/2022\/02\/a1-126-943x1536.jpg 943w, https:\/\/ambulantconvoyeurpar.com\/wp-content\/uploads\/2022\/02\/a1-126-1257x2048.jpg 1257w, https:\/\/ambulantconvoyeurpar.com\/wp-content\/uploads\/2022\/02\/a1-126-166x270.jpg 166w\" sizes=\"auto, (max-width: 1296px) 100vw, 1296px\" \/><\/a><\/p>\n<p><a href=\"https:\/\/ambulantconvoyeurpar.com\/?attachment_id=15993\" rel=\"attachment wp-att-15993\"><img loading=\"lazy\" decoding=\"async\" class=\"alignnone size-full wp-image-15993\" src=\"https:\/\/ambulantconvoyeurpar.com\/wp-content\/uploads\/2022\/02\/a1-125.jpg\" alt=\"\" width=\"1347\" height=\"2192\" srcset=\"https:\/\/ambulantconvoyeurpar.com\/wp-content\/uploads\/2022\/02\/a1-125.jpg 1347w, https:\/\/ambulantconvoyeurpar.com\/wp-content\/uploads\/2022\/02\/a1-125-184x300.jpg 184w, https:\/\/ambulantconvoyeurpar.com\/wp-content\/uploads\/2022\/02\/a1-125-629x1024.jpg 629w, https:\/\/ambulantconvoyeurpar.com\/wp-content\/uploads\/2022\/02\/a1-125-768x1250.jpg 768w, https:\/\/ambulantconvoyeurpar.com\/wp-content\/uploads\/2022\/02\/a1-125-944x1536.jpg 944w, https:\/\/ambulantconvoyeurpar.com\/wp-content\/uploads\/2022\/02\/a1-125-1259x2048.jpg 1259w, https:\/\/ambulantconvoyeurpar.com\/wp-content\/uploads\/2022\/02\/a1-125-166x270.jpg 166w\" sizes=\"auto, (max-width: 1347px) 100vw, 1347px\" \/><\/a><\/p>\n\n\n<p><\/p>\n\n\n<p><a href=\"https:\/\/ambulantconvoyeurpar.com\/?attachment_id=15992\" rel=\"attachment wp-att-15992\"><img loading=\"lazy\" decoding=\"async\" class=\"alignnone size-full wp-image-15992\" src=\"https:\/\/ambulantconvoyeurpar.com\/wp-content\/uploads\/2022\/02\/a1-124.jpg\" alt=\"\" width=\"1448\" height=\"1969\" srcset=\"https:\/\/ambulantconvoyeurpar.com\/wp-content\/uploads\/2022\/02\/a1-124.jpg 1448w, https:\/\/ambulantconvoyeurpar.com\/wp-content\/uploads\/2022\/02\/a1-124-221x300.jpg 221w, https:\/\/ambulantconvoyeurpar.com\/wp-content\/uploads\/2022\/02\/a1-124-753x1024.jpg 753w, https:\/\/ambulantconvoyeurpar.com\/wp-content\/uploads\/2022\/02\/a1-124-768x1044.jpg 768w, https:\/\/ambulantconvoyeurpar.com\/wp-content\/uploads\/2022\/02\/a1-124-1130x1536.jpg 1130w, https:\/\/ambulantconvoyeurpar.com\/wp-content\/uploads\/2022\/02\/a1-124-199x270.jpg 199w\" sizes=\"auto, (max-width: 1448px) 100vw, 1448px\" \/><\/a><\/p>\n<p><a href=\"https:\/\/ambulantconvoyeurpar.com\/?attachment_id=15985\" rel=\"attachment wp-att-15985\"><img loading=\"lazy\" decoding=\"async\" class=\"alignnone size-full wp-image-15985\" src=\"https:\/\/ambulantconvoyeurpar.com\/wp-content\/uploads\/2022\/02\/a1-122.jpg\" alt=\"\" width=\"1498\" height=\"2161\" srcset=\"https:\/\/ambulantconvoyeurpar.com\/wp-content\/uploads\/2022\/02\/a1-122.jpg 1498w, https:\/\/ambulantconvoyeurpar.com\/wp-content\/uploads\/2022\/02\/a1-122-208x300.jpg 208w, https:\/\/ambulantconvoyeurpar.com\/wp-content\/uploads\/2022\/02\/a1-122-710x1024.jpg 710w, https:\/\/ambulantconvoyeurpar.com\/wp-content\/uploads\/2022\/02\/a1-122-768x1108.jpg 768w, https:\/\/ambulantconvoyeurpar.com\/wp-content\/uploads\/2022\/02\/a1-122-1065x1536.jpg 1065w, https:\/\/ambulantconvoyeurpar.com\/wp-content\/uploads\/2022\/02\/a1-122-1420x2048.jpg 1420w, https:\/\/ambulantconvoyeurpar.com\/wp-content\/uploads\/2022\/02\/a1-122-187x270.jpg 187w\" sizes=\"auto, (max-width: 1498px) 100vw, 1498px\" \/><\/a><\/p>","protected":false},"excerpt":{"rendered":"<p>Face \u00e0 la multiplicit\u00e9 des correspondances avion, les PTT ont d\u00fb s&rsquo;adapter. Trop d&rsquo;erreurs dans les calculs des taxes a\u00e9riennes ont incit\u00e9 les PTT \u00e0 introduire un manuel avec des additifs pour calculer et percevoir les taxes a\u00e9riennes au plus juste. Cela permettait au personnel des postes de conna\u00eetre \u00e9galement l&rsquo;ouverture des nouvelles lignes a\u00e9riennes. Dans les centres de tri et les bureaux centralisateurs d\u00e9di\u00e9s sont cr\u00e9\u00e9s une section \u00ab\u00a0avion\u00a0\u00bb. Centres de tri: Paris gare du Nord. Paris gare d&rsquo;Austerlitz&#8230;.<\/p>\n<p class=\"read-more\"><a class=\"btn btn-default\" href=\"https:\/\/ambulantconvoyeurpar.com\/index.php\/2024\/07\/01\/bureaux-centralisateurs-avion-1930\/\">Lire la suite<span class=\"screen-reader-text\"> Lire la suite<\/span><\/a><\/p>\n","protected":false},"author":1,"featured_media":0,"comment_status":"open","ping_status":"open","sticky":false,"template":"","format":"standard","meta":{"jetpack_post_was_ever_published":false,"_jetpack_newsletter_access":"","_jetpack_dont_email_post_to_subs":false,"_jetpack_newsletter_tier_id":0,"_jetpack_memberships_contains_paywalled_content":false,"_jetpack_memberships_contains_paid_content":false,"footnotes":"","jetpack_publicize_message":"","jetpack_publicize_feature_enabled":true,"jetpack_social_post_already_shared":true,"jetpack_social_options":{"image_generator_settings":{"template":"highway","default_image_id":0,"font":"","enabled":false},"version":2}},"categories":[57],"tags":[],"class_list":["post-15984","post","type-post","status-publish","format-standard","hentry","category-gares"],"jetpack_publicize_connections":[],"jetpack_featured_media_url":"","jetpack_shortlink":"https:\/\/wp.me\/p91OMs-49O","jetpack-related-posts":[],"jetpack_sharing_enabled":true,"_links":{"self":[{"href":"https:\/\/ambulantconvoyeurpar.com\/index.php\/wp-json\/wp\/v2\/posts\/15984","targetHints":{"allow":["GET"]}}],"collection":[{"href":"https:\/\/ambulantconvoyeurpar.com\/index.php\/wp-json\/wp\/v2\/posts"}],"about":[{"href":"https:\/\/ambulantconvoyeurpar.com\/index.php\/wp-json\/wp\/v2\/types\/post"}],"author":[{"embeddable":true,"href":"https:\/\/ambulantconvoyeurpar.com\/index.php\/wp-json\/wp\/v2\/users\/1"}],"replies":[{"embeddable":true,"href":"https:\/\/ambulantconvoyeurpar.com\/index.php\/wp-json\/wp\/v2\/comments?post=15984"}],"version-history":[{"count":3,"href":"https:\/\/ambulantconvoyeurpar.com\/index.php\/wp-json\/wp\/v2\/posts\/15984\/revisions"}],"predecessor-version":[{"id":23359,"href":"https:\/\/ambulantconvoyeurpar.com\/index.php\/wp-json\/wp\/v2\/posts\/15984\/revisions\/23359"}],"wp:attachment":[{"href":"https:\/\/ambulantconvoyeurpar.com\/index.php\/wp-json\/wp\/v2\/media?parent=15984"}],"wp:term":[{"taxonomy":"category","embeddable":true,"href":"https:\/\/ambulantconvoyeurpar.com\/index.php\/wp-json\/wp\/v2\/categories?post=15984"},{"taxonomy":"post_tag","embeddable":true,"href":"https:\/\/ambulantconvoyeurpar.com\/index.php\/wp-json\/wp\/v2\/tags?post=15984"}],"curies":[{"name":"wp","href":"https:\/\/api.w.org\/{rel}","templated":true}]}}