{"id":161,"date":"2017-11-27T11:41:46","date_gmt":"2017-11-27T10:41:46","guid":{"rendered":"http:\/\/ambulantconvoyeurpar.com\/?p=161"},"modified":"2023-02-06T15:10:47","modified_gmt":"2023-02-06T14:10:47","slug":"les-obliterations-entrepots-du-departement-de-laveyron-12","status":"publish","type":"post","link":"https:\/\/ambulantconvoyeurpar.com\/index.php\/2017\/11\/27\/les-obliterations-entrepots-du-departement-de-laveyron-12\/","title":{"rendered":"les oblit\u00e9rations entrep\u00f4ts du d\u00e9partement de l&rsquo;Aveyron 12"},"content":{"rendered":"\n<p><\/p>\n\n\n<p>Article modifi\u00e9 le 14\/12\/2022.<\/p>\n<h3>Capdenac gare entrep\u00f4t: ouverture? Fermeture?<\/h3>\n<p>Capdenac-gare est le nom d&rsquo;une commune dans laquelle un entrep\u00f4t postal a fonctionn\u00e9.<\/p>\n<p><span style=\"color: #ff0000;\">Type A9,<\/span> signal\u00e9 1966\/84<\/p>\n<p><a href=\"http:\/\/ambulantconvoyeurpar.com\/wp-content\/uploads\/2017\/10\/entrepot-12.jpg\"><img loading=\"lazy\" decoding=\"async\" class=\"alignnone size-thumbnail wp-image-1407\" src=\"http:\/\/ambulantconvoyeurpar.com\/wp-content\/uploads\/2017\/10\/entrepot-12-150x150.jpg\" alt=\"\" width=\"150\" height=\"150\" \/><\/a><\/p>\n<hr \/>\n<h3>Rodez entrep\u00f4t: ouverture? Fermeture:<span style=\"color: #0000ff;\"> 31\/03\/1976.<\/span><\/h3>\n<p><span style=\"color: #ff0000;\">Type A7,<\/span> signal\u00e9 1956\/66<\/p>\n<p><a href=\"http:\/\/ambulantconvoyeurpar.com\/wp-content\/uploads\/2017\/10\/entrepot-12-10002.jpg\"><img loading=\"lazy\" decoding=\"async\" class=\"alignnone size-medium wp-image-1408\" src=\"http:\/\/ambulantconvoyeurpar.com\/wp-content\/uploads\/2017\/10\/entrepot-12-10002-300x158.jpg\" alt=\"\" width=\"300\" height=\"158\" srcset=\"https:\/\/ambulantconvoyeurpar.com\/wp-content\/uploads\/2017\/10\/entrepot-12-10002-300x158.jpg 300w, https:\/\/ambulantconvoyeurpar.com\/wp-content\/uploads\/2017\/10\/entrepot-12-10002-512x270.jpg 512w, https:\/\/ambulantconvoyeurpar.com\/wp-content\/uploads\/2017\/10\/entrepot-12-10002.jpg 760w\" sizes=\"auto, (max-width: 300px) 100vw, 300px\" \/><\/a><\/p>\n<p><span style=\"color: #ff0000;\">Type A9,<\/span> signal\u00e9 1966\/76<\/p>\n<p><a href=\"http:\/\/ambulantconvoyeurpar.com\/wp-content\/uploads\/2017\/10\/entrepot-12-20002.jpg\"><img loading=\"lazy\" decoding=\"async\" class=\"alignnone size-medium wp-image-1409\" src=\"http:\/\/ambulantconvoyeurpar.com\/wp-content\/uploads\/2017\/10\/entrepot-12-20002-300x179.jpg\" alt=\"\" width=\"300\" height=\"179\" srcset=\"https:\/\/ambulantconvoyeurpar.com\/wp-content\/uploads\/2017\/10\/entrepot-12-20002-300x179.jpg 300w, https:\/\/ambulantconvoyeurpar.com\/wp-content\/uploads\/2017\/10\/entrepot-12-20002-768x457.jpg 768w, https:\/\/ambulantconvoyeurpar.com\/wp-content\/uploads\/2017\/10\/entrepot-12-20002-454x270.jpg 454w, https:\/\/ambulantconvoyeurpar.com\/wp-content\/uploads\/2017\/10\/entrepot-12-20002.jpg 830w\" sizes=\"auto, (max-width: 300px) 100vw, 300px\" \/><\/a><\/p>\n<hr \/>\n<p><strong>S\u00e9verac gare entrep\u00f4t: ouverture:\u00a0<span style=\"color: #0000ff;\">vers 1954<\/span> Fermeture: <span style=\"color: #0000ff;\">signal\u00e9e 31\/12\/1974.<\/span><\/strong><\/p>\n<p>D&rsquo;abord bureau-gare, devient ensuite entrep\u00f4t suite \u00e0 la fermeture du bureau-gare. S\u00e9verac-gare est le nom d&rsquo;un lieu-dit d\u00e9pendant de la commune de S\u00e9verac le ch\u00e2teau.<\/p>\n<p><span style=\"color: #ff0000;\">Type A7,<\/span> signal\u00e9 1956\/66<\/p>\n<p><a href=\"http:\/\/ambulantconvoyeurpar.com\/index.php\/2017\/11\/27\/les-obliterations-entrepots-du-departement-de-laveyron-12\/entrepot-12-capdenac0002\/\" rel=\"attachment wp-att-4657\"><img loading=\"lazy\" decoding=\"async\" class=\"alignnone size-thumbnail wp-image-4657\" src=\"http:\/\/ambulantconvoyeurpar.com\/wp-content\/uploads\/2017\/11\/entrepot-12-capdenac0002-150x150.jpg\" alt=\"\" width=\"150\" height=\"150\" srcset=\"https:\/\/ambulantconvoyeurpar.com\/wp-content\/uploads\/2017\/11\/entrepot-12-capdenac0002-150x150.jpg 150w, https:\/\/ambulantconvoyeurpar.com\/wp-content\/uploads\/2017\/11\/entrepot-12-capdenac0002-300x300.jpg 300w, https:\/\/ambulantconvoyeurpar.com\/wp-content\/uploads\/2017\/11\/entrepot-12-capdenac0002-271x270.jpg 271w, https:\/\/ambulantconvoyeurpar.com\/wp-content\/uploads\/2017\/11\/entrepot-12-capdenac0002.jpg 346w\" sizes=\"auto, (max-width: 150px) 100vw, 150px\" \/><\/a><\/p>\n<p><span style=\"color: #ff0000;\">Type A9,<\/span> signal\u00e9 1966\/72<\/p>\n<p><a href=\"https:\/\/ambulantconvoyeurpar.com\/index.php\/2017\/11\/27\/les-obliterations-entrepots-du-departement-de-laveyron-12\/a1-839\/\" rel=\"attachment wp-att-18285\"><img loading=\"lazy\" decoding=\"async\" class=\"alignnone size-medium wp-image-18285\" src=\"https:\/\/ambulantconvoyeurpar.com\/wp-content\/uploads\/2017\/11\/a1-14-300x168.jpg\" alt=\"\" width=\"300\" height=\"168\" srcset=\"https:\/\/ambulantconvoyeurpar.com\/wp-content\/uploads\/2017\/11\/a1-14-300x168.jpg 300w, https:\/\/ambulantconvoyeurpar.com\/wp-content\/uploads\/2017\/11\/a1-14-483x270.jpg 483w, https:\/\/ambulantconvoyeurpar.com\/wp-content\/uploads\/2017\/11\/a1-14.jpg 731w\" sizes=\"auto, (max-width: 300px) 100vw, 300px\" \/><\/a><\/p>\n<p>Biblio:<\/p>\n<p>\u00a0Jean Lacassagne et de son excellent ouvrage sur l&rsquo;Aveyron.<\/p>\n<p>\u00a0<\/p>\n\n\n<p><\/p>\n\n\n\n<p><\/p>\n\n\n\n<p><\/p>\n","protected":false},"excerpt":{"rendered":"<p>Article modifi\u00e9 le 14\/12\/2022. Capdenac gare entrep\u00f4t: ouverture? Fermeture? Capdenac-gare est le nom d&rsquo;une commune dans laquelle un entrep\u00f4t postal a fonctionn\u00e9. Type A9, signal\u00e9 1966\/84 Rodez entrep\u00f4t: ouverture? Fermeture: 31\/03\/1976. Type A7, signal\u00e9 1956\/66 Type A9, signal\u00e9 1966\/76 S\u00e9verac gare entrep\u00f4t: ouverture:\u00a0vers 1954 Fermeture: signal\u00e9e 31\/12\/1974. D&rsquo;abord bureau-gare, devient ensuite entrep\u00f4t suite \u00e0 la fermeture du bureau-gare. S\u00e9verac-gare est le nom d&rsquo;un lieu-dit d\u00e9pendant de la commune de S\u00e9verac le ch\u00e2teau. Type A7, signal\u00e9 1956\/66 Type A9, signal\u00e9 1966\/72&#8230;<\/p>\n<p class=\"read-more\"><a class=\"btn btn-default\" href=\"https:\/\/ambulantconvoyeurpar.com\/index.php\/2017\/11\/27\/les-obliterations-entrepots-du-departement-de-laveyron-12\/\">Lire la suite<span class=\"screen-reader-text\"> Lire la suite<\/span><\/a><\/p>\n","protected":false},"author":1,"featured_media":0,"comment_status":"open","ping_status":"open","sticky":false,"template":"","format":"standard","meta":{"jetpack_post_was_ever_published":false,"_jetpack_newsletter_access":"","_jetpack_dont_email_post_to_subs":false,"_jetpack_newsletter_tier_id":0,"_jetpack_memberships_contains_paywalled_content":false,"_jetpack_memberships_contains_paid_content":false,"footnotes":"","jetpack_publicize_message":"","jetpack_publicize_feature_enabled":true,"jetpack_social_post_already_shared":true,"jetpack_social_options":{"image_generator_settings":{"template":"highway","default_image_id":0,"font":"","enabled":false},"version":2}},"categories":[36,14],"tags":[],"class_list":["post-161","post","type-post","status-publish","format-standard","hentry","category-departements-1-a-15","category-entrepot"],"jetpack_publicize_connections":[],"jetpack_featured_media_url":"","jetpack_shortlink":"https:\/\/wp.me\/p91OMs-2B","jetpack-related-posts":[],"jetpack_sharing_enabled":true,"_links":{"self":[{"href":"https:\/\/ambulantconvoyeurpar.com\/index.php\/wp-json\/wp\/v2\/posts\/161","targetHints":{"allow":["GET"]}}],"collection":[{"href":"https:\/\/ambulantconvoyeurpar.com\/index.php\/wp-json\/wp\/v2\/posts"}],"about":[{"href":"https:\/\/ambulantconvoyeurpar.com\/index.php\/wp-json\/wp\/v2\/types\/post"}],"author":[{"embeddable":true,"href":"https:\/\/ambulantconvoyeurpar.com\/index.php\/wp-json\/wp\/v2\/users\/1"}],"replies":[{"embeddable":true,"href":"https:\/\/ambulantconvoyeurpar.com\/index.php\/wp-json\/wp\/v2\/comments?post=161"}],"version-history":[{"count":3,"href":"https:\/\/ambulantconvoyeurpar.com\/index.php\/wp-json\/wp\/v2\/posts\/161\/revisions"}],"predecessor-version":[{"id":19101,"href":"https:\/\/ambulantconvoyeurpar.com\/index.php\/wp-json\/wp\/v2\/posts\/161\/revisions\/19101"}],"wp:attachment":[{"href":"https:\/\/ambulantconvoyeurpar.com\/index.php\/wp-json\/wp\/v2\/media?parent=161"}],"wp:term":[{"taxonomy":"category","embeddable":true,"href":"https:\/\/ambulantconvoyeurpar.com\/index.php\/wp-json\/wp\/v2\/categories?post=161"},{"taxonomy":"post_tag","embeddable":true,"href":"https:\/\/ambulantconvoyeurpar.com\/index.php\/wp-json\/wp\/v2\/tags?post=161"}],"curies":[{"name":"wp","href":"https:\/\/api.w.org\/{rel}","templated":true}]}}