{"id":179,"date":"2018-01-04T19:01:40","date_gmt":"2018-01-04T18:01:40","guid":{"rendered":"http:\/\/ambulantconvoyeurpar.com\/?p=179"},"modified":"2022-11-17T14:26:22","modified_gmt":"2022-11-17T13:26:22","slug":"les-obliterations-entrepots-du-departement-de-la-cote-dor-21","status":"publish","type":"post","link":"https:\/\/ambulantconvoyeurpar.com\/index.php\/2018\/01\/04\/les-obliterations-entrepots-du-departement-de-la-cote-dor-21\/","title":{"rendered":"les oblit\u00e9rations entrep\u00f4ts du d\u00e9partement de la C\u00f4te d&rsquo;Or 21"},"content":{"rendered":"<p>Article modifi\u00e9 le 17\/11\/2022<\/p>\n<h3>Auxonne gare entrep\u00f4t: ouverture? Fermeture?<\/h3>\n<p><span style=\"color: #ff0000;\">Type A4,<\/span> signal\u00e9 1923<\/p>\n<p>Non rencontr\u00e9<\/p>\n<p><span style=\"color: #ff0000;\">Type A6?\/A7?<\/span> signal\u00e9 1948\/60<\/p>\n<p>Non rencontr\u00e9<\/p>\n<h3>Auxonne entrep\u00f4t: ouverture? Fermeture?<\/h3>\n<p><span style=\"color: #ff0000;\">Type A8,<\/span> signal\u00e9 1961\/67<\/p>\n<p><a href=\"http:\/\/ambulantconvoyeurpar.com\/wp-content\/uploads\/2017\/10\/entrepot-210002.jpg\"><img loading=\"lazy\" decoding=\"async\" class=\"alignnone size-medium wp-image-1286\" src=\"http:\/\/ambulantconvoyeurpar.com\/wp-content\/uploads\/2017\/10\/entrepot-210002-300x223.jpg\" alt=\"\" width=\"300\" height=\"223\" srcset=\"https:\/\/ambulantconvoyeurpar.com\/wp-content\/uploads\/2017\/10\/entrepot-210002-300x223.jpg 300w, https:\/\/ambulantconvoyeurpar.com\/wp-content\/uploads\/2017\/10\/entrepot-210002-768x570.jpg 768w, https:\/\/ambulantconvoyeurpar.com\/wp-content\/uploads\/2017\/10\/entrepot-210002-364x270.jpg 364w, https:\/\/ambulantconvoyeurpar.com\/wp-content\/uploads\/2017\/10\/entrepot-210002.jpg 847w\" sizes=\"auto, (max-width: 300px) 100vw, 300px\" \/><\/a><\/p>\n<hr \/>\n<h3>Beaune entrep\u00f4t: ouverture? Fermeture?<\/h3>\n<p><span style=\"color: #ff0000;\">Type A4,<\/span> signal\u00e9 1944\/47<\/p>\n<p>Non rencontr\u00e9<\/p>\n<p><span style=\"color: #ff0000;\">Type A6,<\/span> signal\u00e9 1950<\/p>\n<p><a href=\"http:\/\/ambulantconvoyeurpar.com\/wp-content\/uploads\/2017\/10\/entrepot-beaune-cote-dor-21.jpg\"><img loading=\"lazy\" decoding=\"async\" class=\"alignnone size-medium wp-image-1287\" src=\"http:\/\/ambulantconvoyeurpar.com\/wp-content\/uploads\/2017\/10\/entrepot-beaune-cote-dor-21-300x227.jpg\" alt=\"\" width=\"300\" height=\"227\" srcset=\"https:\/\/ambulantconvoyeurpar.com\/wp-content\/uploads\/2017\/10\/entrepot-beaune-cote-dor-21-300x227.jpg 300w, https:\/\/ambulantconvoyeurpar.com\/wp-content\/uploads\/2017\/10\/entrepot-beaune-cote-dor-21-357x270.jpg 357w, https:\/\/ambulantconvoyeurpar.com\/wp-content\/uploads\/2017\/10\/entrepot-beaune-cote-dor-21.jpg 364w\" sizes=\"auto, (max-width: 300px) 100vw, 300px\" \/><\/a><\/p>\n<p><span style=\"color: #ff0000;\">Type A7,<\/span> signal\u00e9 1951\/61, avec variante Beaune en plus petit.<\/p>\n<p><a href=\"http:\/\/ambulantconvoyeurpar.com\/wp-content\/uploads\/2017\/10\/entrepot-beaune-entrepot-21.jpg\"><img loading=\"lazy\" decoding=\"async\" class=\"alignnone size-medium wp-image-1288\" src=\"http:\/\/ambulantconvoyeurpar.com\/wp-content\/uploads\/2017\/10\/entrepot-beaune-entrepot-21-300x152.jpg\" alt=\"\" width=\"300\" height=\"152\" srcset=\"https:\/\/ambulantconvoyeurpar.com\/wp-content\/uploads\/2017\/10\/entrepot-beaune-entrepot-21-300x152.jpg 300w, https:\/\/ambulantconvoyeurpar.com\/wp-content\/uploads\/2017\/10\/entrepot-beaune-entrepot-21.jpg 463w\" sizes=\"auto, (max-width: 300px) 100vw, 300px\" \/>\u00a0\u00a0\u00a0\u00a0\u00a0<\/a><a href=\"http:\/\/ambulantconvoyeurpar.com\/wp-content\/uploads\/2017\/10\/beaune-entrepot-a7-20f-muller21.jpg\"><img loading=\"lazy\" decoding=\"async\" class=\"alignnone size-medium wp-image-1291\" src=\"http:\/\/ambulantconvoyeurpar.com\/wp-content\/uploads\/2017\/10\/beaune-entrepot-a7-20f-muller21-300x197.jpg\" alt=\"\" width=\"300\" height=\"197\" srcset=\"https:\/\/ambulantconvoyeurpar.com\/wp-content\/uploads\/2017\/10\/beaune-entrepot-a7-20f-muller21-300x197.jpg 300w, https:\/\/ambulantconvoyeurpar.com\/wp-content\/uploads\/2017\/10\/beaune-entrepot-a7-20f-muller21-412x270.jpg 412w, https:\/\/ambulantconvoyeurpar.com\/wp-content\/uploads\/2017\/10\/beaune-entrepot-a7-20f-muller21.jpg 709w\" sizes=\"auto, (max-width: 300px) 100vw, 300px\" \/><\/a><\/p>\n<p><span style=\"color: #ff0000;\">Type A8,<\/span> signal\u00e9 1960\/67<\/p>\n<p><a href=\"http:\/\/ambulantconvoyeurpar.com\/wp-content\/uploads\/2017\/10\/entrepot-beaune-entrepot-21.jpg1_.jpg\"><img loading=\"lazy\" decoding=\"async\" class=\"alignnone size-medium wp-image-1289\" src=\"http:\/\/ambulantconvoyeurpar.com\/wp-content\/uploads\/2017\/10\/entrepot-beaune-entrepot-21.jpg1_-300x172.jpg\" alt=\"\" width=\"300\" height=\"172\" srcset=\"https:\/\/ambulantconvoyeurpar.com\/wp-content\/uploads\/2017\/10\/entrepot-beaune-entrepot-21.jpg1_-300x172.jpg 300w, https:\/\/ambulantconvoyeurpar.com\/wp-content\/uploads\/2017\/10\/entrepot-beaune-entrepot-21.jpg1_.jpg 404w\" sizes=\"auto, (max-width: 300px) 100vw, 300px\" \/><\/a><\/p>\n<p><span style=\"color: #ff0000;\">Type A9,<\/span> signal\u00e9 1967\/73<\/p>\n<p><a href=\"http:\/\/ambulantconvoyeurpar.com\/wp-content\/uploads\/2017\/10\/beaune-entrepot-cote-dor21.jpg\"><img loading=\"lazy\" decoding=\"async\" class=\"alignnone size-medium wp-image-1290\" src=\"http:\/\/ambulantconvoyeurpar.com\/wp-content\/uploads\/2017\/10\/beaune-entrepot-cote-dor21-300x136.jpg\" alt=\"\" width=\"300\" height=\"136\" srcset=\"https:\/\/ambulantconvoyeurpar.com\/wp-content\/uploads\/2017\/10\/beaune-entrepot-cote-dor21-300x136.jpg 300w, https:\/\/ambulantconvoyeurpar.com\/wp-content\/uploads\/2017\/10\/beaune-entrepot-cote-dor21.jpg 323w\" sizes=\"auto, (max-width: 300px) 100vw, 300px\" \/><\/a><\/p>\n<p><span style=\"color: #ff0000;\">Oblit\u00e9ration m\u00e9canique de type secap 5LO, non cod\u00e9e, signal\u00e9e 1964\/66<\/span><\/p>\n<p>Non rencontr\u00e9e<\/p>\n<p><span style=\"color: #ff0000;\">Oblit\u00e9ration m\u00e9canique de type secap 5LO, cod\u00e9e, signal\u00e9e 1966\/81, vagues \u00e0 droite et \u00e0 gauche.<\/span><\/p>\n<p><a href=\"http:\/\/ambulantconvoyeurpar.com\/wp-content\/uploads\/2017\/10\/entrepot-21-1.jpg\"><img loading=\"lazy\" decoding=\"async\" class=\"alignnone size-medium wp-image-1292\" src=\"http:\/\/ambulantconvoyeurpar.com\/wp-content\/uploads\/2017\/10\/entrepot-21-1-300x123.jpg\" alt=\"\" width=\"300\" height=\"123\" srcset=\"https:\/\/ambulantconvoyeurpar.com\/wp-content\/uploads\/2017\/10\/entrepot-21-1-300x123.jpg 300w, https:\/\/ambulantconvoyeurpar.com\/wp-content\/uploads\/2017\/10\/entrepot-21-1-768x316.jpg 768w, https:\/\/ambulantconvoyeurpar.com\/wp-content\/uploads\/2017\/10\/entrepot-21-1-604x249.jpg 604w, https:\/\/ambulantconvoyeurpar.com\/wp-content\/uploads\/2017\/10\/entrepot-21-1.jpg 994w\" sizes=\"auto, (max-width: 300px) 100vw, 300px\" \/><\/a><\/p>\n<hr \/>\n<h3>Dijon entrep\u00f4t: ouverture? Fermeture?<\/h3>\n<p><span style=\"color: #ff0000;\">Type A8,<\/span> signal\u00e9 1960\/69<\/p>\n<p><a href=\"http:\/\/ambulantconvoyeurpar.com\/wp-content\/uploads\/2017\/10\/dijon-entrepot-cote-dor-21.jpg\"><img loading=\"lazy\" decoding=\"async\" class=\"alignnone size-thumbnail wp-image-1293\" src=\"http:\/\/ambulantconvoyeurpar.com\/wp-content\/uploads\/2017\/10\/dijon-entrepot-cote-dor-21-150x150.jpg\" alt=\"\" width=\"150\" height=\"150\" \/><\/a><\/p>\n<p><span style=\"color: #ff0000;\">Type A9,<\/span> signal\u00e9 1972\/75<\/p>\n<p>Non rencontr\u00e9<\/p>\n<h3>Dijon centre de tri entrep\u00f4t gare: ouverture? Fermeture:<span style=\"color: #0000ff;\"> le 07\/11\/1994<\/span><\/h3>\n<p><span style=\"color: #ff0000;\">Type A9<\/span>, signal\u00e9 1987\/94<\/p>\n<p><a href=\"http:\/\/ambulantconvoyeurpar.com\/wp-content\/uploads\/2018\/01\/21-dijon-ct-entrepot-gare-cote-dor-.jpg\"><img loading=\"lazy\" decoding=\"async\" class=\"alignnone size-medium wp-image-1991\" src=\"http:\/\/ambulantconvoyeurpar.com\/wp-content\/uploads\/2018\/01\/21-dijon-ct-entrepot-gare-cote-dor--300x144.jpg\" alt=\"\" width=\"300\" height=\"144\" srcset=\"https:\/\/ambulantconvoyeurpar.com\/wp-content\/uploads\/2018\/01\/21-dijon-ct-entrepot-gare-cote-dor--300x144.jpg 300w, https:\/\/ambulantconvoyeurpar.com\/wp-content\/uploads\/2018\/01\/21-dijon-ct-entrepot-gare-cote-dor--768x369.jpg 768w, https:\/\/ambulantconvoyeurpar.com\/wp-content\/uploads\/2018\/01\/21-dijon-ct-entrepot-gare-cote-dor--563x270.jpg 563w, https:\/\/ambulantconvoyeurpar.com\/wp-content\/uploads\/2018\/01\/21-dijon-ct-entrepot-gare-cote-dor-.jpg 844w\" sizes=\"auto, (max-width: 300px) 100vw, 300px\" \/><\/a><\/p>\n<p><a href=\"http:\/\/ambulantconvoyeurpar.com\/wp-content\/uploads\/2018\/01\/entrepot-dijon-210003.jpg\"><img loading=\"lazy\" decoding=\"async\" class=\"alignnone size-large wp-image-4046\" src=\"http:\/\/ambulantconvoyeurpar.com\/wp-content\/uploads\/2018\/01\/entrepot-dijon-210003-1024x591.jpg\" alt=\"\" width=\"640\" height=\"369\" srcset=\"https:\/\/ambulantconvoyeurpar.com\/wp-content\/uploads\/2018\/01\/entrepot-dijon-210003-1024x591.jpg 1024w, https:\/\/ambulantconvoyeurpar.com\/wp-content\/uploads\/2018\/01\/entrepot-dijon-210003-300x173.jpg 300w, https:\/\/ambulantconvoyeurpar.com\/wp-content\/uploads\/2018\/01\/entrepot-dijon-210003-768x443.jpg 768w, https:\/\/ambulantconvoyeurpar.com\/wp-content\/uploads\/2018\/01\/entrepot-dijon-210003-468x270.jpg 468w\" sizes=\"auto, (max-width: 640px) 100vw, 640px\" \/><\/a><\/p>\n<hr \/>\n<h3>Is sur Tille entrep\u00f4t: ouverture? Fermeture?<\/h3>\n<p><span style=\"color: #ff0000;\">Type A4,<\/span> signal\u00e9 1923\/42, semble ferm\u00e9 jusqu&rsquo;aux ann\u00e9es 1960<\/p>\n<p><a href=\"https:\/\/ambulantconvoyeurpar.com\/index.php\/2018\/01\/04\/les-obliterations-entrepots-du-departement-de-la-cote-dor-21\/a1-816\/\" rel=\"attachment wp-att-17867\"><img loading=\"lazy\" decoding=\"async\" class=\"alignnone size-full wp-image-17867\" src=\"https:\/\/ambulantconvoyeurpar.com\/wp-content\/uploads\/2018\/01\/a1-2.jpg\" alt=\"\" width=\"948\" height=\"606\" srcset=\"https:\/\/ambulantconvoyeurpar.com\/wp-content\/uploads\/2018\/01\/a1-2.jpg 948w, https:\/\/ambulantconvoyeurpar.com\/wp-content\/uploads\/2018\/01\/a1-2-300x192.jpg 300w, https:\/\/ambulantconvoyeurpar.com\/wp-content\/uploads\/2018\/01\/a1-2-768x491.jpg 768w, https:\/\/ambulantconvoyeurpar.com\/wp-content\/uploads\/2018\/01\/a1-2-422x270.jpg 422w\" sizes=\"auto, (max-width: 948px) 100vw, 948px\" \/><\/a><\/p>\n<p><span style=\"color: #ff0000;\">Type A7,<\/span> signal\u00e9 1959\/67<\/p>\n<p><a href=\"http:\/\/ambulantconvoyeurpar.com\/index.php\/2018\/01\/04\/les-obliterations-entrepots-du-departement-de-la-cote-dor-21\/entrepot-21-is\/\" rel=\"attachment wp-att-6208\"><img loading=\"lazy\" decoding=\"async\" class=\"alignnone size-full wp-image-6208\" src=\"http:\/\/ambulantconvoyeurpar.com\/wp-content\/uploads\/2018\/01\/entrepot-21-Is.jpg\" alt=\"\" width=\"888\" height=\"435\" srcset=\"https:\/\/ambulantconvoyeurpar.com\/wp-content\/uploads\/2018\/01\/entrepot-21-Is.jpg 888w, https:\/\/ambulantconvoyeurpar.com\/wp-content\/uploads\/2018\/01\/entrepot-21-Is-300x147.jpg 300w, https:\/\/ambulantconvoyeurpar.com\/wp-content\/uploads\/2018\/01\/entrepot-21-Is-768x376.jpg 768w, https:\/\/ambulantconvoyeurpar.com\/wp-content\/uploads\/2018\/01\/entrepot-21-Is-551x270.jpg 551w\" sizes=\"auto, (max-width: 888px) 100vw, 888px\" \/><\/a><\/p>\n<p><span style=\"color: #ff0000;\">Type A9<\/span>, signal\u00e9 1967\/68<\/p>\n<p>Non rencontr\u00e9<\/p>\n<hr \/>\n<h3>Les Laumes entrep\u00f4t: ouverture? Fermeture?<\/h3>\n<p><span style=\"color: #ff0000;\">Type A7,<\/span> signal\u00e9 1951\/60<\/p>\n<p><a href=\"http:\/\/ambulantconvoyeurpar.com\/wp-content\/uploads\/2017\/10\/entrepot-les-laumes-entrepot-21.jpg\"><img loading=\"lazy\" decoding=\"async\" class=\"alignnone size-medium wp-image-1294\" src=\"http:\/\/ambulantconvoyeurpar.com\/wp-content\/uploads\/2017\/10\/entrepot-les-laumes-entrepot-21-300x216.jpg\" alt=\"\" width=\"300\" height=\"216\" srcset=\"https:\/\/ambulantconvoyeurpar.com\/wp-content\/uploads\/2017\/10\/entrepot-les-laumes-entrepot-21-300x216.jpg 300w, https:\/\/ambulantconvoyeurpar.com\/wp-content\/uploads\/2017\/10\/entrepot-les-laumes-entrepot-21.jpg 359w\" sizes=\"auto, (max-width: 300px) 100vw, 300px\" \/><\/a><\/p>\n<p><span style=\"color: #ff0000;\">Type A8,<\/span> signal\u00e9 1960\/68<\/p>\n<p><a href=\"http:\/\/ambulantconvoyeurpar.com\/wp-content\/uploads\/2017\/10\/entrepot-21-2.jpg\"><img loading=\"lazy\" decoding=\"async\" class=\"alignnone size-medium wp-image-1295\" src=\"http:\/\/ambulantconvoyeurpar.com\/wp-content\/uploads\/2017\/10\/entrepot-21-2-300x175.jpg\" alt=\"\" width=\"300\" height=\"175\" srcset=\"https:\/\/ambulantconvoyeurpar.com\/wp-content\/uploads\/2017\/10\/entrepot-21-2-300x175.jpg 300w, https:\/\/ambulantconvoyeurpar.com\/wp-content\/uploads\/2017\/10\/entrepot-21-2-462x270.jpg 462w, https:\/\/ambulantconvoyeurpar.com\/wp-content\/uploads\/2017\/10\/entrepot-21-2.jpg 758w\" sizes=\"auto, (max-width: 300px) 100vw, 300px\" \/><\/a><\/p>\n<p><span style=\"color: #ff0000;\">Type A9,<\/span> signal\u00e9 1968\/77<\/p>\n<p><a href=\"http:\/\/ambulantconvoyeurpar.com\/wp-content\/uploads\/2017\/10\/les-laumes-entrepot-21.jpg\"><img loading=\"lazy\" decoding=\"async\" class=\"alignnone size-medium wp-image-1296\" src=\"http:\/\/ambulantconvoyeurpar.com\/wp-content\/uploads\/2017\/10\/les-laumes-entrepot-21-300x115.jpg\" alt=\"\" width=\"300\" height=\"115\" srcset=\"https:\/\/ambulantconvoyeurpar.com\/wp-content\/uploads\/2017\/10\/les-laumes-entrepot-21-300x115.jpg 300w, https:\/\/ambulantconvoyeurpar.com\/wp-content\/uploads\/2017\/10\/les-laumes-entrepot-21.jpg 478w\" sizes=\"auto, (max-width: 300px) 100vw, 300px\" \/><\/a><\/p>\n","protected":false},"excerpt":{"rendered":"<p>Article modifi\u00e9 le 17\/11\/2022 Auxonne gare entrep\u00f4t: ouverture? Fermeture? Type A4, signal\u00e9 1923 Non rencontr\u00e9 Type A6?\/A7? signal\u00e9 1948\/60 Non rencontr\u00e9 Auxonne entrep\u00f4t: ouverture? Fermeture? Type A8, signal\u00e9 1961\/67 Beaune entrep\u00f4t: ouverture? Fermeture? Type A4, signal\u00e9 1944\/47 Non rencontr\u00e9 Type A6, signal\u00e9 1950 Type A7, signal\u00e9 1951\/61, avec variante Beaune en plus petit. \u00a0\u00a0\u00a0\u00a0\u00a0 Type A8, signal\u00e9 1960\/67 Type A9, signal\u00e9 1967\/73 Oblit\u00e9ration m\u00e9canique de type secap 5LO, non cod\u00e9e, signal\u00e9e 1964\/66 Non rencontr\u00e9e Oblit\u00e9ration m\u00e9canique de type secap 5LO,&#8230;<\/p>\n<p class=\"read-more\"><a class=\"btn btn-default\" href=\"https:\/\/ambulantconvoyeurpar.com\/index.php\/2018\/01\/04\/les-obliterations-entrepots-du-departement-de-la-cote-dor-21\/\">Lire la suite<span class=\"screen-reader-text\"> Lire la suite<\/span><\/a><\/p>\n","protected":false},"author":1,"featured_media":0,"comment_status":"open","ping_status":"open","sticky":false,"template":"","format":"standard","meta":{"jetpack_post_was_ever_published":false,"_jetpack_newsletter_access":"","_jetpack_dont_email_post_to_subs":false,"_jetpack_newsletter_tier_id":0,"_jetpack_memberships_contains_paywalled_content":false,"_jetpack_memberships_contains_paid_content":false,"footnotes":"","jetpack_publicize_message":"","jetpack_publicize_feature_enabled":true,"jetpack_social_post_already_shared":true,"jetpack_social_options":{"image_generator_settings":{"template":"highway","default_image_id":0,"font":"","enabled":false},"version":2}},"categories":[64,14],"tags":[],"class_list":["post-179","post","type-post","status-publish","format-standard","hentry","category-departements-16-a-30","category-entrepot"],"jetpack_publicize_connections":[],"jetpack_featured_media_url":"","jetpack_shortlink":"https:\/\/wp.me\/p91OMs-2T","jetpack-related-posts":[],"jetpack_sharing_enabled":true,"_links":{"self":[{"href":"https:\/\/ambulantconvoyeurpar.com\/index.php\/wp-json\/wp\/v2\/posts\/179","targetHints":{"allow":["GET"]}}],"collection":[{"href":"https:\/\/ambulantconvoyeurpar.com\/index.php\/wp-json\/wp\/v2\/posts"}],"about":[{"href":"https:\/\/ambulantconvoyeurpar.com\/index.php\/wp-json\/wp\/v2\/types\/post"}],"author":[{"embeddable":true,"href":"https:\/\/ambulantconvoyeurpar.com\/index.php\/wp-json\/wp\/v2\/users\/1"}],"replies":[{"embeddable":true,"href":"https:\/\/ambulantconvoyeurpar.com\/index.php\/wp-json\/wp\/v2\/comments?post=179"}],"version-history":[{"count":2,"href":"https:\/\/ambulantconvoyeurpar.com\/index.php\/wp-json\/wp\/v2\/posts\/179\/revisions"}],"predecessor-version":[{"id":17868,"href":"https:\/\/ambulantconvoyeurpar.com\/index.php\/wp-json\/wp\/v2\/posts\/179\/revisions\/17868"}],"wp:attachment":[{"href":"https:\/\/ambulantconvoyeurpar.com\/index.php\/wp-json\/wp\/v2\/media?parent=179"}],"wp:term":[{"taxonomy":"category","embeddable":true,"href":"https:\/\/ambulantconvoyeurpar.com\/index.php\/wp-json\/wp\/v2\/categories?post=179"},{"taxonomy":"post_tag","embeddable":true,"href":"https:\/\/ambulantconvoyeurpar.com\/index.php\/wp-json\/wp\/v2\/tags?post=179"}],"curies":[{"name":"wp","href":"https:\/\/api.w.org\/{rel}","templated":true}]}}