{"id":18581,"date":"2023-05-01T08:45:33","date_gmt":"2023-05-01T06:45:33","guid":{"rendered":"https:\/\/ambulantconvoyeurpar.com\/?p=18581"},"modified":"2023-05-01T08:45:33","modified_gmt":"2023-05-01T06:45:33","slug":"le-parcours-de-la-flamme-olympique-des-jeux-dhiver-dalbertville-france-1992","status":"publish","type":"post","link":"https:\/\/ambulantconvoyeurpar.com\/index.php\/2023\/05\/01\/le-parcours-de-la-flamme-olympique-des-jeux-dhiver-dalbertville-france-1992\/","title":{"rendered":"Le parcours de la flamme olympique des jeux d&rsquo;hiver d&rsquo;Albertville, France, 1992."},"content":{"rendered":"\n<p><br>En 1992, commen\u00e7ait les XVIe Jeux olympiques d\u2019hiver d\u2019Albertville. Plus de 2 milliards de t\u00e9l\u00e9spectateurs de 65 pays devaient suivre cet \u00e9v\u00e9nement sur le petit \u00e9cran, et environ 800 000 spectateurs \u00e9taient         attendus sur les 10 sites pour assister aux diff\u00e9rentes \u00e9preuves. Depuis cinq ans d\u00e9j\u00e0 , la Savoie se pr\u00e9parait \u00e0 ce rendez-vous exceptionnel, depuis qu\u2019elle a appris, le 17 octobre 1986 \u00e0 Lausanne, de Juan Antonio Samaranch, pr\u00e9sident du Comit\u00e9 international olympique (CIO) que ces XVIe Jeux d\u2019hiver se d\u00e9rouleraient chez elle. Membre des douze grandes entreprises faisant partie du Club Coubertin, la SNCF, d\u00e9sign\u00e9e transporteur national officiel des Jeux, s\u2019est aussit\u00f4t mise au travail. L\u2019axe olympique, c\u2019est \u00e0 dire la ligne d\u2019Aix-les-Bains \u2013 Bourg-Saint-Maurice, est fin pr\u00eat. De grands travaux de modernisation avaient \u00e9t\u00e9 engag\u00e9s avant m\u00eame la d\u00e9signation d\u2019Albertville comme site des Jeux. La d\u00e9cision du CIO n\u2019a fait qu\u2019acc\u00e9l\u00e9rer un programme qui se monte \u00e0 pr\u00e8s de 77 millions d&rsquo;euros.<br><br>\u00c0 partir de 1988, les cat\u00e9naires sont arriv\u00e9es jusqu\u2019\u00e0 Bourg-Saint- Maurice, terminus de la Tarentaise. En m\u00eame temps, \u00e9tait peu \u00e0 peu effectu\u00e9e la mise en place d\u2019une signalisation moderne, de la commande centralis\u00e9e informatis\u00e9e, qui permet, depuis le poste de commandement de Chamb\u00e9ry, de g\u00e9rer les 80 km de voie unique et ses onze croisements. L\u2019ensemble de ces am\u00e9liorations techniques a permis aux rames TGV de p\u00e9n\u00e9trer jusqu\u2019au c\u0153ur des vall\u00e9es alpines et d\u2019accro\u00eetre de 100 % le d\u00e9bit de la ligne. Auparavant, la gestion du trafic devenait d\u00e9licate \u00e0 partir d\u2019une cinquantaine de trains, on peut maintenant en accepter plus d\u2019une centaine par jour! 105 circulations, soit environ 60 000 voyageurs transport\u00e9s en un seul samedi, c\u2019est le record atteint en f\u00e9vrier 1991. Les temps de parcours ont \u00e9t\u00e9 divis\u00e9s par deux : en 1982, il fallait pr\u00e8s de 8 heures pour aller de Paris \u00e0 Albertville, il ne faut plus aujourd\u2019hui que 3 heures 30 par le meilleur TGV. En d\u00e9cembre 1991, avec la mise en service de la partie nord de la ligne \u00e0 grande vitesse du TGV Rh\u00f4ne-Alpes, pr\u00e8s d\u2019une vingtaine de pr\u00e9cieuses minutes seront encore grignot\u00e9es sur Grenoble et Chamb\u00e9ry. Du 8 au 23 f\u00e9vrier 1992, la SNCF doit transporter vite, bien et beaucoup: c&rsquo;est-\u00e0-dire assurer en continu durant quinze jours un trafic qu\u2019en temps normal elle ne supporte que l\u2019espace de quelques week-ends, lors des vacances de neige. Sur la Tarentaise, en dehors des p\u00e9riodes de pointe, le trafic de base quotidien atteint une vingtaine de circulations. Durant les Jeux, une soixantaine de trains se croiseront en semaine et entre 90 et 100 les samedis. \u00ab A la d\u00e9marche classique de pr\u00e9paration d\u2019un plan de Transport li\u00e9 aux vacances d\u2019hiver, venait se superposer ce trafic sp\u00e9cial Jeux \u00bb, expliquait Bernard Pain, chef de la division Transport de Chamb\u00e9ry. Des groupes de travail r\u00e9unissant l\u2019ensemble des repr\u00e9sentants des \u00e9tablissements ont \u00e9tudi\u00e9 tous les moyens suppl\u00e9mentaires en personnel, en mat\u00e9riels de toute nature, en pi\u00e8ces de rechange, en moyens de radiocommunication permettant de transporter plus de 150 000 spectateurs par le train.<br><br>Au total, toutes fonctions confondues, quelque 500 cheminots viendront en renfort durant la p\u00e9riode des Jeux. Il a fallu cr\u00e9er au plus pr\u00e8s de leurs postes d\u2019intervention de v\u00e9ritables \u00ab bases-vie \u00bb constitu\u00e9es de bungalows et de camping-cars am\u00e9nag\u00e9s.\u00b7 En fonction de la formation qu\u2019ils devaient recevoir, les premiers agents en renfort \u00e9taient arriv\u00e9s en Savoie d\u00e8s la mi-janvier. Certains pour d\u00e9couvrir les installations dont ils auront la charge, d\u2019autres pour se familiariser avec le mat\u00e9riel qui va circuler exceptionnellement sur ce secteur, notamment les rames r\u00e9versibles omnibus \u00e0 deux niveaux des dessertes cadenc\u00e9es.<br><br>L\u2019Equipement a aussi mis le paquet. D\u2019autant que l\u2019hiver 1990-91 lui avait r\u00e9serv\u00e9 de mauvaises surprises. Une semaine de neige abondante sur l\u2019Ain et l\u2019Is\u00e8re avait, \u00e0 l\u2019\u00e9poque, consid\u00e9rablement contrari\u00e9 la marche des trains. Un TGV avait m\u00eame mis 16 heures pour rallier Gen\u00e8ve \u00e0 Paris contre 3 heures 30 normalement. \u00ab Une neige tr\u00e8s abondante et tr\u00e8s lourde \u00bb, se rappellent encore certains agents. Pratiquement quatre fois le poids normal ! Du jamais vu de m\u00e9moire de Savoyard. Les lignes a\u00e9riennes d\u2019alimentation EDF n\u2019avaient pas r\u00e9sist\u00e9 longtemps. Leur rupture devait rapidement perturber le fonctionnement normal des installations ferroviaires de signalisation, puisque les batteries d\u2019accumulateurs de secours des signaux des passages \u00e0 niveau ou des postes ne peuvent tenir que quelques heures. Des centaines \u00b7d\u2019arbres rompant sous le poids de la neige s\u2019\u00e9taient \u00e9tal\u00e9s sur les voies, emp\u00eachant toute circulation. La ligne entre Amb\u00e9rieu et Culoz avait, par exemple, \u00e9tait interrompue quatre jours durant. Il a fallu tr\u00e8s vite, dans la perspective des Jeux, en tirer des conclusions. Aux abords des voies, on a proc\u00e9d\u00e9 \u00e0 des coupes massives d\u2019arbres pour un co\u00fbt de 1.2 millions d&rsquo;euros! 24 heures sur 24, pr\u00e8s d\u2019une centaine d\u2019hommes install\u00e9s dans une dizaine de trainsparcs stationn\u00e9s sur des voies de garage le long de l\u2019axe olympique, veillent. Pelles, grattoirs et balais \u00e0 port\u00e9e de mains au cas o\u00f9\u2026 De gros moyens m\u00e9caniques de d\u00e9neigement, chasses-neige rotatifs, engins ou wagons \u00e9quip\u00e9s d\u2019\u00e9traves, appareils servant \u00e0 enlever la glace sur le rail dans les tunnels, interviendront \u00e0 la moindre alerte. Afin de ne pas prendre de risques, pas question d\u2019intercaler les dessertes fret r\u00e9guli\u00e8res dans la grille cadenc\u00e9e des rames voyageurs-spectateurs de la Tarentaise. De jour du moins. Pas question non plus de les abandonner. \u00ab Nous sommes all\u00e9s voir nos clients pour trouver des solutions \u00bb, raconte Georges Cabal, le responsable de la division commerciale Fret de Chamb\u00e9ry. Une division qui, depuis trois ans, a d\u00e9j\u00e0 largement apportait sa contribution pour les Jeux. Elle a transport\u00e9 des poutres pour la construction des ponts, des granulats pour le rev\u00eatement des routes nouvelles. Plus r\u00e9cemment, elle a assur\u00e9 le transfert et le stockage de 20 000 tonnes de sel de d\u00e9neigement sur la seule vall\u00e9e de la Tarentaise, proc\u00e9d\u00e9 au transport de pr\u00e8s de 800 bungalows dans lesquels seront h\u00e9berg\u00e9s, entre autres, les cheminots. La division Fret chamb\u00e9rienne travaille avec deux cat\u00e9gories de clients ceux situ\u00e9s sur les axes strat\u00e9giques et ceux qui ne le sont pas, mais qui empruntent des voies strat\u00e9giques.<\/p>\n\n\n\n<p><br> Reste \u00e0 accueillir et \u00e0 prendre en charge les invit\u00e9s. Les 30 000 \u00ab d\u00e9cideurs \u00bb fran\u00e7ais et \u00e9trangers qui emprunteront des TGV sp\u00e9cialement affr\u00e9t\u00e9s, sans oublier les 6 000 journalistes accr\u00e9dit\u00e9s et les repr\u00e9sentants de la soixantaine de pays repr\u00e9sent\u00e9s au Jeux, soit environ 2 000 athl\u00e8tes.<br><br>A l\u2019invitation de la SNCF, 5 000 cheminots b\u00e9n\u00e9ficieront de billets gratuits pour assister aux \u00e9preuves. D\u00e9centralisation oblige, ils ont \u00e9t\u00e9 choisis dans les diff\u00e9rentes r\u00e9gions au prorata des effectifs. Plus d\u2019une centaine d\u2019agents commerciaux Trains, pr\u00e8s de deux cents agents de gares, 130 h\u00f4tesses bilingues ou trilingues recrut\u00e9es sont mobilis\u00e9s. \u00ab Nous avons fait le maximum, conclut Pierre Gaudry, le directeur r\u00e9gional, mais il serait pr\u00e9tentieux de dire qu\u2019on a pens\u00e9 \u00e0 tout. \u00bb<br><br>Cet article est tir\u00e9 du num\u00e9ro 2330 de la vie du rail du 31 janvier 1992.<\/p>\n\n\n<p><blockquote class=\"wp-embedded-content\" data-secret=\"P7J0zcFiuJ\"><a href=\"https:\/\/www.lettreducheminot.fr\/il-etait-une-fois-dans-la-vie-du-rail\/etait-vie-rail-5-y-a-26-ans-trains-jeux-1992-jo-dalbertville\/\">Il \u00e9tait une fois dans La Vie du Rail &#8211; 5) Il y a 26 ans, des trains et des jeux, 1992, les JO d\u2019Albertville.<\/a><\/blockquote><iframe loading=\"lazy\" class=\"wp-embedded-content\" sandbox=\"allow-scripts\" security=\"restricted\" style=\"position: absolute; clip: rect(1px, 1px, 1px, 1px);\" title=\"\u00ab\u00a0Il \u00e9tait une fois dans La Vie du Rail &#8211; 5) Il y a 26 ans, des trains et des jeux, 1992, les JO d\u2019Albertville.\u00a0\u00bb &#8212; Lettre du cheminot\" src=\"https:\/\/www.lettreducheminot.fr\/il-etait-une-fois-dans-la-vie-du-rail\/etait-vie-rail-5-y-a-26-ans-trains-jeux-1992-jo-dalbertville\/embed\/#?secret=P7J0zcFiuJ\" data-secret=\"P7J0zcFiuJ\" width=\"600\" height=\"338\" frameborder=\"0\" marginwidth=\"0\" marginheight=\"0\" scrolling=\"no\"><\/iframe><\/p>\n\n\n<h1 class=\"wp-block-heading\">Albertville 1992 \u2013 Le parcours de la flamme<\/h1>\n\n\n\n<p><a href=\"https:\/\/afcos.net\/albertville-1992-parcours-flamme\">https:\/\/afcos.net\/albertville-1992-parcours-flamme<\/a><\/p>\n\n\n\n<figure class=\"wp-block-image\"><img decoding=\"async\" src=\"https:\/\/i0.wp.com\/afcos.net\/wp-content\/uploads\/2021\/11\/1992_Albertville_parcours_flamme.png?resize=400%2C343&amp;ssl=1\" alt=\"\" class=\"wp-image-4210\"\/><\/figure>\n\n\n\n<p>La Poste, membre du Club Coubertin, a \u00e9t\u00e9 charg\u00e9e de l\u2019organisation du relais. Environ&nbsp;5 500 relayeurs&nbsp;entre&nbsp;15 et 20 ans&nbsp;ont \u00e9t\u00e9 choisi par tirage au sort pour porter le flambeau. Le relais faisait environ 5&nbsp;536&nbsp;km au total.<\/p>\n\n\n\n<p>Le flambeau a \u00e9t\u00e9 r\u00e9alis\u00e9 en acier inoxydable dans les usines d\u2019Ugine-Savoie et symbolise les cornes des vaches de race tarentaise, il a \u00e9t\u00e9 con\u00e7u par Philippe Starck.<\/p>\n\n\n\n<p>La flamme, allum\u00e9e selon le rite traditionnel le 13 d\u00e9cembre 1991 \u00e0 Olympie (Gr\u00e8ce), est remise officiellement par le pr\u00e9sident du Comit\u00e9 Olympique H\u00e9ll\u00e9nique aux pr\u00e9sidents du COJO. Elle rallie ensuite la France via le Concorde, \u00e0 l\u2019int\u00e9rieur d\u2019une lampe de mineur port\u00e9e par Jean-Claude Killy<a href=\"https:\/\/fr.wikipedia.org\/wiki\/Jeux_olympiques_d%27hiver_de_1992#cite_note-Expo2009_p.6-21\"><\/a>. \u00c0 l\u2019arriv\u00e9e \u00e0 l\u2019a\u00e9roport de Paris-Charles-de-Gaulle, le 14 d\u00e9cembre, c\u2019est la championne cycliste Catherine Marsal&nbsp;qui r\u00e9ceptionne le flambeau olympique.<\/p>\n\n\n\n<p>La premi\u00e8re \u00e9tape fran\u00e7aise d\u00e9marre et permettra de rallier&nbsp;63 d\u00e9partements&nbsp;et plus de&nbsp;2000 villes, en passant par le village natal de Pierre de Coubertin,&nbsp;au ch\u00e2teau de Mirville, jusqu\u2019\u00e0 son arriv\u00e9e dans le stade pour la c\u00e9r\u00e9monie d\u2019ouverture le 8 f\u00e9vrier 1992.<\/p>\n\n\n\n<p>Michel Platini, accompagn\u00e9 d\u2019un enfant de 9 ans originaire de Savoie Maurienne, Fran\u00e7ois-Cyrille Grange, a \u00e9t\u00e9 le dernier relayeur.<\/p>\n\n\n<p><a href=\"https:\/\/ambulantconvoyeurpar.com\/?attachment_id=19177\" rel=\"attachment wp-att-19177\"><img loading=\"lazy\" decoding=\"async\" class=\"alignnone size-full wp-image-19177\" src=\"https:\/\/ambulantconvoyeurpar.com\/wp-content\/uploads\/2023\/02\/a1-20.jpg\" alt=\"\" width=\"1024\" height=\"1348\" srcset=\"https:\/\/ambulantconvoyeurpar.com\/wp-content\/uploads\/2023\/02\/a1-20.jpg 1024w, https:\/\/ambulantconvoyeurpar.com\/wp-content\/uploads\/2023\/02\/a1-20-228x300.jpg 228w, https:\/\/ambulantconvoyeurpar.com\/wp-content\/uploads\/2023\/02\/a1-20-778x1024.jpg 778w, https:\/\/ambulantconvoyeurpar.com\/wp-content\/uploads\/2023\/02\/a1-20-768x1011.jpg 768w, https:\/\/ambulantconvoyeurpar.com\/wp-content\/uploads\/2023\/02\/a1-20-205x270.jpg 205w\" sizes=\"auto, (max-width: 1024px) 100vw, 1024px\" \/><\/a><\/p>\n<p><a href=\"https:\/\/ambulantconvoyeurpar.com\/?attachment_id=19178\" rel=\"attachment wp-att-19178\"><img loading=\"lazy\" decoding=\"async\" class=\"alignnone size-full wp-image-19178\" src=\"https:\/\/ambulantconvoyeurpar.com\/wp-content\/uploads\/2023\/02\/a1-21.jpg\" alt=\"\" width=\"1281\" height=\"1934\" srcset=\"https:\/\/ambulantconvoyeurpar.com\/wp-content\/uploads\/2023\/02\/a1-21.jpg 1281w, https:\/\/ambulantconvoyeurpar.com\/wp-content\/uploads\/2023\/02\/a1-21-199x300.jpg 199w, https:\/\/ambulantconvoyeurpar.com\/wp-content\/uploads\/2023\/02\/a1-21-678x1024.jpg 678w, https:\/\/ambulantconvoyeurpar.com\/wp-content\/uploads\/2023\/02\/a1-21-768x1159.jpg 768w, https:\/\/ambulantconvoyeurpar.com\/wp-content\/uploads\/2023\/02\/a1-21-1017x1536.jpg 1017w, https:\/\/ambulantconvoyeurpar.com\/wp-content\/uploads\/2023\/02\/a1-21-179x270.jpg 179w\" sizes=\"auto, (max-width: 1281px) 100vw, 1281px\" \/><\/a><\/p>\n<p><a href=\"https:\/\/ambulantconvoyeurpar.com\/?attachment_id=19179\" rel=\"attachment wp-att-19179\"><img loading=\"lazy\" decoding=\"async\" class=\"alignnone size-full wp-image-19179\" src=\"https:\/\/ambulantconvoyeurpar.com\/wp-content\/uploads\/2023\/02\/a1-22.jpg\" alt=\"\" width=\"1634\" height=\"1863\" srcset=\"https:\/\/ambulantconvoyeurpar.com\/wp-content\/uploads\/2023\/02\/a1-22.jpg 1634w, https:\/\/ambulantconvoyeurpar.com\/wp-content\/uploads\/2023\/02\/a1-22-263x300.jpg 263w, https:\/\/ambulantconvoyeurpar.com\/wp-content\/uploads\/2023\/02\/a1-22-898x1024.jpg 898w, https:\/\/ambulantconvoyeurpar.com\/wp-content\/uploads\/2023\/02\/a1-22-768x876.jpg 768w, https:\/\/ambulantconvoyeurpar.com\/wp-content\/uploads\/2023\/02\/a1-22-1347x1536.jpg 1347w, https:\/\/ambulantconvoyeurpar.com\/wp-content\/uploads\/2023\/02\/a1-22-237x270.jpg 237w\" sizes=\"auto, (max-width: 1634px) 100vw, 1634px\" \/><\/a><\/p>\n<p><a href=\"https:\/\/ambulantconvoyeurpar.com\/?attachment_id=19180\" rel=\"attachment wp-att-19180\"><img loading=\"lazy\" decoding=\"async\" class=\"aligncenter wp-image-19180 size-full\" src=\"https:\/\/ambulantconvoyeurpar.com\/wp-content\/uploads\/2023\/02\/a1-23.jpg\" alt=\"\" width=\"1185\" height=\"677\" srcset=\"https:\/\/ambulantconvoyeurpar.com\/wp-content\/uploads\/2023\/02\/a1-23.jpg 1185w, https:\/\/ambulantconvoyeurpar.com\/wp-content\/uploads\/2023\/02\/a1-23-300x171.jpg 300w, https:\/\/ambulantconvoyeurpar.com\/wp-content\/uploads\/2023\/02\/a1-23-1024x585.jpg 1024w, https:\/\/ambulantconvoyeurpar.com\/wp-content\/uploads\/2023\/02\/a1-23-768x439.jpg 768w, https:\/\/ambulantconvoyeurpar.com\/wp-content\/uploads\/2023\/02\/a1-23-473x270.jpg 473w\" sizes=\"auto, (max-width: 1185px) 100vw, 1185px\" \/><\/a><\/p>\n\n\n<figure class=\"wp-block-image\"><a href=\"https:\/\/ambulantconvoyeurpar.com\/?attachment_id=19181\"><img loading=\"lazy\" decoding=\"async\" width=\"1014\" height=\"293\" src=\"https:\/\/ambulantconvoyeurpar.com\/wp-content\/uploads\/2023\/02\/a1-24.jpg\" alt=\"\" class=\"wp-image-19181\" srcset=\"https:\/\/ambulantconvoyeurpar.com\/wp-content\/uploads\/2023\/02\/a1-24.jpg 1014w, https:\/\/ambulantconvoyeurpar.com\/wp-content\/uploads\/2023\/02\/a1-24-300x87.jpg 300w, https:\/\/ambulantconvoyeurpar.com\/wp-content\/uploads\/2023\/02\/a1-24-768x222.jpg 768w, https:\/\/ambulantconvoyeurpar.com\/wp-content\/uploads\/2023\/02\/a1-24-604x175.jpg 604w\" sizes=\"auto, (max-width: 1014px) 100vw, 1014px\" \/><\/a><\/figure>\n\n\n\n<p><a href=\"https:\/\/olympics.com\/fr\/infos\/replay-victoire-clement-noel-jeux-olympiques-hiver-beijing-2022\">https:\/\/olympics.com\/fr\/infos\/replay-victoire-clement-noel-jeux-olympiques-hiver-beijing-2022<\/a><\/p>\n\n\n\n<p><a href=\"https:\/\/france3-regions.francetvinfo.fr\/auvergne-rhone-alpes\/savoie\/jo-2022-la-savoyarde-justine-braisaz-bouchet-medaillee-d-or-sur-la-mass-start-2466418.html\">https:\/\/france3-regions.francetvinfo.fr\/auvergne-rhone-alpes\/savoie\/jo-2022-la-savoyarde-justine-braisaz-bouchet-medaillee-d-or-sur-la-mass-start-2466418.html<\/a><\/p>\n\n\n<p><a href=\"https:\/\/ambulantconvoyeurpar.com\/?attachment_id=19182\" rel=\"attachment wp-att-19182\"><img loading=\"lazy\" decoding=\"async\" class=\"alignnone size-full wp-image-19182\" src=\"https:\/\/ambulantconvoyeurpar.com\/wp-content\/uploads\/2023\/02\/a1-25.jpg\" alt=\"\" width=\"1251\" height=\"1858\" srcset=\"https:\/\/ambulantconvoyeurpar.com\/wp-content\/uploads\/2023\/02\/a1-25.jpg 1251w, https:\/\/ambulantconvoyeurpar.com\/wp-content\/uploads\/2023\/02\/a1-25-202x300.jpg 202w, https:\/\/ambulantconvoyeurpar.com\/wp-content\/uploads\/2023\/02\/a1-25-689x1024.jpg 689w, https:\/\/ambulantconvoyeurpar.com\/wp-content\/uploads\/2023\/02\/a1-25-768x1141.jpg 768w, https:\/\/ambulantconvoyeurpar.com\/wp-content\/uploads\/2023\/02\/a1-25-1034x1536.jpg 1034w, https:\/\/ambulantconvoyeurpar.com\/wp-content\/uploads\/2023\/02\/a1-25-182x270.jpg 182w\" sizes=\"auto, (max-width: 1251px) 100vw, 1251px\" \/><\/a><\/p>\n<p><a href=\"https:\/\/ambulantconvoyeurpar.com\/?attachment_id=19183\" rel=\"attachment wp-att-19183\"><img loading=\"lazy\" decoding=\"async\" class=\"alignnone size-full wp-image-19183\" src=\"https:\/\/ambulantconvoyeurpar.com\/wp-content\/uploads\/2023\/02\/a1-26.jpg\" alt=\"\" width=\"1372\" height=\"1454\" srcset=\"https:\/\/ambulantconvoyeurpar.com\/wp-content\/uploads\/2023\/02\/a1-26.jpg 1372w, https:\/\/ambulantconvoyeurpar.com\/wp-content\/uploads\/2023\/02\/a1-26-283x300.jpg 283w, https:\/\/ambulantconvoyeurpar.com\/wp-content\/uploads\/2023\/02\/a1-26-966x1024.jpg 966w, https:\/\/ambulantconvoyeurpar.com\/wp-content\/uploads\/2023\/02\/a1-26-768x814.jpg 768w, https:\/\/ambulantconvoyeurpar.com\/wp-content\/uploads\/2023\/02\/a1-26-255x270.jpg 255w\" sizes=\"auto, (max-width: 1372px) 100vw, 1372px\" \/><\/a><\/p>\n<p><a href=\"https:\/\/ambulantconvoyeurpar.com\/?attachment_id=19184\" rel=\"attachment wp-att-19184\"><img loading=\"lazy\" decoding=\"async\" class=\"alignnone size-full wp-image-19184\" src=\"https:\/\/ambulantconvoyeurpar.com\/wp-content\/uploads\/2023\/02\/a1-27.jpg\" alt=\"\" width=\"1266\" height=\"747\" srcset=\"https:\/\/ambulantconvoyeurpar.com\/wp-content\/uploads\/2023\/02\/a1-27.jpg 1266w, https:\/\/ambulantconvoyeurpar.com\/wp-content\/uploads\/2023\/02\/a1-27-300x177.jpg 300w, https:\/\/ambulantconvoyeurpar.com\/wp-content\/uploads\/2023\/02\/a1-27-1024x604.jpg 1024w, https:\/\/ambulantconvoyeurpar.com\/wp-content\/uploads\/2023\/02\/a1-27-768x453.jpg 768w, https:\/\/ambulantconvoyeurpar.com\/wp-content\/uploads\/2023\/02\/a1-27-458x270.jpg 458w\" sizes=\"auto, (max-width: 1266px) 100vw, 1266px\" \/><\/a><\/p>\n<p><a href=\"https:\/\/ambulantconvoyeurpar.com\/?attachment_id=19185\" rel=\"attachment wp-att-19185\"><img loading=\"lazy\" decoding=\"async\" class=\"alignnone size-full wp-image-19185\" src=\"https:\/\/ambulantconvoyeurpar.com\/wp-content\/uploads\/2023\/02\/a1-28.jpg\" alt=\"\" width=\"1236\" height=\"601\" srcset=\"https:\/\/ambulantconvoyeurpar.com\/wp-content\/uploads\/2023\/02\/a1-28.jpg 1236w, https:\/\/ambulantconvoyeurpar.com\/wp-content\/uploads\/2023\/02\/a1-28-300x146.jpg 300w, https:\/\/ambulantconvoyeurpar.com\/wp-content\/uploads\/2023\/02\/a1-28-1024x498.jpg 1024w, https:\/\/ambulantconvoyeurpar.com\/wp-content\/uploads\/2023\/02\/a1-28-768x373.jpg 768w, https:\/\/ambulantconvoyeurpar.com\/wp-content\/uploads\/2023\/02\/a1-28-555x270.jpg 555w\" sizes=\"auto, (max-width: 1236px) 100vw, 1236px\" \/><\/a><\/p>\n<p><a href=\"https:\/\/ambulantconvoyeurpar.com\/?attachment_id=19186\" rel=\"attachment wp-att-19186\"><img loading=\"lazy\" decoding=\"async\" class=\"alignnone size-full wp-image-19186\" src=\"https:\/\/ambulantconvoyeurpar.com\/wp-content\/uploads\/2023\/02\/a1-29.jpg\" alt=\"\" width=\"1130\" height=\"510\" srcset=\"https:\/\/ambulantconvoyeurpar.com\/wp-content\/uploads\/2023\/02\/a1-29.jpg 1130w, https:\/\/ambulantconvoyeurpar.com\/wp-content\/uploads\/2023\/02\/a1-29-300x135.jpg 300w, https:\/\/ambulantconvoyeurpar.com\/wp-content\/uploads\/2023\/02\/a1-29-1024x462.jpg 1024w, https:\/\/ambulantconvoyeurpar.com\/wp-content\/uploads\/2023\/02\/a1-29-768x347.jpg 768w, https:\/\/ambulantconvoyeurpar.com\/wp-content\/uploads\/2023\/02\/a1-29-598x270.jpg 598w\" sizes=\"auto, (max-width: 1130px) 100vw, 1130px\" \/><\/a><\/p>\n<p><a href=\"https:\/\/ambulantconvoyeurpar.com\/?attachment_id=19187\" rel=\"attachment wp-att-19187\"><img loading=\"lazy\" decoding=\"async\" class=\"alignnone size-full wp-image-19187\" src=\"https:\/\/ambulantconvoyeurpar.com\/wp-content\/uploads\/2023\/02\/a1-30.jpg\" alt=\"\" width=\"1604\" height=\"646\" srcset=\"https:\/\/ambulantconvoyeurpar.com\/wp-content\/uploads\/2023\/02\/a1-30.jpg 1604w, https:\/\/ambulantconvoyeurpar.com\/wp-content\/uploads\/2023\/02\/a1-30-300x121.jpg 300w, https:\/\/ambulantconvoyeurpar.com\/wp-content\/uploads\/2023\/02\/a1-30-1024x412.jpg 1024w, https:\/\/ambulantconvoyeurpar.com\/wp-content\/uploads\/2023\/02\/a1-30-768x309.jpg 768w, https:\/\/ambulantconvoyeurpar.com\/wp-content\/uploads\/2023\/02\/a1-30-1536x619.jpg 1536w, https:\/\/ambulantconvoyeurpar.com\/wp-content\/uploads\/2023\/02\/a1-30-604x243.jpg 604w\" sizes=\"auto, (max-width: 1604px) 100vw, 1604px\" \/><\/a><\/p>\n<p><a href=\"https:\/\/ambulantconvoyeurpar.com\/?attachment_id=19188\" rel=\"attachment wp-att-19188\"><img loading=\"lazy\" decoding=\"async\" class=\"alignnone size-full wp-image-19188\" src=\"https:\/\/ambulantconvoyeurpar.com\/wp-content\/uploads\/2023\/02\/a1-31.jpg\" alt=\"\" width=\"1604\" height=\"904\" srcset=\"https:\/\/ambulantconvoyeurpar.com\/wp-content\/uploads\/2023\/02\/a1-31.jpg 1604w, https:\/\/ambulantconvoyeurpar.com\/wp-content\/uploads\/2023\/02\/a1-31-300x169.jpg 300w, https:\/\/ambulantconvoyeurpar.com\/wp-content\/uploads\/2023\/02\/a1-31-1024x577.jpg 1024w, https:\/\/ambulantconvoyeurpar.com\/wp-content\/uploads\/2023\/02\/a1-31-768x433.jpg 768w, https:\/\/ambulantconvoyeurpar.com\/wp-content\/uploads\/2023\/02\/a1-31-1536x866.jpg 1536w, https:\/\/ambulantconvoyeurpar.com\/wp-content\/uploads\/2023\/02\/a1-31-479x270.jpg 479w\" sizes=\"auto, (max-width: 1604px) 100vw, 1604px\" \/><\/a><\/p>\n<p><a href=\"https:\/\/ambulantconvoyeurpar.com\/?attachment_id=19189\" rel=\"attachment wp-att-19189\"><img loading=\"lazy\" decoding=\"async\" class=\"alignnone size-full wp-image-19189\" src=\"https:\/\/ambulantconvoyeurpar.com\/wp-content\/uploads\/2023\/02\/a1-32.jpg\" alt=\"\" width=\"1201\" height=\"727\" srcset=\"https:\/\/ambulantconvoyeurpar.com\/wp-content\/uploads\/2023\/02\/a1-32.jpg 1201w, https:\/\/ambulantconvoyeurpar.com\/wp-content\/uploads\/2023\/02\/a1-32-300x182.jpg 300w, https:\/\/ambulantconvoyeurpar.com\/wp-content\/uploads\/2023\/02\/a1-32-1024x620.jpg 1024w, https:\/\/ambulantconvoyeurpar.com\/wp-content\/uploads\/2023\/02\/a1-32-768x465.jpg 768w, https:\/\/ambulantconvoyeurpar.com\/wp-content\/uploads\/2023\/02\/a1-32-446x270.jpg 446w\" sizes=\"auto, (max-width: 1201px) 100vw, 1201px\" \/><\/a><\/p>\n<p><a href=\"https:\/\/ambulantconvoyeurpar.com\/?attachment_id=19190\" rel=\"attachment wp-att-19190\"><img loading=\"lazy\" decoding=\"async\" class=\"alignnone size-full wp-image-19190\" src=\"https:\/\/ambulantconvoyeurpar.com\/wp-content\/uploads\/2023\/02\/a1-33.jpg\" alt=\"\" width=\"1170\" height=\"545\" srcset=\"https:\/\/ambulantconvoyeurpar.com\/wp-content\/uploads\/2023\/02\/a1-33.jpg 1170w, https:\/\/ambulantconvoyeurpar.com\/wp-content\/uploads\/2023\/02\/a1-33-300x140.jpg 300w, https:\/\/ambulantconvoyeurpar.com\/wp-content\/uploads\/2023\/02\/a1-33-1024x477.jpg 1024w, https:\/\/ambulantconvoyeurpar.com\/wp-content\/uploads\/2023\/02\/a1-33-768x358.jpg 768w, https:\/\/ambulantconvoyeurpar.com\/wp-content\/uploads\/2023\/02\/a1-33-580x270.jpg 580w\" sizes=\"auto, (max-width: 1170px) 100vw, 1170px\" \/><\/a><\/p>\n<p><a href=\"https:\/\/ambulantconvoyeurpar.com\/?attachment_id=19191\" rel=\"attachment wp-att-19191\"><img loading=\"lazy\" decoding=\"async\" class=\"alignnone size-full wp-image-19191\" src=\"https:\/\/ambulantconvoyeurpar.com\/wp-content\/uploads\/2023\/02\/a1-34.jpg\" alt=\"\" width=\"1241\" height=\"1899\" srcset=\"https:\/\/ambulantconvoyeurpar.com\/wp-content\/uploads\/2023\/02\/a1-34.jpg 1241w, https:\/\/ambulantconvoyeurpar.com\/wp-content\/uploads\/2023\/02\/a1-34-196x300.jpg 196w, https:\/\/ambulantconvoyeurpar.com\/wp-content\/uploads\/2023\/02\/a1-34-669x1024.jpg 669w, https:\/\/ambulantconvoyeurpar.com\/wp-content\/uploads\/2023\/02\/a1-34-768x1175.jpg 768w, https:\/\/ambulantconvoyeurpar.com\/wp-content\/uploads\/2023\/02\/a1-34-1004x1536.jpg 1004w, https:\/\/ambulantconvoyeurpar.com\/wp-content\/uploads\/2023\/02\/a1-34-176x270.jpg 176w\" sizes=\"auto, (max-width: 1241px) 100vw, 1241px\" \/><\/a><\/p>\n\n\n<p><\/p>\n","protected":false},"excerpt":{"rendered":"<p>En 1992, commen\u00e7ait les XVIe Jeux olympiques d\u2019hiver d\u2019Albertville. Plus de 2 milliards de t\u00e9l\u00e9spectateurs de 65 pays devaient suivre cet \u00e9v\u00e9nement sur le petit \u00e9cran, et environ 800 000 spectateurs \u00e9taient attendus sur les 10 sites pour assister aux diff\u00e9rentes \u00e9preuves. Depuis cinq ans d\u00e9j\u00e0 , la Savoie se pr\u00e9parait \u00e0 ce rendez-vous exceptionnel, depuis qu\u2019elle a appris, le 17 octobre 1986 \u00e0 Lausanne, de Juan Antonio Samaranch, pr\u00e9sident du Comit\u00e9 international olympique (CIO) que ces XVIe Jeux d\u2019hiver&#8230;<\/p>\n<p class=\"read-more\"><a class=\"btn btn-default\" href=\"https:\/\/ambulantconvoyeurpar.com\/index.php\/2023\/05\/01\/le-parcours-de-la-flamme-olympique-des-jeux-dhiver-dalbertville-france-1992\/\">Lire la suite<span class=\"screen-reader-text\"> Lire la suite<\/span><\/a><\/p>\n","protected":false},"author":1,"featured_media":0,"comment_status":"open","ping_status":"open","sticky":false,"template":"","format":"standard","meta":{"jetpack_post_was_ever_published":false,"_jetpack_newsletter_access":"","_jetpack_dont_email_post_to_subs":false,"_jetpack_newsletter_tier_id":0,"_jetpack_memberships_contains_paywalled_content":false,"_jetpack_memberships_contains_paid_content":false,"footnotes":"","jetpack_publicize_message":"","jetpack_publicize_feature_enabled":true,"jetpack_social_post_already_shared":true,"jetpack_social_options":{"image_generator_settings":{"template":"highway","default_image_id":0,"font":"","enabled":false},"version":2}},"categories":[58],"tags":[],"class_list":["post-18581","post","type-post","status-publish","format-standard","hentry","category-varia"],"jetpack_publicize_connections":[],"jetpack_featured_media_url":"","jetpack_shortlink":"https:\/\/wp.me\/p91OMs-4PH","jetpack-related-posts":[],"jetpack_sharing_enabled":true,"_links":{"self":[{"href":"https:\/\/ambulantconvoyeurpar.com\/index.php\/wp-json\/wp\/v2\/posts\/18581","targetHints":{"allow":["GET"]}}],"collection":[{"href":"https:\/\/ambulantconvoyeurpar.com\/index.php\/wp-json\/wp\/v2\/posts"}],"about":[{"href":"https:\/\/ambulantconvoyeurpar.com\/index.php\/wp-json\/wp\/v2\/types\/post"}],"author":[{"embeddable":true,"href":"https:\/\/ambulantconvoyeurpar.com\/index.php\/wp-json\/wp\/v2\/users\/1"}],"replies":[{"embeddable":true,"href":"https:\/\/ambulantconvoyeurpar.com\/index.php\/wp-json\/wp\/v2\/comments?post=18581"}],"version-history":[{"count":3,"href":"https:\/\/ambulantconvoyeurpar.com\/index.php\/wp-json\/wp\/v2\/posts\/18581\/revisions"}],"predecessor-version":[{"id":19905,"href":"https:\/\/ambulantconvoyeurpar.com\/index.php\/wp-json\/wp\/v2\/posts\/18581\/revisions\/19905"}],"wp:attachment":[{"href":"https:\/\/ambulantconvoyeurpar.com\/index.php\/wp-json\/wp\/v2\/media?parent=18581"}],"wp:term":[{"taxonomy":"category","embeddable":true,"href":"https:\/\/ambulantconvoyeurpar.com\/index.php\/wp-json\/wp\/v2\/categories?post=18581"},{"taxonomy":"post_tag","embeddable":true,"href":"https:\/\/ambulantconvoyeurpar.com\/index.php\/wp-json\/wp\/v2\/tags?post=18581"}],"curies":[{"name":"wp","href":"https:\/\/api.w.org\/{rel}","templated":true}]}}