{"id":187,"date":"2018-02-12T09:26:10","date_gmt":"2018-02-12T08:26:10","guid":{"rendered":"http:\/\/ambulantconvoyeurpar.com\/?p=187"},"modified":"2023-10-11T08:29:46","modified_gmt":"2023-10-11T06:29:46","slug":"les-obliterations-entrepots-du-departement-du-doubs-25","status":"publish","type":"post","link":"https:\/\/ambulantconvoyeurpar.com\/index.php\/2018\/02\/12\/les-obliterations-entrepots-du-departement-du-doubs-25\/","title":{"rendered":"les oblit\u00e9rations entrep\u00f4ts du d\u00e9partement du Doubs 25"},"content":{"rendered":"<p>Article modifi\u00e9 le 30\/11\/2022.<\/p>\n<h3>Besan\u00e7on entrep\u00f4t: ouverture:\u00a0<span style=\"color: #0000ff;\">01\/01\/1937.<\/span> Fermeture:<span style=\"color: #0000ff;\"> dernier jour de service le 06\/04\/1991.<\/span><\/h3>\n<p><span style=\"color: #ff0000;\">Type A4,<\/span> signal\u00e9 1939\/47<\/p>\n<p><a href=\"http:\/\/ambulantconvoyeurpar.com\/wp-content\/uploads\/2017\/10\/besancon-entrepot-doubs-25.jpg\"><img loading=\"lazy\" decoding=\"async\" class=\"alignnone size-medium wp-image-1250\" src=\"http:\/\/ambulantconvoyeurpar.com\/wp-content\/uploads\/2017\/10\/besancon-entrepot-doubs-25-300x257.jpg\" alt=\"\" width=\"300\" height=\"257\" srcset=\"https:\/\/ambulantconvoyeurpar.com\/wp-content\/uploads\/2017\/10\/besancon-entrepot-doubs-25-300x257.jpg 300w, https:\/\/ambulantconvoyeurpar.com\/wp-content\/uploads\/2017\/10\/besancon-entrepot-doubs-25-316x270.jpg 316w, https:\/\/ambulantconvoyeurpar.com\/wp-content\/uploads\/2017\/10\/besancon-entrepot-doubs-25.jpg 532w\" sizes=\"auto, (max-width: 300px) 100vw, 300px\" \/><\/a><\/p>\n<p><span style=\"color: #ff0000;\">Type A6,<\/span> signal\u00e9 1948\/52 avec variante: grandes lettres ou petites lettres.<\/p>\n<p><a href=\"http:\/\/ambulantconvoyeurpar.com\/index.php\/2018\/02\/12\/les-obliterations-entrepots-du-departement-du-doubs-25\/a-254\/\" rel=\"attachment wp-att-5506\"><img loading=\"lazy\" decoding=\"async\" class=\"alignnone size-medium wp-image-5506\" src=\"http:\/\/ambulantconvoyeurpar.com\/wp-content\/uploads\/2018\/02\/a-300x141.jpg\" alt=\"\" width=\"300\" height=\"141\" srcset=\"https:\/\/ambulantconvoyeurpar.com\/wp-content\/uploads\/2018\/02\/a-300x141.jpg 300w, https:\/\/ambulantconvoyeurpar.com\/wp-content\/uploads\/2018\/02\/a-768x361.jpg 768w, https:\/\/ambulantconvoyeurpar.com\/wp-content\/uploads\/2018\/02\/a-575x270.jpg 575w, https:\/\/ambulantconvoyeurpar.com\/wp-content\/uploads\/2018\/02\/a.jpg 948w\" sizes=\"auto, (max-width: 300px) 100vw, 300px\" \/><\/a>\u00a0 \u00a0 <a href=\"http:\/\/ambulantconvoyeurpar.com\/wp-content\/uploads\/2017\/10\/entrepot-besan\u00e7on-25.jpg\"><img loading=\"lazy\" decoding=\"async\" class=\"alignnone size-medium wp-image-1251\" src=\"http:\/\/ambulantconvoyeurpar.com\/wp-content\/uploads\/2017\/10\/entrepot-besan\u00e7on-25-300x145.jpg\" alt=\"\" width=\"300\" height=\"145\" srcset=\"https:\/\/ambulantconvoyeurpar.com\/wp-content\/uploads\/2017\/10\/entrepot-besan\u00e7on-25-300x145.jpg 300w, https:\/\/ambulantconvoyeurpar.com\/wp-content\/uploads\/2017\/10\/entrepot-besan\u00e7on-25-768x370.jpg 768w, https:\/\/ambulantconvoyeurpar.com\/wp-content\/uploads\/2017\/10\/entrepot-besan\u00e7on-25-560x270.jpg 560w, https:\/\/ambulantconvoyeurpar.com\/wp-content\/uploads\/2017\/10\/entrepot-besan\u00e7on-25.jpg 852w\" sizes=\"auto, (max-width: 300px) 100vw, 300px\" \/><\/a><\/p>\n<p><span style=\"color: #ff0000;\">Type A7,<\/span> signal\u00e9 1951\/63<\/p>\n<p><a href=\"http:\/\/ambulantconvoyeurpar.com\/wp-content\/uploads\/2017\/10\/besancon-entrepot-doubs-25.jpg1_.jpg\"><img loading=\"lazy\" decoding=\"async\" class=\"alignnone size-medium wp-image-1252\" src=\"http:\/\/ambulantconvoyeurpar.com\/wp-content\/uploads\/2017\/10\/besancon-entrepot-doubs-25.jpg1_-300x158.jpg\" alt=\"\" width=\"300\" height=\"158\" srcset=\"https:\/\/ambulantconvoyeurpar.com\/wp-content\/uploads\/2017\/10\/besancon-entrepot-doubs-25.jpg1_-300x158.jpg 300w, https:\/\/ambulantconvoyeurpar.com\/wp-content\/uploads\/2017\/10\/besancon-entrepot-doubs-25.jpg1_-768x404.jpg 768w, https:\/\/ambulantconvoyeurpar.com\/wp-content\/uploads\/2017\/10\/besancon-entrepot-doubs-25.jpg1_-514x270.jpg 514w, https:\/\/ambulantconvoyeurpar.com\/wp-content\/uploads\/2017\/10\/besancon-entrepot-doubs-25.jpg1_.jpg 782w\" sizes=\"auto, (max-width: 300px) 100vw, 300px\" \/><\/a><\/p>\n<p><span style=\"color: #ff0000;\">Type A8,<\/span> signal\u00e9 1963\/68<\/p>\n<p><a href=\"http:\/\/ambulantconvoyeurpar.com\/wp-content\/uploads\/2017\/10\/besancon-entrepot-doubs-25.jpg2_.jpg\"><img loading=\"lazy\" decoding=\"async\" class=\"alignnone size-medium wp-image-1253\" src=\"http:\/\/ambulantconvoyeurpar.com\/wp-content\/uploads\/2017\/10\/besancon-entrepot-doubs-25.jpg2_-300x129.jpg\" alt=\"\" width=\"300\" height=\"129\" srcset=\"https:\/\/ambulantconvoyeurpar.com\/wp-content\/uploads\/2017\/10\/besancon-entrepot-doubs-25.jpg2_-300x129.jpg 300w, https:\/\/ambulantconvoyeurpar.com\/wp-content\/uploads\/2017\/10\/besancon-entrepot-doubs-25.jpg2_.jpg 552w\" sizes=\"auto, (max-width: 300px) 100vw, 300px\" \/><\/a><\/p>\n<p><span style=\"color: #ff0000;\">Type A9<\/span>, signal\u00e9 1968\/91 avec variante: heure ou \u00e9toile dans le dateur.<\/p>\n<p><a href=\"http:\/\/ambulantconvoyeurpar.com\/wp-content\/uploads\/2018\/02\/entrepot-doubs1.jpg\"><img loading=\"lazy\" decoding=\"async\" class=\"alignnone size-full wp-image-2542\" src=\"http:\/\/ambulantconvoyeurpar.com\/wp-content\/uploads\/2018\/02\/entrepot-doubs1.jpg\" alt=\"\" width=\"131\" height=\"138\" \/><\/a><a href=\"http:\/\/ambulantconvoyeurpar.com\/wp-content\/uploads\/2017\/10\/entrepot-besan\u00e7on-25-1.jpg\">\u00a0 <img loading=\"lazy\" decoding=\"async\" class=\"alignnone size-medium wp-image-1255\" src=\"http:\/\/ambulantconvoyeurpar.com\/wp-content\/uploads\/2017\/10\/entrepot-besan\u00e7on-25-1-232x300.jpg\" alt=\"\" width=\"232\" height=\"300\" srcset=\"https:\/\/ambulantconvoyeurpar.com\/wp-content\/uploads\/2017\/10\/entrepot-besan\u00e7on-25-1-232x300.jpg 232w, https:\/\/ambulantconvoyeurpar.com\/wp-content\/uploads\/2017\/10\/entrepot-besan\u00e7on-25-1-209x270.jpg 209w, https:\/\/ambulantconvoyeurpar.com\/wp-content\/uploads\/2017\/10\/entrepot-besan\u00e7on-25-1.jpg 430w\" sizes=\"auto, (max-width: 232px) 100vw, 232px\" \/>\u00a0\u00a0<\/a><\/p>\n<p><span style=\"color: #ff0000;\">Oblit\u00e9ration m\u00e9canique de type secap 5LO, non cod\u00e9e, signal\u00e9e 1958\/66<\/span><\/p>\n<p><a href=\"http:\/\/ambulantconvoyeurpar.com\/wp-content\/uploads\/2017\/10\/entrepot-besan\u00e7on-25-2.jpg\"><img loading=\"lazy\" decoding=\"async\" class=\"alignnone size-medium wp-image-1258\" src=\"http:\/\/ambulantconvoyeurpar.com\/wp-content\/uploads\/2017\/10\/entrepot-besan\u00e7on-25-2-300x115.jpg\" alt=\"\" width=\"300\" height=\"115\" srcset=\"https:\/\/ambulantconvoyeurpar.com\/wp-content\/uploads\/2017\/10\/entrepot-besan\u00e7on-25-2-300x115.jpg 300w, https:\/\/ambulantconvoyeurpar.com\/wp-content\/uploads\/2017\/10\/entrepot-besan\u00e7on-25-2-768x294.jpg 768w, https:\/\/ambulantconvoyeurpar.com\/wp-content\/uploads\/2017\/10\/entrepot-besan\u00e7on-25-2-1024x391.jpg 1024w, https:\/\/ambulantconvoyeurpar.com\/wp-content\/uploads\/2017\/10\/entrepot-besan\u00e7on-25-2-604x231.jpg 604w, https:\/\/ambulantconvoyeurpar.com\/wp-content\/uploads\/2017\/10\/entrepot-besan\u00e7on-25-2.jpg 1062w\" sizes=\"auto, (max-width: 300px) 100vw, 300px\" \/><\/a><\/p>\n<p><span style=\"color: #ff0000;\">Oblit\u00e9ration m\u00e9canique de type secap illustr\u00e9e, non cod\u00e9e, signal\u00e9e du 29\/03 au 01\/04\/65<\/span><\/p>\n<p>les PTT vous offrent<\/p>\n<p><span style=\"color: #ff0000;\">Oblit\u00e9ration m\u00e9canique de type secap illustr\u00e9e,\u00a0 cod\u00e9e, signal\u00e9e du 19 au 31\/12\/67<\/span><\/p>\n<p><a href=\"http:\/\/ambulantconvoyeurpar.com\/index.php\/2018\/02\/12\/les-obliterations-entrepots-du-departement-du-doubs-25\/entrepot-25-besancon\/\" rel=\"attachment wp-att-5897\"><img loading=\"lazy\" decoding=\"async\" class=\"alignnone size-medium wp-image-5897\" src=\"http:\/\/ambulantconvoyeurpar.com\/wp-content\/uploads\/2018\/02\/entrepot-25-besan\u00e7on-300x164.jpg\" alt=\"\" width=\"300\" height=\"164\" srcset=\"https:\/\/ambulantconvoyeurpar.com\/wp-content\/uploads\/2018\/02\/entrepot-25-besan\u00e7on-300x164.jpg 300w, https:\/\/ambulantconvoyeurpar.com\/wp-content\/uploads\/2018\/02\/entrepot-25-besan\u00e7on-768x420.jpg 768w, https:\/\/ambulantconvoyeurpar.com\/wp-content\/uploads\/2018\/02\/entrepot-25-besan\u00e7on-493x270.jpg 493w, https:\/\/ambulantconvoyeurpar.com\/wp-content\/uploads\/2018\/02\/entrepot-25-besan\u00e7on.jpg 1005w\" sizes=\"auto, (max-width: 300px) 100vw, 300px\" \/><\/a><\/p>\n<p><span style=\"color: #ff0000;\">Oblit\u00e9ration m\u00e9canique de type secap 5LO, cod\u00e9e, signal\u00e9e 1966\/91<\/span><\/p>\n<p><a href=\"http:\/\/ambulantconvoyeurpar.com\/wp-content\/uploads\/2017\/10\/entrepot-besan\u00e7on-25-3.jpg\"><img loading=\"lazy\" decoding=\"async\" class=\"alignnone size-medium wp-image-1259\" src=\"http:\/\/ambulantconvoyeurpar.com\/wp-content\/uploads\/2017\/10\/entrepot-besan\u00e7on-25-3-300x109.jpg\" alt=\"\" width=\"300\" height=\"109\" srcset=\"https:\/\/ambulantconvoyeurpar.com\/wp-content\/uploads\/2017\/10\/entrepot-besan\u00e7on-25-3-300x109.jpg 300w, https:\/\/ambulantconvoyeurpar.com\/wp-content\/uploads\/2017\/10\/entrepot-besan\u00e7on-25-3-768x278.jpg 768w, https:\/\/ambulantconvoyeurpar.com\/wp-content\/uploads\/2017\/10\/entrepot-besan\u00e7on-25-3-1024x371.jpg 1024w, https:\/\/ambulantconvoyeurpar.com\/wp-content\/uploads\/2017\/10\/entrepot-besan\u00e7on-25-3-604x219.jpg 604w, https:\/\/ambulantconvoyeurpar.com\/wp-content\/uploads\/2017\/10\/entrepot-besan\u00e7on-25-3-1038x377.jpg 1038w, https:\/\/ambulantconvoyeurpar.com\/wp-content\/uploads\/2017\/10\/entrepot-besan\u00e7on-25-3.jpg 1041w\" sizes=\"auto, (max-width: 300px) 100vw, 300px\" \/><\/a><\/p>\n<p><span style=\"color: #ff0000;\">Oblit\u00e9ration m\u00e9canique de type secap illustr\u00e9e, cod\u00e9e, signal\u00e9e 1975<\/span><\/p>\n<figure id=\"attachment_5899\" aria-describedby=\"caption-attachment-5899\" style=\"width: 300px\" class=\"wp-caption aligncenter\"><a href=\"http:\/\/ambulantconvoyeurpar.com\/index.php\/2018\/02\/12\/les-obliterations-entrepots-du-departement-du-doubs-25\/entrepot-25-besancon1\/\" rel=\"attachment wp-att-5899\"><img loading=\"lazy\" decoding=\"async\" class=\"wp-image-5899 size-medium\" src=\"https:\/\/ambulantconvoyeurpar.com\/wp-content\/uploads\/2018\/02\/entrepot-25-besan\u00e7on1-300x180.jpg\" alt=\"\" width=\"300\" height=\"180\" srcset=\"https:\/\/ambulantconvoyeurpar.com\/wp-content\/uploads\/2018\/02\/entrepot-25-besan\u00e7on1-300x180.jpg 300w, https:\/\/ambulantconvoyeurpar.com\/wp-content\/uploads\/2018\/02\/entrepot-25-besan\u00e7on1-768x461.jpg 768w, https:\/\/ambulantconvoyeurpar.com\/wp-content\/uploads\/2018\/02\/entrepot-25-besan\u00e7on1-450x270.jpg 450w, https:\/\/ambulantconvoyeurpar.com\/wp-content\/uploads\/2018\/02\/entrepot-25-besan\u00e7on1.jpg 968w\" sizes=\"auto, (max-width: 300px) 100vw, 300px\" \/><\/a><figcaption id=\"caption-attachment-5899\" class=\"wp-caption-text\">\u00e9mise en d\u00e9cembre 75<\/figcaption><\/figure>\n<p><span style=\"color: #ff0000;\">Oblit\u00e9ration m\u00e9canique de type secap 5LO, cod\u00e9e, signal\u00e9e \u00e0 partir de 1983, \u00e9toile \u00e0 la place de l&rsquo;heure.<\/span><\/p>\n<p><a href=\"http:\/\/ambulantconvoyeurpar.com\/wp-content\/uploads\/2017\/10\/entrepot-besan\u00e7on-25-40001.jpg\"><img loading=\"lazy\" decoding=\"async\" class=\"alignnone size-medium wp-image-1260\" src=\"http:\/\/ambulantconvoyeurpar.com\/wp-content\/uploads\/2017\/10\/entrepot-besan\u00e7on-25-40001-300x125.jpg\" alt=\"\" width=\"300\" height=\"125\" srcset=\"https:\/\/ambulantconvoyeurpar.com\/wp-content\/uploads\/2017\/10\/entrepot-besan\u00e7on-25-40001-300x125.jpg 300w, https:\/\/ambulantconvoyeurpar.com\/wp-content\/uploads\/2017\/10\/entrepot-besan\u00e7on-25-40001-768x319.jpg 768w, https:\/\/ambulantconvoyeurpar.com\/wp-content\/uploads\/2017\/10\/entrepot-besan\u00e7on-25-40001-604x251.jpg 604w, https:\/\/ambulantconvoyeurpar.com\/wp-content\/uploads\/2017\/10\/entrepot-besan\u00e7on-25-40001.jpg 982w\" sizes=\"auto, (max-width: 300px) 100vw, 300px\" \/><\/a><\/p>\n<hr \/>\n<h3>Montb\u00e9liard entrep\u00f4t: ouverture? Fermeture?<\/h3>\n<p><span style=\"color: #993366;\">Type A4\/A6\/A7 = entrep\u00f4t de Montb\u00e9liard. Type A8\/A9 = Montb\u00e9liard entrep\u00f4t.<\/span><\/p>\n<p><span style=\"color: #ff0000;\">Type A4,<\/span> signal\u00e9 1931\/1947<\/p>\n<p><a href=\"http:\/\/ambulantconvoyeurpar.com\/index.php\/2018\/02\/12\/les-obliterations-entrepots-du-departement-du-doubs-25\/a-895\/\" rel=\"attachment wp-att-8521\"><img loading=\"lazy\" decoding=\"async\" class=\"alignnone size-full wp-image-8521\" src=\"http:\/\/ambulantconvoyeurpar.com\/wp-content\/uploads\/2018\/02\/a-2.jpg\" alt=\"\" width=\"807\" height=\"550\" srcset=\"https:\/\/ambulantconvoyeurpar.com\/wp-content\/uploads\/2018\/02\/a-2.jpg 807w, https:\/\/ambulantconvoyeurpar.com\/wp-content\/uploads\/2018\/02\/a-2-300x204.jpg 300w, https:\/\/ambulantconvoyeurpar.com\/wp-content\/uploads\/2018\/02\/a-2-768x523.jpg 768w, https:\/\/ambulantconvoyeurpar.com\/wp-content\/uploads\/2018\/02\/a-2-396x270.jpg 396w\" sizes=\"auto, (max-width: 807px) 100vw, 807px\" \/><\/a><\/p>\n<p><span style=\"color: #ff0000;\">Type A6<\/span>, signal\u00e9 1948\/50<\/p>\n<p><a href=\"http:\/\/ambulantconvoyeurpar.com\/wp-content\/uploads\/2017\/10\/entrepot-montbeliard-1950-doubs-26.jpg\"><img loading=\"lazy\" decoding=\"async\" class=\"alignnone size-full wp-image-1263\" src=\"http:\/\/ambulantconvoyeurpar.com\/wp-content\/uploads\/2017\/10\/entrepot-montbeliard-1950-doubs-26.jpg\" alt=\"\" width=\"449\" height=\"186\" srcset=\"https:\/\/ambulantconvoyeurpar.com\/wp-content\/uploads\/2017\/10\/entrepot-montbeliard-1950-doubs-26.jpg 449w, https:\/\/ambulantconvoyeurpar.com\/wp-content\/uploads\/2017\/10\/entrepot-montbeliard-1950-doubs-26-300x124.jpg 300w\" sizes=\"auto, (max-width: 449px) 100vw, 449px\" \/><\/a><\/p>\n<p><span style=\"color: #ff0000;\">Type A7,<\/span> signal\u00e9 1951\/62<\/p>\n<p><a href=\"http:\/\/ambulantconvoyeurpar.com\/wp-content\/uploads\/2018\/01\/entrepot-doubs.jpg\"><img loading=\"lazy\" decoding=\"async\" class=\"alignnone size-full wp-image-2540\" src=\"http:\/\/ambulantconvoyeurpar.com\/wp-content\/uploads\/2018\/01\/entrepot-doubs.jpg\" alt=\"\" width=\"150\" height=\"141\" \/><\/a><a href=\"http:\/\/ambulantconvoyeurpar.com\/wp-content\/uploads\/2017\/10\/entrepot-montbeliard25.jpg\">\u00a0<\/a><\/p>\n<p><span style=\"color: #ff0000;\">Type A8,<\/span> signal\u00e9 1958\/68<\/p>\n<p><a href=\"http:\/\/ambulantconvoyeurpar.com\/wp-content\/uploads\/2017\/10\/entrepot-montbeliard25.jpg10001.jpg\"><img loading=\"lazy\" decoding=\"async\" class=\"alignnone size-medium wp-image-1265\" src=\"http:\/\/ambulantconvoyeurpar.com\/wp-content\/uploads\/2017\/10\/entrepot-montbeliard25.jpg10001-300x196.jpg\" alt=\"\" width=\"300\" height=\"196\" srcset=\"https:\/\/ambulantconvoyeurpar.com\/wp-content\/uploads\/2017\/10\/entrepot-montbeliard25.jpg10001-300x196.jpg 300w, https:\/\/ambulantconvoyeurpar.com\/wp-content\/uploads\/2017\/10\/entrepot-montbeliard25.jpg10001-768x501.jpg 768w, https:\/\/ambulantconvoyeurpar.com\/wp-content\/uploads\/2017\/10\/entrepot-montbeliard25.jpg10001-414x270.jpg 414w, https:\/\/ambulantconvoyeurpar.com\/wp-content\/uploads\/2017\/10\/entrepot-montbeliard25.jpg10001.jpg 896w\" sizes=\"auto, (max-width: 300px) 100vw, 300px\" \/><\/a><\/p>\n<p><span style=\"color: #ff0000;\">Type A9,<\/span> signal\u00e9 1969\/88<\/p>\n<p><a href=\"http:\/\/ambulantconvoyeurpar.com\/wp-content\/uploads\/2018\/01\/entrepot-25-montbeliard-doubs.jpg\"><img loading=\"lazy\" decoding=\"async\" class=\"alignnone size-medium wp-image-2387\" src=\"http:\/\/ambulantconvoyeurpar.com\/wp-content\/uploads\/2018\/01\/entrepot-25-montbeliard-doubs-196x300.jpg\" alt=\"\" width=\"196\" height=\"300\" srcset=\"https:\/\/ambulantconvoyeurpar.com\/wp-content\/uploads\/2018\/01\/entrepot-25-montbeliard-doubs-196x300.jpg 196w, https:\/\/ambulantconvoyeurpar.com\/wp-content\/uploads\/2018\/01\/entrepot-25-montbeliard-doubs-177x270.jpg 177w, https:\/\/ambulantconvoyeurpar.com\/wp-content\/uploads\/2018\/01\/entrepot-25-montbeliard-doubs.jpg 250w\" sizes=\"auto, (max-width: 196px) 100vw, 196px\" \/><\/a><\/p>\n<p><span style=\"color: #ff0000;\">Oblit\u00e9ration m\u00e9canique de type secap 5LO, non cod\u00e9e, signal\u00e9e 1962\/66<\/span><\/p>\n<p><a href=\"http:\/\/ambulantconvoyeurpar.com\/wp-content\/uploads\/2017\/10\/montbeliard-entrepot-doubs-25.jpg\"><img loading=\"lazy\" decoding=\"async\" class=\"alignnone size-medium wp-image-1267\" src=\"http:\/\/ambulantconvoyeurpar.com\/wp-content\/uploads\/2017\/10\/montbeliard-entrepot-doubs-25-300x106.jpg\" alt=\"\" width=\"300\" height=\"106\" srcset=\"https:\/\/ambulantconvoyeurpar.com\/wp-content\/uploads\/2017\/10\/montbeliard-entrepot-doubs-25-300x106.jpg 300w, https:\/\/ambulantconvoyeurpar.com\/wp-content\/uploads\/2017\/10\/montbeliard-entrepot-doubs-25.jpg 513w\" sizes=\"auto, (max-width: 300px) 100vw, 300px\" \/><\/a><\/p>\n<p><span style=\"color: #ff0000;\">Oblit\u00e9ration m\u00e9canique de type secap illustr\u00e9e, non cod\u00e9e, signal\u00e9e du 08 au 13\/02\/65<\/span><\/p>\n<p>Les PTT vous offrent<\/p>\n<p><span style=\"color: #ff0000;\">Oblit\u00e9ration m\u00e9canique de type secap 5LO, cod\u00e9e, signal\u00e9e 1966\/88, vagues \u00e0 droite, \u00e0 gauche et invers\u00e9es.<\/span><\/p>\n<p><a href=\"http:\/\/ambulantconvoyeurpar.com\/wp-content\/uploads\/2017\/10\/entrepot-montbeliard25.jpg20002.jpg\"><img loading=\"lazy\" decoding=\"async\" class=\"alignnone size-medium wp-image-1268\" src=\"http:\/\/ambulantconvoyeurpar.com\/wp-content\/uploads\/2017\/10\/entrepot-montbeliard25.jpg20002-300x251.jpg\" alt=\"\" width=\"300\" height=\"251\" srcset=\"https:\/\/ambulantconvoyeurpar.com\/wp-content\/uploads\/2017\/10\/entrepot-montbeliard25.jpg20002-300x251.jpg 300w, https:\/\/ambulantconvoyeurpar.com\/wp-content\/uploads\/2017\/10\/entrepot-montbeliard25.jpg20002-768x643.jpg 768w, https:\/\/ambulantconvoyeurpar.com\/wp-content\/uploads\/2017\/10\/entrepot-montbeliard25.jpg20002-1024x858.jpg 1024w, https:\/\/ambulantconvoyeurpar.com\/wp-content\/uploads\/2017\/10\/entrepot-montbeliard25.jpg20002-322x270.jpg 322w, https:\/\/ambulantconvoyeurpar.com\/wp-content\/uploads\/2017\/10\/entrepot-montbeliard25.jpg20002.jpg 1053w\" sizes=\"auto, (max-width: 300px) 100vw, 300px\" \/><\/a><\/p>\n<p><span style=\"color: #ff0000;\">Oblit\u00e9ration m\u00e9canique de type secap illustr\u00e9e, cod\u00e9e, signal\u00e9e 1974\/78<\/span><\/p>\n<p><a href=\"http:\/\/ambulantconvoyeurpar.com\/index.php\/2018\/02\/12\/les-obliterations-entrepots-du-departement-du-doubs-25\/entrepot-25-montbeliard-doubs-1jpg\/\" rel=\"attachment wp-att-5900\"><img loading=\"lazy\" decoding=\"async\" class=\"alignnone size-medium wp-image-5900\" src=\"http:\/\/ambulantconvoyeurpar.com\/wp-content\/uploads\/2018\/02\/entrepot-25-montbeliard-doubs.1jpg-300x188.jpg\" alt=\"\" width=\"300\" height=\"188\" srcset=\"https:\/\/ambulantconvoyeurpar.com\/wp-content\/uploads\/2018\/02\/entrepot-25-montbeliard-doubs.1jpg-300x188.jpg 300w, https:\/\/ambulantconvoyeurpar.com\/wp-content\/uploads\/2018\/02\/entrepot-25-montbeliard-doubs.1jpg-768x482.jpg 768w, https:\/\/ambulantconvoyeurpar.com\/wp-content\/uploads\/2018\/02\/entrepot-25-montbeliard-doubs.1jpg-430x270.jpg 430w, https:\/\/ambulantconvoyeurpar.com\/wp-content\/uploads\/2018\/02\/entrepot-25-montbeliard-doubs.1jpg.jpg 966w\" sizes=\"auto, (max-width: 300px) 100vw, 300px\" \/><\/a><\/p>\n<p><span style=\"color: #ff0000;\">Oblit\u00e9ration m\u00e9canique de type secap illustr\u00e9e, cod\u00e9e, signal\u00e9e 1976<\/span><\/p>\n<figure id=\"attachment_1269\" aria-describedby=\"caption-attachment-1269\" style=\"width: 300px\" class=\"wp-caption aligncenter\"><a href=\"http:\/\/ambulantconvoyeurpar.com\/wp-content\/uploads\/2017\/10\/doubs-dept-n-25-montbeliard-entrepot-.jpg\"><img loading=\"lazy\" decoding=\"async\" class=\"wp-image-1269 size-medium\" src=\"https:\/\/ambulantconvoyeurpar.com\/wp-content\/uploads\/2017\/10\/doubs-dept-n-25-montbeliard-entrepot--300x173.jpg\" alt=\"\" width=\"300\" height=\"173\" srcset=\"https:\/\/ambulantconvoyeurpar.com\/wp-content\/uploads\/2017\/10\/doubs-dept-n-25-montbeliard-entrepot--300x173.jpg 300w, https:\/\/ambulantconvoyeurpar.com\/wp-content\/uploads\/2017\/10\/doubs-dept-n-25-montbeliard-entrepot--768x443.jpg 768w, https:\/\/ambulantconvoyeurpar.com\/wp-content\/uploads\/2017\/10\/doubs-dept-n-25-montbeliard-entrepot--468x270.jpg 468w, https:\/\/ambulantconvoyeurpar.com\/wp-content\/uploads\/2017\/10\/doubs-dept-n-25-montbeliard-entrepot-.jpg 881w\" sizes=\"auto, (max-width: 300px) 100vw, 300px\" \/><\/a><figcaption id=\"caption-attachment-1269\" class=\"wp-caption-text\">Emise en mai 76<\/figcaption><\/figure>\n<p><span style=\"color: #ff0000;\">Oblit\u00e9ration m\u00e9canique de type secap illustr\u00e9e,\u00a0 cod\u00e9e, signal\u00e9e 1984<\/span><\/p>\n<p><a href=\"http:\/\/ambulantconvoyeurpar.com\/wp-content\/uploads\/2017\/10\/entrepot-besan\u00e7on-25-50003.jpg\"><img loading=\"lazy\" decoding=\"async\" class=\"alignnone size-full wp-image-1261\" src=\"http:\/\/ambulantconvoyeurpar.com\/wp-content\/uploads\/2017\/10\/entrepot-besan\u00e7on-25-50003.jpg\" alt=\"\" width=\"2428\" height=\"825\" srcset=\"https:\/\/ambulantconvoyeurpar.com\/wp-content\/uploads\/2017\/10\/entrepot-besan\u00e7on-25-50003.jpg 2428w, https:\/\/ambulantconvoyeurpar.com\/wp-content\/uploads\/2017\/10\/entrepot-besan\u00e7on-25-50003-300x102.jpg 300w, https:\/\/ambulantconvoyeurpar.com\/wp-content\/uploads\/2017\/10\/entrepot-besan\u00e7on-25-50003-768x261.jpg 768w, https:\/\/ambulantconvoyeurpar.com\/wp-content\/uploads\/2017\/10\/entrepot-besan\u00e7on-25-50003-1024x348.jpg 1024w, https:\/\/ambulantconvoyeurpar.com\/wp-content\/uploads\/2017\/10\/entrepot-besan\u00e7on-25-50003-604x205.jpg 604w\" sizes=\"auto, (max-width: 2428px) 100vw, 2428px\" \/><\/a><\/p>\n<p><span style=\"color: #ff0000;\">Oblit\u00e9ration m\u00e9canique de type secap illustr\u00e9e, cod\u00e9e, signal\u00e9e du 15\/09 au 10\/10\/1987<\/span><\/p>\n<p><img loading=\"lazy\" decoding=\"async\" class=\"alignnone size-full wp-image-10633\" src=\"http:\/\/ambulantconvoyeurpar.com\/wp-content\/uploads\/2018\/02\/a-4.jpg\" alt=\"\" width=\"681\" height=\"429\" srcset=\"https:\/\/ambulantconvoyeurpar.com\/wp-content\/uploads\/2018\/02\/a-4.jpg 681w, https:\/\/ambulantconvoyeurpar.com\/wp-content\/uploads\/2018\/02\/a-4-300x189.jpg 300w, https:\/\/ambulantconvoyeurpar.com\/wp-content\/uploads\/2018\/02\/a-4-429x270.jpg 429w\" sizes=\"auto, (max-width: 681px) 100vw, 681px\" \/><\/p>\n<hr \/>\n<h3>Pontarlier entrep\u00f4t: ouverture? Fermeture?<\/h3>\n<p><span style=\"color: #ff0000;\">Type A4,<\/span> signal\u00e9 1933\/37<\/p>\n<p><a href=\"https:\/\/ambulantconvoyeurpar.com\/index.php\/2018\/02\/12\/les-obliterations-entrepots-du-departement-du-doubs-25\/a1-834\/\" rel=\"attachment wp-att-17941\"><img loading=\"lazy\" decoding=\"async\" class=\"alignnone size-full wp-image-17941\" src=\"https:\/\/ambulantconvoyeurpar.com\/wp-content\/uploads\/2018\/02\/a1-1.jpg\" alt=\"\" width=\"661\" height=\"328\" srcset=\"https:\/\/ambulantconvoyeurpar.com\/wp-content\/uploads\/2018\/02\/a1-1.jpg 661w, https:\/\/ambulantconvoyeurpar.com\/wp-content\/uploads\/2018\/02\/a1-1-300x149.jpg 300w, https:\/\/ambulantconvoyeurpar.com\/wp-content\/uploads\/2018\/02\/a1-1-544x270.jpg 544w\" sizes=\"auto, (max-width: 661px) 100vw, 661px\" \/><\/a><\/p>\n","protected":false},"excerpt":{"rendered":"<p>Article modifi\u00e9 le 30\/11\/2022. Besan\u00e7on entrep\u00f4t: ouverture:\u00a001\/01\/1937. Fermeture: dernier jour de service le 06\/04\/1991. Type A4, signal\u00e9 1939\/47 Type A6, signal\u00e9 1948\/52 avec variante: grandes lettres ou petites lettres. \u00a0 \u00a0 Type A7, signal\u00e9 1951\/63 Type A8, signal\u00e9 1963\/68 Type A9, signal\u00e9 1968\/91 avec variante: heure ou \u00e9toile dans le dateur. \u00a0 \u00a0\u00a0 Oblit\u00e9ration m\u00e9canique de type secap 5LO, non cod\u00e9e, signal\u00e9e 1958\/66 Oblit\u00e9ration m\u00e9canique de type secap illustr\u00e9e, non cod\u00e9e, signal\u00e9e du 29\/03 au 01\/04\/65 les PTT vous offrent&#8230;<\/p>\n<p class=\"read-more\"><a class=\"btn btn-default\" href=\"https:\/\/ambulantconvoyeurpar.com\/index.php\/2018\/02\/12\/les-obliterations-entrepots-du-departement-du-doubs-25\/\">Lire la suite<span class=\"screen-reader-text\"> Lire la suite<\/span><\/a><\/p>\n","protected":false},"author":1,"featured_media":0,"comment_status":"open","ping_status":"open","sticky":false,"template":"","format":"standard","meta":{"jetpack_post_was_ever_published":false,"_jetpack_newsletter_access":"","_jetpack_dont_email_post_to_subs":false,"_jetpack_newsletter_tier_id":0,"_jetpack_memberships_contains_paywalled_content":false,"_jetpack_memberships_contains_paid_content":false,"footnotes":"","jetpack_publicize_message":"","jetpack_publicize_feature_enabled":true,"jetpack_social_post_already_shared":true,"jetpack_social_options":{"image_generator_settings":{"template":"highway","default_image_id":0,"font":"","enabled":false},"version":2}},"categories":[64,14],"tags":[],"class_list":["post-187","post","type-post","status-publish","format-standard","hentry","category-departements-16-a-30","category-entrepot"],"jetpack_publicize_connections":[],"jetpack_featured_media_url":"","jetpack_shortlink":"https:\/\/wp.me\/p91OMs-31","jetpack-related-posts":[],"jetpack_sharing_enabled":true,"_links":{"self":[{"href":"https:\/\/ambulantconvoyeurpar.com\/index.php\/wp-json\/wp\/v2\/posts\/187","targetHints":{"allow":["GET"]}}],"collection":[{"href":"https:\/\/ambulantconvoyeurpar.com\/index.php\/wp-json\/wp\/v2\/posts"}],"about":[{"href":"https:\/\/ambulantconvoyeurpar.com\/index.php\/wp-json\/wp\/v2\/types\/post"}],"author":[{"embeddable":true,"href":"https:\/\/ambulantconvoyeurpar.com\/index.php\/wp-json\/wp\/v2\/users\/1"}],"replies":[{"embeddable":true,"href":"https:\/\/ambulantconvoyeurpar.com\/index.php\/wp-json\/wp\/v2\/comments?post=187"}],"version-history":[{"count":3,"href":"https:\/\/ambulantconvoyeurpar.com\/index.php\/wp-json\/wp\/v2\/posts\/187\/revisions"}],"predecessor-version":[{"id":21766,"href":"https:\/\/ambulantconvoyeurpar.com\/index.php\/wp-json\/wp\/v2\/posts\/187\/revisions\/21766"}],"wp:attachment":[{"href":"https:\/\/ambulantconvoyeurpar.com\/index.php\/wp-json\/wp\/v2\/media?parent=187"}],"wp:term":[{"taxonomy":"category","embeddable":true,"href":"https:\/\/ambulantconvoyeurpar.com\/index.php\/wp-json\/wp\/v2\/categories?post=187"},{"taxonomy":"post_tag","embeddable":true,"href":"https:\/\/ambulantconvoyeurpar.com\/index.php\/wp-json\/wp\/v2\/tags?post=187"}],"curies":[{"name":"wp","href":"https:\/\/api.w.org\/{rel}","templated":true}]}}