{"id":2028,"date":"2018-03-11T16:09:13","date_gmt":"2018-03-11T15:09:13","guid":{"rendered":"http:\/\/ambulantconvoyeurpar.com\/?p=2028"},"modified":"2026-03-15T13:08:22","modified_gmt":"2026-03-15T12:08:22","slug":"obliteration-mobile-haute-garonne-31","status":"publish","type":"post","link":"https:\/\/ambulantconvoyeurpar.com\/index.php\/2018\/03\/11\/obliteration-mobile-haute-garonne-31\/","title":{"rendered":"Bureau et annexe mobile Haute Garonne 31"},"content":{"rendered":"<p>Article modifi\u00e9 le 08\/03\/2026.<\/p>\n<h3>Aspet<\/h3>\n<p><span style=\"color: #0000ff;\">Mise en service le 02\/05\/1969, fermeture du service le 03\/05\/1976.<\/span><\/p>\n<p><span style=\"color: #ff0000;\">Type A9<\/span><\/p>\n<p>ANNEXE MOBILE 1<\/p>\n<p><a href=\"http:\/\/ambulantconvoyeurpar.com\/wp-content\/uploads\/2018\/01\/mobile-31-mobile-10002.jpg\"><img loading=\"lazy\" decoding=\"async\" class=\"alignnone size-large wp-image-2473\" src=\"http:\/\/ambulantconvoyeurpar.com\/wp-content\/uploads\/2018\/01\/mobile-31-mobile-10002-1024x411.jpg\" alt=\"\" width=\"640\" height=\"257\" srcset=\"https:\/\/ambulantconvoyeurpar.com\/wp-content\/uploads\/2018\/01\/mobile-31-mobile-10002-1024x411.jpg 1024w, https:\/\/ambulantconvoyeurpar.com\/wp-content\/uploads\/2018\/01\/mobile-31-mobile-10002-300x120.jpg 300w, https:\/\/ambulantconvoyeurpar.com\/wp-content\/uploads\/2018\/01\/mobile-31-mobile-10002-768x308.jpg 768w, https:\/\/ambulantconvoyeurpar.com\/wp-content\/uploads\/2018\/01\/mobile-31-mobile-10002-604x243.jpg 604w, https:\/\/ambulantconvoyeurpar.com\/wp-content\/uploads\/2018\/01\/mobile-31-mobile-10002.jpg 1290w\" sizes=\"auto, (max-width: 640px) 100vw, 640px\" \/><\/a><\/p>\n<p>Griffe:<\/p>\n<p>Non rencontr\u00e9e<\/p>\n<h3>Toulouse R.P. (an. mobile N\u00b01)<\/h3>\n<p><span style=\"color: #0000ff;\">Mise en service le 03\/03\/1961, fermeture du service le 03\/05\/1976.<\/span><\/p>\n<p><span style=\"color: #ff0000;\">Type A8<\/span><\/p>\n<p><a href=\"https:\/\/ambulantconvoyeurpar.com\/index.php\/2018\/03\/11\/obliteration-mobile-haute-garonne-31\/a1-520\/\" rel=\"attachment wp-att-16899\"><img loading=\"lazy\" decoding=\"async\" class=\"alignnone size-full wp-image-16899\" src=\"https:\/\/ambulantconvoyeurpar.com\/wp-content\/uploads\/2018\/03\/a1-1.jpg\" alt=\"\" width=\"1312\" height=\"722\" srcset=\"https:\/\/ambulantconvoyeurpar.com\/wp-content\/uploads\/2018\/03\/a1-1.jpg 1312w, https:\/\/ambulantconvoyeurpar.com\/wp-content\/uploads\/2018\/03\/a1-1-300x165.jpg 300w, https:\/\/ambulantconvoyeurpar.com\/wp-content\/uploads\/2018\/03\/a1-1-1024x564.jpg 1024w, https:\/\/ambulantconvoyeurpar.com\/wp-content\/uploads\/2018\/03\/a1-1-768x423.jpg 768w, https:\/\/ambulantconvoyeurpar.com\/wp-content\/uploads\/2018\/03\/a1-1-491x270.jpg 491w\" sizes=\"auto, (max-width: 1312px) 100vw, 1312px\" \/><\/a><\/p>\n<p>Griffe:<\/p>\n<p><a href=\"https:\/\/ambulantconvoyeurpar.com\/index.php\/2018\/03\/11\/obliteration-mobile-haute-garonne-31\/scan-429\/\" rel=\"attachment wp-att-25919\"><img loading=\"lazy\" decoding=\"async\" class=\"alignnone size-full wp-image-25919\" src=\"https:\/\/ambulantconvoyeurpar.com\/wp-content\/uploads\/2018\/03\/Scan-1.jpg\" alt=\"\" width=\"691\" height=\"162\" srcset=\"https:\/\/ambulantconvoyeurpar.com\/wp-content\/uploads\/2018\/03\/Scan-1.jpg 691w, https:\/\/ambulantconvoyeurpar.com\/wp-content\/uploads\/2018\/03\/Scan-1-300x70.jpg 300w, https:\/\/ambulantconvoyeurpar.com\/wp-content\/uploads\/2018\/03\/Scan-1-604x142.jpg 604w\" sizes=\"auto, (max-width: 691px) 100vw, 691px\" \/><\/a><\/p>\n<p>Non rencontr\u00e9e<\/p>\n<p><span style=\"color: #ff0000;\">Type A9<\/span><\/p>\n<p>Non rencontr\u00e9<\/p>\n<h3>Annexe mobile 2<\/h3>\n<p>Dessert les usines de Sud-Aviation, d&rsquo;Onia plus les quartiers p\u00e9riph\u00e9riques de: Bagatelle, Amouroux, Jolimont, Jules-julien, Empalot, Popus, Juncasse, la cit\u00e9 de l&rsquo;Hers, l&rsquo;h\u00f4pital Marchnt et les trois cocus.<br \/>\n<span style=\"color: #ff0000;\">Type A9<\/span><br \/>\nNon rencontr\u00e9<\/p>\n<h3>Toulouse 01 An Mobile 1<\/h3>\n<p><span style=\"color: #ff0000;\">Type A9, <span style=\"color: #000000;\">remplace Toulouse R.P. annexe mobile 1 en type A8. le 23\/11\/67.<\/span><\/span><\/p>\n<p><a href=\"http:\/\/ambulantconvoyeurpar.com\/wp-content\/uploads\/2018\/03\/mobile-31.jpg\"><img loading=\"lazy\" decoding=\"async\" class=\"alignnone size-medium wp-image-4485\" src=\"http:\/\/ambulantconvoyeurpar.com\/wp-content\/uploads\/2018\/03\/mobile-31-300x167.jpg\" alt=\"\" width=\"300\" height=\"167\" srcset=\"https:\/\/ambulantconvoyeurpar.com\/wp-content\/uploads\/2018\/03\/mobile-31-300x167.jpg 300w, https:\/\/ambulantconvoyeurpar.com\/wp-content\/uploads\/2018\/03\/mobile-31-768x427.jpg 768w, https:\/\/ambulantconvoyeurpar.com\/wp-content\/uploads\/2018\/03\/mobile-31-1024x570.jpg 1024w, https:\/\/ambulantconvoyeurpar.com\/wp-content\/uploads\/2018\/03\/mobile-31-485x270.jpg 485w, https:\/\/ambulantconvoyeurpar.com\/wp-content\/uploads\/2018\/03\/mobile-31-1038x576.jpg 1038w, https:\/\/ambulantconvoyeurpar.com\/wp-content\/uploads\/2018\/03\/mobile-31.jpg 1104w\" sizes=\"auto, (max-width: 300px) 100vw, 300px\" \/><\/a><\/p>\n<h3>Toulouse 01 An Mob 2<\/h3>\n<p><span style=\"color: #ff0000;\">Type A9,<span style=\"color: #000000;\">\u00a0remplace Toulouse R.P. annexe mobile 2 en type A8. le 23\/11\/67.<\/span><\/span><\/p>\n<p><a href=\"http:\/\/ambulantconvoyeurpar.com\/wp-content\/uploads\/2018\/03\/mobile-31-1.jpg\"><img loading=\"lazy\" decoding=\"async\" class=\"alignnone size-medium wp-image-4487\" src=\"http:\/\/ambulantconvoyeurpar.com\/wp-content\/uploads\/2018\/03\/mobile-31-1-300x179.jpg\" alt=\"\" width=\"300\" height=\"179\" srcset=\"https:\/\/ambulantconvoyeurpar.com\/wp-content\/uploads\/2018\/03\/mobile-31-1-300x179.jpg 300w, https:\/\/ambulantconvoyeurpar.com\/wp-content\/uploads\/2018\/03\/mobile-31-1-768x459.jpg 768w, https:\/\/ambulantconvoyeurpar.com\/wp-content\/uploads\/2018\/03\/mobile-31-1-1024x612.jpg 1024w, https:\/\/ambulantconvoyeurpar.com\/wp-content\/uploads\/2018\/03\/mobile-31-1-452x270.jpg 452w, https:\/\/ambulantconvoyeurpar.com\/wp-content\/uploads\/2018\/03\/mobile-31-1.jpg 1293w\" sizes=\"auto, (max-width: 300px) 100vw, 300px\" \/><\/a><\/p>\n","protected":false},"excerpt":{"rendered":"<p>Article modifi\u00e9 le 08\/03\/2026. Aspet Mise en service le 02\/05\/1969, fermeture du service le 03\/05\/1976. Type A9 ANNEXE MOBILE 1 Griffe: Non rencontr\u00e9e Toulouse R.P. (an. mobile N\u00b01) Mise en service le 03\/03\/1961, fermeture du service le 03\/05\/1976. Type A8 Griffe: Non rencontr\u00e9e Type A9 Non rencontr\u00e9 Annexe mobile 2 Dessert les usines de Sud-Aviation, d&rsquo;Onia plus les quartiers p\u00e9riph\u00e9riques de: Bagatelle, Amouroux, Jolimont, Jules-julien, Empalot, Popus, Juncasse, la cit\u00e9 de l&rsquo;Hers, l&rsquo;h\u00f4pital Marchnt et les trois cocus. Type A9&#8230;<\/p>\n<p class=\"read-more\"><a class=\"btn btn-default\" href=\"https:\/\/ambulantconvoyeurpar.com\/index.php\/2018\/03\/11\/obliteration-mobile-haute-garonne-31\/\">Lire la suite<span class=\"screen-reader-text\"> Lire la suite<\/span><\/a><\/p>\n","protected":false},"author":1,"featured_media":0,"comment_status":"open","ping_status":"open","sticky":false,"template":"","format":"standard","meta":{"jetpack_post_was_ever_published":false,"_jetpack_newsletter_access":"","_jetpack_dont_email_post_to_subs":false,"_jetpack_newsletter_tier_id":0,"_jetpack_memberships_contains_paywalled_content":false,"_jetpack_memberships_contains_paid_content":false,"footnotes":"","jetpack_publicize_message":"","jetpack_publicize_feature_enabled":true,"jetpack_social_post_already_shared":false,"jetpack_social_options":{"image_generator_settings":{"template":"highway","default_image_id":0,"font":"","enabled":false},"version":2}},"categories":[31,65,9],"tags":[],"class_list":["post-2028","post","type-post","status-publish","format-standard","hentry","category-annexes-et-bureaux-mobiles-france","category-departements-31-a-45","category-poste-automobile"],"jetpack_publicize_connections":[],"jetpack_featured_media_url":"","jetpack_shortlink":"https:\/\/wp.me\/p91OMs-wI","jetpack-related-posts":[],"jetpack_sharing_enabled":true,"_links":{"self":[{"href":"https:\/\/ambulantconvoyeurpar.com\/index.php\/wp-json\/wp\/v2\/posts\/2028","targetHints":{"allow":["GET"]}}],"collection":[{"href":"https:\/\/ambulantconvoyeurpar.com\/index.php\/wp-json\/wp\/v2\/posts"}],"about":[{"href":"https:\/\/ambulantconvoyeurpar.com\/index.php\/wp-json\/wp\/v2\/types\/post"}],"author":[{"embeddable":true,"href":"https:\/\/ambulantconvoyeurpar.com\/index.php\/wp-json\/wp\/v2\/users\/1"}],"replies":[{"embeddable":true,"href":"https:\/\/ambulantconvoyeurpar.com\/index.php\/wp-json\/wp\/v2\/comments?post=2028"}],"version-history":[{"count":3,"href":"https:\/\/ambulantconvoyeurpar.com\/index.php\/wp-json\/wp\/v2\/posts\/2028\/revisions"}],"predecessor-version":[{"id":26226,"href":"https:\/\/ambulantconvoyeurpar.com\/index.php\/wp-json\/wp\/v2\/posts\/2028\/revisions\/26226"}],"wp:attachment":[{"href":"https:\/\/ambulantconvoyeurpar.com\/index.php\/wp-json\/wp\/v2\/media?parent=2028"}],"wp:term":[{"taxonomy":"category","embeddable":true,"href":"https:\/\/ambulantconvoyeurpar.com\/index.php\/wp-json\/wp\/v2\/categories?post=2028"},{"taxonomy":"post_tag","embeddable":true,"href":"https:\/\/ambulantconvoyeurpar.com\/index.php\/wp-json\/wp\/v2\/tags?post=2028"}],"curies":[{"name":"wp","href":"https:\/\/api.w.org\/{rel}","templated":true}]}}