{"id":2069,"date":"2018-03-11T16:25:22","date_gmt":"2018-03-11T15:25:22","guid":{"rendered":"http:\/\/ambulantconvoyeurpar.com\/?p=2069"},"modified":"2026-03-15T13:23:42","modified_gmt":"2026-03-15T12:23:42","slug":"obliteration-mobile-marne-51","status":"publish","type":"post","link":"https:\/\/ambulantconvoyeurpar.com\/index.php\/2018\/03\/11\/obliteration-mobile-marne-51\/","title":{"rendered":"Oblit\u00e9ration mobile Marne 51"},"content":{"rendered":"<p>Article modifi\u00e9 le 15\/03\/26.<\/p>\n<h3>Bassuet<\/h3>\n<p><span style=\"color: #0000ff;\">Mise en service le 02\/08\/1971, fermeture du service? Derni\u00e8re date vue 1994.<\/span><\/p>\n<p><span style=\"color: #ff0000;\">Type A9, <span style=\"color: #000000;\">signal\u00e9 1971\/72<\/span><\/span><\/p>\n<p>Annexe mobile 1<\/p>\n<p>Non rencontr\u00e9<\/p>\n<p><span style=\"color: #ff0000;\">Type A9,<\/span> signal\u00e9 \u00e0 partir du 02\/08\/1972.<\/p>\n<p>BM (bureau mobile)<\/p>\n<p><a href=\"http:\/\/ambulantconvoyeurpar.com\/wp-content\/uploads\/2018\/01\/mobile-51-bassuet-annexe-mobile-10001.jpg\"><img loading=\"lazy\" decoding=\"async\" class=\"alignnone size-full wp-image-2070\" src=\"http:\/\/ambulantconvoyeurpar.com\/wp-content\/uploads\/2018\/01\/mobile-51-bassuet-annexe-mobile-10001.jpg\" alt=\"\" width=\"884\" height=\"525\" srcset=\"https:\/\/ambulantconvoyeurpar.com\/wp-content\/uploads\/2018\/01\/mobile-51-bassuet-annexe-mobile-10001.jpg 884w, https:\/\/ambulantconvoyeurpar.com\/wp-content\/uploads\/2018\/01\/mobile-51-bassuet-annexe-mobile-10001-300x178.jpg 300w, https:\/\/ambulantconvoyeurpar.com\/wp-content\/uploads\/2018\/01\/mobile-51-bassuet-annexe-mobile-10001-768x456.jpg 768w, https:\/\/ambulantconvoyeurpar.com\/wp-content\/uploads\/2018\/01\/mobile-51-bassuet-annexe-mobile-10001-455x270.jpg 455w\" sizes=\"auto, (max-width: 884px) 100vw, 884px\" \/><\/a><\/p>\n<p>Griffe:<\/p>\n<p><a href=\"http:\/\/ambulantconvoyeurpar.com\/wp-content\/uploads\/2018\/01\/mobile-de-51-bassuet-bm-marne-tad-manuel-type-a9-griffe-lineaire.jpg\"><img loading=\"lazy\" decoding=\"async\" class=\"alignnone size-full wp-image-2071\" src=\"http:\/\/ambulantconvoyeurpar.com\/wp-content\/uploads\/2018\/01\/mobile-de-51-bassuet-bm-marne-tad-manuel-type-a9-griffe-lineaire.jpg\" alt=\"\" width=\"226\" height=\"104\" \/><\/a><\/p>\n<h3>Berru<\/h3>\n<p><span style=\"color: #0000ff;\">Mise en service le 15\/11\/1971, fermeture du service le ? Actif en 2005.<\/span><\/p>\n<p><span style=\"color: #ff0000;\">Type A9<\/span><\/p>\n<p>BM<\/p>\n<p><a href=\"http:\/\/ambulantconvoyeurpar.com\/wp-content\/uploads\/2018\/01\/mobile-51-berru-annexe-mobile-1-griffe0003.jpg\"><img loading=\"lazy\" decoding=\"async\" class=\"alignnone size-large wp-image-2074\" src=\"http:\/\/ambulantconvoyeurpar.com\/wp-content\/uploads\/2018\/01\/mobile-51-berru-annexe-mobile-1-griffe0003-1024x669.jpg\" alt=\"\" width=\"640\" height=\"418\" srcset=\"https:\/\/ambulantconvoyeurpar.com\/wp-content\/uploads\/2018\/01\/mobile-51-berru-annexe-mobile-1-griffe0003-1024x669.jpg 1024w, https:\/\/ambulantconvoyeurpar.com\/wp-content\/uploads\/2018\/01\/mobile-51-berru-annexe-mobile-1-griffe0003-300x196.jpg 300w, https:\/\/ambulantconvoyeurpar.com\/wp-content\/uploads\/2018\/01\/mobile-51-berru-annexe-mobile-1-griffe0003-768x502.jpg 768w, https:\/\/ambulantconvoyeurpar.com\/wp-content\/uploads\/2018\/01\/mobile-51-berru-annexe-mobile-1-griffe0003-413x270.jpg 413w, https:\/\/ambulantconvoyeurpar.com\/wp-content\/uploads\/2018\/01\/mobile-51-berru-annexe-mobile-1-griffe0003.jpg 1801w\" sizes=\"auto, (max-width: 640px) 100vw, 640px\" \/><\/a><\/p>\n<h3>Chalons sur Marne R.P.<\/h3>\n<p><span style=\"color: #0000ff;\">Mise en service le 10\/03\/1969, fermeture du service le 09\/02\/1991.<\/span><\/p>\n<p><span style=\"color: #ff0000;\">Type A9<\/span><\/p>\n<p>An. MOB. 1<\/p>\n<p><a href=\"http:\/\/ambulantconvoyeurpar.com\/wp-content\/uploads\/2018\/01\/mobile-51-chalons-annexe-mobile-1-griffe.jpg\"><img loading=\"lazy\" decoding=\"async\" class=\"alignnone size-large wp-image-2075\" src=\"http:\/\/ambulantconvoyeurpar.com\/wp-content\/uploads\/2018\/01\/mobile-51-chalons-annexe-mobile-1-griffe-1024x520.jpg\" alt=\"\" width=\"640\" height=\"325\" srcset=\"https:\/\/ambulantconvoyeurpar.com\/wp-content\/uploads\/2018\/01\/mobile-51-chalons-annexe-mobile-1-griffe-1024x520.jpg 1024w, https:\/\/ambulantconvoyeurpar.com\/wp-content\/uploads\/2018\/01\/mobile-51-chalons-annexe-mobile-1-griffe-300x152.jpg 300w, https:\/\/ambulantconvoyeurpar.com\/wp-content\/uploads\/2018\/01\/mobile-51-chalons-annexe-mobile-1-griffe-768x390.jpg 768w, https:\/\/ambulantconvoyeurpar.com\/wp-content\/uploads\/2018\/01\/mobile-51-chalons-annexe-mobile-1-griffe-532x270.jpg 532w, https:\/\/ambulantconvoyeurpar.com\/wp-content\/uploads\/2018\/01\/mobile-51-chalons-annexe-mobile-1-griffe.jpg 1099w\" sizes=\"auto, (max-width: 640px) 100vw, 640px\" \/><\/a><\/p>\n<p>Griffe:<\/p>\n<p>Non rencontr\u00e9e<\/p>\n<h3>Dommartin Varimont<\/h3>\n<p><span style=\"color: #0000ff;\">Mise en service le 17\/08\/1967, fermeture du service le 30\/06\/1968. Devient Givry en Argonne annexe mobile 1.<\/span><\/p>\n<p><span style=\"color: #ff0000;\">Type A9<\/span><\/p>\n<p>An. MOB. 1<\/p>\n<p>Non rencontr\u00e9<\/p>\n<h3>Faux Fresnay<\/h3>\n<p><span style=\"color: #0000ff;\">Mise en service le 02\/06\/1969 jusqu&rsquo;au 31\/12\/1971 pour l&rsquo;annexe mobile. Devient Faux Fresnay BM.<\/span><\/p>\n<p><span style=\"color: #ff0000;\">Type A9<\/span><\/p>\n<p>An. MOB. 1<\/p>\n<p>Non rencontr\u00e9<\/p>\n<p><span style=\"color: #ff0000;\">Type A9,<\/span> signal\u00e9 du 02\/01\/1972 au 01\/10\/1990. Devient F\u00e8re champenoise GAM.<\/p>\n<p>BM<\/p>\n<p><a href=\"http:\/\/ambulantconvoyeurpar.com\/wp-content\/uploads\/2018\/01\/mobile-51-faux-frenay-mobile-1-griffe0003.jpg\"><img loading=\"lazy\" decoding=\"async\" class=\"alignnone size-medium wp-image-2076\" src=\"http:\/\/ambulantconvoyeurpar.com\/wp-content\/uploads\/2018\/01\/mobile-51-faux-frenay-mobile-1-griffe0003-300x158.jpg\" alt=\"\" width=\"300\" height=\"158\" srcset=\"https:\/\/ambulantconvoyeurpar.com\/wp-content\/uploads\/2018\/01\/mobile-51-faux-frenay-mobile-1-griffe0003-300x158.jpg 300w, https:\/\/ambulantconvoyeurpar.com\/wp-content\/uploads\/2018\/01\/mobile-51-faux-frenay-mobile-1-griffe0003-768x405.jpg 768w, https:\/\/ambulantconvoyeurpar.com\/wp-content\/uploads\/2018\/01\/mobile-51-faux-frenay-mobile-1-griffe0003-511x270.jpg 511w, https:\/\/ambulantconvoyeurpar.com\/wp-content\/uploads\/2018\/01\/mobile-51-faux-frenay-mobile-1-griffe0003.jpg 951w\" sizes=\"auto, (max-width: 300px) 100vw, 300px\" \/><\/a><\/p>\n<p>Griffe:<\/p>\n<p>Non rencontr\u00e9e<\/p>\n<h3>F\u00e8re champenoise<\/h3>\n<p><span style=\"color: #0000ff;\">Mise en service le 01\/10\/1990, fermeture du service le 02\/05\/1991. Remplace Faux Fresnay BM.<\/span><\/p>\n<p><span style=\"color: #ff0000;\">Type A9<\/span><\/p>\n<p>GAM (guichet annexe mobile)<\/p>\n<p>Non rencontr\u00e9<\/p>\n<h3>Givry en Argonne<\/h3>\n<p><span style=\"color: #0000ff;\">Mise en service le 01\/07\/1968, fermeture du service le 01\/07\/1977.<\/span><\/p>\n<p><span style=\"color: #ff0000;\">Type A9, <span style=\"color: #000000;\">remplace Dommartin Varimont.<\/span><\/span><\/p>\n<p>An. MOBILE 1<\/p>\n<p><a href=\"http:\/\/ambulantconvoyeurpar.com\/wp-content\/uploads\/2018\/01\/mobile-51-Givry-mobile-1-griffe.jpg\"><img loading=\"lazy\" decoding=\"async\" class=\"alignnone size-large wp-image-2077\" src=\"http:\/\/ambulantconvoyeurpar.com\/wp-content\/uploads\/2018\/01\/mobile-51-Givry-mobile-1-griffe-1024x715.jpg\" alt=\"\" width=\"640\" height=\"447\" srcset=\"https:\/\/ambulantconvoyeurpar.com\/wp-content\/uploads\/2018\/01\/mobile-51-Givry-mobile-1-griffe-1024x715.jpg 1024w, https:\/\/ambulantconvoyeurpar.com\/wp-content\/uploads\/2018\/01\/mobile-51-Givry-mobile-1-griffe-300x209.jpg 300w, https:\/\/ambulantconvoyeurpar.com\/wp-content\/uploads\/2018\/01\/mobile-51-Givry-mobile-1-griffe-768x536.jpg 768w, https:\/\/ambulantconvoyeurpar.com\/wp-content\/uploads\/2018\/01\/mobile-51-Givry-mobile-1-griffe-387x270.jpg 387w, https:\/\/ambulantconvoyeurpar.com\/wp-content\/uploads\/2018\/01\/mobile-51-Givry-mobile-1-griffe.jpg 1953w\" sizes=\"auto, (max-width: 640px) 100vw, 640px\" \/><\/a><\/p>\n<h3>Jonchery sur Vesle<\/h3>\n<p><span style=\"color: #0000ff;\">Mise en service le 19\/08\/1969, fermeture du service le 28\/07\/1980.<\/span><\/p>\n<p><span style=\"color: #ff0000;\">Type A9<\/span><\/p>\n<p>An. MOB. 1<\/p>\n<p><a href=\"http:\/\/ambulantconvoyeurpar.com\/wp-content\/uploads\/2018\/01\/mobile-51-marne-mobile-1.jpg\"><img loading=\"lazy\" decoding=\"async\" class=\"alignnone size-medium wp-image-2425\" src=\"http:\/\/ambulantconvoyeurpar.com\/wp-content\/uploads\/2018\/01\/mobile-51-marne-mobile-1-300x198.jpg\" alt=\"\" width=\"300\" height=\"198\" srcset=\"https:\/\/ambulantconvoyeurpar.com\/wp-content\/uploads\/2018\/01\/mobile-51-marne-mobile-1-300x198.jpg 300w, https:\/\/ambulantconvoyeurpar.com\/wp-content\/uploads\/2018\/01\/mobile-51-marne-mobile-1-768x508.jpg 768w, https:\/\/ambulantconvoyeurpar.com\/wp-content\/uploads\/2018\/01\/mobile-51-marne-mobile-1-408x270.jpg 408w, https:\/\/ambulantconvoyeurpar.com\/wp-content\/uploads\/2018\/01\/mobile-51-marne-mobile-1.jpg 956w\" sizes=\"auto, (max-width: 300px) 100vw, 300px\" \/><\/a><\/p>\n<h3>La Neuville au Pont<\/h3>\n<p><span style=\"color: #0000ff;\">Mise en service le 23\/09\/1968 jusqu&rsquo;au ? pour l&rsquo;annexe mobile. Devient La Neuville au Pont BM.<\/span><\/p>\n<p><span style=\"color: #ff0000;\">Type A9<\/span><\/p>\n<p>An. MOB. 1<\/p>\n<p><a href=\"http:\/\/ambulantconvoyeurpar.com\/wp-content\/uploads\/2018\/01\/mobile-51-marne-mobile-20002.jpg\"><img loading=\"lazy\" decoding=\"async\" class=\"alignnone size-large wp-image-2424\" src=\"http:\/\/ambulantconvoyeurpar.com\/wp-content\/uploads\/2018\/01\/mobile-51-marne-mobile-20002-1024x632.jpg\" alt=\"\" width=\"640\" height=\"395\" srcset=\"https:\/\/ambulantconvoyeurpar.com\/wp-content\/uploads\/2018\/01\/mobile-51-marne-mobile-20002-1024x632.jpg 1024w, https:\/\/ambulantconvoyeurpar.com\/wp-content\/uploads\/2018\/01\/mobile-51-marne-mobile-20002-300x185.jpg 300w, https:\/\/ambulantconvoyeurpar.com\/wp-content\/uploads\/2018\/01\/mobile-51-marne-mobile-20002-768x474.jpg 768w, https:\/\/ambulantconvoyeurpar.com\/wp-content\/uploads\/2018\/01\/mobile-51-marne-mobile-20002-437x270.jpg 437w, https:\/\/ambulantconvoyeurpar.com\/wp-content\/uploads\/2018\/01\/mobile-51-marne-mobile-20002.jpg 1331w\" sizes=\"auto, (max-width: 640px) 100vw, 640px\" \/><\/a><\/p>\n<p><span style=\"color: #ff0000;\">Type A9,<\/span> d\u00e9but du service? Fermeture du service le 31\/08\/1977.<\/p>\n<p>BM<\/p>\n<p>Non rencontr\u00e9<\/p>\n<h3>Marson<\/h3>\n<p><span style=\"color: #0000ff;\">Mise en service le 01\/04\/1968 jusqu&rsquo;au 31\/12\/1971. Devient Marson BM.<\/span><\/p>\n<p><span style=\"color: #ff0000;\">Type A9<\/span><\/p>\n<p>Annexe mobile 1<\/p>\n<p><a href=\"http:\/\/ambulantconvoyeurpar.com\/wp-content\/uploads\/2018\/01\/mobile-1-4-6-1969-marson.jpg\"><img loading=\"lazy\" decoding=\"async\" class=\"alignnone size-full wp-image-2078\" src=\"http:\/\/ambulantconvoyeurpar.com\/wp-content\/uploads\/2018\/01\/mobile-1-4-6-1969-marson.jpg\" alt=\"\" width=\"335\" height=\"182\" srcset=\"https:\/\/ambulantconvoyeurpar.com\/wp-content\/uploads\/2018\/01\/mobile-1-4-6-1969-marson.jpg 335w, https:\/\/ambulantconvoyeurpar.com\/wp-content\/uploads\/2018\/01\/mobile-1-4-6-1969-marson-300x163.jpg 300w\" sizes=\"auto, (max-width: 335px) 100vw, 335px\" \/><\/a><\/p>\n<p><span style=\"color: #ff0000;\">Type A9,<\/span> d\u00e9but de service le 03\/01\/1972, fermeture du service le 31\/12\/1992.<\/p>\n<p>BM<\/p>\n<p><a href=\"http:\/\/ambulantconvoyeurpar.com\/wp-content\/uploads\/2018\/01\/mobile-51-marson-mobile-1-griffe0002.jpg\"><img loading=\"lazy\" decoding=\"async\" class=\"alignnone size-medium wp-image-2079\" src=\"http:\/\/ambulantconvoyeurpar.com\/wp-content\/uploads\/2018\/01\/mobile-51-marson-mobile-1-griffe0002-300x157.jpg\" alt=\"\" width=\"300\" height=\"157\" srcset=\"https:\/\/ambulantconvoyeurpar.com\/wp-content\/uploads\/2018\/01\/mobile-51-marson-mobile-1-griffe0002-300x157.jpg 300w, https:\/\/ambulantconvoyeurpar.com\/wp-content\/uploads\/2018\/01\/mobile-51-marson-mobile-1-griffe0002-768x402.jpg 768w, https:\/\/ambulantconvoyeurpar.com\/wp-content\/uploads\/2018\/01\/mobile-51-marson-mobile-1-griffe0002-515x270.jpg 515w, https:\/\/ambulantconvoyeurpar.com\/wp-content\/uploads\/2018\/01\/mobile-51-marson-mobile-1-griffe0002.jpg 1023w\" sizes=\"auto, (max-width: 300px) 100vw, 300px\" \/><\/a><\/p>\n<p>Exposition philat\u00e9lique<\/p>\n<p>Non rencontr\u00e9e<\/p>\n<h3>Montmirail<\/h3>\n<p><span style=\"color: #0000ff;\">Mise en service le 16\/12\/1966, fermeture du service le 02\/05\/1991.<\/span><\/p>\n<p>Dessert les communes de Corfelix, Fromenti\u00e8res, le Breuil, la Gault la For\u00eat, Villevenard.<\/p>\n<p><span style=\"color: #ff0000;\">Type A9<\/span><\/p>\n<p>An. MOB. 1<\/p>\n<p><a href=\"http:\/\/ambulantconvoyeurpar.com\/wp-content\/uploads\/2018\/01\/mobile-51-monmirail-mobile-1-griffe0002.jpg\"><img loading=\"lazy\" decoding=\"async\" class=\"alignnone size-medium wp-image-2082\" src=\"http:\/\/ambulantconvoyeurpar.com\/wp-content\/uploads\/2018\/01\/mobile-51-monmirail-mobile-1-griffe0002-300x183.jpg\" alt=\"\" width=\"300\" height=\"183\" srcset=\"https:\/\/ambulantconvoyeurpar.com\/wp-content\/uploads\/2018\/01\/mobile-51-monmirail-mobile-1-griffe0002-300x183.jpg 300w, https:\/\/ambulantconvoyeurpar.com\/wp-content\/uploads\/2018\/01\/mobile-51-monmirail-mobile-1-griffe0002-768x469.jpg 768w, https:\/\/ambulantconvoyeurpar.com\/wp-content\/uploads\/2018\/01\/mobile-51-monmirail-mobile-1-griffe0002-442x270.jpg 442w, https:\/\/ambulantconvoyeurpar.com\/wp-content\/uploads\/2018\/01\/mobile-51-monmirail-mobile-1-griffe0002.jpg 841w\" sizes=\"auto, (max-width: 300px) 100vw, 300px\" \/><\/a><\/p>\n<h3>Reims Ppal<\/h3>\n<p><span style=\"color: #0000ff;\">Mise en service le 01\/12\/1962, devient Reims ANNEXE MOBILE 1\u00a0<\/span><\/p>\n<p><span style=\"color: #ff0000;\">Type A8,<\/span> vu jusqu&rsquo;au 18\/04\/1969.<\/p>\n<p>ANNEXE MOBILE N\u00b01<\/p>\n<p><a href=\"http:\/\/ambulantconvoyeurpar.com\/wp-content\/uploads\/2018\/01\/mobile-51-reims-mobile-1-griffe0003.jpg\"><img loading=\"lazy\" decoding=\"async\" class=\"alignnone size-large wp-image-2083\" src=\"http:\/\/ambulantconvoyeurpar.com\/wp-content\/uploads\/2018\/01\/mobile-51-reims-mobile-1-griffe0003-1024x775.jpg\" alt=\"\" width=\"640\" height=\"484\" srcset=\"https:\/\/ambulantconvoyeurpar.com\/wp-content\/uploads\/2018\/01\/mobile-51-reims-mobile-1-griffe0003-1024x775.jpg 1024w, https:\/\/ambulantconvoyeurpar.com\/wp-content\/uploads\/2018\/01\/mobile-51-reims-mobile-1-griffe0003-300x227.jpg 300w, https:\/\/ambulantconvoyeurpar.com\/wp-content\/uploads\/2018\/01\/mobile-51-reims-mobile-1-griffe0003-768x582.jpg 768w, https:\/\/ambulantconvoyeurpar.com\/wp-content\/uploads\/2018\/01\/mobile-51-reims-mobile-1-griffe0003-357x270.jpg 357w, https:\/\/ambulantconvoyeurpar.com\/wp-content\/uploads\/2018\/01\/mobile-51-reims-mobile-1-griffe0003.jpg 1491w\" sizes=\"auto, (max-width: 640px) 100vw, 640px\" \/><\/a><\/p>\n<h3>Reims<\/h3>\n<p><span style=\"color: #0000ff;\">Fermeture du service le 31\/12\/1975.<\/span><\/p>\n<p><span style=\"color: #ff0000;\">Type A9,<\/span> signal\u00e9 au 03\/12\/1969.<\/p>\n<p>ANNEXE MOBILE 1<\/p>\n<p><a href=\"https:\/\/ambulantconvoyeurpar.com\/index.php\/2018\/03\/11\/obliteration-mobile-marne-51\/a1-2381\/\" rel=\"attachment wp-att-23241\"><img loading=\"lazy\" decoding=\"async\" class=\"alignnone size-large wp-image-23241\" src=\"https:\/\/ambulantconvoyeurpar.com\/wp-content\/uploads\/2018\/03\/a1-20-1024x771.jpg\" alt=\"\" width=\"640\" height=\"482\" srcset=\"https:\/\/ambulantconvoyeurpar.com\/wp-content\/uploads\/2018\/03\/a1-20-1024x771.jpg 1024w, https:\/\/ambulantconvoyeurpar.com\/wp-content\/uploads\/2018\/03\/a1-20-300x226.jpg 300w, https:\/\/ambulantconvoyeurpar.com\/wp-content\/uploads\/2018\/03\/a1-20-768x578.jpg 768w, https:\/\/ambulantconvoyeurpar.com\/wp-content\/uploads\/2018\/03\/a1-20-359x270.jpg 359w, https:\/\/ambulantconvoyeurpar.com\/wp-content\/uploads\/2018\/03\/a1-20.jpg 1201w\" sizes=\"auto, (max-width: 640px) 100vw, 640px\" \/><\/a><\/p>\n<h3>Reims Ppal (AM2)<\/h3>\n<p><span style=\"color: #0000ff;\">Mise en service le 28\/01\/1967, fermeture du service le 20\/05\/1974<\/span><\/p>\n<p><span style=\"color: #ff0000;\">Type A9<\/span><\/p>\n<p>ANNEXE MOBILE 2<\/p>\n<p><a href=\"http:\/\/ambulantconvoyeurpar.com\/wp-content\/uploads\/2018\/01\/mobile-51-reims-mobile-2.jpg\"><img loading=\"lazy\" decoding=\"async\" class=\"alignnone size-full wp-image-2085\" src=\"http:\/\/ambulantconvoyeurpar.com\/wp-content\/uploads\/2018\/01\/mobile-51-reims-mobile-2.jpg\" alt=\"\" width=\"847\" height=\"434\" srcset=\"https:\/\/ambulantconvoyeurpar.com\/wp-content\/uploads\/2018\/01\/mobile-51-reims-mobile-2.jpg 847w, https:\/\/ambulantconvoyeurpar.com\/wp-content\/uploads\/2018\/01\/mobile-51-reims-mobile-2-300x154.jpg 300w, https:\/\/ambulantconvoyeurpar.com\/wp-content\/uploads\/2018\/01\/mobile-51-reims-mobile-2-768x394.jpg 768w, https:\/\/ambulantconvoyeurpar.com\/wp-content\/uploads\/2018\/01\/mobile-51-reims-mobile-2-527x270.jpg 527w\" sizes=\"auto, (max-width: 847px) 100vw, 847px\" \/><\/a><\/p>\n<h3>Saint Remy en Bouzemont<\/h3>\n<p><span style=\"color: #0000ff;\">Mise en service le 01\/10\/1968, fermeture du service le 31\/12\/1980.<\/span><\/p>\n<p><span style=\"color: #ff0000;\">Type A9<\/span><\/p>\n<p>An. MOB. 1<\/p>\n<p><a href=\"http:\/\/ambulantconvoyeurpar.com\/wp-content\/uploads\/2018\/01\/mobile-51-ST-Remy-mobile-1.jpg\"><img loading=\"lazy\" decoding=\"async\" class=\"alignnone size-full wp-image-2086\" src=\"http:\/\/ambulantconvoyeurpar.com\/wp-content\/uploads\/2018\/01\/mobile-51-ST-Remy-mobile-1.jpg\" alt=\"\" width=\"970\" height=\"395\" srcset=\"https:\/\/ambulantconvoyeurpar.com\/wp-content\/uploads\/2018\/01\/mobile-51-ST-Remy-mobile-1.jpg 970w, https:\/\/ambulantconvoyeurpar.com\/wp-content\/uploads\/2018\/01\/mobile-51-ST-Remy-mobile-1-300x122.jpg 300w, https:\/\/ambulantconvoyeurpar.com\/wp-content\/uploads\/2018\/01\/mobile-51-ST-Remy-mobile-1-768x313.jpg 768w, https:\/\/ambulantconvoyeurpar.com\/wp-content\/uploads\/2018\/01\/mobile-51-ST-Remy-mobile-1-604x246.jpg 604w\" sizes=\"auto, (max-width: 970px) 100vw, 970px\" \/><\/a><\/p>\n<p>Griffes:<\/p>\n<p><a href=\"http:\/\/ambulantconvoyeurpar.com\/wp-content\/uploads\/2018\/01\/mobile-51-griffe.jpg\"><img loading=\"lazy\" decoding=\"async\" class=\"alignnone size-full wp-image-2088\" src=\"http:\/\/ambulantconvoyeurpar.com\/wp-content\/uploads\/2018\/01\/mobile-51-griffe.jpg\" alt=\"\" width=\"150\" height=\"51\" \/><\/a><\/p>\n<p><a href=\"http:\/\/ambulantconvoyeurpar.com\/wp-content\/uploads\/2018\/01\/mobile-51-st-remy.jpg\"><img loading=\"lazy\" decoding=\"async\" class=\"alignnone size-full wp-image-2089\" src=\"http:\/\/ambulantconvoyeurpar.com\/wp-content\/uploads\/2018\/01\/mobile-51-st-remy.jpg\" alt=\"\" width=\"238\" height=\"71\" \/><\/a><\/p>\n<h3>Sainte Menehould<\/h3>\n<p><span style=\"color: #0000ff;\">Mise en service le 01\/09\/1977, fermeture du service le 26\/11\/1992.<\/span><\/p>\n<p><span style=\"color: #ff0000;\">Type A9,<\/span> remplace La Neuville au Pont.<\/p>\n<p>An. MOB. 1<\/p>\n<p><span style=\"color: #0000ff;\"><a href=\"http:\/\/ambulantconvoyeurpar.com\/wp-content\/uploads\/2018\/01\/mobile-51-ST-menehould-mobile-1.jpg\"><img loading=\"lazy\" decoding=\"async\" class=\"alignnone size-large wp-image-2087\" src=\"http:\/\/ambulantconvoyeurpar.com\/wp-content\/uploads\/2018\/01\/mobile-51-ST-menehould-mobile-1-1024x714.jpg\" alt=\"\" width=\"640\" height=\"446\" srcset=\"https:\/\/ambulantconvoyeurpar.com\/wp-content\/uploads\/2018\/01\/mobile-51-ST-menehould-mobile-1-1024x714.jpg 1024w, https:\/\/ambulantconvoyeurpar.com\/wp-content\/uploads\/2018\/01\/mobile-51-ST-menehould-mobile-1-300x209.jpg 300w, https:\/\/ambulantconvoyeurpar.com\/wp-content\/uploads\/2018\/01\/mobile-51-ST-menehould-mobile-1-768x536.jpg 768w, https:\/\/ambulantconvoyeurpar.com\/wp-content\/uploads\/2018\/01\/mobile-51-ST-menehould-mobile-1-387x270.jpg 387w, https:\/\/ambulantconvoyeurpar.com\/wp-content\/uploads\/2018\/01\/mobile-51-ST-menehould-mobile-1.jpg 1951w\" sizes=\"auto, (max-width: 640px) 100vw, 640px\" \/><\/a><\/span><\/p>\n","protected":false},"excerpt":{"rendered":"<p>Article modifi\u00e9 le 15\/03\/26. Bassuet Mise en service le 02\/08\/1971, fermeture du service? Derni\u00e8re date vue 1994. Type A9, signal\u00e9 1971\/72 Annexe mobile 1 Non rencontr\u00e9 Type A9, signal\u00e9 \u00e0 partir du 02\/08\/1972. BM (bureau mobile) Griffe: Berru Mise en service le 15\/11\/1971, fermeture du service le ? Actif en 2005. Type A9 BM Chalons sur Marne R.P. Mise en service le 10\/03\/1969, fermeture du service le 09\/02\/1991. Type A9 An. MOB. 1 Griffe: Non rencontr\u00e9e Dommartin Varimont Mise en&#8230;<\/p>\n<p class=\"read-more\"><a class=\"btn btn-default\" href=\"https:\/\/ambulantconvoyeurpar.com\/index.php\/2018\/03\/11\/obliteration-mobile-marne-51\/\">Lire la suite<span class=\"screen-reader-text\"> Lire la suite<\/span><\/a><\/p>\n","protected":false},"author":1,"featured_media":0,"comment_status":"open","ping_status":"open","sticky":false,"template":"","format":"standard","meta":{"jetpack_post_was_ever_published":false,"_jetpack_newsletter_access":"","_jetpack_dont_email_post_to_subs":false,"_jetpack_newsletter_tier_id":0,"_jetpack_memberships_contains_paywalled_content":false,"_jetpack_memberships_contains_paid_content":false,"footnotes":"","jetpack_publicize_message":"","jetpack_publicize_feature_enabled":true,"jetpack_social_post_already_shared":false,"jetpack_social_options":{"image_generator_settings":{"template":"highway","default_image_id":0,"font":"","enabled":false},"version":2}},"categories":[9],"tags":[],"class_list":["post-2069","post","type-post","status-publish","format-standard","hentry","category-poste-automobile"],"jetpack_publicize_connections":[],"jetpack_featured_media_url":"","jetpack_shortlink":"https:\/\/wp.me\/p91OMs-xn","jetpack-related-posts":[],"jetpack_sharing_enabled":true,"_links":{"self":[{"href":"https:\/\/ambulantconvoyeurpar.com\/index.php\/wp-json\/wp\/v2\/posts\/2069","targetHints":{"allow":["GET"]}}],"collection":[{"href":"https:\/\/ambulantconvoyeurpar.com\/index.php\/wp-json\/wp\/v2\/posts"}],"about":[{"href":"https:\/\/ambulantconvoyeurpar.com\/index.php\/wp-json\/wp\/v2\/types\/post"}],"author":[{"embeddable":true,"href":"https:\/\/ambulantconvoyeurpar.com\/index.php\/wp-json\/wp\/v2\/users\/1"}],"replies":[{"embeddable":true,"href":"https:\/\/ambulantconvoyeurpar.com\/index.php\/wp-json\/wp\/v2\/comments?post=2069"}],"version-history":[{"count":3,"href":"https:\/\/ambulantconvoyeurpar.com\/index.php\/wp-json\/wp\/v2\/posts\/2069\/revisions"}],"predecessor-version":[{"id":26232,"href":"https:\/\/ambulantconvoyeurpar.com\/index.php\/wp-json\/wp\/v2\/posts\/2069\/revisions\/26232"}],"wp:attachment":[{"href":"https:\/\/ambulantconvoyeurpar.com\/index.php\/wp-json\/wp\/v2\/media?parent=2069"}],"wp:term":[{"taxonomy":"category","embeddable":true,"href":"https:\/\/ambulantconvoyeurpar.com\/index.php\/wp-json\/wp\/v2\/categories?post=2069"},{"taxonomy":"post_tag","embeddable":true,"href":"https:\/\/ambulantconvoyeurpar.com\/index.php\/wp-json\/wp\/v2\/tags?post=2069"}],"curies":[{"name":"wp","href":"https:\/\/api.w.org\/{rel}","templated":true}]}}