{"id":216,"date":"2018-02-19T08:25:57","date_gmt":"2018-02-19T07:25:57","guid":{"rendered":"http:\/\/ambulantconvoyeurpar.com\/?p=216"},"modified":"2024-07-06T13:33:23","modified_gmt":"2024-07-06T11:33:23","slug":"les-obliterations-entrepots-du-departement-du-jura-39","status":"publish","type":"post","link":"https:\/\/ambulantconvoyeurpar.com\/index.php\/2018\/02\/19\/les-obliterations-entrepots-du-departement-du-jura-39\/","title":{"rendered":"les oblit\u00e9rations entrep\u00f4ts du d\u00e9partement du Jura 39"},"content":{"rendered":"<p>Article modifi\u00e9 le 06\/07\/2024.<\/p>\n<h3>Andelot en Montagne entrep\u00f4t: ouverture? Fermeture?<\/h3>\n<p><span style=\"color: #ff0000;\">Type A7,<\/span> signal\u00e9 1953\/62<\/p>\n<p>Non rencontr\u00e9<\/p>\n<p><span style=\"color: #ff0000;\">Type A8,<\/span> signal\u00e9 1965<\/p>\n<p>Non rencontr\u00e9<\/p>\n<hr \/>\n<h3>D\u00f4le entrep\u00f4t: ouverture? Fermeture:<span style=\"color: #0000ff;\"> le 05\/11\/1994<\/span><\/h3>\n<p><span style=\"color: #ff0000;\">Type A4?<\/span><\/p>\n<p><span style=\"color: #000000;\"><span style=\"color: #005500;\"><span style=\"color: #ff0000;\">Type A6,<\/span> signal\u00e9 1949<\/span><\/span><\/p>\n<p>Non rencontr\u00e9<\/p>\n<p><span style=\"color: #ff0000;\">Type A7,<\/span> vu 1952\/59<\/p>\n<p><a href=\"http:\/\/ambulantconvoyeurpar.com\/wp-content\/uploads\/2017\/10\/entrepot-390002.jpg\"><img loading=\"lazy\" decoding=\"async\" class=\"alignnone size-full wp-image-1073\" src=\"http:\/\/ambulantconvoyeurpar.com\/wp-content\/uploads\/2017\/10\/entrepot-390002.jpg\" alt=\"\" width=\"837\" height=\"426\" srcset=\"https:\/\/ambulantconvoyeurpar.com\/wp-content\/uploads\/2017\/10\/entrepot-390002.jpg 837w, https:\/\/ambulantconvoyeurpar.com\/wp-content\/uploads\/2017\/10\/entrepot-390002-300x153.jpg 300w, https:\/\/ambulantconvoyeurpar.com\/wp-content\/uploads\/2017\/10\/entrepot-390002-768x391.jpg 768w, https:\/\/ambulantconvoyeurpar.com\/wp-content\/uploads\/2017\/10\/entrepot-390002-530x270.jpg 530w\" sizes=\"auto, (max-width: 837px) 100vw, 837px\" \/><\/a><\/p>\n<p><span style=\"color: #ff0000;\">Type A8,<\/span> signal\u00e9 1961\/67<\/p>\n<p><a href=\"http:\/\/ambulantconvoyeurpar.com\/wp-content\/uploads\/2017\/10\/entrepot-39-10002.jpg\"><img loading=\"lazy\" decoding=\"async\" class=\"alignnone size-medium wp-image-1074\" src=\"http:\/\/ambulantconvoyeurpar.com\/wp-content\/uploads\/2017\/10\/entrepot-39-10002-300x203.jpg\" alt=\"\" width=\"300\" height=\"203\" srcset=\"https:\/\/ambulantconvoyeurpar.com\/wp-content\/uploads\/2017\/10\/entrepot-39-10002-300x203.jpg 300w, https:\/\/ambulantconvoyeurpar.com\/wp-content\/uploads\/2017\/10\/entrepot-39-10002-399x270.jpg 399w, https:\/\/ambulantconvoyeurpar.com\/wp-content\/uploads\/2017\/10\/entrepot-39-10002.jpg 738w\" sizes=\"auto, (max-width: 300px) 100vw, 300px\" \/><\/a><\/p>\n<p><span style=\"color: #ff0000;\">Type A9,<\/span> signal\u00e9 1968\/94<\/p>\n<p><a href=\"http:\/\/ambulantconvoyeurpar.com\/wp-content\/uploads\/2017\/10\/entrepot-39-20002.jpg\"><img loading=\"lazy\" decoding=\"async\" class=\"alignnone size-medium wp-image-1075\" src=\"http:\/\/ambulantconvoyeurpar.com\/wp-content\/uploads\/2017\/10\/entrepot-39-20002-300x134.jpg\" alt=\"\" width=\"300\" height=\"134\" srcset=\"https:\/\/ambulantconvoyeurpar.com\/wp-content\/uploads\/2017\/10\/entrepot-39-20002-300x134.jpg 300w, https:\/\/ambulantconvoyeurpar.com\/wp-content\/uploads\/2017\/10\/entrepot-39-20002-768x343.jpg 768w, https:\/\/ambulantconvoyeurpar.com\/wp-content\/uploads\/2017\/10\/entrepot-39-20002-604x270.jpg 604w, https:\/\/ambulantconvoyeurpar.com\/wp-content\/uploads\/2017\/10\/entrepot-39-20002.jpg 911w\" sizes=\"auto, (max-width: 300px) 100vw, 300px\" \/><\/a><\/p>\n<p><a href=\"http:\/\/ambulantconvoyeurpar.com\/wp-content\/uploads\/2018\/02\/entrepot-dole-jura-390007.jpg\"><img loading=\"lazy\" decoding=\"async\" class=\"alignnone size-medium wp-image-4043\" src=\"http:\/\/ambulantconvoyeurpar.com\/wp-content\/uploads\/2018\/02\/entrepot-dole-jura-390007-207x300.jpg\" alt=\"\" width=\"207\" height=\"300\" srcset=\"https:\/\/ambulantconvoyeurpar.com\/wp-content\/uploads\/2018\/02\/entrepot-dole-jura-390007-207x300.jpg 207w, https:\/\/ambulantconvoyeurpar.com\/wp-content\/uploads\/2018\/02\/entrepot-dole-jura-390007-768x1114.jpg 768w, https:\/\/ambulantconvoyeurpar.com\/wp-content\/uploads\/2018\/02\/entrepot-dole-jura-390007-706x1024.jpg 706w, https:\/\/ambulantconvoyeurpar.com\/wp-content\/uploads\/2018\/02\/entrepot-dole-jura-390007-186x270.jpg 186w, https:\/\/ambulantconvoyeurpar.com\/wp-content\/uploads\/2018\/02\/entrepot-dole-jura-390007.jpg 1335w\" sizes=\"auto, (max-width: 207px) 100vw, 207px\" \/><\/a><\/p>\n<p><span style=\"color: #ff0000;\">Oblit\u00e9ration m\u00e9canique de type secap 5LO, non cod\u00e9e, signal\u00e9e 1966<\/span><\/p>\n<p>Non rencontr\u00e9e<\/p>\n<p><span style=\"color: #ff0000;\">Oblit\u00e9ration m\u00e9canique de type secap illustr\u00e9e, non cod\u00e9e, signal\u00e9e 1966<\/span><\/p>\n<p>Pasteur<\/p>\n<p><span style=\"color: #ff0000;\">Oblit\u00e9ration m\u00e9canique de type secap illustr\u00e9e, cod\u00e9e, signal\u00e9e 1967<\/span><\/p>\n<p><a href=\"https:\/\/ambulantconvoyeurpar.com\/index.php\/2018\/02\/19\/les-obliterations-entrepots-du-departement-du-jura-39\/a-2998\/\" rel=\"attachment wp-att-12863\"><img loading=\"lazy\" decoding=\"async\" class=\"alignnone size-full wp-image-12863\" src=\"https:\/\/ambulantconvoyeurpar.com\/wp-content\/uploads\/2018\/02\/a-5.jpg\" alt=\"\" width=\"711\" height=\"384\" srcset=\"https:\/\/ambulantconvoyeurpar.com\/wp-content\/uploads\/2018\/02\/a-5.jpg 711w, https:\/\/ambulantconvoyeurpar.com\/wp-content\/uploads\/2018\/02\/a-5-300x162.jpg 300w, https:\/\/ambulantconvoyeurpar.com\/wp-content\/uploads\/2018\/02\/a-5-500x270.jpg 500w\" sizes=\"auto, (max-width: 711px) 100vw, 711px\" \/><\/a><\/p>\n<p><span style=\"color: #ff0000;\">Oblit\u00e9ration m\u00e9canique de type secap 5LO,\u00a0 cod\u00e9e, signal\u00e9e de 1966 \u00e0 1994, vagues \u00e0 gauche, \u00e0 droite et invers\u00e9es.<\/span><\/p>\n<p><a href=\"http:\/\/ambulantconvoyeurpar.com\/wp-content\/uploads\/2017\/10\/entrepot-39-20003.jpg\"><img loading=\"lazy\" decoding=\"async\" class=\"alignnone size-medium wp-image-1076\" src=\"http:\/\/ambulantconvoyeurpar.com\/wp-content\/uploads\/2017\/10\/entrepot-39-20003-300x267.jpg\" alt=\"\" width=\"300\" height=\"267\" srcset=\"https:\/\/ambulantconvoyeurpar.com\/wp-content\/uploads\/2017\/10\/entrepot-39-20003-300x267.jpg 300w, https:\/\/ambulantconvoyeurpar.com\/wp-content\/uploads\/2017\/10\/entrepot-39-20003-768x685.jpg 768w, https:\/\/ambulantconvoyeurpar.com\/wp-content\/uploads\/2017\/10\/entrepot-39-20003-1024x913.jpg 1024w, https:\/\/ambulantconvoyeurpar.com\/wp-content\/uploads\/2017\/10\/entrepot-39-20003-303x270.jpg 303w, https:\/\/ambulantconvoyeurpar.com\/wp-content\/uploads\/2017\/10\/entrepot-39-20003.jpg 1068w\" sizes=\"auto, (max-width: 300px) 100vw, 300px\" \/><\/a><\/p>\n<p><span style=\"color: #ff0000;\">Oblit\u00e9ration m\u00e9canique de type secap illustr\u00e9e, cod\u00e9e, signal\u00e9e 1970\/71<\/span><\/p>\n<p><a href=\"http:\/\/ambulantconvoyeurpar.com\/wp-content\/uploads\/2017\/10\/dole-entrepot-jura-39.jpg\"><img loading=\"lazy\" decoding=\"async\" class=\"alignnone size-medium wp-image-1077\" src=\"http:\/\/ambulantconvoyeurpar.com\/wp-content\/uploads\/2017\/10\/dole-entrepot-jura-39-300x109.jpg\" alt=\"\" width=\"300\" height=\"109\" srcset=\"https:\/\/ambulantconvoyeurpar.com\/wp-content\/uploads\/2017\/10\/dole-entrepot-jura-39-300x109.jpg 300w, https:\/\/ambulantconvoyeurpar.com\/wp-content\/uploads\/2017\/10\/dole-entrepot-jura-39-768x280.jpg 768w, https:\/\/ambulantconvoyeurpar.com\/wp-content\/uploads\/2017\/10\/dole-entrepot-jura-39-604x220.jpg 604w, https:\/\/ambulantconvoyeurpar.com\/wp-content\/uploads\/2017\/10\/dole-entrepot-jura-39.jpg 836w\" sizes=\"auto, (max-width: 300px) 100vw, 300px\" \/><\/a><\/p>\n<p><span style=\"color: #ff0000;\">Oblit\u00e9ration m\u00e9canique de type secap illustr\u00e9e, cod\u00e9e, signal\u00e9e 1972<\/span><\/p>\n<p><a href=\"http:\/\/ambulantconvoyeurpar.com\/index.php\/2018\/02\/19\/les-obliterations-entrepots-du-departement-du-jura-39\/entrepot-dole-25\/\" rel=\"attachment wp-att-6276\"><img loading=\"lazy\" decoding=\"async\" class=\"alignnone size-full wp-image-6276\" src=\"http:\/\/ambulantconvoyeurpar.com\/wp-content\/uploads\/2018\/02\/entrepot-dole-25.jpg\" alt=\"\" width=\"1967\" height=\"1098\" srcset=\"https:\/\/ambulantconvoyeurpar.com\/wp-content\/uploads\/2018\/02\/entrepot-dole-25.jpg 1967w, https:\/\/ambulantconvoyeurpar.com\/wp-content\/uploads\/2018\/02\/entrepot-dole-25-300x167.jpg 300w, https:\/\/ambulantconvoyeurpar.com\/wp-content\/uploads\/2018\/02\/entrepot-dole-25-768x429.jpg 768w, https:\/\/ambulantconvoyeurpar.com\/wp-content\/uploads\/2018\/02\/entrepot-dole-25-1024x572.jpg 1024w, https:\/\/ambulantconvoyeurpar.com\/wp-content\/uploads\/2018\/02\/entrepot-dole-25-484x270.jpg 484w\" sizes=\"auto, (max-width: 1967px) 100vw, 1967px\" \/><\/a><\/p>\n<p><a href=\"http:\/\/ambulantconvoyeurpar.com\/index.php\/2018\/02\/19\/les-obliterations-entrepots-du-departement-du-jura-39\/entrepot-dole-jura-39\/\" rel=\"attachment wp-att-6994\"><img loading=\"lazy\" decoding=\"async\" class=\"alignnone size-large wp-image-6994\" src=\"http:\/\/ambulantconvoyeurpar.com\/wp-content\/uploads\/2018\/02\/entrepot-dole-jura-39-1024x720.jpg\" alt=\"\" width=\"640\" height=\"450\" srcset=\"https:\/\/ambulantconvoyeurpar.com\/wp-content\/uploads\/2018\/02\/entrepot-dole-jura-39-1024x720.jpg 1024w, https:\/\/ambulantconvoyeurpar.com\/wp-content\/uploads\/2018\/02\/entrepot-dole-jura-39-300x211.jpg 300w, https:\/\/ambulantconvoyeurpar.com\/wp-content\/uploads\/2018\/02\/entrepot-dole-jura-39-768x540.jpg 768w, https:\/\/ambulantconvoyeurpar.com\/wp-content\/uploads\/2018\/02\/entrepot-dole-jura-39-384x270.jpg 384w, https:\/\/ambulantconvoyeurpar.com\/wp-content\/uploads\/2018\/02\/entrepot-dole-jura-39.jpg 1778w\" sizes=\"auto, (max-width: 640px) 100vw, 640px\" \/><\/a><\/p>\n<p><span style=\"color: #ff0000;\">Oblit\u00e9ration m\u00e9canique de type secap illustr\u00e9e,\u00a0 cod\u00e9e, signal\u00e9e 1975<\/span><\/p>\n<p><a href=\"https:\/\/ambulantconvoyeurpar.com\/index.php\/2018\/02\/19\/les-obliterations-entrepots-du-departement-du-jura-39\/a3-565\/\" rel=\"attachment wp-att-14432\"><img loading=\"lazy\" decoding=\"async\" class=\"alignnone size-medium wp-image-14432\" src=\"https:\/\/ambulantconvoyeurpar.com\/wp-content\/uploads\/2018\/02\/a3-1-300x156.jpg\" alt=\"\" width=\"300\" height=\"156\" srcset=\"https:\/\/ambulantconvoyeurpar.com\/wp-content\/uploads\/2018\/02\/a3-1-300x156.jpg 300w, https:\/\/ambulantconvoyeurpar.com\/wp-content\/uploads\/2018\/02\/a3-1-521x270.jpg 521w, https:\/\/ambulantconvoyeurpar.com\/wp-content\/uploads\/2018\/02\/a3-1.jpg 731w\" sizes=\"auto, (max-width: 300px) 100vw, 300px\" \/><\/a><\/p>\n<p><span style=\"color: #ff0000;\">Oblit\u00e9ration m\u00e9canique de type secap illustr\u00e9e, cod\u00e9e, en activit\u00e9 du 16\/04\/73 au 02\/05\/73 et en mai 74.<\/span><\/p>\n<p><a href=\"http:\/\/ambulantconvoyeurpar.com\/wp-content\/uploads\/2017\/10\/entrepot-39-30001.jpg\"><img loading=\"lazy\" decoding=\"async\" class=\"alignnone size-medium wp-image-1079\" src=\"http:\/\/ambulantconvoyeurpar.com\/wp-content\/uploads\/2017\/10\/entrepot-39-30001-300x177.jpg\" alt=\"\" width=\"300\" height=\"177\" srcset=\"https:\/\/ambulantconvoyeurpar.com\/wp-content\/uploads\/2017\/10\/entrepot-39-30001-300x177.jpg 300w, https:\/\/ambulantconvoyeurpar.com\/wp-content\/uploads\/2017\/10\/entrepot-39-30001-768x452.jpg 768w, https:\/\/ambulantconvoyeurpar.com\/wp-content\/uploads\/2017\/10\/entrepot-39-30001-459x270.jpg 459w, https:\/\/ambulantconvoyeurpar.com\/wp-content\/uploads\/2017\/10\/entrepot-39-30001.jpg 933w\" sizes=\"auto, (max-width: 300px) 100vw, 300px\" \/><\/a><\/p>\n<p><span style=\"color: #ff0000;\">Oblit\u00e9ration m\u00e9canique de type secap illustr\u00e9e, cod\u00e9e \u00e9mise de octobre \u00e0 d\u00e9cembre 75<\/span><\/p>\n<p>pour votre avenir carri\u00e8res PTT<\/p>\n<p><span style=\"color: #ff0000;\">Oblit\u00e9ration m\u00e9canique de type secap illustr\u00e9e, cod\u00e9e, signal\u00e9e 1985<\/span><\/p>\n<p><a href=\"https:\/\/ambulantconvoyeurpar.com\/index.php\/2018\/02\/19\/les-obliterations-entrepots-du-departement-du-jura-39\/a1-2411\/\" rel=\"attachment wp-att-23379\"><img loading=\"lazy\" decoding=\"async\" class=\"alignnone size-full wp-image-23379\" src=\"https:\/\/ambulantconvoyeurpar.com\/wp-content\/uploads\/2018\/02\/a1-4.jpg\" alt=\"\" width=\"721\" height=\"318\" srcset=\"https:\/\/ambulantconvoyeurpar.com\/wp-content\/uploads\/2018\/02\/a1-4.jpg 721w, https:\/\/ambulantconvoyeurpar.com\/wp-content\/uploads\/2018\/02\/a1-4-300x132.jpg 300w, https:\/\/ambulantconvoyeurpar.com\/wp-content\/uploads\/2018\/02\/a1-4-604x266.jpg 604w\" sizes=\"auto, (max-width: 721px) 100vw, 721px\" \/><\/a><\/p>\n<p><span style=\"color: #ff0000;\">Oblit\u00e9ration m\u00e9canique de type secap illustr\u00e9e, cod\u00e9e, signal\u00e9e 1989<\/span><\/p>\n<p><a href=\"http:\/\/ambulantconvoyeurpar.com\/wp-content\/uploads\/2017\/10\/entrepot-39-40004.jpg\"><img loading=\"lazy\" decoding=\"async\" class=\"alignnone size-full wp-image-1080\" src=\"http:\/\/ambulantconvoyeurpar.com\/wp-content\/uploads\/2017\/10\/entrepot-39-40004.jpg\" alt=\"\" width=\"977\" height=\"358\" srcset=\"https:\/\/ambulantconvoyeurpar.com\/wp-content\/uploads\/2017\/10\/entrepot-39-40004.jpg 977w, https:\/\/ambulantconvoyeurpar.com\/wp-content\/uploads\/2017\/10\/entrepot-39-40004-300x110.jpg 300w, https:\/\/ambulantconvoyeurpar.com\/wp-content\/uploads\/2017\/10\/entrepot-39-40004-768x281.jpg 768w, https:\/\/ambulantconvoyeurpar.com\/wp-content\/uploads\/2017\/10\/entrepot-39-40004-604x221.jpg 604w\" sizes=\"auto, (max-width: 977px) 100vw, 977px\" \/><\/a><\/p>\n<p><span style=\"color: #ff0000;\">Oblit\u00e9ration m\u00e9canique de type secap illustr\u00e9e, cod\u00e9e, signal\u00e9e du 07\/05\/1992 au 06\/08\/1992.<\/span><\/p>\n<p>30\u00e8me anniversaire du jumelage Dole\/Lahr.<\/p>\n<p><span style=\"color: #ff0000;\">Oblit\u00e9ration m\u00e9canique de type secap 5LO,\u00a0 cod\u00e9e, vue de 1985 \u00e0 1994, \u00e9toile \u00e0 la place de l&rsquo;heure.<\/span><\/p>\n<p><a href=\"http:\/\/ambulantconvoyeurpar.com\/wp-content\/uploads\/2017\/10\/entrepot-39-5.jpg\"><img loading=\"lazy\" decoding=\"async\" class=\"alignnone size-full wp-image-1081\" src=\"http:\/\/ambulantconvoyeurpar.com\/wp-content\/uploads\/2017\/10\/entrepot-39-5.jpg\" alt=\"\" width=\"988\" height=\"372\" srcset=\"https:\/\/ambulantconvoyeurpar.com\/wp-content\/uploads\/2017\/10\/entrepot-39-5.jpg 988w, https:\/\/ambulantconvoyeurpar.com\/wp-content\/uploads\/2017\/10\/entrepot-39-5-300x113.jpg 300w, https:\/\/ambulantconvoyeurpar.com\/wp-content\/uploads\/2017\/10\/entrepot-39-5-768x289.jpg 768w, https:\/\/ambulantconvoyeurpar.com\/wp-content\/uploads\/2017\/10\/entrepot-39-5-604x227.jpg 604w\" sizes=\"auto, (max-width: 988px) 100vw, 988px\" \/><\/a><\/p>\n<p><a href=\"http:\/\/ambulantconvoyeurpar.com\/wp-content\/uploads\/2017\/10\/dole-entrepot-jura-39-1-1.jpg\"><img loading=\"lazy\" decoding=\"async\" class=\"alignnone size-full wp-image-1082\" src=\"http:\/\/ambulantconvoyeurpar.com\/wp-content\/uploads\/2017\/10\/dole-entrepot-jura-39-1-1.jpg\" alt=\"\" width=\"427\" height=\"167\" srcset=\"https:\/\/ambulantconvoyeurpar.com\/wp-content\/uploads\/2017\/10\/dole-entrepot-jura-39-1-1.jpg 427w, https:\/\/ambulantconvoyeurpar.com\/wp-content\/uploads\/2017\/10\/dole-entrepot-jura-39-1-1-300x117.jpg 300w\" sizes=\"auto, (max-width: 427px) 100vw, 427px\" \/><\/a><\/p>\n<hr \/>\n<h3>Lons le Saunier entrep\u00f4t: ouverture:\u00a0<span style=\"color: #0000ff;\">1953<\/span> Fermeture: <span style=\"color: #0000ff;\">signal\u00e9e le 14\/06\/1971.<\/span><\/h3>\n<p><span style=\"color: #ff0000;\">Type A7,<\/span> signal\u00e9 1953\/67<\/p>\n<p><a href=\"http:\/\/ambulantconvoyeurpar.com\/wp-content\/uploads\/2017\/10\/entrepot-39-60002.jpg\"><img loading=\"lazy\" decoding=\"async\" class=\"alignnone size-medium wp-image-1083\" src=\"http:\/\/ambulantconvoyeurpar.com\/wp-content\/uploads\/2017\/10\/entrepot-39-60002-300x139.jpg\" alt=\"\" width=\"300\" height=\"139\" srcset=\"https:\/\/ambulantconvoyeurpar.com\/wp-content\/uploads\/2017\/10\/entrepot-39-60002-300x139.jpg 300w, https:\/\/ambulantconvoyeurpar.com\/wp-content\/uploads\/2017\/10\/entrepot-39-60002-768x355.jpg 768w, https:\/\/ambulantconvoyeurpar.com\/wp-content\/uploads\/2017\/10\/entrepot-39-60002-584x270.jpg 584w, https:\/\/ambulantconvoyeurpar.com\/wp-content\/uploads\/2017\/10\/entrepot-39-60002.jpg 972w\" sizes=\"auto, (max-width: 300px) 100vw, 300px\" \/><\/a><\/p>\n<p><span style=\"color: #ff0000;\">Type A8,<\/span> signal\u00e9 1962\/67<\/p>\n<p>Non rencontr\u00e9<\/p>\n<p><span style=\"color: #ff0000;\">Type A9,<\/span> signal\u00e9 1967\/71<\/p>\n<p>Non rencontr\u00e9<\/p>\n<hr \/>\n<h3>Mouchard entrep\u00f4t: ouverture? Fermeture?<\/h3>\n<p><span style=\"color: #ff0000;\">Type A7,<\/span> signal\u00e9 1952\/64<\/p>\n<p><a href=\"http:\/\/ambulantconvoyeurpar.com\/wp-content\/uploads\/2017\/10\/entrepot-39-70002.jpg\"><img loading=\"lazy\" decoding=\"async\" class=\"alignnone size-medium wp-image-1084\" src=\"http:\/\/ambulantconvoyeurpar.com\/wp-content\/uploads\/2017\/10\/entrepot-39-70002-300x188.jpg\" alt=\"\" width=\"300\" height=\"188\" srcset=\"https:\/\/ambulantconvoyeurpar.com\/wp-content\/uploads\/2017\/10\/entrepot-39-70002-300x188.jpg 300w, https:\/\/ambulantconvoyeurpar.com\/wp-content\/uploads\/2017\/10\/entrepot-39-70002-432x270.jpg 432w, https:\/\/ambulantconvoyeurpar.com\/wp-content\/uploads\/2017\/10\/entrepot-39-70002.jpg 692w\" sizes=\"auto, (max-width: 300px) 100vw, 300px\" \/><\/a><a href=\"http:\/\/ambulantconvoyeurpar.com\/wp-content\/uploads\/2018\/02\/entrepot-jura.jpg\"><img loading=\"lazy\" decoding=\"async\" class=\"alignnone size-medium wp-image-3888\" src=\"http:\/\/ambulantconvoyeurpar.com\/wp-content\/uploads\/2018\/02\/entrepot-jura-300x213.jpg\" alt=\"\" width=\"300\" height=\"213\" srcset=\"https:\/\/ambulantconvoyeurpar.com\/wp-content\/uploads\/2018\/02\/entrepot-jura-300x213.jpg 300w, https:\/\/ambulantconvoyeurpar.com\/wp-content\/uploads\/2018\/02\/entrepot-jura-379x270.jpg 379w, https:\/\/ambulantconvoyeurpar.com\/wp-content\/uploads\/2018\/02\/entrepot-jura.jpg 593w\" sizes=\"auto, (max-width: 300px) 100vw, 300px\" \/><\/a><\/p>\n<p><span style=\"color: #ff0000;\">Type A9,<\/span> signal\u00e9 1966\/81<\/p>\n<p><a href=\"http:\/\/ambulantconvoyeurpar.com\/wp-content\/uploads\/2017\/10\/jura-cachet-mouchard-entrepot-39.jpg\"><img loading=\"lazy\" decoding=\"async\" class=\"alignnone size-full wp-image-1085\" src=\"http:\/\/ambulantconvoyeurpar.com\/wp-content\/uploads\/2017\/10\/jura-cachet-mouchard-entrepot-39.jpg\" alt=\"\" width=\"202\" height=\"225\" \/><\/a><\/p>\n<p><span style=\"color: #ff0000;\">Oblit\u00e9ration m\u00e9canique de type secap 5LO, cod\u00e9e, signal\u00e9e de 1966 \u00e0 1981, vagues \u00e0 gauche ou \u00e0 droite.<\/span><\/p>\n<p><a href=\"http:\/\/ambulantconvoyeurpar.com\/wp-content\/uploads\/2017\/10\/entrepot-39-8.jpg\"><img loading=\"lazy\" decoding=\"async\" class=\"alignnone size-large wp-image-1086\" src=\"http:\/\/ambulantconvoyeurpar.com\/wp-content\/uploads\/2017\/10\/entrepot-39-8-1024x397.jpg\" alt=\"\" width=\"640\" height=\"248\" srcset=\"https:\/\/ambulantconvoyeurpar.com\/wp-content\/uploads\/2017\/10\/entrepot-39-8-1024x397.jpg 1024w, https:\/\/ambulantconvoyeurpar.com\/wp-content\/uploads\/2017\/10\/entrepot-39-8-300x116.jpg 300w, https:\/\/ambulantconvoyeurpar.com\/wp-content\/uploads\/2017\/10\/entrepot-39-8-768x297.jpg 768w, https:\/\/ambulantconvoyeurpar.com\/wp-content\/uploads\/2017\/10\/entrepot-39-8-604x234.jpg 604w, https:\/\/ambulantconvoyeurpar.com\/wp-content\/uploads\/2017\/10\/entrepot-39-8.jpg 1100w\" sizes=\"auto, (max-width: 640px) 100vw, 640px\" \/><\/a><\/p>\n","protected":false},"excerpt":{"rendered":"<p>Article modifi\u00e9 le 06\/07\/2024. Andelot en Montagne entrep\u00f4t: ouverture? Fermeture? Type A7, signal\u00e9 1953\/62 Non rencontr\u00e9 Type A8, signal\u00e9 1965 Non rencontr\u00e9 D\u00f4le entrep\u00f4t: ouverture? Fermeture: le 05\/11\/1994 Type A4? Type A6, signal\u00e9 1949 Non rencontr\u00e9 Type A7, vu 1952\/59 Type A8, signal\u00e9 1961\/67 Type A9, signal\u00e9 1968\/94 Oblit\u00e9ration m\u00e9canique de type secap 5LO, non cod\u00e9e, signal\u00e9e 1966 Non rencontr\u00e9e Oblit\u00e9ration m\u00e9canique de type secap illustr\u00e9e, non cod\u00e9e, signal\u00e9e 1966 Pasteur Oblit\u00e9ration m\u00e9canique de type secap illustr\u00e9e, cod\u00e9e, signal\u00e9e 1967&#8230;<\/p>\n<p class=\"read-more\"><a class=\"btn btn-default\" href=\"https:\/\/ambulantconvoyeurpar.com\/index.php\/2018\/02\/19\/les-obliterations-entrepots-du-departement-du-jura-39\/\">Lire la suite<span class=\"screen-reader-text\"> Lire la suite<\/span><\/a><\/p>\n","protected":false},"author":1,"featured_media":0,"comment_status":"open","ping_status":"open","sticky":false,"template":"","format":"standard","meta":{"jetpack_post_was_ever_published":false,"_jetpack_newsletter_access":"","_jetpack_dont_email_post_to_subs":false,"_jetpack_newsletter_tier_id":0,"_jetpack_memberships_contains_paywalled_content":false,"_jetpack_memberships_contains_paid_content":false,"footnotes":"","jetpack_publicize_message":"","jetpack_publicize_feature_enabled":true,"jetpack_social_post_already_shared":true,"jetpack_social_options":{"image_generator_settings":{"template":"highway","default_image_id":0,"font":"","enabled":false},"version":2}},"categories":[65,14],"tags":[],"class_list":["post-216","post","type-post","status-publish","format-standard","hentry","category-departements-31-a-45","category-entrepot"],"jetpack_publicize_connections":[],"jetpack_featured_media_url":"","jetpack_shortlink":"https:\/\/wp.me\/p91OMs-3u","jetpack-related-posts":[],"jetpack_sharing_enabled":true,"_links":{"self":[{"href":"https:\/\/ambulantconvoyeurpar.com\/index.php\/wp-json\/wp\/v2\/posts\/216","targetHints":{"allow":["GET"]}}],"collection":[{"href":"https:\/\/ambulantconvoyeurpar.com\/index.php\/wp-json\/wp\/v2\/posts"}],"about":[{"href":"https:\/\/ambulantconvoyeurpar.com\/index.php\/wp-json\/wp\/v2\/types\/post"}],"author":[{"embeddable":true,"href":"https:\/\/ambulantconvoyeurpar.com\/index.php\/wp-json\/wp\/v2\/users\/1"}],"replies":[{"embeddable":true,"href":"https:\/\/ambulantconvoyeurpar.com\/index.php\/wp-json\/wp\/v2\/comments?post=216"}],"version-history":[{"count":3,"href":"https:\/\/ambulantconvoyeurpar.com\/index.php\/wp-json\/wp\/v2\/posts\/216\/revisions"}],"predecessor-version":[{"id":23380,"href":"https:\/\/ambulantconvoyeurpar.com\/index.php\/wp-json\/wp\/v2\/posts\/216\/revisions\/23380"}],"wp:attachment":[{"href":"https:\/\/ambulantconvoyeurpar.com\/index.php\/wp-json\/wp\/v2\/media?parent=216"}],"wp:term":[{"taxonomy":"category","embeddable":true,"href":"https:\/\/ambulantconvoyeurpar.com\/index.php\/wp-json\/wp\/v2\/categories?post=216"},{"taxonomy":"post_tag","embeddable":true,"href":"https:\/\/ambulantconvoyeurpar.com\/index.php\/wp-json\/wp\/v2\/tags?post=216"}],"curies":[{"name":"wp","href":"https:\/\/api.w.org\/{rel}","templated":true}]}}