{"id":22187,"date":"2024-08-01T08:58:12","date_gmt":"2024-08-01T06:58:12","guid":{"rendered":"https:\/\/ambulantconvoyeurpar.com\/?p=22187"},"modified":"2026-03-13T16:39:07","modified_gmt":"2026-03-13T15:39:07","slug":"ambulants-de-mobilisation-1ere-guerre-mondiale","status":"publish","type":"post","link":"https:\/\/ambulantconvoyeurpar.com\/index.php\/2024\/08\/01\/ambulants-de-mobilisation-1ere-guerre-mondiale\/","title":{"rendered":"Ambulants de mobilisation 1\u00e8re guerre mondiale"},"content":{"rendered":"<p>Article modifi\u00e9 le 13\/03\/2026.<\/p>\n<h3>1\/ La situation.<\/h3>\n<h3>2\/ Les oblit\u00e9rations.<\/h3>\n<p>Le 03\/08\/1914.<\/p>\n<p>Le ministre de la guerre.<br \/>\nVu la loi du 28 d\u00e9cembre 1888.<br \/>\nVu le d\u00e9cret du 8 d\u00e9cembre 1913 portant r\u00e8glement sur les transports strat\u00e9giques par chemins de fer ;<br \/>\nVu le d\u00e9cret de mobilisation de l&rsquo;arm\u00e9e,<br \/>\nArr\u00eat\u00e9 :<br \/>\nArt. 1er. \u2014 Les dispositions de l&rsquo;article 22 de la loi du 13 mars 1875 modifi\u00e9 par la loi du 28 d\u00e9cembre 1888, et de l&rsquo;article 1er, paragraphe 3, du d\u00e9cret du 8 d\u00e9cembre 1913 sont applicables \u00e0\u00a0partir<br \/>\nde l&rsquo;affichage du pr\u00e9sent arr\u00eat\u00e9.<br \/>\nEn cons\u00e9quence, d\u00e8s ce jour, le service des chemins de fer rel\u00e8ve tout entier de l&rsquo;autorit\u00e9 militaire,<br \/>\net la totalit\u00e9 des moyens de transport de tous les r\u00e9seaux de chemins de fer est affect\u00e9e aux besoins militaires.<br \/>\nArt. 2. \u2014 Les transports commerciaux sont suspendus jusqu&rsquo;\u00e0 nouvel ordre, tant pour les<br \/>\nvoyageurs que pour les marchandises \u00e0 grande ou \u00e0 petite vitesse.<br \/>\nLes trains en cours de route peuvent continuer leur marche jusqu\u2019\u00e0 destination, sauf<br \/>\nordre contraire des commissions de r\u00e9seau.<br \/>\nArt. 3. \u2014 Il n&rsquo;est plus d\u00e9livr\u00e9 de billets aux voyageurs civils.<br \/>\nLes voyageurs en cours de route qui ne peuvent atteindre la destination indiqu\u00e9e par Ie<br \/>\nbillet dont ils sont porteurs n&rsquo;ont droit qu&rsquo;au remboursement du prix du parcours restant \u00e0<br \/>\neffectuer. Ce remboursement est fait par la gare o\u00f9 cesse le transport.<br \/>\nArt. 4.\u2014 Il n&rsquo;est plus re\u00e7u ni exp\u00e9di\u00e9 de marchandises.<br \/>\nSur tout le r\u00e9seau, les chefs de gare pr\u00e9viennent les exp\u00e9diteurs d avoir \u00e0 reprendre les<br \/>\nmarchandises non encore parties, ou de donner, sur les notes d&rsquo;exp\u00e9dition, la d\u00e9claration de<br \/>\nla reconnaissance de l&rsquo;\u00e9tat de choses cr\u00e9\u00e9 par le pr\u00e9sent arr\u00eat\u00e9. Ils invitent les destinataires \u00e0<br \/>\nretirer les marchandises en arrivage.<br \/>\nLes marchandises non encore exp\u00e9di\u00e9es ou en cours de route seront d\u00e9charg\u00e9es, s&rsquo;il y a<br \/>\nlieu, et pourront, si besoin est, \u00eatre camionn\u00e9es d&rsquo;office soit \u00e0 domicile, soit dans un entrep\u00f4t<br \/>\npublic ou priv\u00e9.<br \/>\nIl en est de m\u00eame des marchandises non enlev\u00e9es par les destinataires.<br \/>\nArt. 5. \u2014 Les d\u00e9lais pr\u00e9vus pour les transports des marchandises cessent d \u00eatre obligatoires ; les frais de manutention, de s\u00e9jour dans les gares ou entrep\u00f4ts et ceux de camionnage sont support\u00e9s \u00a0par la marchandise conform\u00e9ment aux tarifs en vigueur.<br \/>\nArt 6. \u2014 Le pr\u00e9sent arr\u00eat\u00e9 sera affich\u00e9 dans chaque gare en ex\u00e9cution de l&rsquo;article 16 dernier paragraphe<br \/>\ndu d\u00e9cret du 8 d\u00e9cembre 1913.<br \/>\nLe ministre de la guerre, Messimy.<\/p>\n<p><a href=\"https:\/\/www.legifrance.gouv.fr\/download\/securePrint?token=HWjcO6YQR8DBRDnPJHyG\">https:\/\/www.legifrance.gouv.fr\/download\/securePrint?token=HWjcO6YQR8DBRDnPJHyG<\/a><\/p>\n<table class=\"wikitable alternance centre\">\n<caption>Lignes ferroviaires pr\u00e9vues pour la concentration des troupes<sup id=\"cite_ref-34\" class=\"reference\"><a href=\"https:\/\/fr.wikipedia.org\/wiki\/Mobilisation_fran%C3%A7aise_de_1914#cite_note-34\">29<\/a><\/sup><\/caption>\n<tbody>\n<tr>\n<td>\n<ul>\n<li>La ligne A concerne le\u00a0<a title=\"14e corps d'arm\u00e9e (France)\" href=\"https:\/\/fr.wikipedia.org\/wiki\/14e_corps_d%27arm%C3%A9e_(France)\"><abbr class=\"abbr\" title=\"Quatorzi\u00e8me\">14<sup>e<\/sup><\/abbr>\u00a0corps d&rsquo;arm\u00e9e<\/a>, avec comme d\u00e9part les gares de Lyon, puis traversant Bourg-en-Bresse et Besan\u00e7on pour d\u00e9barquer dans les gares autour de\u00a0<a title=\"Lure\" href=\"https:\/\/fr.wikipedia.org\/wiki\/Lure\">Lure<\/a>\u00a0et d&rsquo;<a title=\"\u00c9pinal\" href=\"https:\/\/fr.wikipedia.org\/wiki\/%C3%89pinal\">\u00c9pinal<\/a>.<\/li>\n<li>La ligne B concerne les\u00a0<a title=\"8e corps d'arm\u00e9e (France)\" href=\"https:\/\/fr.wikipedia.org\/wiki\/8e_corps_d%27arm%C3%A9e_(France)\">8<sup>e<\/sup><\/a>\u00a0et\u00a0<a title=\"13e corps d'arm\u00e9e (France)\" href=\"https:\/\/fr.wikipedia.org\/wiki\/13e_corps_d%27arm%C3%A9e_(France)\">13<sup>e<\/sup><\/a>\u00a0corps d&rsquo;arm\u00e9e, avec comme d\u00e9part les gares de Clermont-Ferrand, Saint-\u00c9tienne, Bourges et Dijon, convergeant pour d\u00e9barquer autour de\u00a0<a title=\"Charmes (Vosges)\" href=\"https:\/\/fr.wikipedia.org\/wiki\/Charmes_(Vosges)\">Charmes<\/a>.<\/li>\n<li>La ligne C concerne les\u00a0<a title=\"15e corps d'arm\u00e9e (France)\" href=\"https:\/\/fr.wikipedia.org\/wiki\/15e_corps_d%27arm%C3%A9e_(France)\">15<sup>e<\/sup><\/a>\u00a0et\u00a0<a title=\"16e corps d'arm\u00e9e (France)\" href=\"https:\/\/fr.wikipedia.org\/wiki\/16e_corps_d%27arm%C3%A9e_(France)\">16<sup>e<\/sup><\/a>\u00a0corps d&rsquo;arm\u00e9e, avec comme d\u00e9part les gares de Marseille et Montpellier, puis remontant la rive droite du Rh\u00f4ne, passant par M\u00e2con, Dijon, Langres et Mirecourt, pour finir \u00e0\u00a0<a title=\"Pont-Saint-Vincent\" href=\"https:\/\/fr.wikipedia.org\/wiki\/Pont-Saint-Vincent\">Pont-Saint-Vincent<\/a>.<\/li>\n<li>La ligne D concerne les\u00a0<a title=\"9e corps d'arm\u00e9e (France)\" href=\"https:\/\/fr.wikipedia.org\/wiki\/9e_corps_d%27arm%C3%A9e_(France)\">9<sup>e<\/sup><\/a>\u00a0et\u00a0<a title=\"18e corps d'arm\u00e9e (France)\" href=\"https:\/\/fr.wikipedia.org\/wiki\/18e_corps_d%27arm%C3%A9e_(France)\">18<sup>e<\/sup><\/a>\u00a0corps d&rsquo;arm\u00e9e, avec comme d\u00e9part les gares de Bayonne, Bordeaux, Angers et Ch\u00e2teauroux, passant par Tours, Orl\u00e9ans, Troyes, Chaumont et Neufch\u00e2teau pour arriver autour de\u00a0<a title=\"Toul\" href=\"https:\/\/fr.wikipedia.org\/wiki\/Toul\">Toul<\/a>\u00a0et de\u00a0<a title=\"Nancy\" href=\"https:\/\/fr.wikipedia.org\/wiki\/Nancy\">Nancy<\/a>.<\/li>\n<li>La ligne E concerne les\u00a0<a title=\"12e corps d'arm\u00e9e (France)\" href=\"https:\/\/fr.wikipedia.org\/wiki\/12e_corps_d%27arm%C3%A9e_(France)\">12<sup>e<\/sup><\/a>\u00a0et\u00a0<a title=\"17e corps d'arm\u00e9e (France)\" href=\"https:\/\/fr.wikipedia.org\/wiki\/17e_corps_d%27arm%C3%A9e_(France)\">17<sup>e<\/sup><\/a>\u00a0corps d&rsquo;arm\u00e9e, avec comme d\u00e9part les gares de Toulouse, Montauban, P\u00e9rigueux et Angoul\u00eame, passant par Limoges, Bourges, Auxerre et Brienne-le-Ch\u00e2teau pour terminer autour de\u00a0<a title=\"Commercy\" href=\"https:\/\/fr.wikipedia.org\/wiki\/Commercy\">Commercy<\/a>.<\/li>\n<\/ul>\n<\/td>\n<td>\n<ul>\n<li>La ligne F concerne le\u00a0<a title=\"5e corps d'arm\u00e9e (France)\" href=\"https:\/\/fr.wikipedia.org\/wiki\/5e_corps_d%27arm%C3%A9e_(France)\"><abbr class=\"abbr\" title=\"Cinqui\u00e8me\">5<sup>e<\/sup><\/abbr>\u00a0corps d&rsquo;arm\u00e9e<\/a>, avec comme d\u00e9part les gares d&rsquo;Orl\u00e9ans, de Melun et de Paris-Est, pour d\u00e9barquer aux alentours de\u00a0<a title=\"Bar-le-Duc\" href=\"https:\/\/fr.wikipedia.org\/wiki\/Bar-le-Duc\">Bar-le-Duc<\/a>\u00a0et de\u00a0<a title=\"Saint-Mihiel\" href=\"https:\/\/fr.wikipedia.org\/wiki\/Saint-Mihiel\">Saint-Mihiel<\/a>.<\/li>\n<li>La ligne G concerne les\u00a0<a title=\"4e corps d'arm\u00e9e (France)\" href=\"https:\/\/fr.wikipedia.org\/wiki\/4e_corps_d%27arm%C3%A9e_(France)\">4<sup>e<\/sup><\/a>\u00a0et\u00a0<a title=\"11e corps d'arm\u00e9e (France)\" href=\"https:\/\/fr.wikipedia.org\/wiki\/11e_corps_d%27arm%C3%A9e_(France)\">11<sup>e<\/sup><\/a>\u00a0corps d&rsquo;arm\u00e9e, avec comme d\u00e9part les gares de Vannes, de Nantes et du Mans, via Versailles, Choisy-le-Roi et Reims pour se terminer autour de\u00a0<a title=\"Verdun\" href=\"https:\/\/fr.wikipedia.org\/wiki\/Verdun\">Verdun<\/a>.<\/li>\n<li>La ligne H concerne les\u00a0<a title=\"3e corps d'arm\u00e9e (France)\" href=\"https:\/\/fr.wikipedia.org\/wiki\/3e_corps_d%27arm%C3%A9e_(France)\">3<sup>e<\/sup><\/a>\u00a0et\u00a0<a title=\"10e corps d'arm\u00e9e (France)\" href=\"https:\/\/fr.wikipedia.org\/wiki\/10e_corps_d%27arm%C3%A9e_(France)\">10<sup>e<\/sup><\/a>\u00a0corps d&rsquo;arm\u00e9e, avec comme d\u00e9part les gares de Rennes et de Rouen, via Mantes, Pontoise, Compi\u00e8gne, Soissons et Rethel, pour d\u00e9barquer pr\u00e8s de\u00a0<a title=\"Vouziers\" href=\"https:\/\/fr.wikipedia.org\/wiki\/Vouziers\">Vouziers<\/a>.<\/li>\n<li>La ligne I concerne le\u00a0<a title=\"2e corps d'arm\u00e9e (France)\" href=\"https:\/\/fr.wikipedia.org\/wiki\/2e_corps_d%27arm%C3%A9e_(France)\"><abbr class=\"abbr\" title=\"Deuxi\u00e8me\">2<sup>e<\/sup><\/abbr>\u00a0corps d&rsquo;arm\u00e9e<\/a>, avec comme d\u00e9part la gare d&rsquo;Amiens, via Laon, M\u00e9zi\u00e8res, Sedan pour finir autour de\u00a0<a title=\"Stenay\" href=\"https:\/\/fr.wikipedia.org\/wiki\/Stenay\">Stenay<\/a>\u00a0et de\u00a0<a title=\"Dun-sur-Meuse\" href=\"https:\/\/fr.wikipedia.org\/wiki\/Dun-sur-Meuse\">Dun<\/a>.<\/li>\n<li>La ligne K concerne le\u00a0<a title=\"1er corps d'arm\u00e9e (France)\" href=\"https:\/\/fr.wikipedia.org\/wiki\/1er_corps_d%27arm%C3%A9e_(France)\"><abbr class=\"abbr\" title=\"Premier\">1<sup>er<\/sup><\/abbr>\u00a0corps d&rsquo;arm\u00e9e<\/a>, avec comme d\u00e9part la gare de Lille, puis via Douai, Valenciennes et Avesnes, les d\u00e9barquements se faisant autour de\u00a0<a title=\"Hirson\" href=\"https:\/\/fr.wikipedia.org\/wiki\/Hirson\">Hirson<\/a>\u00a0et de\u00a0<a title=\"Rimogne\" href=\"https:\/\/fr.wikipedia.org\/wiki\/Rimogne\">Rimogne<\/a>.<\/li>\n<\/ul>\n<\/td>\n<\/tr>\n<\/tbody>\n<\/table>\n<h3>1\/<\/h3>\n<p>D\u00e8s la r\u00e9quisition, militaires et techniciens civils ont collabor\u00e9 \u00e0 l&rsquo;ex\u00e9cution des t\u00e2ches d\u00e9volues au chemin de fer. L&rsquo;autorit\u00e9 militaire aura la main sur les chemins de fer fran\u00e7ais jusqu&rsquo;en 1919. La p\u00e9riode de mobilisation des soldats vers les fronti\u00e8res du Nord et de l&rsquo;Est a dur\u00e9 tout le mois d&rsquo;ao\u00fbt. On a d&rsquo;abord prioris\u00e9 les soldats de m\u00e9tier et ceux d\u00e9j\u00e0 sous les drapeaux puis on a envoy\u00e9 au front les appel\u00e9s qui avaient d\u00e9j\u00e0 fait leur service militaire par tranche d&rsquo;\u00e2ge (jusqu&rsquo;\u00e0 39 ans, pour les plus \u00e2g\u00e9s, ils \u00e9taient vers\u00e9s dans des unit\u00e9s de r\u00e9serves) et enfin on forma les conscrits. La p\u00e9riode forte de mobilisation va s&rsquo;effectuer d&rsquo;ao\u00fbt \u00e0 octobre. Par la suite, l&rsquo;arm\u00e9e aura moins besoin des trains et les rendra petit \u00e0 petit \u00e0 la soci\u00e9t\u00e9 civile qui en avait une n\u00e9cessit\u00e9 absolue pour faire tourner la France.<\/p>\n<p>Dans ce contexte, des lignes de chemins de fer \u00e9taient pr\u00e9vues pour le transport des troupes et dans une majorit\u00e9 des trains, \u00e9taient accol\u00e9s un wagon postal avec du personnel r\u00e9quisitionn\u00e9 des postes et du personnel civil qui effectuaient les t\u00e2ches de tri postal. Les sacs postaux transitaient par les gares le long du trajet. Ces sacs \u00e9taient remis \u00e0 l&rsquo;ambulant ou \u00e9taient d\u00e9charg\u00e9s sur le quai pour les centres de tri \u00e0 terre.<\/p>\n<p>Le probl\u00e8me, c&rsquo;est que 3 700 000 hommes ont \u00e9t\u00e9 mobilis\u00e9s dans les premiers mois de guerre. C&rsquo;est autant qui recevaient du courrier, qui en envoyaient, d&rsquo;o\u00f9 un engorgement record dans les centres de tri et un allongement cons\u00e9quent dans la distribution du courrier. Une r\u00e9forme sera mis en oeuvre en d\u00e9cembre 1914 afin de palier \u00e0 ces inconv\u00e9nients.<\/p>\n<p>Quand vous mettiez en branle un corps d&rsquo;arm\u00e9e en 1914, cela demandait un nombre important de locomotives et de wagons. Les rames \u00e9taient plus grandes et des trains de 400m de long circulaient. Les temps de parcours s&rsquo;allongeaient et au lieu de mettre 13 heures pour le trajet Brest-Paris, vous mettiez 30 heures. Evidemment l&rsquo;arm\u00e9e avait pr\u00e9vu ces temps de rallonge d\u00fb \u00e0 la vitesse moindre des trains. Voil\u00e0 pourquoi dans les oblit\u00e9rations des ambulants de mobilisation vous trouvez: 1\/2\/3 Son, pour 1\u00e8re section, 2\u00e8me section, 3\u00e9me section. On ne pouvait pas imposer aux personnels des temps de travail aussi long, ce qui faisait qu&rsquo;une brigade venait remplacer \u00e0 un point donn\u00e9 du parcours la premi\u00e8re brigade de postiers et ainsi de suite.<\/p>\n<p>Ces oblit\u00e9rations \u00ab\u00a0ambulants de mobilisation\u00a0\u00bb font partie des services civils des ambulants mais au b\u00e9n\u00e9fice des arm\u00e9es. Une fois pass\u00e9 les premiers mois de mobilisation, g\u00e9n\u00e9ralement ceux-ci sont compris entre ao\u00fbt et octobre 1914, elles vont continuer \u00e0 \u00eatre utilis\u00e9es par la poste ferroviaire pour traiter l&rsquo;afflut de courrier g\u00e9n\u00e9r\u00e9 du et pour le front, ainsi que le courrier civil.<\/p>\n<p>Certaines oblit\u00e9rations ambulantes de lignes ferroviaires courtes et sans d\u00e9nomination de section, vont servir dans le service des PTT apr\u00e8s la guerre. Ainsi, j&rsquo;ai pu voir Soisson \u00e0 Paris jusqu&rsquo;en 1936, Nice \u00e0 Marseille 1920. D&rsquo;autres sont connues: Montauban \u00e0 Limoges connu jusque 1919, Quimper \u00e0 Nantes 1921, Caen au Mans 1929.<\/p>\n<p>Une autre particularit\u00e9 est pr\u00e9sente pour l&rsquo;ambulant Paris \u00e0 Montargis. Bien que pr\u00e9vu dans le plan de mobilisation, ce service n&rsquo;a pas fonctionn\u00e9 pendant la premi\u00e8re guerre mondiale. Ce service a \u00e9t\u00e9 recycl\u00e9 apr\u00e8s la guerre et il est connu de 1922 \u00e0 1932.<\/p>\n<h3><strong>2\/Liste des ambulants de mobilisation:<\/strong><\/h3>\n<p>Tous sont au type 2 de nuit.<\/p>\n<p><strong>Agen \u00e0 Paris 1\u00b0 (1E et 2E Son)<\/strong><\/p>\n<p><span style=\"color: #ff0000;\">Aller uniquement<\/span><\/p>\n<p><a href=\"https:\/\/ambulantconvoyeurpar.com\/?attachment_id=23141\" rel=\"attachment wp-att-23141\"><img loading=\"lazy\" decoding=\"async\" class=\"size-full wp-image-23141 aligncenter\" src=\"https:\/\/ambulantconvoyeurpar.com\/wp-content\/uploads\/2024\/04\/a1-23.jpg\" alt=\"\" width=\"1099\" height=\"709\" srcset=\"https:\/\/ambulantconvoyeurpar.com\/wp-content\/uploads\/2024\/04\/a1-23.jpg 1099w, https:\/\/ambulantconvoyeurpar.com\/wp-content\/uploads\/2024\/04\/a1-23-300x194.jpg 300w, https:\/\/ambulantconvoyeurpar.com\/wp-content\/uploads\/2024\/04\/a1-23-1024x661.jpg 1024w, https:\/\/ambulantconvoyeurpar.com\/wp-content\/uploads\/2024\/04\/a1-23-768x495.jpg 768w, https:\/\/ambulantconvoyeurpar.com\/wp-content\/uploads\/2024\/04\/a1-23-419x270.jpg 419w\" sizes=\"auto, (max-width: 1099px) 100vw, 1099px\" \/><\/a><\/p>\n<p><strong>Agen \u00e0 Paris 2\u00b0 (1E et 2E Son)<\/strong><\/p>\n<p><span style=\"color: #ff0000;\">Aller<\/span><\/p>\n<p><span style=\"color: #0000ff;\">Retour<\/span><\/p>\n<p><strong>Angers \u00e0 Paris 2\u00b0 (1E et 2E Son)<\/strong><\/p>\n<p><span style=\"color: #ff0000;\">Aller<\/span><\/p>\n<p><a href=\"https:\/\/ambulantconvoyeurpar.com\/?attachment_id=23124\" rel=\"attachment wp-att-23124\"><img loading=\"lazy\" decoding=\"async\" class=\"size-full wp-image-23124 aligncenter\" src=\"https:\/\/ambulantconvoyeurpar.com\/wp-content\/uploads\/2024\/04\/a1-18.jpg\" alt=\"\" width=\"1105\" height=\"708\" srcset=\"https:\/\/ambulantconvoyeurpar.com\/wp-content\/uploads\/2024\/04\/a1-18.jpg 1105w, https:\/\/ambulantconvoyeurpar.com\/wp-content\/uploads\/2024\/04\/a1-18-300x192.jpg 300w, https:\/\/ambulantconvoyeurpar.com\/wp-content\/uploads\/2024\/04\/a1-18-1024x656.jpg 1024w, https:\/\/ambulantconvoyeurpar.com\/wp-content\/uploads\/2024\/04\/a1-18-768x492.jpg 768w, https:\/\/ambulantconvoyeurpar.com\/wp-content\/uploads\/2024\/04\/a1-18-421x270.jpg 421w\" sizes=\"auto, (max-width: 1105px) 100vw, 1105px\" \/><\/a><\/p>\n<p><span style=\"color: #0000ff;\">Retour<\/span><\/p>\n<p><strong>Belfort \u00e0 Paris 1\u00b0 (1E et 2E Son)<\/strong><\/p>\n<p><span style=\"color: #ff0000;\">Aller<\/span><\/p>\n<p><span style=\"color: #0000ff;\">Retour<\/span><\/p>\n<p><strong>Belfort \u00e0 Paris 2\u00b0 (1E et 2E Son)<\/strong><\/p>\n<p><span style=\"color: #ff0000;\">Aller<\/span><\/p>\n<p style=\"text-align: center;\"><a href=\"https:\/\/ambulantconvoyeurpar.com\/index.php\/2024\/08\/01\/ambulants-de-mobilisation-1ere-guerre-mondiale\/scan-504\/\" rel=\"attachment wp-att-26161\"><img loading=\"lazy\" decoding=\"async\" class=\"alignnone size-full wp-image-26161\" src=\"https:\/\/ambulantconvoyeurpar.com\/wp-content\/uploads\/2024\/08\/Scan-3.jpg\" alt=\"\" width=\"1100\" height=\"717\" srcset=\"https:\/\/ambulantconvoyeurpar.com\/wp-content\/uploads\/2024\/08\/Scan-3.jpg 1100w, https:\/\/ambulantconvoyeurpar.com\/wp-content\/uploads\/2024\/08\/Scan-3-300x196.jpg 300w, https:\/\/ambulantconvoyeurpar.com\/wp-content\/uploads\/2024\/08\/Scan-3-1024x667.jpg 1024w, https:\/\/ambulantconvoyeurpar.com\/wp-content\/uploads\/2024\/08\/Scan-3-768x501.jpg 768w, https:\/\/ambulantconvoyeurpar.com\/wp-content\/uploads\/2024\/08\/Scan-3-414x270.jpg 414w\" sizes=\"auto, (max-width: 1100px) 100vw, 1100px\" \/><\/a><\/p>\n<p><span style=\"color: #0000ff;\">Retour<\/span><\/p>\n<p><a href=\"https:\/\/ambulantconvoyeurpar.com\/?attachment_id=23122\" rel=\"attachment wp-att-23122\"><img loading=\"lazy\" decoding=\"async\" class=\"size-full wp-image-23122 aligncenter\" src=\"https:\/\/ambulantconvoyeurpar.com\/wp-content\/uploads\/2024\/04\/a1-16.jpg\" alt=\"\" width=\"1100\" height=\"718\" srcset=\"https:\/\/ambulantconvoyeurpar.com\/wp-content\/uploads\/2024\/04\/a1-16.jpg 1100w, https:\/\/ambulantconvoyeurpar.com\/wp-content\/uploads\/2024\/04\/a1-16-300x196.jpg 300w, https:\/\/ambulantconvoyeurpar.com\/wp-content\/uploads\/2024\/04\/a1-16-1024x668.jpg 1024w, https:\/\/ambulantconvoyeurpar.com\/wp-content\/uploads\/2024\/04\/a1-16-768x501.jpg 768w, https:\/\/ambulantconvoyeurpar.com\/wp-content\/uploads\/2024\/04\/a1-16-414x270.jpg 414w\" sizes=\"auto, (max-width: 1100px) 100vw, 1100px\" \/><\/a><\/p>\n<p><strong>Bordeaux \u00e0 Cette 2\u00b0 (1E et 2E Son)<\/strong><\/p>\n<p><span style=\"color: #ff0000;\">Aller<\/span><\/p>\n<p><span style=\"color: #0000ff;\">Retour<\/span><\/p>\n<p><strong>Bordeaux \u00e0 Paris 1\u00b0 (1E, 2E, 3E Son)<\/strong><\/p>\n<p><span style=\"color: #ff0000;\">Aller<\/span><\/p>\n<p><span style=\"color: #0000ff;\">Retour<\/span><\/p>\n<p><strong>Bordeaux \u00e0 Paris 2\u00b0 (1E, 2E, 3E Son)<\/strong><\/p>\n<p><span style=\"color: #ff0000;\">Aller<\/span><\/p>\n<p><a href=\"https:\/\/ambulantconvoyeurpar.com\/?attachment_id=23061\" rel=\"attachment wp-att-23061\"><img loading=\"lazy\" decoding=\"async\" class=\"size-full wp-image-23061 aligncenter\" src=\"https:\/\/ambulantconvoyeurpar.com\/wp-content\/uploads\/2024\/04\/a1-5.jpg\" alt=\"\" width=\"1101\" height=\"708\" srcset=\"https:\/\/ambulantconvoyeurpar.com\/wp-content\/uploads\/2024\/04\/a1-5.jpg 1101w, https:\/\/ambulantconvoyeurpar.com\/wp-content\/uploads\/2024\/04\/a1-5-300x193.jpg 300w, https:\/\/ambulantconvoyeurpar.com\/wp-content\/uploads\/2024\/04\/a1-5-1024x658.jpg 1024w, https:\/\/ambulantconvoyeurpar.com\/wp-content\/uploads\/2024\/04\/a1-5-768x494.jpg 768w, https:\/\/ambulantconvoyeurpar.com\/wp-content\/uploads\/2024\/04\/a1-5-420x270.jpg 420w\" sizes=\"auto, (max-width: 1101px) 100vw, 1101px\" \/><\/a><\/p>\n<p><span style=\"color: #0000ff;\">Retour<\/span><\/p>\n<p><strong>Bordeaux \u00e0 Paris RAP(rapide). (1E, 2E, Son)<\/strong><\/p>\n<p><span style=\"color: #ff0000;\">Aller<\/span><\/p>\n<p><a href=\"https:\/\/ambulantconvoyeurpar.com\/?attachment_id=23067\" rel=\"attachment wp-att-23067\"><img loading=\"lazy\" decoding=\"async\" class=\"size-full wp-image-23067 aligncenter\" src=\"https:\/\/ambulantconvoyeurpar.com\/wp-content\/uploads\/2024\/04\/a1-11.jpg\" alt=\"\" width=\"1120\" height=\"722\" srcset=\"https:\/\/ambulantconvoyeurpar.com\/wp-content\/uploads\/2024\/04\/a1-11.jpg 1120w, https:\/\/ambulantconvoyeurpar.com\/wp-content\/uploads\/2024\/04\/a1-11-300x193.jpg 300w, https:\/\/ambulantconvoyeurpar.com\/wp-content\/uploads\/2024\/04\/a1-11-1024x660.jpg 1024w, https:\/\/ambulantconvoyeurpar.com\/wp-content\/uploads\/2024\/04\/a1-11-768x495.jpg 768w, https:\/\/ambulantconvoyeurpar.com\/wp-content\/uploads\/2024\/04\/a1-11-419x270.jpg 419w\" sizes=\"auto, (max-width: 1120px) 100vw, 1120px\" \/><\/a><\/p>\n<p><span style=\"color: #0000ff;\">Retour<\/span><\/p>\n<p><strong>Brest \u00e0 Paris 1\u00b0 (1E, 2E, 3E Son)<\/strong><\/p>\n<p><span style=\"color: #ff0000;\">Aller<\/span><\/p>\n<p><span style=\"color: #0000ff;\">Retour<\/span><\/p>\n<p><strong>Brest \u00e0 Paris 2\u00b0 (1E, 2E, 3E Son)<\/strong><\/p>\n<p><span style=\"color: #ff0000;\">Aller uniquement<\/span><\/p>\n<p><a href=\"https:\/\/ambulantconvoyeurpar.com\/?attachment_id=23066\" rel=\"attachment wp-att-23066\"><img loading=\"lazy\" decoding=\"async\" class=\"size-full wp-image-23066 aligncenter\" src=\"https:\/\/ambulantconvoyeurpar.com\/wp-content\/uploads\/2024\/04\/a1-10.jpg\" alt=\"\" width=\"1073\" height=\"717\" srcset=\"https:\/\/ambulantconvoyeurpar.com\/wp-content\/uploads\/2024\/04\/a1-10.jpg 1073w, https:\/\/ambulantconvoyeurpar.com\/wp-content\/uploads\/2024\/04\/a1-10-300x200.jpg 300w, https:\/\/ambulantconvoyeurpar.com\/wp-content\/uploads\/2024\/04\/a1-10-1024x684.jpg 1024w, https:\/\/ambulantconvoyeurpar.com\/wp-content\/uploads\/2024\/04\/a1-10-768x513.jpg 768w, https:\/\/ambulantconvoyeurpar.com\/wp-content\/uploads\/2024\/04\/a1-10-404x270.jpg 404w\" sizes=\"auto, (max-width: 1073px) 100vw, 1073px\" \/><\/a><\/p>\n<p><strong>Caen \u00e0 Mans<\/strong><\/p>\n<p><span style=\"color: #0000ff;\">Retour uniquement<\/span><\/p>\n<p><strong>Caen au Mans<\/strong><\/p>\n<p><span style=\"color: #ff0000;\">Aller<\/span><\/p>\n<figure id=\"attachment_23179\" aria-describedby=\"caption-attachment-23179\" style=\"width: 1106px\" class=\"wp-caption aligncenter\"><a href=\"https:\/\/ambulantconvoyeurpar.com\/?attachment_id=23179\" rel=\"attachment wp-att-23179\"><img loading=\"lazy\" decoding=\"async\" class=\"wp-image-23179 size-full\" src=\"https:\/\/ambulantconvoyeurpar.com\/wp-content\/uploads\/2024\/05\/a1-2.jpg\" alt=\"\" width=\"1106\" height=\"697\" srcset=\"https:\/\/ambulantconvoyeurpar.com\/wp-content\/uploads\/2024\/05\/a1-2.jpg 1106w, https:\/\/ambulantconvoyeurpar.com\/wp-content\/uploads\/2024\/05\/a1-2-300x189.jpg 300w, https:\/\/ambulantconvoyeurpar.com\/wp-content\/uploads\/2024\/05\/a1-2-1024x645.jpg 1024w, https:\/\/ambulantconvoyeurpar.com\/wp-content\/uploads\/2024\/05\/a1-2-768x484.jpg 768w, https:\/\/ambulantconvoyeurpar.com\/wp-content\/uploads\/2024\/05\/a1-2-428x270.jpg 428w\" sizes=\"auto, (max-width: 1106px) 100vw, 1106px\" \/><\/a><figcaption id=\"caption-attachment-23179\" class=\"wp-caption-text\">Ici, cet ambulant de mobilisation est recycl\u00e9 pour le service des PTT. 1922.<\/figcaption><\/figure>\n<p><strong>Chamb\u00e9ry \u00e0 Macon<\/strong><\/p>\n<p><span style=\"color: #ff0000;\">Aller<\/span><\/p>\n<p><a href=\"https:\/\/ambulantconvoyeurpar.com\/?attachment_id=23308\" rel=\"attachment wp-att-23308\"><img loading=\"lazy\" decoding=\"async\" class=\"alignnone size-full wp-image-23308\" src=\"https:\/\/ambulantconvoyeurpar.com\/wp-content\/uploads\/2024\/06\/a1-3.jpg\" alt=\"\" width=\"958\" height=\"672\" srcset=\"https:\/\/ambulantconvoyeurpar.com\/wp-content\/uploads\/2024\/06\/a1-3.jpg 958w, https:\/\/ambulantconvoyeurpar.com\/wp-content\/uploads\/2024\/06\/a1-3-300x210.jpg 300w, https:\/\/ambulantconvoyeurpar.com\/wp-content\/uploads\/2024\/06\/a1-3-768x539.jpg 768w, https:\/\/ambulantconvoyeurpar.com\/wp-content\/uploads\/2024\/06\/a1-3-385x270.jpg 385w\" sizes=\"auto, (max-width: 958px) 100vw, 958px\" \/><\/a><\/p>\n<p><span style=\"color: #0000ff;\">Retour<\/span><\/p>\n<p><strong>Chamb\u00e9ry \u00e0 Modane<\/strong><\/p>\n<p><span style=\"color: #ff0000;\">Aller uniquement<\/span><\/p>\n<p><strong>Cherbourg \u00e0 Paris 1\u00b0 (1E, 2E, Son)<\/strong><\/p>\n<p><span style=\"color: #ff0000;\">Aller<\/span><\/p>\n<p><a href=\"https:\/\/ambulantconvoyeurpar.com\/?attachment_id=23140\" rel=\"attachment wp-att-23140\"><img loading=\"lazy\" decoding=\"async\" class=\"size-full wp-image-23140 aligncenter\" src=\"https:\/\/ambulantconvoyeurpar.com\/wp-content\/uploads\/2024\/04\/a1-22.jpg\" alt=\"\" width=\"1100\" height=\"699\" srcset=\"https:\/\/ambulantconvoyeurpar.com\/wp-content\/uploads\/2024\/04\/a1-22.jpg 1100w, https:\/\/ambulantconvoyeurpar.com\/wp-content\/uploads\/2024\/04\/a1-22-300x191.jpg 300w, https:\/\/ambulantconvoyeurpar.com\/wp-content\/uploads\/2024\/04\/a1-22-1024x651.jpg 1024w, https:\/\/ambulantconvoyeurpar.com\/wp-content\/uploads\/2024\/04\/a1-22-768x488.jpg 768w, https:\/\/ambulantconvoyeurpar.com\/wp-content\/uploads\/2024\/04\/a1-22-425x270.jpg 425w\" sizes=\"auto, (max-width: 1100px) 100vw, 1100px\" \/><\/a><\/p>\n<p><span style=\"color: #0000ff;\">Retour<\/span><\/p>\n<p><strong>Cherbourg \u00e0 Paris 2\u00b0 (2E, Son)<\/strong><\/p>\n<p><span style=\"color: #0000ff;\">Retour uniquement<\/span><\/p>\n<p><strong>Clermont \u00e0 N\u00eemes (2E, Son)<\/strong><\/p>\n<p><span style=\"color: #ff0000;\">Aller<\/span><\/p>\n<p><span style=\"color: #0000ff;\">Retour<\/span><\/p>\n<p><strong>Clermont \u00e0 Paris 1\u00b0 (1E, 2E, Son)<\/strong><\/p>\n<p><span style=\"color: #ff0000;\">Aller<\/span><\/p>\n<p><span style=\"color: #0000ff;\">Retour<\/span><\/p>\n<p><strong>Clermont \u00e0 Paris 2\u00b0 (1E, 2E, Son)<\/strong><\/p>\n<p><span style=\"color: #ff0000;\">Aller<\/span><\/p>\n<p><a href=\"https:\/\/ambulantconvoyeurpar.com\/index.php\/2024\/08\/01\/ambulants-de-mobilisation-1ere-guerre-mondiale\/scan-415\/\" rel=\"attachment wp-att-25862\"><img loading=\"lazy\" decoding=\"async\" class=\"alignnone size-full wp-image-25862\" src=\"https:\/\/ambulantconvoyeurpar.com\/wp-content\/uploads\/2024\/08\/Scan.jpg\" alt=\"\" width=\"1115\" height=\"722\" srcset=\"https:\/\/ambulantconvoyeurpar.com\/wp-content\/uploads\/2024\/08\/Scan.jpg 1115w, https:\/\/ambulantconvoyeurpar.com\/wp-content\/uploads\/2024\/08\/Scan-300x194.jpg 300w, https:\/\/ambulantconvoyeurpar.com\/wp-content\/uploads\/2024\/08\/Scan-1024x663.jpg 1024w, https:\/\/ambulantconvoyeurpar.com\/wp-content\/uploads\/2024\/08\/Scan-768x497.jpg 768w, https:\/\/ambulantconvoyeurpar.com\/wp-content\/uploads\/2024\/08\/Scan-417x270.jpg 417w\" sizes=\"auto, (max-width: 1115px) 100vw, 1115px\" \/><\/a><\/p>\n<p><span style=\"color: #0000ff;\">Retour<\/span><\/p>\n<p><strong>Givet \u00e0 Paris 1\u00b0 (1E, 2E, Son)<\/strong><\/p>\n<p><span style=\"color: #ff0000;\">Aller uniquement<\/span><\/p>\n<p><strong>Givet \u00e0 Paris 2\u00b0 (1E, 2E, Son)<\/strong><\/p>\n<p><span style=\"color: #ff0000;\">Aller uniquement<\/span><\/p>\n<p><strong>Granville \u00e0 Paris 2\u00b0 (1E, 2E, Son)<\/strong><\/p>\n<p><span style=\"color: #ff0000;\">Aller<\/span><\/p>\n<p><span style=\"color: #0000ff;\">Retour<\/span><\/p>\n<p><strong>Lille \u00e0 Paris 1\u00b0<\/strong><\/p>\n<p><span style=\"color: #ff0000;\">Aller uniquement<\/span><\/p>\n<p><strong>Limoges \u00e0 Montauban 1\u00b0<\/strong><\/p>\n<p><span style=\"color: #0000ff;\">Retour uniquement<\/span><\/p>\n<p><strong>Limoges \u00e0 Montauban 2\u00b0<\/strong><\/p>\n<p><span style=\"color: #ff0000;\">Aller<\/span><\/p>\n<p><span style=\"color: #0000ff;\">Retour<\/span><\/p>\n<p><a href=\"https:\/\/ambulantconvoyeurpar.com\/?attachment_id=23180\" rel=\"attachment wp-att-23180\"><img loading=\"lazy\" decoding=\"async\" class=\"size-full wp-image-23180 aligncenter\" src=\"https:\/\/ambulantconvoyeurpar.com\/wp-content\/uploads\/2024\/05\/a1-3.jpg\" alt=\"\" width=\"1085\" height=\"711\" srcset=\"https:\/\/ambulantconvoyeurpar.com\/wp-content\/uploads\/2024\/05\/a1-3.jpg 1085w, https:\/\/ambulantconvoyeurpar.com\/wp-content\/uploads\/2024\/05\/a1-3-300x197.jpg 300w, https:\/\/ambulantconvoyeurpar.com\/wp-content\/uploads\/2024\/05\/a1-3-1024x671.jpg 1024w, https:\/\/ambulantconvoyeurpar.com\/wp-content\/uploads\/2024\/05\/a1-3-768x503.jpg 768w, https:\/\/ambulantconvoyeurpar.com\/wp-content\/uploads\/2024\/05\/a1-3-412x270.jpg 412w\" sizes=\"auto, (max-width: 1085px) 100vw, 1085px\" \/><\/a><\/p>\n<p><strong>Livron \u00e0 Veynes<\/strong><\/p>\n<p><span style=\"color: #0000ff;\">Retour uniquement<\/span><\/p>\n<p><strong>Lyon \u00e0 Marseille 1\u00b0<\/strong><\/p>\n<p><span style=\"color: #0000ff;\">Retour uniquement<\/span><\/p>\n<p><a href=\"https:\/\/ambulantconvoyeurpar.com\/?attachment_id=23062\" rel=\"attachment wp-att-23062\"><img loading=\"lazy\" decoding=\"async\" class=\"size-full wp-image-23062 aligncenter\" src=\"https:\/\/ambulantconvoyeurpar.com\/wp-content\/uploads\/2024\/04\/a1-6.jpg\" alt=\"\" width=\"1085\" height=\"685\" srcset=\"https:\/\/ambulantconvoyeurpar.com\/wp-content\/uploads\/2024\/04\/a1-6.jpg 1085w, https:\/\/ambulantconvoyeurpar.com\/wp-content\/uploads\/2024\/04\/a1-6-300x189.jpg 300w, https:\/\/ambulantconvoyeurpar.com\/wp-content\/uploads\/2024\/04\/a1-6-1024x646.jpg 1024w, https:\/\/ambulantconvoyeurpar.com\/wp-content\/uploads\/2024\/04\/a1-6-768x485.jpg 768w, https:\/\/ambulantconvoyeurpar.com\/wp-content\/uploads\/2024\/04\/a1-6-428x270.jpg 428w\" sizes=\"auto, (max-width: 1085px) 100vw, 1085px\" \/><\/a><\/p>\n<p><strong>Lyon \u00e0 N\u00eemes<\/strong><\/p>\n<p><span style=\"color: #ff0000;\">Aller<\/span><\/p>\n<p><span style=\"color: #0000ff;\">Retour<\/span><\/p>\n<p><a href=\"https:\/\/ambulantconvoyeurpar.com\/?attachment_id=22932\" rel=\"attachment wp-att-22932\"><img loading=\"lazy\" decoding=\"async\" class=\"size-full wp-image-22932 aligncenter\" src=\"https:\/\/ambulantconvoyeurpar.com\/wp-content\/uploads\/2024\/03\/a1-9.jpg\" alt=\"\" width=\"1064\" height=\"651\" srcset=\"https:\/\/ambulantconvoyeurpar.com\/wp-content\/uploads\/2024\/03\/a1-9.jpg 1064w, https:\/\/ambulantconvoyeurpar.com\/wp-content\/uploads\/2024\/03\/a1-9-300x184.jpg 300w, https:\/\/ambulantconvoyeurpar.com\/wp-content\/uploads\/2024\/03\/a1-9-1024x627.jpg 1024w, https:\/\/ambulantconvoyeurpar.com\/wp-content\/uploads\/2024\/03\/a1-9-768x470.jpg 768w, https:\/\/ambulantconvoyeurpar.com\/wp-content\/uploads\/2024\/03\/a1-9-441x270.jpg 441w\" sizes=\"auto, (max-width: 1064px) 100vw, 1064px\" \/><\/a><\/p>\n<p><strong>Lyon \u00e0 Paris 2\u00b0 (1E, 2E, Son)<\/strong><\/p>\n<p><span style=\"color: #ff0000;\">Aller<\/span><\/p>\n<p><span style=\"color: #0000ff;\">Retour<\/span><\/p>\n<p><strong>Marseille \u00e0 Nice 1\u00b0<\/strong><\/p>\n<p><span style=\"color: #ff0000;\">Aller<\/span><\/p>\n<p><span style=\"color: #0000ff;\">Retour<\/span><\/p>\n<p><a href=\"https:\/\/ambulantconvoyeurpar.com\/?attachment_id=23065\" rel=\"attachment wp-att-23065\"><img loading=\"lazy\" decoding=\"async\" class=\"size-full wp-image-23065 aligncenter\" src=\"https:\/\/ambulantconvoyeurpar.com\/wp-content\/uploads\/2024\/04\/a1-9.jpg\" alt=\"\" width=\"1098\" height=\"708\" srcset=\"https:\/\/ambulantconvoyeurpar.com\/wp-content\/uploads\/2024\/04\/a1-9.jpg 1098w, https:\/\/ambulantconvoyeurpar.com\/wp-content\/uploads\/2024\/04\/a1-9-300x193.jpg 300w, https:\/\/ambulantconvoyeurpar.com\/wp-content\/uploads\/2024\/04\/a1-9-1024x660.jpg 1024w, https:\/\/ambulantconvoyeurpar.com\/wp-content\/uploads\/2024\/04\/a1-9-768x495.jpg 768w, https:\/\/ambulantconvoyeurpar.com\/wp-content\/uploads\/2024\/04\/a1-9-419x270.jpg 419w\" sizes=\"auto, (max-width: 1098px) 100vw, 1098px\" \/><\/a><\/p>\n<p><strong>Marseille \u00e0 Nice 2\u00b0<\/strong><\/p>\n<p><span style=\"color: #0000ff;\">Retour uniquement<\/span><\/p>\n<p><strong>Montargis \u00e0 Paris<\/strong><\/p>\n<p>Cet ambulant de mobilisation n&rsquo;a pas \u00e9t\u00e9 en fonction pendant la premi\u00e8re guerre mondiale.<\/p>\n<p><span style=\"color: #ff0000;\">Aller<\/span><\/p>\n<figure id=\"attachment_23186\" aria-describedby=\"caption-attachment-23186\" style=\"width: 1087px\" class=\"wp-caption aligncenter\"><a href=\"https:\/\/ambulantconvoyeurpar.com\/?attachment_id=23186\" rel=\"attachment wp-att-23186\"><img loading=\"lazy\" decoding=\"async\" class=\"wp-image-23186 size-full\" src=\"https:\/\/ambulantconvoyeurpar.com\/wp-content\/uploads\/2024\/05\/a1-4.jpg\" alt=\"\" width=\"1087\" height=\"719\" srcset=\"https:\/\/ambulantconvoyeurpar.com\/wp-content\/uploads\/2024\/05\/a1-4.jpg 1087w, https:\/\/ambulantconvoyeurpar.com\/wp-content\/uploads\/2024\/05\/a1-4-300x198.jpg 300w, https:\/\/ambulantconvoyeurpar.com\/wp-content\/uploads\/2024\/05\/a1-4-1024x677.jpg 1024w, https:\/\/ambulantconvoyeurpar.com\/wp-content\/uploads\/2024\/05\/a1-4-768x508.jpg 768w, https:\/\/ambulantconvoyeurpar.com\/wp-content\/uploads\/2024\/05\/a1-4-408x270.jpg 408w\" sizes=\"auto, (max-width: 1087px) 100vw, 1087px\" \/><\/a><figcaption id=\"caption-attachment-23186\" class=\"wp-caption-text\">1926.<\/figcaption><\/figure>\n<p><span style=\"color: #0000ff;\">Retour<\/span><\/p>\n<figure id=\"attachment_23187\" aria-describedby=\"caption-attachment-23187\" style=\"width: 1105px\" class=\"wp-caption aligncenter\"><a href=\"https:\/\/ambulantconvoyeurpar.com\/?attachment_id=23187\" rel=\"attachment wp-att-23187\"><img loading=\"lazy\" decoding=\"async\" class=\"wp-image-23187 size-full\" src=\"https:\/\/ambulantconvoyeurpar.com\/wp-content\/uploads\/2024\/05\/a1-5.jpg\" alt=\"\" width=\"1105\" height=\"720\" srcset=\"https:\/\/ambulantconvoyeurpar.com\/wp-content\/uploads\/2024\/05\/a1-5.jpg 1105w, https:\/\/ambulantconvoyeurpar.com\/wp-content\/uploads\/2024\/05\/a1-5-300x195.jpg 300w, https:\/\/ambulantconvoyeurpar.com\/wp-content\/uploads\/2024\/05\/a1-5-1024x667.jpg 1024w, https:\/\/ambulantconvoyeurpar.com\/wp-content\/uploads\/2024\/05\/a1-5-768x500.jpg 768w, https:\/\/ambulantconvoyeurpar.com\/wp-content\/uploads\/2024\/05\/a1-5-414x270.jpg 414w\" sizes=\"auto, (max-width: 1105px) 100vw, 1105px\" \/><\/a><figcaption id=\"caption-attachment-23187\" class=\"wp-caption-text\">1922.<\/figcaption><\/figure>\n<p><strong>Nantes \u00e0 Paris 1\u00b0 (1E, 2E, Son)<\/strong><\/p>\n<p><span style=\"color: #0000ff;\">Retour uniquement<\/span><\/p>\n<p><strong>Nantes \u00e0 Paris 2\u00b0 (1E, 2E, Son)<\/strong><\/p>\n<p><span style=\"color: #ff0000;\">Aller<\/span><\/p>\n<p><a href=\"https:\/\/ambulantconvoyeurpar.com\/index.php\/2024\/08\/01\/ambulants-de-mobilisation-1ere-guerre-mondiale\/scan-417\/\" rel=\"attachment wp-att-25864\"><img loading=\"lazy\" decoding=\"async\" class=\"alignnone size-full wp-image-25864\" src=\"https:\/\/ambulantconvoyeurpar.com\/wp-content\/uploads\/2024\/08\/Scan-2.jpg\" alt=\"\" width=\"1090\" height=\"712\" srcset=\"https:\/\/ambulantconvoyeurpar.com\/wp-content\/uploads\/2024\/08\/Scan-2.jpg 1090w, https:\/\/ambulantconvoyeurpar.com\/wp-content\/uploads\/2024\/08\/Scan-2-300x196.jpg 300w, https:\/\/ambulantconvoyeurpar.com\/wp-content\/uploads\/2024\/08\/Scan-2-1024x669.jpg 1024w, https:\/\/ambulantconvoyeurpar.com\/wp-content\/uploads\/2024\/08\/Scan-2-768x502.jpg 768w, https:\/\/ambulantconvoyeurpar.com\/wp-content\/uploads\/2024\/08\/Scan-2-413x270.jpg 413w\" sizes=\"auto, (max-width: 1090px) 100vw, 1090px\" \/><\/a><\/p>\n<p><span style=\"color: #0000ff;\">Retour<\/span><\/p>\n<p><strong>Nantes \u00e0 Quimper 1\u00b0<\/strong><\/p>\n<p><span style=\"color: #ff0000;\">Aller<\/span><\/p>\n<p><span style=\"color: #0000ff;\">Retour<\/span><\/p>\n<p><strong>Nantes \u00e0 Quimper 2\u00b0<\/strong><\/p>\n<p><span style=\"color: #ff0000;\">Aller<\/span><\/p>\n<p><span style=\"color: #0000ff;\">Retour<\/span><\/p>\n<p><a href=\"https:\/\/ambulantconvoyeurpar.com\/?attachment_id=23064\" rel=\"attachment wp-att-23064\"><img loading=\"lazy\" decoding=\"async\" class=\"size-full wp-image-23064 aligncenter\" src=\"https:\/\/ambulantconvoyeurpar.com\/wp-content\/uploads\/2024\/04\/a1-8.jpg\" alt=\"\" width=\"1107\" height=\"713\" srcset=\"https:\/\/ambulantconvoyeurpar.com\/wp-content\/uploads\/2024\/04\/a1-8.jpg 1107w, https:\/\/ambulantconvoyeurpar.com\/wp-content\/uploads\/2024\/04\/a1-8-300x193.jpg 300w, https:\/\/ambulantconvoyeurpar.com\/wp-content\/uploads\/2024\/04\/a1-8-1024x660.jpg 1024w, https:\/\/ambulantconvoyeurpar.com\/wp-content\/uploads\/2024\/04\/a1-8-768x495.jpg 768w, https:\/\/ambulantconvoyeurpar.com\/wp-content\/uploads\/2024\/04\/a1-8-419x270.jpg 419w\" sizes=\"auto, (max-width: 1107px) 100vw, 1107px\" \/><\/a><\/p>\n<p><strong>Paris \u00e0 Soisson 1\u00b0<\/strong><\/p>\n<p><span style=\"color: #ff0000;\">Aller<\/span><\/p>\n<figure style=\"width: 1024px\" class=\"wp-caption aligncenter\"><img loading=\"lazy\" decoding=\"async\" src=\"http:\/\/ambulantconvoyeurpar.com\/wp-content\/uploads\/2018\/04\/a-4-1024x791.jpg\" alt=\"\" width=\"1024\" height=\"791\" \/><figcaption class=\"wp-caption-text\">Ici, cet ambulant de mobilisation est recycl\u00e9 pour le service des PTT. 1924.<\/figcaption><\/figure>\n<p><span style=\"color: #0000ff;\">Retour<\/span><\/p>\n<figure id=\"attachment_23270\" aria-describedby=\"caption-attachment-23270\" style=\"width: 1095px\" class=\"wp-caption aligncenter\"><a href=\"https:\/\/ambulantconvoyeurpar.com\/?attachment_id=23270\" rel=\"attachment wp-att-23270\"><img loading=\"lazy\" decoding=\"async\" class=\"wp-image-23270 size-full\" src=\"https:\/\/ambulantconvoyeurpar.com\/wp-content\/uploads\/2024\/06\/a1-2.jpg\" alt=\"\" width=\"1095\" height=\"773\" srcset=\"https:\/\/ambulantconvoyeurpar.com\/wp-content\/uploads\/2024\/06\/a1-2.jpg 1095w, https:\/\/ambulantconvoyeurpar.com\/wp-content\/uploads\/2024\/06\/a1-2-300x212.jpg 300w, https:\/\/ambulantconvoyeurpar.com\/wp-content\/uploads\/2024\/06\/a1-2-1024x723.jpg 1024w, https:\/\/ambulantconvoyeurpar.com\/wp-content\/uploads\/2024\/06\/a1-2-768x542.jpg 768w, https:\/\/ambulantconvoyeurpar.com\/wp-content\/uploads\/2024\/06\/a1-2-382x270.jpg 382w\" sizes=\"auto, (max-width: 1095px) 100vw, 1095px\" \/><\/a><figcaption id=\"caption-attachment-23270\" class=\"wp-caption-text\">Ici, cet ambulant de mobilisation est recycl\u00e9 pour le service des PTT. 1920.<\/figcaption><\/figure>\n<p><strong>Paris \u00e0 Soisson 2\u00b0<\/strong><\/p>\n<p><span style=\"color: #0000ff;\">Retour uniquement<\/span><\/p>\n<p><strong>Paris \u00e0 Vend\u00f4me 1\u00b0<\/strong><\/p>\n<p><span style=\"color: #ff0000;\">Aller<\/span><\/p>\n<p><a href=\"https:\/\/ambulantconvoyeurpar.com\/?attachment_id=23474\" rel=\"attachment wp-att-23474\"><img loading=\"lazy\" decoding=\"async\" class=\"alignnone size-full wp-image-23474\" src=\"https:\/\/ambulantconvoyeurpar.com\/wp-content\/uploads\/2024\/07\/a1-62.jpg\" alt=\"\" width=\"1098\" height=\"697\" srcset=\"https:\/\/ambulantconvoyeurpar.com\/wp-content\/uploads\/2024\/07\/a1-62.jpg 1098w, https:\/\/ambulantconvoyeurpar.com\/wp-content\/uploads\/2024\/07\/a1-62-300x190.jpg 300w, https:\/\/ambulantconvoyeurpar.com\/wp-content\/uploads\/2024\/07\/a1-62-1024x650.jpg 1024w, https:\/\/ambulantconvoyeurpar.com\/wp-content\/uploads\/2024\/07\/a1-62-768x488.jpg 768w, https:\/\/ambulantconvoyeurpar.com\/wp-content\/uploads\/2024\/07\/a1-62-425x270.jpg 425w\" sizes=\"auto, (max-width: 1098px) 100vw, 1098px\" \/><\/a><\/p>\n<p><span style=\"color: #0000ff;\">Retour<\/span><\/p>\n<p><a href=\"https:\/\/ambulantconvoyeurpar.com\/?attachment_id=23125\" rel=\"attachment wp-att-23125\"><img loading=\"lazy\" decoding=\"async\" class=\"size-full wp-image-23125 aligncenter\" src=\"https:\/\/ambulantconvoyeurpar.com\/wp-content\/uploads\/2024\/04\/a1-19.jpg\" alt=\"\" width=\"1082\" height=\"696\" srcset=\"https:\/\/ambulantconvoyeurpar.com\/wp-content\/uploads\/2024\/04\/a1-19.jpg 1082w, https:\/\/ambulantconvoyeurpar.com\/wp-content\/uploads\/2024\/04\/a1-19-300x193.jpg 300w, https:\/\/ambulantconvoyeurpar.com\/wp-content\/uploads\/2024\/04\/a1-19-1024x659.jpg 1024w, https:\/\/ambulantconvoyeurpar.com\/wp-content\/uploads\/2024\/04\/a1-19-768x494.jpg 768w, https:\/\/ambulantconvoyeurpar.com\/wp-content\/uploads\/2024\/04\/a1-19-420x270.jpg 420w\" sizes=\"auto, (max-width: 1082px) 100vw, 1082px\" \/><\/a><\/p>\n<p><strong>Port Vendre \u00e0 Toulouse<\/strong><\/p>\n<p><span style=\"color: #ff0000;\">Aller uniquement<\/span><\/p>\n<p><strong>Les Sables \u00e0 Tours<\/strong><\/p>\n<p><span style=\"color: #ff0000;\">Aller<\/span><\/p>\n<p><a href=\"https:\/\/ambulantconvoyeurpar.com\/index.php\/2024\/08\/01\/ambulants-de-mobilisation-1ere-guerre-mondiale\/a1-2707\/\" rel=\"attachment wp-att-24143\"><img loading=\"lazy\" decoding=\"async\" class=\"alignnone size-full wp-image-24143\" src=\"https:\/\/ambulantconvoyeurpar.com\/wp-content\/uploads\/2024\/08\/a1-12.jpg\" alt=\"\" width=\"1095\" height=\"703\" srcset=\"https:\/\/ambulantconvoyeurpar.com\/wp-content\/uploads\/2024\/08\/a1-12.jpg 1095w, https:\/\/ambulantconvoyeurpar.com\/wp-content\/uploads\/2024\/08\/a1-12-300x193.jpg 300w, https:\/\/ambulantconvoyeurpar.com\/wp-content\/uploads\/2024\/08\/a1-12-1024x657.jpg 1024w, https:\/\/ambulantconvoyeurpar.com\/wp-content\/uploads\/2024\/08\/a1-12-768x493.jpg 768w, https:\/\/ambulantconvoyeurpar.com\/wp-content\/uploads\/2024\/08\/a1-12-421x270.jpg 421w\" sizes=\"auto, (max-width: 1095px) 100vw, 1095px\" \/><\/a><\/p>\n<p><span style=\"color: #0000ff;\">Retour<\/span><\/p>\n<p>Liens:<\/p>\n<p><a href=\"https:\/\/fr.wikipedia.org\/wiki\/Mobilisation_fran%C3%A7aise_de_1914#\/media\/Fichier:Concentration_1914.png\">https:\/\/fr.wikipedia.org\/wiki\/Mobilisation_fran%C3%A7aise_de_1914#\/media\/Fichier:Concentration_1914.png<\/a><\/p>\n<blockquote class=\"wp-embedded-content\" data-secret=\"zFXXBE1ZUm\"><p><a href=\"https:\/\/cpl14.fr\/?p=2765\">Ambulants de Mobilisation: une raret\u00e9 m\u00e9connue<\/a><\/p><\/blockquote>\n<p><iframe loading=\"lazy\" class=\"wp-embedded-content\" sandbox=\"allow-scripts\" security=\"restricted\" style=\"position: absolute; visibility: hidden;\" title=\"\u00ab\u00a0Ambulants de Mobilisation: une raret\u00e9 m\u00e9connue\u00a0\u00bb &#8212; cpl14.fr\" src=\"https:\/\/cpl14.fr\/?p=2765&#038;embed=true#?secret=F5192ozdZK#?secret=zFXXBE1ZUm\" data-secret=\"zFXXBE1ZUm\" width=\"600\" height=\"338\" frameborder=\"0\" marginwidth=\"0\" marginheight=\"0\" scrolling=\"no\"><\/iframe><\/p>\n<p>Biblio:<\/p>\n<p><a href=\"https:\/\/ambulantconvoyeurpar.com\/?attachment_id=23145\" rel=\"attachment wp-att-23145\"><img loading=\"lazy\" decoding=\"async\" class=\"size-large wp-image-23145 aligncenter\" src=\"https:\/\/ambulantconvoyeurpar.com\/wp-content\/uploads\/2024\/04\/a1-25-729x1024.jpg\" alt=\"\" width=\"640\" height=\"899\" srcset=\"https:\/\/ambulantconvoyeurpar.com\/wp-content\/uploads\/2024\/04\/a1-25-729x1024.jpg 729w, https:\/\/ambulantconvoyeurpar.com\/wp-content\/uploads\/2024\/04\/a1-25-214x300.jpg 214w, https:\/\/ambulantconvoyeurpar.com\/wp-content\/uploads\/2024\/04\/a1-25-768x1079.jpg 768w, https:\/\/ambulantconvoyeurpar.com\/wp-content\/uploads\/2024\/04\/a1-25-1093x1536.jpg 1093w, https:\/\/ambulantconvoyeurpar.com\/wp-content\/uploads\/2024\/04\/a1-25-192x270.jpg 192w, https:\/\/ambulantconvoyeurpar.com\/wp-content\/uploads\/2024\/04\/a1-25.jpg 1178w\" sizes=\"auto, (max-width: 640px) 100vw, 640px\" \/><\/a><\/p>\n<p><a href=\"https:\/\/ambulantconvoyeurpar.com\/?attachment_id=23190\" rel=\"attachment wp-att-23190\"><img loading=\"lazy\" decoding=\"async\" class=\"size-large wp-image-23190 aligncenter\" src=\"https:\/\/ambulantconvoyeurpar.com\/wp-content\/uploads\/2024\/05\/a1-6-749x1024.jpg\" alt=\"\" width=\"640\" height=\"875\" srcset=\"https:\/\/ambulantconvoyeurpar.com\/wp-content\/uploads\/2024\/05\/a1-6-749x1024.jpg 749w, https:\/\/ambulantconvoyeurpar.com\/wp-content\/uploads\/2024\/05\/a1-6-220x300.jpg 220w, https:\/\/ambulantconvoyeurpar.com\/wp-content\/uploads\/2024\/05\/a1-6-768x1049.jpg 768w, https:\/\/ambulantconvoyeurpar.com\/wp-content\/uploads\/2024\/05\/a1-6-1124x1536.jpg 1124w, https:\/\/ambulantconvoyeurpar.com\/wp-content\/uploads\/2024\/05\/a1-6-1499x2048.jpg 1499w, https:\/\/ambulantconvoyeurpar.com\/wp-content\/uploads\/2024\/05\/a1-6-198x270.jpg 198w, https:\/\/ambulantconvoyeurpar.com\/wp-content\/uploads\/2024\/05\/a1-6.jpg 1668w\" sizes=\"auto, (max-width: 640px) 100vw, 640px\" \/><\/a><\/p>\n","protected":false},"excerpt":{"rendered":"<p>Article modifi\u00e9 le 13\/03\/2026. 1\/ La situation. 2\/ Les oblit\u00e9rations. Le 03\/08\/1914. Le ministre de la guerre. Vu la loi du 28 d\u00e9cembre 1888. Vu le d\u00e9cret du 8 d\u00e9cembre 1913 portant r\u00e8glement sur les transports strat\u00e9giques par chemins de fer ; Vu le d\u00e9cret de mobilisation de l&rsquo;arm\u00e9e, Arr\u00eat\u00e9 : Art. 1er. \u2014 Les dispositions de l&rsquo;article 22 de la loi du 13 mars 1875 modifi\u00e9 par la loi du 28 d\u00e9cembre 1888, et de l&rsquo;article 1er, paragraphe 3,&#8230;<\/p>\n<p class=\"read-more\"><a class=\"btn btn-default\" href=\"https:\/\/ambulantconvoyeurpar.com\/index.php\/2024\/08\/01\/ambulants-de-mobilisation-1ere-guerre-mondiale\/\">Lire la suite<span class=\"screen-reader-text\"> Lire la suite<\/span><\/a><\/p>\n","protected":false},"author":1,"featured_media":0,"comment_status":"open","ping_status":"open","sticky":false,"template":"","format":"standard","meta":{"jetpack_post_was_ever_published":false,"_jetpack_newsletter_access":"","_jetpack_dont_email_post_to_subs":false,"_jetpack_newsletter_tier_id":0,"_jetpack_memberships_contains_paywalled_content":false,"_jetpack_memberships_contains_paid_content":false,"footnotes":"","jetpack_publicize_message":"","jetpack_publicize_feature_enabled":true,"jetpack_social_post_already_shared":true,"jetpack_social_options":{"image_generator_settings":{"template":"highway","default_image_id":0,"font":"","enabled":false},"version":2}},"categories":[10],"tags":[],"class_list":["post-22187","post","type-post","status-publish","format-standard","hentry","category-ambulant"],"jetpack_publicize_connections":[],"jetpack_featured_media_url":"","jetpack_shortlink":"https:\/\/wp.me\/p91OMs-5LR","jetpack-related-posts":[],"jetpack_sharing_enabled":true,"_links":{"self":[{"href":"https:\/\/ambulantconvoyeurpar.com\/index.php\/wp-json\/wp\/v2\/posts\/22187","targetHints":{"allow":["GET"]}}],"collection":[{"href":"https:\/\/ambulantconvoyeurpar.com\/index.php\/wp-json\/wp\/v2\/posts"}],"about":[{"href":"https:\/\/ambulantconvoyeurpar.com\/index.php\/wp-json\/wp\/v2\/types\/post"}],"author":[{"embeddable":true,"href":"https:\/\/ambulantconvoyeurpar.com\/index.php\/wp-json\/wp\/v2\/users\/1"}],"replies":[{"embeddable":true,"href":"https:\/\/ambulantconvoyeurpar.com\/index.php\/wp-json\/wp\/v2\/comments?post=22187"}],"version-history":[{"count":3,"href":"https:\/\/ambulantconvoyeurpar.com\/index.php\/wp-json\/wp\/v2\/posts\/22187\/revisions"}],"predecessor-version":[{"id":26162,"href":"https:\/\/ambulantconvoyeurpar.com\/index.php\/wp-json\/wp\/v2\/posts\/22187\/revisions\/26162"}],"wp:attachment":[{"href":"https:\/\/ambulantconvoyeurpar.com\/index.php\/wp-json\/wp\/v2\/media?parent=22187"}],"wp:term":[{"taxonomy":"category","embeddable":true,"href":"https:\/\/ambulantconvoyeurpar.com\/index.php\/wp-json\/wp\/v2\/categories?post=22187"},{"taxonomy":"post_tag","embeddable":true,"href":"https:\/\/ambulantconvoyeurpar.com\/index.php\/wp-json\/wp\/v2\/tags?post=22187"}],"curies":[{"name":"wp","href":"https:\/\/api.w.org\/{rel}","templated":true}]}}