{"id":22210,"date":"2024-02-10T18:26:50","date_gmt":"2024-02-10T17:26:50","guid":{"rendered":"https:\/\/ambulantconvoyeurpar.com\/?p=22210"},"modified":"2024-02-11T15:01:37","modified_gmt":"2024-02-11T14:01:37","slug":"bureaux-gare-du-departement-90-territoire-de-belfort","status":"publish","type":"post","link":"https:\/\/ambulantconvoyeurpar.com\/index.php\/2024\/02\/10\/bureaux-gare-du-departement-90-territoire-de-belfort\/","title":{"rendered":"BUREAUX-GARE DU D\u00c9PARTEMENT 90 TERRITOIRE DE BELFORT"},"content":{"rendered":"<p><strong>90 Territoire de Belfort<\/strong><\/p>\n<p>Bureau-gare de <span style=\"color: #0000ff;\">Belfort,<\/span> signal\u00e9 jusque 1914. Le bureau-gare de Belfort a utilis\u00e9 comme oblit\u00e9ration manuelle 5 types: 15, 17, 18, 1884 et 1904. Un entrep\u00f4t a fonctionn\u00e9 \u00e0 partir de 1894 et il est signal\u00e9 jusque 1986. Il prend le relais du bureau-gare.<\/p>\n<p>Le canton de Delle a \u00e9t\u00e9 cr\u00e9\u00e9 en 1790 en tant que canton du d\u00e9partement du Haut-Rhin. Bureau-Gare de <span style=\"color: #0000ff;\">Delle<\/span>, Haut Rhin, vu jusque 1895. \u00a0Le bureau-gare de Delle a utilis\u00e9 comme oblit\u00e9ration \u00a0manuelle, 2 types: type 18, 1884.<\/p>\n<p>Par d\u00e9cret du <time class=\"nowrap\" datetime=\"1871-09-16\" data-sort-value=\"1871-09-16\">16 septembre 1871<\/time>, il est \u00e9tabli comme canton du territoire de Belfort. Bureau-gare de <span style=\"color: #0000ff;\">Delle<\/span>, Territoire de Belfort, vu jusque 1935. Le bureau-gare de Delle a utilis\u00e9 comme oblit\u00e9ration manuelle, le type 1884.<\/p>\n<p>Bureau-gare de <span style=\"color: #0000ff;\">Petit-Croix,<\/span> vu jusque 1914. Le bureau-gare de Petit Croix a utilis\u00e9 comme oblit\u00e9ration manuelle, le type 1904.<\/p>\n<p>Site sur la poste ferroviaire dans le Territoire de Belfort:<\/p>\n<p><a href=\"http:\/\/poste.ferroviaire.belfort.free.fr\/LA%20POSTE%20FERROVIAIRE\/Poste%20Ferroviaire%20avec%20mention%20BELFORT%20Regional.pdf\" target=\"_blank\" rel=\"noopener noreferrer nofollow\">Cliquer pour acc\u00e9der \u00e0 Poste%20Ferroviaire%20avec%20mention%20BELFORT%20Regional.pdf<\/a><\/p>\n","protected":false},"excerpt":{"rendered":"<p>90 Territoire de Belfort Bureau-gare de Belfort, signal\u00e9 jusque 1914. Le bureau-gare de Belfort a utilis\u00e9 comme oblit\u00e9ration manuelle 5 types: 15, 17, 18, 1884 et 1904. Un entrep\u00f4t a fonctionn\u00e9 \u00e0 partir de 1894 et il est signal\u00e9 jusque 1986. Il prend le relais du bureau-gare. Le canton de Delle a \u00e9t\u00e9 cr\u00e9\u00e9 en 1790 en tant que canton du d\u00e9partement du Haut-Rhin. Bureau-Gare de Delle, Haut Rhin, vu jusque 1895. \u00a0Le bureau-gare de Delle a utilis\u00e9 comme oblit\u00e9ration&#8230;<\/p>\n<p class=\"read-more\"><a class=\"btn btn-default\" href=\"https:\/\/ambulantconvoyeurpar.com\/index.php\/2024\/02\/10\/bureaux-gare-du-departement-90-territoire-de-belfort\/\">Lire la suite<span class=\"screen-reader-text\"> Lire la suite<\/span><\/a><\/p>\n","protected":false},"author":1,"featured_media":0,"comment_status":"open","ping_status":"open","sticky":false,"template":"","format":"standard","meta":{"jetpack_post_was_ever_published":false,"_jetpack_newsletter_access":"","_jetpack_dont_email_post_to_subs":false,"_jetpack_newsletter_tier_id":0,"_jetpack_memberships_contains_paywalled_content":false,"_jetpack_memberships_contains_paid_content":false,"footnotes":"","jetpack_publicize_message":"","jetpack_publicize_feature_enabled":true,"jetpack_social_post_already_shared":true,"jetpack_social_options":{"image_generator_settings":{"template":"highway","default_image_id":0,"font":"","enabled":false},"version":2}},"categories":[77,68,57],"tags":[],"class_list":["post-22210","post","type-post","status-publish","format-standard","hentry","category-bureaux-gares-en-france","category-departements-75-a-90","category-gares"],"jetpack_publicize_connections":[],"jetpack_featured_media_url":"","jetpack_shortlink":"https:\/\/wp.me\/p91OMs-5Me","jetpack-related-posts":[],"jetpack_sharing_enabled":true,"_links":{"self":[{"href":"https:\/\/ambulantconvoyeurpar.com\/index.php\/wp-json\/wp\/v2\/posts\/22210","targetHints":{"allow":["GET"]}}],"collection":[{"href":"https:\/\/ambulantconvoyeurpar.com\/index.php\/wp-json\/wp\/v2\/posts"}],"about":[{"href":"https:\/\/ambulantconvoyeurpar.com\/index.php\/wp-json\/wp\/v2\/types\/post"}],"author":[{"embeddable":true,"href":"https:\/\/ambulantconvoyeurpar.com\/index.php\/wp-json\/wp\/v2\/users\/1"}],"replies":[{"embeddable":true,"href":"https:\/\/ambulantconvoyeurpar.com\/index.php\/wp-json\/wp\/v2\/comments?post=22210"}],"version-history":[{"count":3,"href":"https:\/\/ambulantconvoyeurpar.com\/index.php\/wp-json\/wp\/v2\/posts\/22210\/revisions"}],"predecessor-version":[{"id":22712,"href":"https:\/\/ambulantconvoyeurpar.com\/index.php\/wp-json\/wp\/v2\/posts\/22210\/revisions\/22712"}],"wp:attachment":[{"href":"https:\/\/ambulantconvoyeurpar.com\/index.php\/wp-json\/wp\/v2\/media?parent=22210"}],"wp:term":[{"taxonomy":"category","embeddable":true,"href":"https:\/\/ambulantconvoyeurpar.com\/index.php\/wp-json\/wp\/v2\/categories?post=22210"},{"taxonomy":"post_tag","embeddable":true,"href":"https:\/\/ambulantconvoyeurpar.com\/index.php\/wp-json\/wp\/v2\/tags?post=22210"}],"curies":[{"name":"wp","href":"https:\/\/api.w.org\/{rel}","templated":true}]}}