{"id":242,"date":"2017-11-27T09:44:56","date_gmt":"2017-11-27T08:44:56","guid":{"rendered":"http:\/\/ambulantconvoyeurpar.com\/?p=242"},"modified":"2024-04-09T17:25:59","modified_gmt":"2024-04-09T15:25:59","slug":"les-obliterations-entrepots-du-departement-de-la-haute-marne-52","status":"publish","type":"post","link":"https:\/\/ambulantconvoyeurpar.com\/index.php\/2017\/11\/27\/les-obliterations-entrepots-du-departement-de-la-haute-marne-52\/","title":{"rendered":"les oblit\u00e9rations entrep\u00f4ts du d\u00e9partement de la Haute Marne 52"},"content":{"rendered":"<p>Article modifi\u00e9 le 05\/06\/2023.<\/p>\n<h3>Chalindrey entrep\u00f4t: ouverture? Fermeture?<\/h3>\n<p><span style=\"color: #ff0000;\">Type A4<\/span>, vu 1939\/45<\/p>\n<p><a href=\"http:\/\/ambulantconvoyeurpar.com\/wp-content\/uploads\/2017\/10\/chalindrey-entrepot-52.jpg\"><img loading=\"lazy\" decoding=\"async\" class=\"alignnone size-full wp-image-984\" src=\"http:\/\/ambulantconvoyeurpar.com\/wp-content\/uploads\/2017\/10\/chalindrey-entrepot-52.jpg\" alt=\"\" width=\"438\" height=\"273\" srcset=\"https:\/\/ambulantconvoyeurpar.com\/wp-content\/uploads\/2017\/10\/chalindrey-entrepot-52.jpg 438w, https:\/\/ambulantconvoyeurpar.com\/wp-content\/uploads\/2017\/10\/chalindrey-entrepot-52-300x187.jpg 300w, https:\/\/ambulantconvoyeurpar.com\/wp-content\/uploads\/2017\/10\/chalindrey-entrepot-52-433x270.jpg 433w\" sizes=\"auto, (max-width: 438px) 100vw, 438px\" \/><\/a><\/p>\n<p><span style=\"color: #ff0000;\">Type A7,<\/span> signal\u00e9 1951\/61<\/p>\n<p><a href=\"http:\/\/ambulantconvoyeurpar.com\/wp-content\/uploads\/2017\/10\/chalindrey-entrepot-haute-marne-52.jpg\"><img loading=\"lazy\" decoding=\"async\" class=\"alignnone size-full wp-image-985\" src=\"http:\/\/ambulantconvoyeurpar.com\/wp-content\/uploads\/2017\/10\/chalindrey-entrepot-haute-marne-52.jpg\" alt=\"\" width=\"653\" height=\"389\" srcset=\"https:\/\/ambulantconvoyeurpar.com\/wp-content\/uploads\/2017\/10\/chalindrey-entrepot-haute-marne-52.jpg 653w, https:\/\/ambulantconvoyeurpar.com\/wp-content\/uploads\/2017\/10\/chalindrey-entrepot-haute-marne-52-300x179.jpg 300w, https:\/\/ambulantconvoyeurpar.com\/wp-content\/uploads\/2017\/10\/chalindrey-entrepot-haute-marne-52-453x270.jpg 453w\" sizes=\"auto, (max-width: 653px) 100vw, 653px\" \/><\/a><\/p>\n<p><span style=\"color: #ff0000;\">Type A8,<\/span> signal\u00e9 1961\/65<\/p>\n<p>Non rencontr\u00e9<\/p>\n<p><span style=\"color: #ff0000;\">Type A9,<\/span> signal\u00e9 1966\/76<\/p>\n<p>Non rencontr\u00e9<\/p>\n<p><span style=\"color: #ff0000;\">Oblit\u00e9ration m\u00e9canique de type secap 5LO, non cod\u00e9e, signal\u00e9e de 1962 \u00e0 1965<\/span><\/p>\n<p><a href=\"http:\/\/ambulantconvoyeurpar.com\/wp-content\/uploads\/2017\/10\/entrepot-520001.jpg\"><img loading=\"lazy\" decoding=\"async\" class=\"alignnone size-full wp-image-987\" src=\"http:\/\/ambulantconvoyeurpar.com\/wp-content\/uploads\/2017\/10\/entrepot-520001.jpg\" alt=\"\" width=\"999\" height=\"437\" srcset=\"https:\/\/ambulantconvoyeurpar.com\/wp-content\/uploads\/2017\/10\/entrepot-520001.jpg 999w, https:\/\/ambulantconvoyeurpar.com\/wp-content\/uploads\/2017\/10\/entrepot-520001-300x131.jpg 300w, https:\/\/ambulantconvoyeurpar.com\/wp-content\/uploads\/2017\/10\/entrepot-520001-768x336.jpg 768w, https:\/\/ambulantconvoyeurpar.com\/wp-content\/uploads\/2017\/10\/entrepot-520001-604x264.jpg 604w\" sizes=\"auto, (max-width: 999px) 100vw, 999px\" \/><\/a><\/p>\n<p><span style=\"color: #ff0000;\">Oblit\u00e9ration m\u00e9canique de type secap illustr\u00e9e, non cod\u00e9e, signal\u00e9e du 11\/12\/63 au 12\/01\/64 et du 26\/07 au 25\/08\/65.<\/span><\/p>\n<p>Les PTT vous offrent des situations, non rencontr\u00e9e<\/p>\n<p><span style=\"color: #ff0000;\">Oblit\u00e9ration m\u00e9canique de type secap illustr\u00e9e, cod\u00e9e, flamme \u00e0 gauche, signal\u00e9e du 09\/05 au 08\/06\/66, du 17\/03 au 16\/04\/67, d&rsquo;avril 68, du 14\/02 au 13\/03\/69.<\/span><\/p>\n<p><a href=\"https:\/\/ambulantconvoyeurpar.com\/index.php\/2017\/11\/27\/les-obliterations-entrepots-du-departement-de-la-haute-marne-52\/a1-1498\/\" rel=\"attachment wp-att-20370\"><img loading=\"lazy\" decoding=\"async\" class=\"alignnone size-full wp-image-20370\" src=\"https:\/\/ambulantconvoyeurpar.com\/wp-content\/uploads\/2017\/11\/a1-21.jpg\" alt=\"\" width=\"752\" height=\"409\" srcset=\"https:\/\/ambulantconvoyeurpar.com\/wp-content\/uploads\/2017\/11\/a1-21.jpg 752w, https:\/\/ambulantconvoyeurpar.com\/wp-content\/uploads\/2017\/11\/a1-21-300x163.jpg 300w, https:\/\/ambulantconvoyeurpar.com\/wp-content\/uploads\/2017\/11\/a1-21-496x270.jpg 496w\" sizes=\"auto, (max-width: 752px) 100vw, 752px\" \/><\/a><\/p>\n<p><span style=\"color: #ff0000;\">Idem flamme \u00e0 droite: du 09\/05 08\/06\/70, du 23\/09 au 22\/10\/71, 10\/12\/72 au 09\/01\/73, du 21\/03 au 20\/04\/74.<\/span><\/p>\n<p><a href=\"https:\/\/ambulantconvoyeurpar.com\/index.php\/2017\/11\/27\/les-obliterations-entrepots-du-departement-de-la-haute-marne-52\/a1-1499\/\" rel=\"attachment wp-att-20371\"><img loading=\"lazy\" decoding=\"async\" class=\"alignnone size-full wp-image-20371\" src=\"https:\/\/ambulantconvoyeurpar.com\/wp-content\/uploads\/2017\/11\/a1-22.jpg\" alt=\"\" width=\"681\" height=\"414\" srcset=\"https:\/\/ambulantconvoyeurpar.com\/wp-content\/uploads\/2017\/11\/a1-22.jpg 681w, https:\/\/ambulantconvoyeurpar.com\/wp-content\/uploads\/2017\/11\/a1-22-300x182.jpg 300w, https:\/\/ambulantconvoyeurpar.com\/wp-content\/uploads\/2017\/11\/a1-22-444x270.jpg 444w\" sizes=\"auto, (max-width: 681px) 100vw, 681px\" \/><\/a><\/p>\n<p><span style=\"color: #ff0000;\">Oblit\u00e9ration m\u00e9canique de type secap illustr\u00e9e, cod\u00e9e, du 01 \u00e0 03\/77<\/span><\/p>\n<p>pour votre avenir carri\u00e8res PP<\/p>\n<p><span style=\"color: #ff0000;\">Oblit\u00e9ration m\u00e9canique de type secap 5LO, cod\u00e9e, signal\u00e9e de 1966 \u00e0 1983, vagues \u00e0 droite et \u00e0 gauche et invers\u00e9es.<\/span><\/p>\n<p><a href=\"http:\/\/ambulantconvoyeurpar.com\/wp-content\/uploads\/2017\/10\/entrepot-52-10003.jpg\"><img loading=\"lazy\" decoding=\"async\" class=\"alignnone size-full wp-image-988\" src=\"http:\/\/ambulantconvoyeurpar.com\/wp-content\/uploads\/2017\/10\/entrepot-52-10003.jpg\" alt=\"\" width=\"1021\" height=\"813\" srcset=\"https:\/\/ambulantconvoyeurpar.com\/wp-content\/uploads\/2017\/10\/entrepot-52-10003.jpg 1021w, https:\/\/ambulantconvoyeurpar.com\/wp-content\/uploads\/2017\/10\/entrepot-52-10003-300x239.jpg 300w, https:\/\/ambulantconvoyeurpar.com\/wp-content\/uploads\/2017\/10\/entrepot-52-10003-768x612.jpg 768w, https:\/\/ambulantconvoyeurpar.com\/wp-content\/uploads\/2017\/10\/entrepot-52-10003-339x270.jpg 339w\" sizes=\"auto, (max-width: 1021px) 100vw, 1021px\" \/><\/a><\/p>\n<p><span style=\"color: #ff0000;\">Oblit\u00e9ration m\u00e9canique de type secap illustr\u00e9e, cod\u00e9e, signal\u00e9e avril\/mai 1972.<\/span><\/p>\n<p><a href=\"https:\/\/ambulantconvoyeurpar.com\/index.php\/2017\/11\/27\/les-obliterations-entrepots-du-departement-de-la-haute-marne-52\/a3-151\/\" rel=\"attachment wp-att-13323\"><img loading=\"lazy\" decoding=\"async\" class=\"alignnone size-full wp-image-13323\" src=\"https:\/\/ambulantconvoyeurpar.com\/wp-content\/uploads\/2017\/11\/a3-2.jpg\" alt=\"\" width=\"686\" height=\"404\" srcset=\"https:\/\/ambulantconvoyeurpar.com\/wp-content\/uploads\/2017\/11\/a3-2.jpg 686w, https:\/\/ambulantconvoyeurpar.com\/wp-content\/uploads\/2017\/11\/a3-2-300x177.jpg 300w, https:\/\/ambulantconvoyeurpar.com\/wp-content\/uploads\/2017\/11\/a3-2-458x270.jpg 458w\" sizes=\"auto, (max-width: 686px) 100vw, 686px\" \/><\/a><\/p>\n<hr \/>\n<h3>Chaumont entrep\u00f4t: ouverture? Fermeture?<\/h3>\n<p><span style=\"color: #ff0000;\">Type A7,<\/span> signal\u00e9 1951<\/p>\n<p><a href=\"http:\/\/ambulantconvoyeurpar.com\/wp-content\/uploads\/2017\/11\/a-1.jpg\"><img loading=\"lazy\" decoding=\"async\" class=\"alignnone size-full wp-image-4444\" src=\"http:\/\/ambulantconvoyeurpar.com\/wp-content\/uploads\/2017\/11\/a-1.jpg\" alt=\"\" width=\"274\" height=\"173\" \/><\/a><\/p>\n<hr \/>\n<h3>Langres entrep\u00f4t: ouverture? Fermeture?<\/h3>\n<p><span style=\"color: #ff0000;\">Type A4,<\/span> vu 1931\/39, <span style=\"color: #ff0000;\">Hte Marne<\/span><\/p>\n<p><a href=\"http:\/\/ambulantconvoyeurpar.com\/wp-content\/uploads\/2017\/10\/entrepot-52-2.jpg\"><img loading=\"lazy\" decoding=\"async\" class=\"alignnone size-full wp-image-989\" src=\"http:\/\/ambulantconvoyeurpar.com\/wp-content\/uploads\/2017\/10\/entrepot-52-2.jpg\" alt=\"\" width=\"792\" height=\"392\" srcset=\"https:\/\/ambulantconvoyeurpar.com\/wp-content\/uploads\/2017\/10\/entrepot-52-2.jpg 792w, https:\/\/ambulantconvoyeurpar.com\/wp-content\/uploads\/2017\/10\/entrepot-52-2-300x148.jpg 300w, https:\/\/ambulantconvoyeurpar.com\/wp-content\/uploads\/2017\/10\/entrepot-52-2-768x380.jpg 768w, https:\/\/ambulantconvoyeurpar.com\/wp-content\/uploads\/2017\/10\/entrepot-52-2-546x270.jpg 546w\" sizes=\"auto, (max-width: 792px) 100vw, 792px\" \/><\/a><\/p>\n<p>Griffe<\/p>\n<figure id=\"attachment_13808\" aria-describedby=\"caption-attachment-13808\" style=\"width: 942px\" class=\"wp-caption aligncenter\"><a href=\"https:\/\/ambulantconvoyeurpar.com\/index.php\/2017\/11\/27\/les-obliterations-entrepots-du-departement-de-la-haute-marne-52\/a3-372\/\" rel=\"attachment wp-att-13808\"><img loading=\"lazy\" decoding=\"async\" class=\"wp-image-13808 size-full\" src=\"https:\/\/ambulantconvoyeurpar.com\/wp-content\/uploads\/2017\/11\/a3-4.jpg\" alt=\"\" width=\"942\" height=\"753\" srcset=\"https:\/\/ambulantconvoyeurpar.com\/wp-content\/uploads\/2017\/11\/a3-4.jpg 942w, https:\/\/ambulantconvoyeurpar.com\/wp-content\/uploads\/2017\/11\/a3-4-300x240.jpg 300w, https:\/\/ambulantconvoyeurpar.com\/wp-content\/uploads\/2017\/11\/a3-4-768x614.jpg 768w, https:\/\/ambulantconvoyeurpar.com\/wp-content\/uploads\/2017\/11\/a3-4-338x270.jpg 338w\" sizes=\"auto, (max-width: 942px) 100vw, 942px\" \/><\/a><figcaption id=\"caption-attachment-13808\" class=\"wp-caption-text\">Griffe signal\u00e9e du 11\/07 au 14\/10\/1940.<\/figcaption><\/figure>\n<p><span style=\"color: #ff0000;\">Type A4,<\/span> vu 1943\/46, <span style=\"color: #ff0000;\">Haute Marne.<\/span><\/p>\n<p><a href=\"http:\/\/ambulantconvoyeurpar.com\/wp-content\/uploads\/2017\/10\/haute-marne-langres-entrepot.jpg\"><img loading=\"lazy\" decoding=\"async\" class=\"alignnone size-full wp-image-990\" src=\"http:\/\/ambulantconvoyeurpar.com\/wp-content\/uploads\/2017\/10\/haute-marne-langres-entrepot.jpg\" alt=\"\" width=\"618\" height=\"324\" srcset=\"https:\/\/ambulantconvoyeurpar.com\/wp-content\/uploads\/2017\/10\/haute-marne-langres-entrepot.jpg 618w, https:\/\/ambulantconvoyeurpar.com\/wp-content\/uploads\/2017\/10\/haute-marne-langres-entrepot-300x157.jpg 300w, https:\/\/ambulantconvoyeurpar.com\/wp-content\/uploads\/2017\/10\/haute-marne-langres-entrepot-515x270.jpg 515w\" sizes=\"auto, (max-width: 618px) 100vw, 618px\" \/><\/a><\/p>\n<p><span style=\"color: #ff0000;\">Type A6,\u00a0<\/span><\/p>\n<p>Non rencontr\u00e9<\/p>\n<p><span style=\"color: #ff0000;\">Type A7,\u00a0<span style=\"color: #000000;\">signal\u00e9 1951\/57<\/span><\/span><\/p>\n<p><a href=\"http:\/\/ambulantconvoyeurpar.com\/wp-content\/uploads\/2017\/10\/langres-entrepot-52.jpg\"><img loading=\"lazy\" decoding=\"async\" class=\"alignnone size-full wp-image-991\" src=\"http:\/\/ambulantconvoyeurpar.com\/wp-content\/uploads\/2017\/10\/langres-entrepot-52.jpg\" alt=\"\" width=\"536\" height=\"244\" srcset=\"https:\/\/ambulantconvoyeurpar.com\/wp-content\/uploads\/2017\/10\/langres-entrepot-52.jpg 536w, https:\/\/ambulantconvoyeurpar.com\/wp-content\/uploads\/2017\/10\/langres-entrepot-52-300x137.jpg 300w\" sizes=\"auto, (max-width: 536px) 100vw, 536px\" \/><\/a><\/p>\n<p><span style=\"color: #ff0000;\">Type A8?<\/span><\/p>\n<hr \/>\n<h3>Saint Dizier entrep\u00f4t: ouverture? Fermeture?<\/h3>\n<p><span style=\"color: #ff0000;\">Type A4,<\/span> signal\u00e9 1915\/47<\/p>\n<p><a href=\"https:\/\/ambulantconvoyeurpar.com\/index.php\/2017\/11\/27\/les-obliterations-entrepots-du-departement-de-la-haute-marne-52\/a1-1422\/\" rel=\"attachment wp-att-20174\"><img loading=\"lazy\" decoding=\"async\" class=\"alignnone size-full wp-image-20174\" src=\"https:\/\/ambulantconvoyeurpar.com\/wp-content\/uploads\/2017\/11\/a1-20.jpg\" alt=\"\" width=\"1120\" height=\"389\" srcset=\"https:\/\/ambulantconvoyeurpar.com\/wp-content\/uploads\/2017\/11\/a1-20.jpg 1120w, https:\/\/ambulantconvoyeurpar.com\/wp-content\/uploads\/2017\/11\/a1-20-300x104.jpg 300w, https:\/\/ambulantconvoyeurpar.com\/wp-content\/uploads\/2017\/11\/a1-20-1024x356.jpg 1024w, https:\/\/ambulantconvoyeurpar.com\/wp-content\/uploads\/2017\/11\/a1-20-768x267.jpg 768w, https:\/\/ambulantconvoyeurpar.com\/wp-content\/uploads\/2017\/11\/a1-20-604x210.jpg 604w\" sizes=\"auto, (max-width: 1120px) 100vw, 1120px\" \/><\/a><\/p>\n<p><span style=\"color: #ff0000;\">Type A6<\/span><\/p>\n<p>Non rencontr\u00e9<\/p>\n<p><span style=\"color: #ff0000;\">Type A7<\/span><\/p>\n<p><a href=\"https:\/\/ambulantconvoyeurpar.com\/index.php\/2017\/11\/27\/les-obliterations-entrepots-du-departement-de-la-haute-marne-52\/a1-751\/\" rel=\"attachment wp-att-17643\"><img loading=\"lazy\" decoding=\"async\" class=\"alignnone size-full wp-image-17643\" src=\"https:\/\/ambulantconvoyeurpar.com\/wp-content\/uploads\/2017\/11\/a1-7.jpg\" alt=\"\" width=\"600\" height=\"434\" srcset=\"https:\/\/ambulantconvoyeurpar.com\/wp-content\/uploads\/2017\/11\/a1-7.jpg 600w, https:\/\/ambulantconvoyeurpar.com\/wp-content\/uploads\/2017\/11\/a1-7-300x217.jpg 300w, https:\/\/ambulantconvoyeurpar.com\/wp-content\/uploads\/2017\/11\/a1-7-373x270.jpg 373w\" sizes=\"auto, (max-width: 600px) 100vw, 600px\" \/><\/a><\/p>\n<p><span style=\"color: #ff0000;\">Type A8,<\/span> signal\u00e9 1961\/62<\/p>\n<p>Non rencontr\u00e9<\/p>\n<hr \/>\n<h3>Joinville entrep\u00f4t: ouverture? Fermeture?<\/h3>\n<p>signal\u00e9 1948<\/p>\n","protected":false},"excerpt":{"rendered":"<p>Article modifi\u00e9 le 05\/06\/2023. Chalindrey entrep\u00f4t: ouverture? Fermeture? Type A4, vu 1939\/45 Type A7, signal\u00e9 1951\/61 Type A8, signal\u00e9 1961\/65 Non rencontr\u00e9 Type A9, signal\u00e9 1966\/76 Non rencontr\u00e9 Oblit\u00e9ration m\u00e9canique de type secap 5LO, non cod\u00e9e, signal\u00e9e de 1962 \u00e0 1965 Oblit\u00e9ration m\u00e9canique de type secap illustr\u00e9e, non cod\u00e9e, signal\u00e9e du 11\/12\/63 au 12\/01\/64 et du 26\/07 au 25\/08\/65. Les PTT vous offrent des situations, non rencontr\u00e9e Oblit\u00e9ration m\u00e9canique de type secap illustr\u00e9e, cod\u00e9e, flamme \u00e0 gauche, signal\u00e9e du 09\/05&#8230;<\/p>\n<p class=\"read-more\"><a class=\"btn btn-default\" href=\"https:\/\/ambulantconvoyeurpar.com\/index.php\/2017\/11\/27\/les-obliterations-entrepots-du-departement-de-la-haute-marne-52\/\">Lire la suite<span class=\"screen-reader-text\"> Lire la suite<\/span><\/a><\/p>\n","protected":false},"author":1,"featured_media":0,"comment_status":"open","ping_status":"open","sticky":false,"template":"","format":"standard","meta":{"jetpack_post_was_ever_published":false,"_jetpack_newsletter_access":"","_jetpack_dont_email_post_to_subs":false,"_jetpack_newsletter_tier_id":0,"_jetpack_memberships_contains_paywalled_content":false,"_jetpack_memberships_contains_paid_content":false,"footnotes":"","jetpack_publicize_message":"","jetpack_publicize_feature_enabled":true,"jetpack_social_post_already_shared":true,"jetpack_social_options":{"image_generator_settings":{"template":"highway","default_image_id":0,"font":"","enabled":false},"version":2}},"categories":[66,14],"tags":[],"class_list":["post-242","post","type-post","status-publish","format-standard","hentry","category-departements-46-a-60","category-entrepot"],"jetpack_publicize_connections":[],"jetpack_featured_media_url":"","jetpack_shortlink":"https:\/\/wp.me\/p91OMs-3U","jetpack-related-posts":[],"jetpack_sharing_enabled":true,"_links":{"self":[{"href":"https:\/\/ambulantconvoyeurpar.com\/index.php\/wp-json\/wp\/v2\/posts\/242","targetHints":{"allow":["GET"]}}],"collection":[{"href":"https:\/\/ambulantconvoyeurpar.com\/index.php\/wp-json\/wp\/v2\/posts"}],"about":[{"href":"https:\/\/ambulantconvoyeurpar.com\/index.php\/wp-json\/wp\/v2\/types\/post"}],"author":[{"embeddable":true,"href":"https:\/\/ambulantconvoyeurpar.com\/index.php\/wp-json\/wp\/v2\/users\/1"}],"replies":[{"embeddable":true,"href":"https:\/\/ambulantconvoyeurpar.com\/index.php\/wp-json\/wp\/v2\/comments?post=242"}],"version-history":[{"count":3,"href":"https:\/\/ambulantconvoyeurpar.com\/index.php\/wp-json\/wp\/v2\/posts\/242\/revisions"}],"predecessor-version":[{"id":23026,"href":"https:\/\/ambulantconvoyeurpar.com\/index.php\/wp-json\/wp\/v2\/posts\/242\/revisions\/23026"}],"wp:attachment":[{"href":"https:\/\/ambulantconvoyeurpar.com\/index.php\/wp-json\/wp\/v2\/media?parent=242"}],"wp:term":[{"taxonomy":"category","embeddable":true,"href":"https:\/\/ambulantconvoyeurpar.com\/index.php\/wp-json\/wp\/v2\/categories?post=242"},{"taxonomy":"post_tag","embeddable":true,"href":"https:\/\/ambulantconvoyeurpar.com\/index.php\/wp-json\/wp\/v2\/tags?post=242"}],"curies":[{"name":"wp","href":"https:\/\/api.w.org\/{rel}","templated":true}]}}