{"id":26277,"date":"2026-09-01T09:01:31","date_gmt":"2026-09-01T07:01:31","guid":{"rendered":"https:\/\/ambulantconvoyeurpar.com\/?p=26277"},"modified":"2026-09-01T09:01:31","modified_gmt":"2026-09-01T07:01:31","slug":"les-courriers-convoyeurs-de-la-ligne-du-nord-au-type-plastique-1960-80","status":"publish","type":"post","link":"https:\/\/ambulantconvoyeurpar.com\/index.php\/2026\/09\/01\/les-courriers-convoyeurs-de-la-ligne-du-nord-au-type-plastique-1960-80\/","title":{"rendered":"les courriers convoyeurs de la ligne du Nord au type plastique 1960\/80."},"content":{"rendered":"<h3>Les cachets avec une couronne en plastique.<\/h3>\n<p><strong>Les bureaux s\u00e9dentaires.<\/strong><\/p>\n<p><strong>Les ambulants.<\/strong><\/p>\n<p><strong>Les convoyeurs.<\/strong><\/p>\n<ul>\n<li>Les bureaux s\u00e9dentaires:<\/li>\n<\/ul>\n<p>Ces nouveaux cachets au type plastique remplacent les cachets de type m\u00e9tallique. Ils apparaissent en 1957 et se g\u00e9n\u00e9ralisent en 1959 pour les bureaux s\u00e9dentaires.\u00a0<\/p>\n<p>Lauthier les catalogue sous le type A8, ensuite en 1965 une nouvelle reforme am\u00e8ne le N\u00b0 du d\u00e9partement dans la couronne oblit\u00e9rante qui deviendra le type A9. Evidemment changer tous les cachets des bureaux de poste s&rsquo;est \u00e9tal\u00e9 sur plusieurs mois et le type A8 et A9 ont pu coexister pendant de nombreuses ann\u00e9es au sein d&rsquo;un m\u00eame bureau de poste.<\/p>\n<figure id=\"attachment_26407\" aria-describedby=\"caption-attachment-26407\" style=\"width: 611px\" class=\"wp-caption alignnone\"><a href=\"https:\/\/ambulantconvoyeurpar.com\/?attachment_id=26407\" rel=\"attachment wp-att-26407\"><img loading=\"lazy\" decoding=\"async\" class=\"wp-image-26407 size-full\" src=\"https:\/\/ambulantconvoyeurpar.com\/wp-content\/uploads\/2026\/04\/Scan-10.jpg\" alt=\"\" width=\"611\" height=\"253\" srcset=\"https:\/\/ambulantconvoyeurpar.com\/wp-content\/uploads\/2026\/04\/Scan-10.jpg 611w, https:\/\/ambulantconvoyeurpar.com\/wp-content\/uploads\/2026\/04\/Scan-10-300x124.jpg 300w, https:\/\/ambulantconvoyeurpar.com\/wp-content\/uploads\/2026\/04\/Scan-10-604x250.jpg 604w\" sizes=\"auto, (max-width: 611px) 100vw, 611px\" \/><\/a><figcaption id=\"caption-attachment-26407\" class=\"wp-caption-text\">Type A8.<\/figcaption><\/figure>\n<p>&nbsp;<\/p>\n<figure id=\"attachment_25439\" aria-describedby=\"caption-attachment-25439\" style=\"width: 726px\" class=\"wp-caption alignnone\"><a href=\"https:\/\/ambulantconvoyeurpar.com\/index.php\/2025\/07\/04\/fourmies-nord-marcophilie-3eme-partie-1961-2006\/scan-316\/\" rel=\"attachment wp-att-25439\"><img loading=\"lazy\" decoding=\"async\" class=\"wp-image-25439 size-full\" src=\"https:\/\/ambulantconvoyeurpar.com\/wp-content\/uploads\/2025\/06\/Scan-11.jpg\" alt=\"\" width=\"726\" height=\"348\" srcset=\"https:\/\/ambulantconvoyeurpar.com\/wp-content\/uploads\/2025\/06\/Scan-11.jpg 726w, https:\/\/ambulantconvoyeurpar.com\/wp-content\/uploads\/2025\/06\/Scan-11-300x144.jpg 300w, https:\/\/ambulantconvoyeurpar.com\/wp-content\/uploads\/2025\/06\/Scan-11-563x270.jpg 563w\" sizes=\"auto, (max-width: 726px) 100vw, 726px\" \/><\/a><figcaption id=\"caption-attachment-25439\" class=\"wp-caption-text\">Type A9<\/figcaption><\/figure>\n<p>En 1966, les cachets oblit\u00e9rants de la poste ferroviaire de type m\u00e9tallique vont tous dispara\u00eetre au profit des nouveaux cachets oblit\u00e9rants de type plastique. La raison en est simple, impossibilit\u00e9 d\u2019adapter le bloc dateur m\u00e9tallique dans la couronne de type plastique.<\/p>\n<ul>\n<li>Les ambulants:<\/li>\n<\/ul>\n<p>Pour les ambulants, le changement de cachet est plus lent, il faut vraiment attendre 1966 pour voir appara\u00eetre le remplacement de tous les cachets m\u00e9talliques.<\/p>\n<ul>\n<li>Les convoyeurs:<\/li>\n<\/ul>\n<p>Pour les courriers convoyeurs, le remplacement est plus rapide, on trouve donc des cachets de type plastique avec des oblit\u00e9rations de forme ondul\u00e9es fin 1962, d\u00e9but de l&rsquo;ann\u00e9e 1963. En novembre 1966, une nouvelle r\u00e9forme voit la transformation des oblit\u00e9rations ondul\u00e9es des convoyeurs avec l&rsquo;arriv\u00e9e d&rsquo;une oblit\u00e9ration ronde type des ambulants.<\/p>\n<p>Les oblit\u00e9rations des convoyeurs vont du type 1 au type 4.<\/p>\n<p><blockquote class=\"wp-embedded-content\" data-secret=\"Q1I7dEQYKa\"><a href=\"https:\/\/ambulantconvoyeurpar.com\/index.php\/2018\/09\/30\/initiation-aux-obliterations-des-convoyeurs-de-france\/\">Initiation aux oblit\u00e9rations des convoyeurs de France<\/a><\/blockquote><iframe loading=\"lazy\" class=\"wp-embedded-content\" sandbox=\"allow-scripts\" security=\"restricted\" style=\"position: absolute; visibility: hidden;\" title=\"\u00ab\u00a0Initiation aux oblit\u00e9rations des convoyeurs de France\u00a0\u00bb &#8212; Ambulant\/Convoyeur\/PAR\" src=\"https:\/\/ambulantconvoyeurpar.com\/index.php\/2018\/09\/30\/initiation-aux-obliterations-des-convoyeurs-de-france\/embed\/#?secret=gtAZgNLanX#?secret=Q1I7dEQYKa\" data-secret=\"Q1I7dEQYKa\" width=\"600\" height=\"338\" frameborder=\"0\" marginwidth=\"0\" marginheight=\"0\" scrolling=\"no\"><\/iframe><\/p>\n<p>Cette \u00e9num\u00e9ration concerne ici le type 3 et 4.<\/p>\n<figure style=\"width: 150px\" class=\"wp-caption alignnone\"><img loading=\"lazy\" decoding=\"async\" src=\"http:\/\/ambulantconvoyeurpar.com\/wp-content\/uploads\/2019\/10\/a-7-150x150.jpg\" alt=\"\" width=\"150\" height=\"150\" \/><figcaption class=\"wp-caption-text\">Convoyeur ondul\u00e9 oblit\u00e9ration plastique type 3<\/figcaption><\/figure>\n<p>&nbsp;<\/p>\n<figure style=\"width: 150px\" class=\"wp-caption alignnone\"><img loading=\"lazy\" decoding=\"async\" src=\"http:\/\/ambulantconvoyeurpar.com\/wp-content\/uploads\/2019\/10\/a-3-150x150.jpg\" alt=\"\" width=\"150\" height=\"150\" \/><figcaption class=\"wp-caption-text\">Convoyeur rond, couronne des ambulants oblit\u00e9ration plastique type 4<\/figcaption><\/figure>\n<p>On peut \u00e9galement rencontrer les deux types de couronne se juxtaposant ou se rempla\u00e7ant sur une m\u00eame p\u00e9riode. Pour preuve, une centaine de convoyeurs garderont le type ondul\u00e9 jusqu&rsquo;\u00e0 leur disparition total en 1990.<\/p>\n<p><strong>Fonctionnement des services de courriers-convoyeurs:<\/strong><\/p>\n<p>C&rsquo;est un employ\u00e9 des PTT qui est charg\u00e9 d&rsquo;accompagner les sacs postaux transport\u00e9s par chemin de fer. Le personnel des PTT de la poste ferroviaire de province \u00e9tait rattach\u00e9 \u00e0 un bureau-gare ou \u00e0 un entrep\u00f4t.\u00a0<\/p>\n<p>Pour l&rsquo;entrep\u00f4t d&rsquo;Aulnoye-Aymeries dans le d\u00e9partement du Nord, au d\u00e9but des ann\u00e9es 1960, il y avait quatre employ\u00e9s de la poste ferroviaire qui effectuaient leur service sur le r\u00e9seau ferr\u00e9:<\/p>\n<p>Aulnoye\/Paris, Aulnoye\/Lille, Aulnoye\/Hirson, Jeumont \/Paris.\u00a0<\/p>\n<p>Pendant leur tourn\u00e9e, ils ramassaient le courrier pr\u00e9sent dans les bo\u00eetes aux lettres des gares, \u00e9galement, ils oblit\u00e9raient le courrier pr\u00e9sent dans la bo\u00eete aux lettres du wagon postal. Un m\u00eame agent pouvait \u00eatre en vacation sur plusieurs services du r\u00e9seau ferr\u00e9 au cours d&rsquo;une m\u00eame journ\u00e9e, par exemple: Jeumont\/Aulnoye puis Aulnoye\/Hirson et retour.<\/p>\n<p>Les sacs postaux \u00e9taient charg\u00e9s ou d\u00e9charg\u00e9s sur les diff\u00e9rents points d&rsquo;\u00e9clatement du parcourt (un centre de tri postal, un bureau-gare ou un entrep\u00f4t postal).<\/p>\n<p>\u00a0Pour le classement des lignes, j&rsquo;ai opt\u00e9 pour un ordre\u00a0 alphab\u00e9tique.<\/p>\n<p style=\"text-align: center;\"><a href=\"https:\/\/ambulantconvoyeurpar.com\/?attachment_id=27904\" rel=\"attachment wp-att-27904\"><img loading=\"lazy\" decoding=\"async\" class=\"alignnone size-full wp-image-27904\" src=\"https:\/\/ambulantconvoyeurpar.com\/wp-content\/uploads\/2026\/08\/2c20211f-c044-4176-b145-6997c91c1243.png\" alt=\"\" width=\"1920\" height=\"1386\" srcset=\"https:\/\/ambulantconvoyeurpar.com\/wp-content\/uploads\/2026\/08\/2c20211f-c044-4176-b145-6997c91c1243.png 1920w, https:\/\/ambulantconvoyeurpar.com\/wp-content\/uploads\/2026\/08\/2c20211f-c044-4176-b145-6997c91c1243-300x217.png 300w, https:\/\/ambulantconvoyeurpar.com\/wp-content\/uploads\/2026\/08\/2c20211f-c044-4176-b145-6997c91c1243-1024x739.png 1024w, https:\/\/ambulantconvoyeurpar.com\/wp-content\/uploads\/2026\/08\/2c20211f-c044-4176-b145-6997c91c1243-768x554.png 768w, https:\/\/ambulantconvoyeurpar.com\/wp-content\/uploads\/2026\/08\/2c20211f-c044-4176-b145-6997c91c1243-1536x1109.png 1536w, https:\/\/ambulantconvoyeurpar.com\/wp-content\/uploads\/2026\/08\/2c20211f-c044-4176-b145-6997c91c1243-374x270.png 374w\" sizes=\"auto, (max-width: 1920px) 100vw, 1920px\" \/><\/a><\/p>\n<p><strong>Achiet \u00e0 Amiens<\/strong><\/p>\n<p><span style=\"color: #ff0000;\"><span style=\"color: #0000ff;\"><span style=\"color: #000000;\">Type 3, uniquement en<\/span> Retour, <span style=\"color: #000000;\">ne semble plus circuler \u00e0 partir de 1967.<\/span><\/span><\/span><\/p>\n<p><a href=\"https:\/\/ambulantconvoyeurpar.com\/?attachment_id=27401\" rel=\"attachment wp-att-27401\"><img loading=\"lazy\" decoding=\"async\" class=\"size-full wp-image-27401 aligncenter\" src=\"https:\/\/ambulantconvoyeurpar.com\/wp-content\/uploads\/2026\/06\/26-142.jpg\" alt=\"\" width=\"555\" height=\"359\" srcset=\"https:\/\/ambulantconvoyeurpar.com\/wp-content\/uploads\/2026\/06\/26-142.jpg 555w, https:\/\/ambulantconvoyeurpar.com\/wp-content\/uploads\/2026\/06\/26-142-300x194.jpg 300w, https:\/\/ambulantconvoyeurpar.com\/wp-content\/uploads\/2026\/06\/26-142-417x270.jpg 417w\" sizes=\"auto, (max-width: 555px) 100vw, 555px\" \/><\/a><\/p>\n<p><strong>Achiet \u00e0 Arras<\/strong><\/p>\n<p>Type 3 uniquement en <span style=\"color: #ff0000;\"><span style=\"color: #0000ff;\">Retour,\u00a0<\/span><\/span>ne semble plus circuler \u00e0 partir de 1967.\u00a0<\/p>\n<p><a href=\"https:\/\/ambulantconvoyeurpar.com\/?attachment_id=26301\" rel=\"attachment wp-att-26301\"><img loading=\"lazy\" decoding=\"async\" class=\"alignnone size-full wp-image-26301 aligncenter\" src=\"https:\/\/ambulantconvoyeurpar.com\/wp-content\/uploads\/2026\/03\/Scan-4.jpg\" alt=\"\" width=\"706\" height=\"389\" srcset=\"https:\/\/ambulantconvoyeurpar.com\/wp-content\/uploads\/2026\/03\/Scan-4.jpg 706w, https:\/\/ambulantconvoyeurpar.com\/wp-content\/uploads\/2026\/03\/Scan-4-300x165.jpg 300w, https:\/\/ambulantconvoyeurpar.com\/wp-content\/uploads\/2026\/03\/Scan-4-490x270.jpg 490w\" sizes=\"auto, (max-width: 706px) 100vw, 706px\" \/><\/a><\/p>\n<p><strong>Amiens \u00e0 Boulogne<\/strong>\u00a0<\/p>\n<p>Type 3, en <span style=\"color: #ff0000;\">Aller et <span style=\"color: #0000ff;\">Retour,\u00a0<\/span><\/span>\u00e0 partir de 1967, il ne circule plus qu&rsquo;en <span style=\"color: #ff0000;\"><span style=\"color: #0000ff;\">Retour. <\/span><\/span>Pas de type 4.<\/p>\n<p><a href=\"https:\/\/ambulantconvoyeurpar.com\/?attachment_id=26304\" rel=\"attachment wp-att-26304\"><img loading=\"lazy\" decoding=\"async\" class=\"alignnone size-full wp-image-26304 aligncenter\" src=\"https:\/\/ambulantconvoyeurpar.com\/wp-content\/uploads\/2026\/03\/Scan-7.jpg\" alt=\"\" width=\"560\" height=\"414\" srcset=\"https:\/\/ambulantconvoyeurpar.com\/wp-content\/uploads\/2026\/03\/Scan-7.jpg 560w, https:\/\/ambulantconvoyeurpar.com\/wp-content\/uploads\/2026\/03\/Scan-7-300x222.jpg 300w, https:\/\/ambulantconvoyeurpar.com\/wp-content\/uploads\/2026\/03\/Scan-7-365x270.jpg 365w\" sizes=\"auto, (max-width: 560px) 100vw, 560px\" \/><\/a><\/p>\n<p><img decoding=\"async\" class=\"aligncenter\" src=\"http:\/\/ambulantconvoyeurpar.com\/wp-content\/uploads\/2020\/10\/a-7.jpg\" \/><\/p>\n<p><strong>Amiens \u00e0 Douai<\/strong>\u00a0<\/p>\n<p>Type 3, en <span style=\"color: #ff0000;\">Aller et <span style=\"color: #0000ff;\">Retour, <\/span><\/span>ne semble plus circuler \u00e0 partir du d\u00e9but des ann\u00e9es 1960.<\/p>\n<p>Forte probabilit\u00e9 que ce convoyeur n&rsquo;a pas \u00e9t\u00e9 fourni en cachet oblit\u00e9rant plastique.<\/p>\n<p><strong>Amiens \u00e0 Ham\u00a0<\/strong><\/p>\n<p>Type 3 en <span style=\"color: #ff0000;\">Aller et <span style=\"color: #0000ff;\">Retour, <\/span><\/span>ne semble plus circuler \u00e0 partir de 1967.<\/p>\n<p><a href=\"https:\/\/ambulantconvoyeurpar.com\/?attachment_id=26311\" rel=\"attachment wp-att-26311\"><img loading=\"lazy\" decoding=\"async\" class=\"alignnone size-full wp-image-26311 aligncenter\" src=\"https:\/\/ambulantconvoyeurpar.com\/wp-content\/uploads\/2026\/03\/Scan-14.jpg\" alt=\"\" width=\"444\" height=\"874\" srcset=\"https:\/\/ambulantconvoyeurpar.com\/wp-content\/uploads\/2026\/03\/Scan-14.jpg 444w, https:\/\/ambulantconvoyeurpar.com\/wp-content\/uploads\/2026\/03\/Scan-14-152x300.jpg 152w, https:\/\/ambulantconvoyeurpar.com\/wp-content\/uploads\/2026\/03\/Scan-14-137x270.jpg 137w\" sizes=\"auto, (max-width: 444px) 100vw, 444px\" \/><\/a><\/p>\n<p><strong>Amiens \u00e0 Laon\u00a0<\/strong><\/p>\n<p>Type 3, uniquement \u00e0 l&rsquo;<span style=\"color: #ff0000;\">Aller\u00a0<\/span>dans la p\u00e9riode des oblit\u00e9rations plastiques. Oblit\u00e9ration plastique apr\u00e8s 1961.<\/p>\n<p><a href=\"https:\/\/ambulantconvoyeurpar.com\/?attachment_id=26306\" rel=\"attachment wp-att-26306\"><img loading=\"lazy\" decoding=\"async\" class=\"alignnone size-full wp-image-26306 aligncenter\" src=\"https:\/\/ambulantconvoyeurpar.com\/wp-content\/uploads\/2026\/03\/Scan-9.jpg\" alt=\"\" width=\"429\" height=\"429\" srcset=\"https:\/\/ambulantconvoyeurpar.com\/wp-content\/uploads\/2026\/03\/Scan-9.jpg 429w, https:\/\/ambulantconvoyeurpar.com\/wp-content\/uploads\/2026\/03\/Scan-9-300x300.jpg 300w, https:\/\/ambulantconvoyeurpar.com\/wp-content\/uploads\/2026\/03\/Scan-9-150x150.jpg 150w, https:\/\/ambulantconvoyeurpar.com\/wp-content\/uploads\/2026\/03\/Scan-9-270x270.jpg 270w\" sizes=\"auto, (max-width: 429px) 100vw, 429px\" \/><\/a><\/p>\n<p><strong>Amiens \u00e0 Paris 1er<\/strong>\u00a0<\/p>\n<p>Type 3, en <span style=\"color: #ff0000;\">Aller et <span style=\"color: #0000ff;\">Retour, <\/span><\/span>supprim\u00e9 le 28\/03\/1976.\u00a0<\/p>\n<p><a href=\"https:\/\/ambulantconvoyeurpar.com\/?attachment_id=26314\" rel=\"attachment wp-att-26314\"><img loading=\"lazy\" decoding=\"async\" class=\"alignnone size-full wp-image-26314 aligncenter\" src=\"https:\/\/ambulantconvoyeurpar.com\/wp-content\/uploads\/2026\/03\/Scan-17.jpg\" alt=\"\" width=\"706\" height=\"343\" srcset=\"https:\/\/ambulantconvoyeurpar.com\/wp-content\/uploads\/2026\/03\/Scan-17.jpg 706w, https:\/\/ambulantconvoyeurpar.com\/wp-content\/uploads\/2026\/03\/Scan-17-300x146.jpg 300w, https:\/\/ambulantconvoyeurpar.com\/wp-content\/uploads\/2026\/03\/Scan-17-556x270.jpg 556w\" sizes=\"auto, (max-width: 706px) 100vw, 706px\" \/><\/a><\/p>\n<p>&nbsp;<\/p>\n<p style=\"text-align: left;\">Type 4 vu en <span style=\"color: #ff0000;\"><span style=\"color: #0000ff;\">Retour<\/span><\/span>.<\/p>\n<figure id=\"attachment_27425\" aria-describedby=\"caption-attachment-27425\" style=\"width: 530px\" class=\"wp-caption aligncenter\"><a href=\"https:\/\/ambulantconvoyeurpar.com\/?attachment_id=27425\" rel=\"attachment wp-att-27425\"><img loading=\"lazy\" decoding=\"async\" class=\"wp-image-27425 size-full\" src=\"https:\/\/ambulantconvoyeurpar.com\/wp-content\/uploads\/2026\/07\/26-14.jpg\" alt=\"\" width=\"530\" height=\"328\" srcset=\"https:\/\/ambulantconvoyeurpar.com\/wp-content\/uploads\/2026\/07\/26-14.jpg 530w, https:\/\/ambulantconvoyeurpar.com\/wp-content\/uploads\/2026\/07\/26-14-300x186.jpg 300w, https:\/\/ambulantconvoyeurpar.com\/wp-content\/uploads\/2026\/07\/26-14-436x270.jpg 436w\" sizes=\"auto, (max-width: 530px) 100vw, 530px\" \/><\/a><figcaption id=\"caption-attachment-27425\" class=\"wp-caption-text\">Oblit\u00e9ration philat\u00e9lique.<\/figcaption><\/figure>\n<p><strong>Amiens \u00e0 Paris 2\u00e8me<\/strong><\/p>\n<p>Type 3 en <span style=\"color: #ff0000;\">Aller et <span style=\"color: #0000ff;\">Retour<\/span><\/span>. Pas de type 4.<\/p>\n<p style=\"text-align: center;\"><a href=\"https:\/\/ambulantconvoyeurpar.com\/?attachment_id=27400\" rel=\"attachment wp-att-27400\"><img loading=\"lazy\" decoding=\"async\" class=\"alignnone size-full wp-image-27400\" src=\"https:\/\/ambulantconvoyeurpar.com\/wp-content\/uploads\/2026\/06\/26-141.jpg\" alt=\"\" width=\"889\" height=\"368\" srcset=\"https:\/\/ambulantconvoyeurpar.com\/wp-content\/uploads\/2026\/06\/26-141.jpg 889w, https:\/\/ambulantconvoyeurpar.com\/wp-content\/uploads\/2026\/06\/26-141-300x124.jpg 300w, https:\/\/ambulantconvoyeurpar.com\/wp-content\/uploads\/2026\/06\/26-141-768x318.jpg 768w, https:\/\/ambulantconvoyeurpar.com\/wp-content\/uploads\/2026\/06\/26-141-604x250.jpg 604w\" sizes=\"auto, (max-width: 889px) 100vw, 889px\" \/><\/a><\/p>\n<p><a href=\"https:\/\/ambulantconvoyeurpar.com\/?attachment_id=26308\" rel=\"attachment wp-att-26308\"><img loading=\"lazy\" decoding=\"async\" class=\"alignnone size-full wp-image-26308 aligncenter\" src=\"https:\/\/ambulantconvoyeurpar.com\/wp-content\/uploads\/2026\/03\/Scan-11.jpg\" alt=\"\" width=\"439\" height=\"439\" srcset=\"https:\/\/ambulantconvoyeurpar.com\/wp-content\/uploads\/2026\/03\/Scan-11.jpg 439w, https:\/\/ambulantconvoyeurpar.com\/wp-content\/uploads\/2026\/03\/Scan-11-300x300.jpg 300w, https:\/\/ambulantconvoyeurpar.com\/wp-content\/uploads\/2026\/03\/Scan-11-150x150.jpg 150w, https:\/\/ambulantconvoyeurpar.com\/wp-content\/uploads\/2026\/03\/Scan-11-270x270.jpg 270w\" sizes=\"auto, (max-width: 439px) 100vw, 439px\" \/><\/a><\/p>\n<p><strong>Amiens \u00e0 Paris 3\u00e8me<\/strong><\/p>\n<p>Type 3 uniquement en <span style=\"color: #0000ff;\">Retour\u00a0<\/span>dans la p\u00e9riode des oblit\u00e9rations plastiques. Pas de type 4.<\/p>\n<p><a href=\"https:\/\/ambulantconvoyeurpar.com\/?attachment_id=26310\" rel=\"attachment wp-att-26310\"><img loading=\"lazy\" decoding=\"async\" class=\"alignnone size-full wp-image-26310 aligncenter\" src=\"https:\/\/ambulantconvoyeurpar.com\/wp-content\/uploads\/2026\/03\/Scan-13.jpg\" alt=\"\" width=\"424\" height=\"414\" srcset=\"https:\/\/ambulantconvoyeurpar.com\/wp-content\/uploads\/2026\/03\/Scan-13.jpg 424w, https:\/\/ambulantconvoyeurpar.com\/wp-content\/uploads\/2026\/03\/Scan-13-300x293.jpg 300w, https:\/\/ambulantconvoyeurpar.com\/wp-content\/uploads\/2026\/03\/Scan-13-277x270.jpg 277w\" sizes=\"auto, (max-width: 424px) 100vw, 424px\" \/><\/a><\/p>\n<p><strong>Amiens \u00e0 Tergnier<\/strong><\/p>\n<p>Type 3 uniquement en <span style=\"color: #ff0000;\"><span style=\"color: #0000ff;\">Retour <span style=\"color: #000000;\">dans la p\u00e9riode des oblit\u00e9rations plastiques. Ne semble plus circuler \u00e0 partir de 1967.<\/span><\/span><\/span><\/p>\n<p><a href=\"https:\/\/ambulantconvoyeurpar.com\/?attachment_id=26307\" rel=\"attachment wp-att-26307\"><img loading=\"lazy\" decoding=\"async\" class=\"alignnone size-full wp-image-26307 aligncenter\" src=\"https:\/\/ambulantconvoyeurpar.com\/wp-content\/uploads\/2026\/03\/Scan-10.jpg\" alt=\"\" width=\"444\" height=\"424\" srcset=\"https:\/\/ambulantconvoyeurpar.com\/wp-content\/uploads\/2026\/03\/Scan-10.jpg 444w, https:\/\/ambulantconvoyeurpar.com\/wp-content\/uploads\/2026\/03\/Scan-10-300x286.jpg 300w, https:\/\/ambulantconvoyeurpar.com\/wp-content\/uploads\/2026\/03\/Scan-10-283x270.jpg 283w\" sizes=\"auto, (max-width: 444px) 100vw, 444px\" \/><\/a><\/p>\n<p><strong>Arras \u00e0 Boulogne<\/strong>\u00a0<\/p>\n<p>Type 3 en <span style=\"color: #ff0000;\">Aller et <span style=\"color: #0000ff;\">Retour, <span style=\"color: #000000;\">\u00e0 partir de 1967, il ne circule plus qu&rsquo;en <span style=\"color: #ff0000;\">Aller<\/span>. Pas de type 4.<\/span><\/span><\/span><\/p>\n<p><a href=\"https:\/\/ambulantconvoyeurpar.com\/?attachment_id=26305\" rel=\"attachment wp-att-26305\"><img loading=\"lazy\" decoding=\"async\" class=\"alignnone size-full wp-image-26305 aligncenter\" src=\"https:\/\/ambulantconvoyeurpar.com\/wp-content\/uploads\/2026\/03\/Scan-8.jpg\" alt=\"\" width=\"555\" height=\"783\" srcset=\"https:\/\/ambulantconvoyeurpar.com\/wp-content\/uploads\/2026\/03\/Scan-8.jpg 555w, https:\/\/ambulantconvoyeurpar.com\/wp-content\/uploads\/2026\/03\/Scan-8-213x300.jpg 213w, https:\/\/ambulantconvoyeurpar.com\/wp-content\/uploads\/2026\/03\/Scan-8-191x270.jpg 191w\" sizes=\"auto, (max-width: 555px) 100vw, 555px\" \/><\/a><\/p>\n<p><strong>Arras \u00e0 Hazebrouck<\/strong><\/p>\n<p>Type 3 plastique \u00e0 partir de 1963, uniquement en <span style=\"color: #ff0000;\"><span style=\"color: #0000ff;\">Retour.<\/span><\/span><\/p>\n<p><img decoding=\"async\" class=\"aligncenter\" src=\"http:\/\/ambulantconvoyeurpar.com\/wp-content\/uploads\/2020\/10\/a-6.jpg\" \/><\/p>\n<p>Type 4 vu 1969\/75, uniquement en <span style=\"color: #ff0000;\"><span style=\"color: #0000ff;\">Retour<\/span><\/span>.<\/p>\n<p><img decoding=\"async\" class=\"aligncenter\" src=\"http:\/\/ambulantconvoyeurpar.com\/wp-content\/uploads\/2017\/07\/a-11.jpg\" \/><\/p>\n<p><strong>Arras \u00e0 Hazebrouck 1er<\/strong><\/p>\n<p>Type 3, uniquement \u00e0 l&rsquo;<span style=\"color: #ff0000;\">Aller.<\/span><\/p>\n<p><a href=\"https:\/\/ambulantconvoyeurpar.com\/?attachment_id=26302\" rel=\"attachment wp-att-26302\"><img loading=\"lazy\" decoding=\"async\" class=\"alignnone size-full wp-image-26302 aligncenter\" src=\"https:\/\/ambulantconvoyeurpar.com\/wp-content\/uploads\/2026\/03\/Scan-5.jpg\" alt=\"\" width=\"681\" height=\"394\" srcset=\"https:\/\/ambulantconvoyeurpar.com\/wp-content\/uploads\/2026\/03\/Scan-5.jpg 681w, https:\/\/ambulantconvoyeurpar.com\/wp-content\/uploads\/2026\/03\/Scan-5-300x174.jpg 300w, https:\/\/ambulantconvoyeurpar.com\/wp-content\/uploads\/2026\/03\/Scan-5-467x270.jpg 467w\" sizes=\"auto, (max-width: 681px) 100vw, 681px\" \/><\/a><\/p>\n<p>Type 4, uniquement \u00e0 l&rsquo;<span style=\"color: #ff0000;\">Aller.<\/span><\/p>\n<p><img decoding=\"async\" class=\"aligncenter\" src=\"http:\/\/ambulantconvoyeurpar.com\/wp-content\/uploads\/2017\/07\/a-9.jpg\" \/><\/p>\n<p><strong>Arras \u00e0 Hazebrouck 2\u00e8me<\/strong><\/p>\n<p>Type 3, uniquement en <span style=\"color: #ff0000;\"><span style=\"color: #0000ff;\">Retour<\/span><\/span>.<\/p>\n<p><a href=\"https:\/\/ambulantconvoyeurpar.com\/?attachment_id=26303\" rel=\"attachment wp-att-26303\"><img loading=\"lazy\" decoding=\"async\" class=\"alignnone size-full wp-image-26303 aligncenter\" src=\"https:\/\/ambulantconvoyeurpar.com\/wp-content\/uploads\/2026\/03\/Scan-6.jpg\" alt=\"\" width=\"701\" height=\"359\" srcset=\"https:\/\/ambulantconvoyeurpar.com\/wp-content\/uploads\/2026\/03\/Scan-6.jpg 701w, https:\/\/ambulantconvoyeurpar.com\/wp-content\/uploads\/2026\/03\/Scan-6-300x154.jpg 300w, https:\/\/ambulantconvoyeurpar.com\/wp-content\/uploads\/2026\/03\/Scan-6-527x270.jpg 527w\" sizes=\"auto, (max-width: 701px) 100vw, 701px\" \/><\/a><\/p>\n<p>Type 4, uniquement en <span style=\"color: #ff0000;\"><span style=\"color: #0000ff;\">Retour<\/span><\/span>.<\/p>\n<p><img decoding=\"async\" class=\"aligncenter\" src=\"http:\/\/ambulantconvoyeurpar.com\/wp-content\/uploads\/2017\/07\/a-12.jpg\" \/><\/p>\n<p><strong>Arras \u00e0 Lille<\/strong>\u00a0<\/p>\n<p>Type 3 en<span style=\"color: #ff0000;\">\u00a0<span style=\"color: #0000ff;\">Retour <span style=\"color: #000000;\">pour le type plastique.<\/span><\/span><\/span><\/p>\n<p><img decoding=\"async\" class=\"aligncenter\" src=\"http:\/\/ambulantconvoyeurpar.com\/wp-content\/uploads\/2020\/08\/a-21.jpg\" \/><\/p>\n<p>Type 4, uniquement en <span style=\"color: #ff0000;\"><span style=\"color: #0000ff;\">Retour<\/span><\/span>. Vu 1969.<\/p>\n<p><img decoding=\"async\" class=\"aligncenter\" src=\"https:\/\/ambulantconvoyeurpar.com\/wp-content\/uploads\/2017\/07\/a1-17.jpg\" \/><\/p>\n<p><strong>Arras \u00e0 St Pol<\/strong>\u00a0<\/p>\n<p>Type 3, uniquement \u00e0 l&rsquo;<span style=\"color: #ff0000;\">Aller. <span style=\"color: #0000ff;\"><span style=\"color: #000000;\">Ne semble plus circuler \u00e0 partir de 1967.<\/span><\/span><\/span><\/p>\n<p><a href=\"https:\/\/ambulantconvoyeurpar.com\/?attachment_id=26322\" rel=\"attachment wp-att-26322\"><img loading=\"lazy\" decoding=\"async\" class=\"alignnone size-full wp-image-26322 aligncenter\" src=\"https:\/\/ambulantconvoyeurpar.com\/wp-content\/uploads\/2026\/03\/Scan-22.jpg\" alt=\"\" width=\"631\" height=\"424\" srcset=\"https:\/\/ambulantconvoyeurpar.com\/wp-content\/uploads\/2026\/03\/Scan-22.jpg 631w, https:\/\/ambulantconvoyeurpar.com\/wp-content\/uploads\/2026\/03\/Scan-22-300x202.jpg 300w, https:\/\/ambulantconvoyeurpar.com\/wp-content\/uploads\/2026\/03\/Scan-22-402x270.jpg 402w\" sizes=\"auto, (max-width: 631px) 100vw, 631px\" \/><\/a><\/p>\n<p><strong>Aulnoye \u00e0 Hirson 2\u00e8me<\/strong>\u00a0<\/p>\n<p>Type 4 en <span style=\"color: #ff0000;\"><span style=\"color: #0000ff;\">Retour.<\/span><\/span><\/p>\n<p style=\"text-align: center;\"><a href=\"https:\/\/ambulantconvoyeurpar.com\/?attachment_id=27417\" rel=\"attachment wp-att-27417\"><img loading=\"lazy\" decoding=\"async\" class=\"alignnone size-full wp-image-27417\" src=\"https:\/\/ambulantconvoyeurpar.com\/wp-content\/uploads\/2026\/07\/26-6.jpg\" alt=\"\" width=\"494\" height=\"379\" srcset=\"https:\/\/ambulantconvoyeurpar.com\/wp-content\/uploads\/2026\/07\/26-6.jpg 494w, https:\/\/ambulantconvoyeurpar.com\/wp-content\/uploads\/2026\/07\/26-6-300x230.jpg 300w, https:\/\/ambulantconvoyeurpar.com\/wp-content\/uploads\/2026\/07\/26-6-352x270.jpg 352w\" sizes=\"auto, (max-width: 494px) 100vw, 494px\" \/><\/a><\/p>\n<p><strong>Aulnoye \u00e0 Jeumont\u00a0<\/strong><\/p>\n<p>Type 3, uniquement en <span style=\"color: #ff0000;\"><span style=\"color: #0000ff;\">Retour <span style=\"color: #000000;\">pour le cachet plastique, vu 1965. Pas de type 4.<\/span><\/span><\/span><\/p>\n<p><img decoding=\"async\" class=\"aligncenter\" src=\"http:\/\/ambulantconvoyeurpar.com\/wp-content\/uploads\/2018\/12\/avesnois-19-1024x283.jpg\" \/><\/p>\n<p><strong>Aulnoye \u00e0 Lille<\/strong>\u00a0<\/p>\n<p>Type 3, <span style=\"color: #ff0000;\">Aller,<span style=\"color: #000000;\"> le <span style=\"color: #0000ff;\">R<\/span><span style=\"color: #0000ff;\">etour<\/span> est signal\u00e9 mais non vu.<\/span><\/span><\/p>\n<p><img decoding=\"async\" class=\"aligncenter\" src=\"http:\/\/ambulantconvoyeurpar.com\/wp-content\/uploads\/2020\/07\/a-116-1024x410.jpg\" \/><\/p>\n<p>Type 4, uniquement \u00e0 l&rsquo;<span style=\"color: #ff0000;\">Aller, <span style=\"color: #000000;\">mais non vu.<\/span><\/span><\/p>\n<p><strong>Aulnoye \u00e0 Lille 1er<\/strong>\u00a0<\/p>\n<p>Type 4, en <span style=\"color: #ff0000;\">Aller et <span style=\"color: #0000ff;\">Retour, <span style=\"color: #000000;\">vu 1970\/77.<\/span><\/span><\/span><\/p>\n<p><img decoding=\"async\" class=\"aligncenter\" src=\"http:\/\/ambulantconvoyeurpar.com\/wp-content\/uploads\/2017\/07\/a-13.jpg\" \/><\/p>\n<p><strong>Aulnoye \u00e0 Lille 2\u00e8me<\/strong>\u00a0<\/p>\n<p>Type 4, uniquement \u00e0 l&rsquo;<span style=\"color: #ff0000;\">Aller, <span style=\"color: #000000;\">vu 1972\/80.<\/span><\/span><\/p>\n<p><img decoding=\"async\" class=\"aligncenter\" src=\"http:\/\/ambulantconvoyeurpar.com\/wp-content\/uploads\/2017\/07\/a-14.jpg\" \/><\/p>\n<p><strong>Aulnoye \u00e0 Paris\u00a0<\/strong><\/p>\n<p>Type 3, uniquement \u00e0 l&rsquo;<span style=\"color: #ff0000;\">Aller.<\/span><\/p>\n<p><img decoding=\"async\" class=\"aligncenter\" src=\"http:\/\/ambulantconvoyeurpar.com\/wp-content\/uploads\/2018\/12\/avesnois-35-1024x364.jpg\" \/><\/p>\n<p><strong>Aulnoye \u00e0 Paris 1er<\/strong>\u00a0<\/p>\n<p>Type 3, uniquement en <span style=\"color: #ff0000;\"><span style=\"color: #0000ff;\">Retour.<\/span><\/span><\/p>\n<p><img decoding=\"async\" class=\"aligncenter\" src=\"http:\/\/ambulantconvoyeurpar.com\/wp-content\/uploads\/2018\/12\/avesnois-33-1-1024x890.jpg\" \/><\/p>\n<p><strong>Aulnoye \u00e0 Paris 2\u00e8me\u00a0<\/strong><\/p>\n<p>Type 3, <span style=\"color: #ff0000;\">Aller et <\/span><span style=\"color: #ff0000;\">\u00a0<span style=\"color: #0000ff;\">Retour.<\/span><\/span><\/p>\n<p><img decoding=\"async\" class=\"aligncenter\" src=\"https:\/\/ambulantconvoyeurpar.com\/wp-content\/uploads\/2019\/02\/Scan-1.jpg\" \/><\/p>\n<p><img decoding=\"async\" class=\"aligncenter\" src=\"https:\/\/ambulantconvoyeurpar.com\/wp-content\/uploads\/2019\/02\/Scan-2.jpg\" \/><\/p>\n<p>Type 4, <span style=\"color: #ff0000;\">Aller et <span style=\"color: #0000ff;\">Retour.<\/span><\/span><\/p>\n<p><img decoding=\"async\" class=\"aligncenter\" src=\"https:\/\/ambulantconvoyeurpar.com\/wp-content\/uploads\/2017\/07\/a3-2.jpg\" \/><\/p>\n<p><img decoding=\"async\" class=\"aligncenter\" src=\"https:\/\/ambulantconvoyeurpar.com\/wp-content\/uploads\/2019\/02\/a3-1.jpg\" \/><\/p>\n<p><strong>60 Beauvais \u00e0 Creil<\/strong>\u00a0<\/p>\n<p>Type 3, uniquement \u00e0 l&rsquo;<span style=\"color: #ff0000;\">Aller.\u00a0<\/span>Cette oblit\u00e9ration a la particularit\u00e9 d&rsquo;\u00eatre cod\u00e9e.<\/p>\n<p><img decoding=\"async\" class=\"aligncenter\" src=\"http:\/\/ambulantconvoyeurpar.com\/wp-content\/uploads\/2020\/07\/a-215.jpg\" \/><\/p>\n<p><strong>B\u00e9thune \u00e0 Lille<\/strong>\u00a0<\/p>\n<p>Type 3, <span style=\"color: #ff0000;\">Aller. <span style=\"color: #000000;\">Le <span style=\"color: #0000ff;\">R<\/span><span style=\"color: #0000ff;\">etour<\/span> est signal\u00e9 mais non vu. Pas de type 4.<\/span><\/span><\/p>\n<p><img decoding=\"async\" class=\"aligncenter\" src=\"https:\/\/ambulantconvoyeurpar.com\/wp-content\/uploads\/2021\/07\/a1.jpg\" \/><\/p>\n<p><strong>Busigny \u00e0 Cambrai<\/strong>\u00a0<\/p>\n<p>Type 3, uniquement \u00e0 l&rsquo;<span style=\"color: #ff0000;\">Aller.<span style=\"color: #000000;\"> Pas de type 4.<\/span><\/span><\/p>\n<p style=\"text-align: center;\"><a href=\"https:\/\/ambulantconvoyeurpar.com\/?attachment_id=27402\" rel=\"attachment wp-att-27402\"><img loading=\"lazy\" decoding=\"async\" class=\"alignnone size-full wp-image-27402\" src=\"https:\/\/ambulantconvoyeurpar.com\/wp-content\/uploads\/2026\/06\/26-143.jpg\" alt=\"\" width=\"293\" height=\"298\" srcset=\"https:\/\/ambulantconvoyeurpar.com\/wp-content\/uploads\/2026\/06\/26-143.jpg 293w, https:\/\/ambulantconvoyeurpar.com\/wp-content\/uploads\/2026\/06\/26-143-265x270.jpg 265w\" sizes=\"auto, (max-width: 293px) 100vw, 293px\" \/><\/a><\/p>\n<p>&nbsp;<\/p>\n<p><strong>Busigny \u00e0 Lille<\/strong>\u00a0<\/p>\n<p>Type 3, uniquement \u00e0 l&rsquo;<span style=\"color: #ff0000;\">Aller <span style=\"color: #000000;\">pour le type plastique. Pas de type 4.<\/span><\/span><\/p>\n<p><a href=\"https:\/\/ambulantconvoyeurpar.com\/?attachment_id=26324\" rel=\"attachment wp-att-26324\"><img loading=\"lazy\" decoding=\"async\" class=\"alignnone size-full wp-image-26324 aligncenter\" src=\"https:\/\/ambulantconvoyeurpar.com\/wp-content\/uploads\/2026\/03\/Scan-23.jpg\" alt=\"\" width=\"590\" height=\"359\" srcset=\"https:\/\/ambulantconvoyeurpar.com\/wp-content\/uploads\/2026\/03\/Scan-23.jpg 590w, https:\/\/ambulantconvoyeurpar.com\/wp-content\/uploads\/2026\/03\/Scan-23-300x183.jpg 300w, https:\/\/ambulantconvoyeurpar.com\/wp-content\/uploads\/2026\/03\/Scan-23-444x270.jpg 444w\" sizes=\"auto, (max-width: 590px) 100vw, 590px\" \/><\/a><\/p>\n<p><strong>Busigny \u00e0 Valenciennes<\/strong>\u00a0<\/p>\n<p>Type 3, uniquement \u00e0 l&rsquo;<span style=\"color: #ff0000;\">Aller <span style=\"color: #000000;\">pour le type plastique. Pas de type 4.<\/span><\/span><\/p>\n<p style=\"text-align: center;\"><a href=\"https:\/\/ambulantconvoyeurpar.com\/?attachment_id=27403\" rel=\"attachment wp-att-27403\"><img loading=\"lazy\" decoding=\"async\" class=\"alignnone size-full wp-image-27403\" src=\"https:\/\/ambulantconvoyeurpar.com\/wp-content\/uploads\/2026\/06\/26-144.jpg\" alt=\"\" width=\"277\" height=\"263\" \/><\/a><\/p>\n<p>&nbsp;<\/p>\n<p><strong>60 Beauvais \u00e0 Paris<\/strong><\/p>\n<p>Type 3, uniquement \u00e0 l&rsquo;<span style=\"color: #ff0000;\">Aller.\u00a0<\/span>Cette oblit\u00e9ration a la particularit\u00e9 d&rsquo;\u00eatre cod\u00e9e. Vu 1971. Pas de type 4.<\/p>\n<p><img decoding=\"async\" class=\"aligncenter\" src=\"https:\/\/ambulantconvoyeurpar.com\/wp-content\/uploads\/2021\/04\/a3-179-300x264.jpg\" \/><\/p>\n<p><strong>Calais \u00e0 Hazebrouck<\/strong>\u00a0<\/p>\n<p>Type 3, en <span style=\"color: #ff0000;\">Aller et <span style=\"color: #0000ff;\">Retour.<\/span><\/span><\/p>\n<p><a href=\"https:\/\/ambulantconvoyeurpar.com\/?attachment_id=26318\" rel=\"attachment wp-att-26318\"><img loading=\"lazy\" decoding=\"async\" class=\"alignnone size-full wp-image-26318 aligncenter\" src=\"https:\/\/ambulantconvoyeurpar.com\/wp-content\/uploads\/2026\/03\/Scan-19.jpg\" alt=\"\" width=\"610\" height=\"348\" srcset=\"https:\/\/ambulantconvoyeurpar.com\/wp-content\/uploads\/2026\/03\/Scan-19.jpg 610w, https:\/\/ambulantconvoyeurpar.com\/wp-content\/uploads\/2026\/03\/Scan-19-300x171.jpg 300w, https:\/\/ambulantconvoyeurpar.com\/wp-content\/uploads\/2026\/03\/Scan-19-473x270.jpg 473w\" sizes=\"auto, (max-width: 610px) 100vw, 610px\" \/><\/a><\/p>\n<p><img decoding=\"async\" class=\"aligncenter\" src=\"http:\/\/ambulantconvoyeurpar.com\/wp-content\/uploads\/2020\/07\/a-122.jpg\" \/><\/p>\n<p>Type 4, uniquement \u00e0 l&rsquo;<span style=\"color: #ff0000;\">Aller.<\/span><\/p>\n<p><img decoding=\"async\" class=\"aligncenter\" src=\"https:\/\/ambulantconvoyeurpar.com\/wp-content\/uploads\/2017\/07\/Scan-2.jpg\" \/><\/p>\n<p><strong>Calais \u00e0 Lille<\/strong>\u00a0<\/p>\n<p>Type 3, en <span style=\"color: #ff0000;\">Aller et <span style=\"color: #0000ff;\">Retour, <span style=\"color: #000000;\">oblit\u00e9ration plastique en 1963.<\/span><\/span><\/span><\/p>\n<p><img decoding=\"async\" class=\"aligncenter\" src=\"https:\/\/ambulantconvoyeurpar.com\/wp-content\/uploads\/2021\/07\/a1-18.jpg\" \/><\/p>\n<p><strong>Calais \u00e0 Lille 1er<\/strong>\u00a0<\/p>\n<p>Type 4, uniquement \u00e0 l&rsquo;<span style=\"color: #ff0000;\">Aller. <\/span>Vu 1968.<\/p>\n<p><img decoding=\"async\" class=\"aligncenter\" src=\"https:\/\/ambulantconvoyeurpar.com\/wp-content\/uploads\/2017\/07\/a1-4.jpg\" \/><\/p>\n<p><strong>Calais \u00e0 Lille 2\u00e8me\u00a0<\/strong><\/p>\n<p>Type 3, uniquement en <span style=\"color: #ff0000;\"><span style=\"color: #0000ff;\">Retour <span style=\"color: #000000;\">pour le cachet plastique.<\/span><\/span><\/span><\/p>\n<p>Non vu<\/p>\n<p>Type 4, uniquement en <span style=\"color: #ff0000;\"><span style=\"color: #0000ff;\">Retour.<\/span><\/span><\/p>\n<p style=\"text-align: center;\"><a href=\"https:\/\/ambulantconvoyeurpar.com\/?attachment_id=27422\" rel=\"attachment wp-att-27422\"><img loading=\"lazy\" decoding=\"async\" class=\"alignnone size-full wp-image-27422\" src=\"https:\/\/ambulantconvoyeurpar.com\/wp-content\/uploads\/2026\/07\/26-11.jpg\" alt=\"\" width=\"565\" height=\"374\" srcset=\"https:\/\/ambulantconvoyeurpar.com\/wp-content\/uploads\/2026\/07\/26-11.jpg 565w, https:\/\/ambulantconvoyeurpar.com\/wp-content\/uploads\/2026\/07\/26-11-300x199.jpg 300w, https:\/\/ambulantconvoyeurpar.com\/wp-content\/uploads\/2026\/07\/26-11-408x270.jpg 408w\" sizes=\"auto, (max-width: 565px) 100vw, 565px\" \/><\/a><\/p>\n<p><strong>Calais \u00e0 Lille 3\u00e8me<\/strong>\u00a0<\/p>\n<p>Type 4, uniquement \u00e0 l&rsquo;<span style=\"color: #ff0000;\">Aller. <span style=\"color: #000000;\">vu 1982.<\/span><\/span><\/p>\n<p><img decoding=\"async\" class=\"aligncenter\" src=\"https:\/\/ambulantconvoyeurpar.com\/wp-content\/uploads\/2017\/07\/Scan-1.jpg\" \/><\/p>\n<p><strong>Calais maritime \u00e0 Paris<\/strong><\/p>\n<p>Type 4, en <span style=\"color: #ff0000;\">Aller et <span style=\"color: #0000ff;\">Retour<\/span><\/span><\/p>\n<figure id=\"attachment_27415\" aria-describedby=\"caption-attachment-27415\" style=\"width: 313px\" class=\"wp-caption alignnone\"><a href=\"https:\/\/ambulantconvoyeurpar.com\/?attachment_id=27415\" rel=\"attachment wp-att-27415\"><img loading=\"lazy\" decoding=\"async\" class=\"wp-image-27415 size-full\" src=\"https:\/\/ambulantconvoyeurpar.com\/wp-content\/uploads\/2026\/07\/26-4.jpg\" alt=\"\" width=\"313\" height=\"308\" srcset=\"https:\/\/ambulantconvoyeurpar.com\/wp-content\/uploads\/2026\/07\/26-4.jpg 313w, https:\/\/ambulantconvoyeurpar.com\/wp-content\/uploads\/2026\/07\/26-4-300x295.jpg 300w, https:\/\/ambulantconvoyeurpar.com\/wp-content\/uploads\/2026\/07\/26-4-274x270.jpg 274w\" sizes=\"auto, (max-width: 313px) 100vw, 313px\" \/><\/a><figcaption id=\"caption-attachment-27415\" class=\"wp-caption-text\">Le chiffre de brigade a \u00e9t\u00e9 lim\u00e9.<\/figcaption><\/figure>\n<p><strong>Calais maritime \u00e0 Paris 1er<\/strong><\/p>\n<p>Type 3, en <span style=\"color: #ff0000;\">Aller et <span style=\"color: #0000ff;\">Retour. <\/span><\/span>Pas de type 4.<\/p>\n<p><img decoding=\"async\" class=\"aligncenter\" src=\"https:\/\/ambulantconvoyeurpar.com\/wp-content\/uploads\/2021\/07\/a1-20.jpg\" \/><\/p>\n<p style=\"text-align: center;\"><a href=\"https:\/\/ambulantconvoyeurpar.com\/?attachment_id=26312\" rel=\"attachment wp-att-26312\"><img loading=\"lazy\" decoding=\"async\" class=\"alignnone size-full wp-image-26312\" src=\"https:\/\/ambulantconvoyeurpar.com\/wp-content\/uploads\/2026\/03\/Scan-15.jpg\" alt=\"\" width=\"368\" height=\"318\" srcset=\"https:\/\/ambulantconvoyeurpar.com\/wp-content\/uploads\/2026\/03\/Scan-15.jpg 368w, https:\/\/ambulantconvoyeurpar.com\/wp-content\/uploads\/2026\/03\/Scan-15-300x259.jpg 300w, https:\/\/ambulantconvoyeurpar.com\/wp-content\/uploads\/2026\/03\/Scan-15-312x270.jpg 312w\" sizes=\"auto, (max-width: 368px) 100vw, 368px\" \/><\/a><\/p>\n<p><strong>Calais maritime \u00e0 Paris 2\u00e8me<\/strong><\/p>\n<p>type 3, en <span style=\"color: #ff0000;\">Aller et <span style=\"color: #0000ff;\">Retour, <\/span><\/span>vu 1966.<\/p>\n<p><img decoding=\"async\" class=\"aligncenter\" src=\"https:\/\/ambulantconvoyeurpar.com\/wp-content\/uploads\/2021\/07\/a1-24.jpg\" \/><\/p>\n<p><a href=\"https:\/\/ambulantconvoyeurpar.com\/?attachment_id=26313\" rel=\"attachment wp-att-26313\"><img loading=\"lazy\" decoding=\"async\" class=\"alignnone size-full wp-image-26313 aligncenter\" src=\"https:\/\/ambulantconvoyeurpar.com\/wp-content\/uploads\/2026\/03\/Scan-16.jpg\" alt=\"\" width=\"368\" height=\"318\" srcset=\"https:\/\/ambulantconvoyeurpar.com\/wp-content\/uploads\/2026\/03\/Scan-16.jpg 368w, https:\/\/ambulantconvoyeurpar.com\/wp-content\/uploads\/2026\/03\/Scan-16-300x259.jpg 300w, https:\/\/ambulantconvoyeurpar.com\/wp-content\/uploads\/2026\/03\/Scan-16-312x270.jpg 312w\" sizes=\"auto, (max-width: 368px) 100vw, 368px\" \/><\/a><\/p>\n<p>Type 4, en <span style=\"color: #ff0000;\">Aller et <span style=\"color: #0000ff;\">Retour<\/span><\/span><\/p>\n<figure id=\"attachment_27413\" aria-describedby=\"caption-attachment-27413\" style=\"width: 565px\" class=\"wp-caption aligncenter\"><a href=\"https:\/\/ambulantconvoyeurpar.com\/?attachment_id=27413\" rel=\"attachment wp-att-27413\"><img loading=\"lazy\" decoding=\"async\" class=\"wp-image-27413 size-full\" src=\"https:\/\/ambulantconvoyeurpar.com\/wp-content\/uploads\/2026\/07\/26-2.jpg\" alt=\"\" width=\"565\" height=\"308\" srcset=\"https:\/\/ambulantconvoyeurpar.com\/wp-content\/uploads\/2026\/07\/26-2.jpg 565w, https:\/\/ambulantconvoyeurpar.com\/wp-content\/uploads\/2026\/07\/26-2-300x164.jpg 300w, https:\/\/ambulantconvoyeurpar.com\/wp-content\/uploads\/2026\/07\/26-2-495x270.jpg 495w\" sizes=\"auto, (max-width: 565px) 100vw, 565px\" \/><\/a><figcaption id=\"caption-attachment-27413\" class=\"wp-caption-text\">Sans dateur, oblit\u00e9ration philat\u00e9lique.<\/figcaption><\/figure>\n<p><strong>Cambrai \u00e0 Valenciennes<\/strong><\/p>\n<p>Type 3, uniquement en <span style=\"color: #ff0000;\"><span style=\"color: #0000ff;\">Retour. <span style=\"color: #000000;\">Vu 1965, ne semble plus circuler \u00e0 partir de 1967.<\/span><\/span><\/span><\/p>\n<p><a href=\"https:\/\/ambulantconvoyeurpar.com\/?attachment_id=26319\" rel=\"attachment wp-att-26319\"><img loading=\"lazy\" decoding=\"async\" class=\"alignnone size-full wp-image-26319 aligncenter\" src=\"https:\/\/ambulantconvoyeurpar.com\/wp-content\/uploads\/2026\/03\/Scan-20.jpg\" alt=\"\" width=\"504\" height=\"379\" srcset=\"https:\/\/ambulantconvoyeurpar.com\/wp-content\/uploads\/2026\/03\/Scan-20.jpg 504w, https:\/\/ambulantconvoyeurpar.com\/wp-content\/uploads\/2026\/03\/Scan-20-300x226.jpg 300w, https:\/\/ambulantconvoyeurpar.com\/wp-content\/uploads\/2026\/03\/Scan-20-359x270.jpg 359w\" sizes=\"auto, (max-width: 504px) 100vw, 504px\" \/><\/a><\/p>\n<p><strong>Chaulnes \u00e0 Tergnier<\/strong>\u00a0<\/p>\n<p>Type 3, uniquement \u00e0 l&rsquo;<span style=\"color: #ff0000;\">Aller. <span style=\"color: #000000;\">Vu 1962 en type plastique.<\/span><\/span><\/p>\n<p><img decoding=\"async\" class=\"aligncenter\" src=\"http:\/\/ambulantconvoyeurpar.com\/wp-content\/uploads\/2020\/07\/a-121.jpg\" \/><\/p>\n<p><strong>Dijon \u00e0 Lille<\/strong>\u00a0<\/p>\n<p>Type 3, uniquement en <span style=\"color: #ff0000;\"><span style=\"color: #0000ff;\">Retour. <\/span><\/span>Pas de type 4.<\/p>\n<p>Non vu.<\/p>\n<p><strong>Dijon \u00e0 Tourcoing<\/strong>\u00a0<\/p>\n<p>Type 3, en <span style=\"color: #ff0000;\">Aller et <span style=\"color: #0000ff;\">Retour<\/span><\/span><\/p>\n<p><a href=\"https:\/\/ambulantconvoyeurpar.com\/?attachment_id=26351\" rel=\"attachment wp-att-26351\"><img loading=\"lazy\" decoding=\"async\" class=\"alignnone size-full wp-image-26351 aligncenter\" src=\"https:\/\/ambulantconvoyeurpar.com\/wp-content\/uploads\/2026\/03\/Scan-25.jpg\" alt=\"\" width=\"575\" height=\"369\" srcset=\"https:\/\/ambulantconvoyeurpar.com\/wp-content\/uploads\/2026\/03\/Scan-25.jpg 575w, https:\/\/ambulantconvoyeurpar.com\/wp-content\/uploads\/2026\/03\/Scan-25-300x193.jpg 300w, https:\/\/ambulantconvoyeurpar.com\/wp-content\/uploads\/2026\/03\/Scan-25-421x270.jpg 421w\" sizes=\"auto, (max-width: 575px) 100vw, 575px\" \/><\/a><a href=\"https:\/\/ambulantconvoyeurpar.com\/?attachment_id=27409\" rel=\"attachment wp-att-27409\"><img loading=\"lazy\" decoding=\"async\" class=\"size-full wp-image-27409 aligncenter\" src=\"https:\/\/ambulantconvoyeurpar.com\/wp-content\/uploads\/2026\/06\/26-150.jpg\" alt=\"\" width=\"328\" height=\"278\" srcset=\"https:\/\/ambulantconvoyeurpar.com\/wp-content\/uploads\/2026\/06\/26-150.jpg 328w, https:\/\/ambulantconvoyeurpar.com\/wp-content\/uploads\/2026\/06\/26-150-300x254.jpg 300w, https:\/\/ambulantconvoyeurpar.com\/wp-content\/uploads\/2026\/06\/26-150-319x270.jpg 319w\" sizes=\"auto, (max-width: 328px) 100vw, 328px\" \/><\/a><\/p>\n<p>Type 4, en <span style=\"color: #ff0000;\">Aller et <span style=\"color: #0000ff;\">Retour<\/span><\/span><\/p>\n<p><a href=\"https:\/\/ambulantconvoyeurpar.com\/?attachment_id=26343\" rel=\"attachment wp-att-26343\"><img loading=\"lazy\" decoding=\"async\" class=\"alignnone size-full wp-image-26343 aligncenter\" src=\"https:\/\/ambulantconvoyeurpar.com\/wp-content\/uploads\/2026\/03\/932_001.jpg\" alt=\"\" width=\"282\" height=\"300\" srcset=\"https:\/\/ambulantconvoyeurpar.com\/wp-content\/uploads\/2026\/03\/932_001.jpg 282w, https:\/\/ambulantconvoyeurpar.com\/wp-content\/uploads\/2026\/03\/932_001-254x270.jpg 254w\" sizes=\"auto, (max-width: 282px) 100vw, 282px\" \/><\/a><\/p>\n<p style=\"text-align: center;\"><a href=\"https:\/\/ambulantconvoyeurpar.com\/?attachment_id=27432\" rel=\"attachment wp-att-27432\"><img loading=\"lazy\" decoding=\"async\" class=\"alignnone size-full wp-image-27432\" src=\"https:\/\/ambulantconvoyeurpar.com\/wp-content\/uploads\/2026\/07\/26-21.jpg\" alt=\"\" width=\"590\" height=\"465\" srcset=\"https:\/\/ambulantconvoyeurpar.com\/wp-content\/uploads\/2026\/07\/26-21.jpg 590w, https:\/\/ambulantconvoyeurpar.com\/wp-content\/uploads\/2026\/07\/26-21-300x236.jpg 300w, https:\/\/ambulantconvoyeurpar.com\/wp-content\/uploads\/2026\/07\/26-21-343x270.jpg 343w\" sizes=\"auto, (max-width: 590px) 100vw, 590px\" \/><\/a><\/p>\n<p><strong>Don \u00e0 Lille<\/strong>\u00a0<\/p>\n<p>Type 3, en <span style=\"color: #ff0000;\">Aller et <span style=\"color: #0000ff;\">Retour, <\/span><\/span>pas de type 4.<\/p>\n<p><img decoding=\"async\" class=\"aligncenter\" src=\"https:\/\/ambulantconvoyeurpar.com\/wp-content\/uploads\/2021\/07\/Scan.jpg\" \/><\/p>\n<p><img decoding=\"async\" class=\"aligncenter\" src=\"http:\/\/ambulantconvoyeurpar.com\/wp-content\/uploads\/2020\/07\/a-140.jpg\" \/><\/p>\n<p><strong>Douai \u00e0 Valenciennes<\/strong><\/p>\n<p>Type 3, uniquement \u00e0 l&rsquo;<span style=\"color: #ff0000;\">Aller.\u00a0<\/span>Pas de type 4.<\/p>\n<p>Vu 1967<\/p>\n<p><strong>Douai \u00e0 Valenciennes 1er<\/strong>\u00a0<\/p>\n<p>Type 4, uniquement \u00e0 l&rsquo;<span style=\"color: #ff0000;\">Aller.<\/span><\/p>\n<p style=\"text-align: center;\"><a href=\"https:\/\/ambulantconvoyeurpar.com\/?attachment_id=27416\" rel=\"attachment wp-att-27416\"><img loading=\"lazy\" decoding=\"async\" class=\"alignnone size-full wp-image-27416\" src=\"https:\/\/ambulantconvoyeurpar.com\/wp-content\/uploads\/2026\/07\/26-5.jpg\" alt=\"\" width=\"535\" height=\"353\" srcset=\"https:\/\/ambulantconvoyeurpar.com\/wp-content\/uploads\/2026\/07\/26-5.jpg 535w, https:\/\/ambulantconvoyeurpar.com\/wp-content\/uploads\/2026\/07\/26-5-300x198.jpg 300w, https:\/\/ambulantconvoyeurpar.com\/wp-content\/uploads\/2026\/07\/26-5-409x270.jpg 409w\" sizes=\"auto, (max-width: 535px) 100vw, 535px\" \/><\/a><\/p>\n<p><strong>Douai \u00e0 Valenciennes 2\u00e8me<\/strong>\u00a0<\/p>\n<p>Type 4, en <span style=\"color: #ff0000;\">Aller et <span style=\"color: #0000ff;\">Retour<\/span><\/span><\/p>\n<p><img decoding=\"async\" class=\"aligncenter\" src=\"http:\/\/ambulantconvoyeurpar.com\/wp-content\/uploads\/2017\/07\/a-31.jpg\" \/><\/p>\n<p><strong>Dunkerque \u00e0 Hazebrouck<\/strong>\u00a0<\/p>\n<p>Type 3, uniquement en <span style=\"color: #ff0000;\"><span style=\"color: #0000ff;\">Retour<\/span><\/span> \u00e0 partir de 1967.<\/p>\n<p style=\"text-align: center;\"><a href=\"https:\/\/ambulantconvoyeurpar.com\/?attachment_id=27404\" rel=\"attachment wp-att-27404\"><img loading=\"lazy\" decoding=\"async\" class=\"alignnone size-full wp-image-27404\" src=\"https:\/\/ambulantconvoyeurpar.com\/wp-content\/uploads\/2026\/06\/26-145.jpg\" alt=\"\" width=\"298\" height=\"303\" srcset=\"https:\/\/ambulantconvoyeurpar.com\/wp-content\/uploads\/2026\/06\/26-145.jpg 298w, https:\/\/ambulantconvoyeurpar.com\/wp-content\/uploads\/2026\/06\/26-145-295x300.jpg 295w, https:\/\/ambulantconvoyeurpar.com\/wp-content\/uploads\/2026\/06\/26-145-266x270.jpg 266w\" sizes=\"auto, (max-width: 298px) 100vw, 298px\" \/><\/a><\/p>\n<p>Type 4, uniquement \u00e0 l&rsquo;<span style=\"color: #ff0000;\">Aller. vu 1970\/74<\/span><\/p>\n<p><img decoding=\"async\" class=\"aligncenter\" src=\"http:\/\/ambulantconvoyeurpar.com\/wp-content\/uploads\/2017\/07\/a-30.jpg\" \/><\/p>\n<p><strong>Dunkerque \u00e0 Lille<\/strong>\u00a0<\/p>\n<p>Type 3, uniquement \u00e0 l&rsquo;<span style=\"color: #ff0000;\">Aller,<\/span> vu 1963\/72.<\/p>\n<p><img decoding=\"async\" class=\"aligncenter\" src=\"http:\/\/ambulantconvoyeurpar.com\/wp-content\/uploads\/2020\/07\/a-196.jpg\" \/><\/p>\n<p>Type 4, uniquement \u00e0 l&rsquo;<span style=\"color: #ff0000;\">Aller.<\/span><\/p>\n<p><a href=\"https:\/\/ambulantconvoyeurpar.com\/?attachment_id=26385\" rel=\"attachment wp-att-26385\"><img loading=\"lazy\" decoding=\"async\" class=\"alignnone size-full wp-image-26385\" src=\"https:\/\/ambulantconvoyeurpar.com\/wp-content\/uploads\/2026\/04\/Scan-7.jpg\" alt=\"\" width=\"681\" height=\"318\" srcset=\"https:\/\/ambulantconvoyeurpar.com\/wp-content\/uploads\/2026\/04\/Scan-7.jpg 681w, https:\/\/ambulantconvoyeurpar.com\/wp-content\/uploads\/2026\/04\/Scan-7-300x140.jpg 300w, https:\/\/ambulantconvoyeurpar.com\/wp-content\/uploads\/2026\/04\/Scan-7-578x270.jpg 578w\" sizes=\"auto, (max-width: 681px) 100vw, 681px\" \/><\/a><\/p>\n<p><strong>Hirson \u00e0 Lille<\/strong>\u00a0<\/p>\n<p>Type 3, uniquement \u00e0 l&rsquo;<span style=\"color: #ff0000;\">Aller, <\/span>oblit\u00e9ration plastique en 1963.<\/p>\n<p><img decoding=\"async\" class=\"aligncenter\" src=\"http:\/\/ambulantconvoyeurpar.com\/wp-content\/uploads\/2020\/07\/a-69.jpg\" \/><\/p>\n<p>Type 4, uniquement \u00e0 l&rsquo;<span style=\"color: #ff0000;\">Aller,\u00a0<\/span>vu jusque 1977.<\/p>\n<p><img decoding=\"async\" class=\"aligncenter\" src=\"http:\/\/ambulantconvoyeurpar.com\/wp-content\/uploads\/2017\/07\/convoyeur-couronne-ambulant-270002-300x186.jpg\" \/><\/p>\n<p><strong>Hirson \u00e0 Paris<\/strong><\/p>\n<p>Type 3, en <span style=\"color: #ff0000;\">Aller et <span style=\"color: #0000ff;\">Retour, <\/span><\/span>oblit\u00e9ration plastique en 1963.<\/p>\n<p><img decoding=\"async\" class=\"aligncenter\" src=\"https:\/\/ambulantconvoyeurpar.com\/wp-content\/uploads\/2021\/07\/a1-19.jpg\" \/><\/p>\n<p><a href=\"https:\/\/ambulantconvoyeurpar.com\/?attachment_id=26315\" rel=\"attachment wp-att-26315\"><img loading=\"lazy\" decoding=\"async\" class=\"alignnone size-full wp-image-26315 aligncenter\" src=\"https:\/\/ambulantconvoyeurpar.com\/wp-content\/uploads\/2026\/03\/Scan-18.jpg\" alt=\"\" width=\"348\" height=\"273\" srcset=\"https:\/\/ambulantconvoyeurpar.com\/wp-content\/uploads\/2026\/03\/Scan-18.jpg 348w, https:\/\/ambulantconvoyeurpar.com\/wp-content\/uploads\/2026\/03\/Scan-18-300x235.jpg 300w, https:\/\/ambulantconvoyeurpar.com\/wp-content\/uploads\/2026\/03\/Scan-18-344x270.jpg 344w\" sizes=\"auto, (max-width: 348px) 100vw, 348px\" \/><\/a><\/p>\n<p>Type 4, en <span style=\"color: #ff0000;\">Aller et <span style=\"color: #0000ff;\">Retour<\/span><\/span><\/p>\n<p style=\"text-align: center;\"><a href=\"https:\/\/ambulantconvoyeurpar.com\/?attachment_id=27418\" rel=\"attachment wp-att-27418\"><img loading=\"lazy\" decoding=\"async\" class=\"alignnone size-full wp-image-27418\" src=\"https:\/\/ambulantconvoyeurpar.com\/wp-content\/uploads\/2026\/07\/26-7.jpg\" alt=\"\" width=\"726\" height=\"449\" srcset=\"https:\/\/ambulantconvoyeurpar.com\/wp-content\/uploads\/2026\/07\/26-7.jpg 726w, https:\/\/ambulantconvoyeurpar.com\/wp-content\/uploads\/2026\/07\/26-7-300x186.jpg 300w, https:\/\/ambulantconvoyeurpar.com\/wp-content\/uploads\/2026\/07\/26-7-437x270.jpg 437w\" sizes=\"auto, (max-width: 726px) 100vw, 726px\" \/><\/a><\/p>\n<p style=\"text-align: center;\"><a href=\"https:\/\/ambulantconvoyeurpar.com\/?attachment_id=27426\" rel=\"attachment wp-att-27426\"><img loading=\"lazy\" decoding=\"async\" class=\"alignnone size-full wp-image-27426\" src=\"https:\/\/ambulantconvoyeurpar.com\/wp-content\/uploads\/2026\/07\/26-15.jpg\" alt=\"\" width=\"726\" height=\"460\" srcset=\"https:\/\/ambulantconvoyeurpar.com\/wp-content\/uploads\/2026\/07\/26-15.jpg 726w, https:\/\/ambulantconvoyeurpar.com\/wp-content\/uploads\/2026\/07\/26-15-300x190.jpg 300w, https:\/\/ambulantconvoyeurpar.com\/wp-content\/uploads\/2026\/07\/26-15-426x270.jpg 426w\" sizes=\"auto, (max-width: 726px) 100vw, 726px\" \/><\/a><\/p>\n<figure id=\"attachment_27419\" aria-describedby=\"caption-attachment-27419\" style=\"width: 535px\" class=\"wp-caption alignnone\"><a href=\"https:\/\/ambulantconvoyeurpar.com\/?attachment_id=27419\" rel=\"attachment wp-att-27419\"><img loading=\"lazy\" decoding=\"async\" class=\"wp-image-27419 size-full\" src=\"https:\/\/ambulantconvoyeurpar.com\/wp-content\/uploads\/2026\/07\/26-8.jpg\" alt=\"\" width=\"535\" height=\"308\" srcset=\"https:\/\/ambulantconvoyeurpar.com\/wp-content\/uploads\/2026\/07\/26-8.jpg 535w, https:\/\/ambulantconvoyeurpar.com\/wp-content\/uploads\/2026\/07\/26-8-300x173.jpg 300w, https:\/\/ambulantconvoyeurpar.com\/wp-content\/uploads\/2026\/07\/26-8-469x270.jpg 469w\" sizes=\"auto, (max-width: 535px) 100vw, 535px\" \/><\/a><figcaption id=\"caption-attachment-27419\" class=\"wp-caption-text\">Oblit\u00e9ration philat\u00e9lique.<\/figcaption><\/figure>\n<p>&nbsp;<\/p>\n<figure id=\"attachment_27428\" aria-describedby=\"caption-attachment-27428\" style=\"width: 550px\" class=\"wp-caption aligncenter\"><a href=\"https:\/\/ambulantconvoyeurpar.com\/?attachment_id=27428\" rel=\"attachment wp-att-27428\"><img loading=\"lazy\" decoding=\"async\" class=\"wp-image-27428 size-full\" src=\"https:\/\/ambulantconvoyeurpar.com\/wp-content\/uploads\/2026\/07\/26-17.jpg\" alt=\"\" width=\"550\" height=\"313\" srcset=\"https:\/\/ambulantconvoyeurpar.com\/wp-content\/uploads\/2026\/07\/26-17.jpg 550w, https:\/\/ambulantconvoyeurpar.com\/wp-content\/uploads\/2026\/07\/26-17-300x171.jpg 300w, https:\/\/ambulantconvoyeurpar.com\/wp-content\/uploads\/2026\/07\/26-17-474x270.jpg 474w\" sizes=\"auto, (max-width: 550px) 100vw, 550px\" \/><\/a><figcaption id=\"caption-attachment-27428\" class=\"wp-caption-text\">Oblit\u00e9ration philat\u00e9lique.<\/figcaption><\/figure>\n<p><strong>Jeumont \u00e0 Le Cateau<\/strong><\/p>\n<p>Type 3, uniquement en <span style=\"color: #ff0000;\"><span style=\"color: #0000ff;\">Retour.<\/span><\/span> N<span style=\"color: #ff0000;\"><span style=\"color: #0000ff;\"><span style=\"color: #000000;\">e semble plus circuler \u00e0 partir de 1967.<\/span><\/span><\/span><\/p>\n<p><img decoding=\"async\" class=\"aligncenter\" src=\"http:\/\/ambulantconvoyeurpar.com\/wp-content\/uploads\/2018\/12\/avesnois-54-1024x820.jpg\" \/><\/p>\n<p><strong>Jeumont \u00e0 Paris<\/strong>\u00a0<\/p>\n<p>Type 3, uniquement en <span style=\"color: #ff0000;\"><span style=\"color: #0000ff;\">Retour, <\/span><\/span>le N\u00b0 de brigade a \u00e9t\u00e9 lim\u00e9.<\/p>\n<p><img decoding=\"async\" class=\"aligncenter\" src=\"http:\/\/ambulantconvoyeurpar.com\/wp-content\/uploads\/2020\/12\/a-4.jpg\" \/><\/p>\n<p>Type 4, uniquement en <span style=\"color: #ff0000;\">Aller<\/span><span style=\"color: #ff0000;\"><span style=\"color: #0000ff;\">, <\/span><\/span>le N\u00b0 de brigade a \u00e9t\u00e9 lim\u00e9.<\/p>\n<p><img decoding=\"async\" class=\"aligncenter\" src=\"https:\/\/ambulantconvoyeurpar.com\/wp-content\/uploads\/2017\/07\/a3-1.jpg\" \/><\/p>\n<p><strong>Jeumont \u00e0 Paris 1er<\/strong>\u00a0<\/p>\n<p>Type 3, en <span style=\"color: #ff0000;\">Aller et <span style=\"color: #0000ff;\">Retour.<\/span><\/span><\/p>\n<p><img decoding=\"async\" class=\"aligncenter\" src=\"http:\/\/ambulantconvoyeurpar.com\/wp-content\/uploads\/2020\/07\/a-70.jpg\" \/><\/p>\n<p><img decoding=\"async\" class=\"aligncenter\" src=\"http:\/\/ambulantconvoyeurpar.com\/wp-content\/uploads\/2020\/07\/a-71.jpg\" \/><\/p>\n<p><strong>Jeumont \u00e0 Paris 2\u00e8me<\/strong><\/p>\n<p>Type 3, en <span style=\"color: #ff0000;\">Aller et <span style=\"color: #0000ff;\">Retour.<\/span><\/span><\/p>\n<p><img decoding=\"async\" class=\"aligncenter\" src=\"http:\/\/ambulantconvoyeurpar.com\/wp-content\/uploads\/2018\/12\/avesnois-89-1024x730.jpg\" \/><\/p>\n<p><img decoding=\"async\" class=\"aligncenter\" src=\"https:\/\/ambulantconvoyeurpar.com\/wp-content\/uploads\/2019\/02\/Scan-3.jpg\" \/><\/p>\n<p>Type 4, en <span style=\"color: #ff0000;\">Aller et <span style=\"color: #0000ff;\">Retour.<\/span><\/span><\/p>\n<figure id=\"attachment_27420\" aria-describedby=\"caption-attachment-27420\" style=\"width: 509px\" class=\"wp-caption alignnone\"><a href=\"https:\/\/ambulantconvoyeurpar.com\/?attachment_id=27420\" rel=\"attachment wp-att-27420\"><img loading=\"lazy\" decoding=\"async\" class=\"wp-image-27420 size-full\" src=\"https:\/\/ambulantconvoyeurpar.com\/wp-content\/uploads\/2026\/07\/26-9.jpg\" alt=\"\" width=\"509\" height=\"288\" srcset=\"https:\/\/ambulantconvoyeurpar.com\/wp-content\/uploads\/2026\/07\/26-9.jpg 509w, https:\/\/ambulantconvoyeurpar.com\/wp-content\/uploads\/2026\/07\/26-9-300x170.jpg 300w, https:\/\/ambulantconvoyeurpar.com\/wp-content\/uploads\/2026\/07\/26-9-477x270.jpg 477w\" sizes=\"auto, (max-width: 509px) 100vw, 509px\" \/><\/a><figcaption id=\"caption-attachment-27420\" class=\"wp-caption-text\">Oblit\u00e9ration philat\u00e9lique.<\/figcaption><\/figure>\n<p><img decoding=\"async\" class=\"aligncenter\" src=\"http:\/\/ambulantconvoyeurpar.com\/wp-content\/uploads\/2017\/07\/convoyeur-couronne-ambulant-28-705x1024.jpg\" \/><\/p>\n<p><strong>Jeumont \u00e0 Paris 3\u00e8me<\/strong>\u00a0<\/p>\n<p>Type 3, en <span style=\"color: #ff0000;\">Aller et <span style=\"color: #0000ff;\">Retour.<\/span><\/span><\/p>\n<p><img decoding=\"async\" class=\"aligncenter\" src=\"http:\/\/ambulantconvoyeurpar.com\/wp-content\/uploads\/2018\/12\/avesnois-90-1024x820.jpg\" \/><\/p>\n<p><img decoding=\"async\" class=\"aligncenter\" src=\"https:\/\/ambulantconvoyeurpar.com\/wp-content\/uploads\/2019\/02\/Scan-4.jpg\" \/><\/p>\n<p>Type 4, uniquement \u00e0 l&rsquo;<span style=\"color: #ff0000;\">Aller,<\/span> vu 1972.<\/p>\n<p><img decoding=\"async\" class=\"aligncenter\" src=\"http:\/\/ambulantconvoyeurpar.com\/wp-content\/uploads\/2017\/07\/convoyeur-couronne-ambulant-29-300x170.jpg\" \/><\/p>\n<p><strong>Jeumont \u00e0 Paris 4\u00e8me<\/strong><\/p>\n<p>Type 3, en <span style=\"color: #ff0000;\">Aller et <span style=\"color: #0000ff;\">Retour.<\/span><\/span><\/p>\n<p><img decoding=\"async\" class=\"aligncenter\" src=\"https:\/\/ambulantconvoyeurpar.com\/wp-content\/uploads\/2019\/02\/Scan-6.jpg\" \/><\/p>\n<p><img decoding=\"async\" class=\"aligncenter\" src=\"https:\/\/ambulantconvoyeurpar.com\/wp-content\/uploads\/2019\/02\/Scan-5.jpg\" \/><\/p>\n<p>Type 4, uniquement \u00e0 l&rsquo;<span style=\"color: #ff0000;\">Aller.<\/span><\/p>\n<p style=\"text-align: center;\"><a href=\"https:\/\/ambulantconvoyeurpar.com\/?attachment_id=27421\" rel=\"attachment wp-att-27421\"><img loading=\"lazy\" decoding=\"async\" class=\"alignnone size-full wp-image-27421\" src=\"https:\/\/ambulantconvoyeurpar.com\/wp-content\/uploads\/2026\/07\/26-10.jpg\" alt=\"\" width=\"600\" height=\"550\" srcset=\"https:\/\/ambulantconvoyeurpar.com\/wp-content\/uploads\/2026\/07\/26-10.jpg 600w, https:\/\/ambulantconvoyeurpar.com\/wp-content\/uploads\/2026\/07\/26-10-300x275.jpg 300w, https:\/\/ambulantconvoyeurpar.com\/wp-content\/uploads\/2026\/07\/26-10-295x270.jpg 295w\" sizes=\"auto, (max-width: 600px) 100vw, 600px\" \/><\/a><\/p>\n<p><strong>Laon \u00e0 Tergnier<\/strong>\u00a0<\/p>\n<p>Type 3 Vu en <span style=\"color: #ff0000;\">Aller <\/span>1962\/63, <span style=\"color: #ff0000;\"><span style=\"color: #0000ff;\"><span style=\"color: #000000;\">ne semble plus circuler \u00e0 partir de 1967.<\/span><\/span><\/span><\/p>\n<p><a href=\"https:\/\/ambulantconvoyeurpar.com\/?attachment_id=26375\" rel=\"attachment wp-att-26375\"><img loading=\"lazy\" decoding=\"async\" class=\"size-full wp-image-26375 aligncenter\" src=\"https:\/\/ambulantconvoyeurpar.com\/wp-content\/uploads\/2026\/04\/Scan-6.jpg\" alt=\"\" width=\"298\" height=\"358\" srcset=\"https:\/\/ambulantconvoyeurpar.com\/wp-content\/uploads\/2026\/04\/Scan-6.jpg 298w, https:\/\/ambulantconvoyeurpar.com\/wp-content\/uploads\/2026\/04\/Scan-6-250x300.jpg 250w, https:\/\/ambulantconvoyeurpar.com\/wp-content\/uploads\/2026\/04\/Scan-6-225x270.jpg 225w\" sizes=\"auto, (max-width: 298px) 100vw, 298px\" \/><\/a><\/p>\n<p><strong>Laon \u00e0 Paris<\/strong>\u00a0<\/p>\n<p>Type 3, en <span style=\"color: #ff0000;\">Aller et <span style=\"color: #0000ff;\">Retour.\u00a0<\/span><\/span>Pas de type 4.<\/p>\n<figure id=\"attachment_27405\" aria-describedby=\"caption-attachment-27405\" style=\"width: 244px\" class=\"wp-caption alignnone\"><a href=\"https:\/\/ambulantconvoyeurpar.com\/?attachment_id=27405\" rel=\"attachment wp-att-27405\"><img loading=\"lazy\" decoding=\"async\" class=\"wp-image-27405 size-full\" src=\"https:\/\/ambulantconvoyeurpar.com\/wp-content\/uploads\/2026\/06\/26-146.jpg\" alt=\"\" width=\"244\" height=\"248\" \/><\/a><figcaption id=\"caption-attachment-27405\" class=\"wp-caption-text\">Rarissime avec l&rsquo;horaire dans le dateur.<\/figcaption><\/figure>\n<p style=\"text-align: center;\"><a href=\"https:\/\/ambulantconvoyeurpar.com\/?attachment_id=27408\" rel=\"attachment wp-att-27408\"><img loading=\"lazy\" decoding=\"async\" class=\"alignnone size-full wp-image-27408\" src=\"https:\/\/ambulantconvoyeurpar.com\/wp-content\/uploads\/2026\/06\/26-149.jpg\" alt=\"\" width=\"494\" height=\"313\" srcset=\"https:\/\/ambulantconvoyeurpar.com\/wp-content\/uploads\/2026\/06\/26-149.jpg 494w, https:\/\/ambulantconvoyeurpar.com\/wp-content\/uploads\/2026\/06\/26-149-300x190.jpg 300w, https:\/\/ambulantconvoyeurpar.com\/wp-content\/uploads\/2026\/06\/26-149-426x270.jpg 426w\" sizes=\"auto, (max-width: 494px) 100vw, 494px\" \/><\/a><\/p>\n<p><strong>Lens \u00e0 Lille<\/strong>\u00a0<\/p>\n<p>Type 3, en <span style=\"color: #ff0000;\">Aller et <span style=\"color: #0000ff;\">Retour.\u00a0<\/span><\/span>Pas de type 4. Vu 1965\/70.<\/p>\n<p style=\"text-align: center;\"><a href=\"https:\/\/ambulantconvoyeurpar.com\/?attachment_id=27406\" rel=\"attachment wp-att-27406\"><img loading=\"lazy\" decoding=\"async\" class=\"alignnone size-full wp-image-27406\" src=\"https:\/\/ambulantconvoyeurpar.com\/wp-content\/uploads\/2026\/06\/26-147.jpg\" alt=\"\" width=\"711\" height=\"328\" srcset=\"https:\/\/ambulantconvoyeurpar.com\/wp-content\/uploads\/2026\/06\/26-147.jpg 711w, https:\/\/ambulantconvoyeurpar.com\/wp-content\/uploads\/2026\/06\/26-147-300x138.jpg 300w, https:\/\/ambulantconvoyeurpar.com\/wp-content\/uploads\/2026\/06\/26-147-585x270.jpg 585w\" sizes=\"auto, (max-width: 711px) 100vw, 711px\" \/><\/a><\/p>\n<p><strong>Lille \u00e0 M\u00e9zi\u00e8res<\/strong>\u00a0<\/p>\n<p>Type 3, uniquement en <span style=\"color: #ff0000;\"><span style=\"color: #0000ff;\">Retour.<\/span><\/span><\/p>\n<p>Non vu.<\/p>\n<p><strong>Lille \u00e0 Paris<\/strong>\u00a0<\/p>\n<p>Type 3, en <span style=\"color: #ff0000;\">Aller et <span style=\"color: #0000ff;\">Retour.<\/span><\/span><\/p>\n<p>Non vu<\/p>\n<p><strong>Lille \u00e0 Paris 3\u00e8me<\/strong>\u00a0<\/p>\n<p style=\"text-align: left;\">Type 4, en <span style=\"color: #ff0000;\">Aller et <span style=\"color: #0000ff;\">Retour. <\/span><\/span>Vu 1970\/81<\/p>\n<p style=\"text-align: center;\"><a href=\"https:\/\/ambulantconvoyeurpar.com\/?attachment_id=27423\" rel=\"attachment wp-att-27423\"><img loading=\"lazy\" decoding=\"async\" class=\"alignnone size-full wp-image-27423\" src=\"https:\/\/ambulantconvoyeurpar.com\/wp-content\/uploads\/2026\/07\/26-12.jpg\" alt=\"\" width=\"792\" height=\"429\" srcset=\"https:\/\/ambulantconvoyeurpar.com\/wp-content\/uploads\/2026\/07\/26-12.jpg 792w, https:\/\/ambulantconvoyeurpar.com\/wp-content\/uploads\/2026\/07\/26-12-300x163.jpg 300w, https:\/\/ambulantconvoyeurpar.com\/wp-content\/uploads\/2026\/07\/26-12-768x416.jpg 768w, https:\/\/ambulantconvoyeurpar.com\/wp-content\/uploads\/2026\/07\/26-12-498x270.jpg 498w\" sizes=\"auto, (max-width: 792px) 100vw, 792px\" \/><\/a><\/p>\n<p style=\"text-align: center;\"><a href=\"https:\/\/ambulantconvoyeurpar.com\/?attachment_id=27429\" rel=\"attachment wp-att-27429\"><img loading=\"lazy\" decoding=\"async\" class=\"alignnone size-full wp-image-27429\" src=\"https:\/\/ambulantconvoyeurpar.com\/wp-content\/uploads\/2026\/07\/26-18.jpg\" alt=\"\" width=\"308\" height=\"303\" srcset=\"https:\/\/ambulantconvoyeurpar.com\/wp-content\/uploads\/2026\/07\/26-18.jpg 308w, https:\/\/ambulantconvoyeurpar.com\/wp-content\/uploads\/2026\/07\/26-18-300x295.jpg 300w, https:\/\/ambulantconvoyeurpar.com\/wp-content\/uploads\/2026\/07\/26-18-274x270.jpg 274w\" sizes=\"auto, (max-width: 308px) 100vw, 308px\" \/><\/a><\/p>\n<p><strong>Lille \u00e0 Paris 4<\/strong><\/p>\n<p>Type 4, en<span style=\"color: #ff0000;\">\u00a0Aller et <span style=\"color: #0000ff;\">Retour<\/span><\/span><\/p>\n<p style=\"text-align: center;\"><a href=\"https:\/\/ambulantconvoyeurpar.com\/?attachment_id=27424\" rel=\"attachment wp-att-27424\"><img loading=\"lazy\" decoding=\"async\" class=\"alignnone size-full wp-image-27424\" src=\"https:\/\/ambulantconvoyeurpar.com\/wp-content\/uploads\/2026\/07\/26-13.jpg\" alt=\"\" width=\"661\" height=\"328\" srcset=\"https:\/\/ambulantconvoyeurpar.com\/wp-content\/uploads\/2026\/07\/26-13.jpg 661w, https:\/\/ambulantconvoyeurpar.com\/wp-content\/uploads\/2026\/07\/26-13-300x149.jpg 300w, https:\/\/ambulantconvoyeurpar.com\/wp-content\/uploads\/2026\/07\/26-13-544x270.jpg 544w\" sizes=\"auto, (max-width: 661px) 100vw, 661px\" \/><\/a><\/p>\n<p style=\"text-align: center;\"><a href=\"https:\/\/ambulantconvoyeurpar.com\/?attachment_id=27430\" rel=\"attachment wp-att-27430\"><img loading=\"lazy\" decoding=\"async\" class=\"alignnone size-full wp-image-27430\" src=\"https:\/\/ambulantconvoyeurpar.com\/wp-content\/uploads\/2026\/07\/26-19.jpg\" alt=\"\" width=\"504\" height=\"258\" srcset=\"https:\/\/ambulantconvoyeurpar.com\/wp-content\/uploads\/2026\/07\/26-19.jpg 504w, https:\/\/ambulantconvoyeurpar.com\/wp-content\/uploads\/2026\/07\/26-19-300x154.jpg 300w\" sizes=\"auto, (max-width: 504px) 100vw, 504px\" \/><\/a><\/p>\n<p><strong>Lille \u00e0 Paris 5\u00e8me<\/strong><\/p>\n<p>Type 4, en <span style=\"color: #ff0000;\"> <span style=\"color: #0000ff;\">Retour.<\/span><\/span><\/p>\n<p style=\"text-align: center;\"><a href=\"https:\/\/ambulantconvoyeurpar.com\/?attachment_id=27431\" rel=\"attachment wp-att-27431\"><img loading=\"lazy\" decoding=\"async\" class=\"alignnone size-full wp-image-27431\" src=\"https:\/\/ambulantconvoyeurpar.com\/wp-content\/uploads\/2026\/07\/26-20.jpg\" alt=\"\" width=\"681\" height=\"374\" srcset=\"https:\/\/ambulantconvoyeurpar.com\/wp-content\/uploads\/2026\/07\/26-20.jpg 681w, https:\/\/ambulantconvoyeurpar.com\/wp-content\/uploads\/2026\/07\/26-20-300x165.jpg 300w, https:\/\/ambulantconvoyeurpar.com\/wp-content\/uploads\/2026\/07\/26-20-492x270.jpg 492w\" sizes=\"auto, (max-width: 681px) 100vw, 681px\" \/><\/a><\/p>\n<p><strong>Lille \u00e0 Tourcoing<\/strong>\u00a0<\/p>\n<p>Type 3, en <span style=\"color: #ff0000;\">Aller et <span style=\"color: #0000ff;\">Retour.<\/span><\/span><\/p>\n<p><img decoding=\"async\" src=\"http:\/\/ambulantconvoyeurpar.com\/wp-content\/uploads\/2020\/07\/a-146.jpg\" \/><\/p>\n<p><strong>Lille \u00e0 Valenciennes\u00a0<\/strong><\/p>\n<p>Type 3, en <span style=\"color: #ff0000;\">Aller et <span style=\"color: #0000ff;\">Retour.<\/span><\/span><\/p>\n<p><a href=\"https:\/\/ambulantconvoyeurpar.com\/?attachment_id=26325\" rel=\"attachment wp-att-26325\"><img loading=\"lazy\" decoding=\"async\" class=\"alignnone size-full wp-image-26325 aligncenter\" src=\"https:\/\/ambulantconvoyeurpar.com\/wp-content\/uploads\/2026\/03\/Scan-24.jpg\" alt=\"\" width=\"469\" height=\"384\" srcset=\"https:\/\/ambulantconvoyeurpar.com\/wp-content\/uploads\/2026\/03\/Scan-24.jpg 469w, https:\/\/ambulantconvoyeurpar.com\/wp-content\/uploads\/2026\/03\/Scan-24-300x246.jpg 300w, https:\/\/ambulantconvoyeurpar.com\/wp-content\/uploads\/2026\/03\/Scan-24-330x270.jpg 330w\" sizes=\"auto, (max-width: 469px) 100vw, 469px\" \/><\/a><\/p>\n<p><img decoding=\"async\" class=\"aligncenter\" src=\"http:\/\/ambulantconvoyeurpar.com\/wp-content\/uploads\/2020\/10\/a-5.jpg\" \/><\/p>\n<p><strong>Lille \u00e0 Valenciennes 1er\u00a0<\/strong><\/p>\n<p>Type 4, uniquement \u00e0 l&rsquo;<span style=\"color: #ff0000;\">Aller.<\/span><\/p>\n<p><img decoding=\"async\" class=\"aligncenter\" src=\"https:\/\/ambulantconvoyeurpar.com\/wp-content\/uploads\/2017\/07\/a3-6.jpg\" \/><\/p>\n<p><strong>Lille \u00e0 Valenciennes 2\u00e8me<\/strong>\u00a0<\/p>\n<p>Type 4, en <span style=\"color: #ff0000;\">Aller et <span style=\"color: #0000ff;\">Retour<\/span><\/span><\/p>\n<p style=\"text-align: center;\"><a href=\"https:\/\/ambulantconvoyeurpar.com\/?attachment_id=27433\" rel=\"attachment wp-att-27433\"><img loading=\"lazy\" decoding=\"async\" class=\"alignnone size-full wp-image-27433\" src=\"https:\/\/ambulantconvoyeurpar.com\/wp-content\/uploads\/2026\/07\/26-22.jpg\" alt=\"\" width=\"313\" height=\"268\" srcset=\"https:\/\/ambulantconvoyeurpar.com\/wp-content\/uploads\/2026\/07\/26-22.jpg 313w, https:\/\/ambulantconvoyeurpar.com\/wp-content\/uploads\/2026\/07\/26-22-300x257.jpg 300w\" sizes=\"auto, (max-width: 313px) 100vw, 313px\" \/><\/a><\/p>\n<p><strong>Maubeuge \u00e0 Valenciennes<\/strong>\u00a0<\/p>\n<p>Type 3, en <span style=\"color: #ff0000;\">Aller et <span style=\"color: #0000ff;\">Retour,\u00a0<\/span><\/span>uniquement en aller apr\u00e8s 1966.<\/p>\n<p><a href=\"https:\/\/ambulantconvoyeurpar.com\/?attachment_id=27436\" rel=\"attachment wp-att-27436\"><img loading=\"lazy\" decoding=\"async\" class=\"alignnone size-full wp-image-27436\" src=\"https:\/\/ambulantconvoyeurpar.com\/wp-content\/uploads\/2026\/07\/avesnois-106-1024x880-2.jpg\" alt=\"\" width=\"561\" height=\"295\" srcset=\"https:\/\/ambulantconvoyeurpar.com\/wp-content\/uploads\/2026\/07\/avesnois-106-1024x880-2.jpg 561w, https:\/\/ambulantconvoyeurpar.com\/wp-content\/uploads\/2026\/07\/avesnois-106-1024x880-2-300x158.jpg 300w, https:\/\/ambulantconvoyeurpar.com\/wp-content\/uploads\/2026\/07\/avesnois-106-1024x880-2-513x270.jpg 513w\" sizes=\"auto, (max-width: 561px) 100vw, 561px\" \/><\/a><\/p>\n<p>&nbsp;<\/p>\n<p><strong>60 Morienval \u00e0 Verberie<\/strong><\/p>\n<p>Type 3, uniquement en\u00a0<span style=\"color: #ff0000;\">Aller.\u00a0<span style=\"color: #000000;\">Il existe la m\u00eame oblit\u00e9ration mais sans le N\u00b0 du d\u00e9partement, cette oblit\u00e9ration est du type m\u00e9tallique, elle court jusque 1965. <\/span><\/span><\/p>\n<p><span style=\"color: #ff0000;\"><span style=\"color: #000000;\">Cette oblit\u00e9ration a la particularit\u00e9 d&rsquo;\u00eatre cod\u00e9e.<\/span><\/span><\/p>\n<p><a href=\"https:\/\/ambulantconvoyeurpar.com\/?attachment_id=26372\" rel=\"attachment wp-att-26372\"><img loading=\"lazy\" decoding=\"async\" class=\"alignnone size-full wp-image-26372\" src=\"https:\/\/ambulantconvoyeurpar.com\/wp-content\/uploads\/2026\/04\/Scan-5.jpg\" alt=\"\" width=\"631\" height=\"323\" srcset=\"https:\/\/ambulantconvoyeurpar.com\/wp-content\/uploads\/2026\/04\/Scan-5.jpg 631w, https:\/\/ambulantconvoyeurpar.com\/wp-content\/uploads\/2026\/04\/Scan-5-300x154.jpg 300w, https:\/\/ambulantconvoyeurpar.com\/wp-content\/uploads\/2026\/04\/Scan-5-527x270.jpg 527w\" sizes=\"auto, (max-width: 631px) 100vw, 631px\" \/><\/a><\/p>\n<p>Type 4, uniquement en\u00a0<span style=\"color: #ff0000;\">Aller.<\/span><\/p>\n<p>Non vu<\/p>\n<p><strong>Paris \u00e0 Saint Juste en Chauss\u00e9e<\/strong><\/p>\n<p>Type 3, uniquement en <span style=\"color: #ff0000;\"><span style=\"color: #0000ff;\">Retour,\u00a0<\/span><\/span>pas de type 4.<\/p>\n<p><a href=\"https:\/\/ambulantconvoyeurpar.com\/?attachment_id=26321\" rel=\"attachment wp-att-26321\"><img loading=\"lazy\" decoding=\"async\" class=\"alignnone size-full wp-image-26321 aligncenter\" src=\"https:\/\/ambulantconvoyeurpar.com\/wp-content\/uploads\/2026\/03\/Scan-21.jpg\" alt=\"\" width=\"439\" height=\"429\" srcset=\"https:\/\/ambulantconvoyeurpar.com\/wp-content\/uploads\/2026\/03\/Scan-21.jpg 439w, https:\/\/ambulantconvoyeurpar.com\/wp-content\/uploads\/2026\/03\/Scan-21-300x293.jpg 300w, https:\/\/ambulantconvoyeurpar.com\/wp-content\/uploads\/2026\/03\/Scan-21-276x270.jpg 276w\" sizes=\"auto, (max-width: 439px) 100vw, 439px\" \/><\/a><\/p>\n<p><strong>Paris \u00e0 Tourcoing\u00a0<\/strong><\/p>\n<p>Type 3, en <span style=\"color: #ff0000;\">Aller et <span style=\"color: #0000ff;\">Retour.<\/span><\/span><\/p>\n<p><img decoding=\"async\" class=\"aligncenter\" src=\"https:\/\/ambulantconvoyeurpar.com\/wp-content\/uploads\/2021\/04\/a3-177.jpg\" \/><\/p>\n<p><img decoding=\"async\" class=\"aligncenter\" src=\"http:\/\/ambulantconvoyeurpar.com\/wp-content\/uploads\/2020\/12\/a-5.jpg\" \/><\/p>\n<p>Type 4, uniquement en <span style=\"color: #ff0000;\"><span style=\"color: #0000ff;\">Retour.<\/span><\/span><\/p>\n<p>Vu 1972<\/p>\n<p><strong>Strasbourg \u00e0 Valenciennes\u00a0<\/strong><\/p>\n<p>Type 3, en <span style=\"color: #ff0000;\">Aller et <span style=\"color: #0000ff;\">Retour.<\/span><\/span><\/p>\n<p style=\"text-align: center;\"><a href=\"https:\/\/ambulantconvoyeurpar.com\/?attachment_id=27410\" rel=\"attachment wp-att-27410\"><img loading=\"lazy\" decoding=\"async\" class=\"alignnone size-full wp-image-27410\" src=\"https:\/\/ambulantconvoyeurpar.com\/wp-content\/uploads\/2026\/06\/26-151.jpg\" alt=\"\" width=\"237\" height=\"237\" srcset=\"https:\/\/ambulantconvoyeurpar.com\/wp-content\/uploads\/2026\/06\/26-151.jpg 237w, https:\/\/ambulantconvoyeurpar.com\/wp-content\/uploads\/2026\/06\/26-151-150x150.jpg 150w\" sizes=\"auto, (max-width: 237px) 100vw, 237px\" \/><\/a><\/p>\n<p><a href=\"https:\/\/ambulantconvoyeurpar.com\/?attachment_id=27411\" rel=\"attachment wp-att-27411\"><img loading=\"lazy\" decoding=\"async\" class=\"size-full wp-image-27411 aligncenter\" src=\"https:\/\/ambulantconvoyeurpar.com\/wp-content\/uploads\/2026\/06\/26-152.jpg\" alt=\"\" width=\"1090\" height=\"783\" srcset=\"https:\/\/ambulantconvoyeurpar.com\/wp-content\/uploads\/2026\/06\/26-152.jpg 1090w, https:\/\/ambulantconvoyeurpar.com\/wp-content\/uploads\/2026\/06\/26-152-300x216.jpg 300w, https:\/\/ambulantconvoyeurpar.com\/wp-content\/uploads\/2026\/06\/26-152-1024x736.jpg 1024w, https:\/\/ambulantconvoyeurpar.com\/wp-content\/uploads\/2026\/06\/26-152-768x552.jpg 768w, https:\/\/ambulantconvoyeurpar.com\/wp-content\/uploads\/2026\/06\/26-152-376x270.jpg 376w\" sizes=\"auto, (max-width: 1090px) 100vw, 1090px\" \/><\/a><\/p>\n<p>Type 3, oblit\u00e9ration sans dateur, appos\u00e9e en 1971 et disponible au centre de tri de la gare de Strasbourg. Oblit\u00e9ration de r\u00e9serve.<\/p>\n<p><img decoding=\"async\" class=\"aligncenter\" src=\"http:\/\/ambulantconvoyeurpar.com\/wp-content\/uploads\/2019\/01\/avesnois-107.jpg\" \/><\/p>\n\n\n<p class=\"wp-block-paragraph\"><\/p>\n","protected":false},"excerpt":{"rendered":"<p>Les cachets avec une couronne en plastique. Les bureaux s\u00e9dentaires. Les ambulants. Les convoyeurs. Les bureaux s\u00e9dentaires: Ces nouveaux cachets au type plastique remplacent les cachets de type m\u00e9tallique. Ils apparaissent en 1957 et se g\u00e9n\u00e9ralisent en 1959 pour les bureaux s\u00e9dentaires.\u00a0 Lauthier les catalogue sous le type A8, ensuite en 1965 une nouvelle reforme am\u00e8ne le N\u00b0 du d\u00e9partement dans la couronne oblit\u00e9rante qui deviendra le type A9. Evidemment changer tous les cachets des bureaux de poste s&rsquo;est \u00e9tal\u00e9&#8230;<\/p>\n<p class=\"read-more\"><a class=\"btn btn-default\" href=\"https:\/\/ambulantconvoyeurpar.com\/index.php\/2026\/09\/01\/les-courriers-convoyeurs-de-la-ligne-du-nord-au-type-plastique-1960-80\/\">Lire la suite<span class=\"screen-reader-text\"> Lire la suite<\/span><\/a><\/p>\n","protected":false},"author":1,"featured_media":0,"comment_status":"open","ping_status":"open","sticky":false,"template":"","format":"standard","meta":{"_jetpack_newsletter_access":"","_jetpack_dont_email_post_to_subs":false,"_jetpack_newsletter_tier_id":0,"_jetpack_memberships_contains_paywalled_content":false,"_jetpack_feature_clip_id":0,"_jetpack_memberships_contains_paid_content":false,"footnotes":"","jetpack_post_was_ever_published":false},"categories":[12],"tags":[],"class_list":["post-26277","post","type-post","status-publish","format-standard","hentry","category-convoyeur-ligne"],"jetpack_shortlink":"https:\/\/wp.me\/p91OMs-6PP","jetpack-related-posts":[],"jetpack_sharing_enabled":true,"jetpack_featured_media_url":"","_links":{"self":[{"href":"https:\/\/ambulantconvoyeurpar.com\/index.php\/wp-json\/wp\/v2\/posts\/26277","targetHints":{"allow":["GET"]}}],"collection":[{"href":"https:\/\/ambulantconvoyeurpar.com\/index.php\/wp-json\/wp\/v2\/posts"}],"about":[{"href":"https:\/\/ambulantconvoyeurpar.com\/index.php\/wp-json\/wp\/v2\/types\/post"}],"author":[{"embeddable":true,"href":"https:\/\/ambulantconvoyeurpar.com\/index.php\/wp-json\/wp\/v2\/users\/1"}],"replies":[{"embeddable":true,"href":"https:\/\/ambulantconvoyeurpar.com\/index.php\/wp-json\/wp\/v2\/comments?post=26277"}],"version-history":[{"count":3,"href":"https:\/\/ambulantconvoyeurpar.com\/index.php\/wp-json\/wp\/v2\/posts\/26277\/revisions"}],"predecessor-version":[{"id":27905,"href":"https:\/\/ambulantconvoyeurpar.com\/index.php\/wp-json\/wp\/v2\/posts\/26277\/revisions\/27905"}],"wp:attachment":[{"href":"https:\/\/ambulantconvoyeurpar.com\/index.php\/wp-json\/wp\/v2\/media?parent=26277"}],"wp:term":[{"taxonomy":"category","embeddable":true,"href":"https:\/\/ambulantconvoyeurpar.com\/index.php\/wp-json\/wp\/v2\/categories?post=26277"},{"taxonomy":"post_tag","embeddable":true,"href":"https:\/\/ambulantconvoyeurpar.com\/index.php\/wp-json\/wp\/v2\/tags?post=26277"}],"curies":[{"name":"wp","href":"https:\/\/api.w.org\/{rel}","templated":true}]}}