{"id":275,"date":"2017-11-27T10:57:44","date_gmt":"2017-11-27T09:57:44","guid":{"rendered":"http:\/\/ambulantconvoyeurpar.com\/?p=275"},"modified":"2022-11-30T14:17:59","modified_gmt":"2022-11-30T13:17:59","slug":"les-obliterations-entrepots-du-departement-du-haut-rhin-68","status":"publish","type":"post","link":"https:\/\/ambulantconvoyeurpar.com\/index.php\/2017\/11\/27\/les-obliterations-entrepots-du-departement-du-haut-rhin-68\/","title":{"rendered":"les oblit\u00e9rations entrep\u00f4ts du d\u00e9partement du Haut Rhin 68"},"content":{"rendered":"<p>Article modifi\u00e9 le 30\/11\/2022.<\/p>\n<h3>Colmar entrep\u00f4t: ouverture? Fermeture?<\/h3>\n<p><span style=\"color: #ff0000;\">Type A6,\u00a0<span style=\"color: #000000;\">vu de 1949 \u00e0 1957<\/span><\/span><\/p>\n<p><a href=\"http:\/\/ambulantconvoyeurpar.com\/wp-content\/uploads\/2017\/09\/68-colmar-entrepot-.jpg\"><img loading=\"lazy\" decoding=\"async\" class=\"alignnone size-medium wp-image-622\" src=\"http:\/\/ambulantconvoyeurpar.com\/wp-content\/uploads\/2017\/09\/68-colmar-entrepot--300x206.jpg\" alt=\"\" width=\"300\" height=\"206\" srcset=\"https:\/\/ambulantconvoyeurpar.com\/wp-content\/uploads\/2017\/09\/68-colmar-entrepot--300x206.jpg 300w, https:\/\/ambulantconvoyeurpar.com\/wp-content\/uploads\/2017\/09\/68-colmar-entrepot-.jpg 351w\" sizes=\"auto, (max-width: 300px) 100vw, 300px\" \/><\/a><\/p>\n<p><span style=\"color: #ff0000;\">Type A7?<\/span><\/p>\n<p><span style=\"color: #ff0000;\">Type A8,\u00a0<span style=\"color: #000000;\">signal\u00e9 1957 \u00e0 1968<\/span><\/span><\/p>\n<p><a href=\"http:\/\/ambulantconvoyeurpar.com\/wp-content\/uploads\/2017\/09\/68-colmar-entrepot-1.jpg\"><img loading=\"lazy\" decoding=\"async\" class=\"alignnone size-full wp-image-624\" src=\"http:\/\/ambulantconvoyeurpar.com\/wp-content\/uploads\/2017\/09\/68-colmar-entrepot-1.jpg\" alt=\"\" width=\"121\" height=\"126\" \/><\/a><\/p>\n<p><span style=\"color: #ff0000;\">Type A9,\u00a0<span style=\"color: #000000;\">signal\u00e9 1970\/74<\/span><\/span><\/p>\n<p>Non rencontr\u00e9<\/p>\n<hr \/>\n<h3>Mulhouse C.T. entrep\u00f4t: ouverture? Fermeture?<\/h3>\n<p><span style=\"color: #ff0000;\">Type A9,<\/span> signal\u00e9 1986<\/p>\n<p><a href=\"https:\/\/ambulantconvoyeurpar.com\/index.php\/2017\/11\/27\/les-obliterations-entrepots-du-departement-du-haut-rhin-68\/a1-833\/\" rel=\"attachment wp-att-17938\"><img loading=\"lazy\" decoding=\"async\" class=\"alignnone size-full wp-image-17938\" src=\"https:\/\/ambulantconvoyeurpar.com\/wp-content\/uploads\/2017\/11\/a1-12.jpg\" alt=\"\" width=\"1286\" height=\"389\" srcset=\"https:\/\/ambulantconvoyeurpar.com\/wp-content\/uploads\/2017\/11\/a1-12.jpg 1286w, https:\/\/ambulantconvoyeurpar.com\/wp-content\/uploads\/2017\/11\/a1-12-300x91.jpg 300w, https:\/\/ambulantconvoyeurpar.com\/wp-content\/uploads\/2017\/11\/a1-12-1024x310.jpg 1024w, https:\/\/ambulantconvoyeurpar.com\/wp-content\/uploads\/2017\/11\/a1-12-768x232.jpg 768w, https:\/\/ambulantconvoyeurpar.com\/wp-content\/uploads\/2017\/11\/a1-12-604x183.jpg 604w\" sizes=\"auto, (max-width: 1286px) 100vw, 1286px\" \/><\/a><\/p>\n","protected":false},"excerpt":{"rendered":"<p>Article modifi\u00e9 le 30\/11\/2022. Colmar entrep\u00f4t: ouverture? Fermeture? Type A6,\u00a0vu de 1949 \u00e0 1957 Type A7? Type A8,\u00a0signal\u00e9 1957 \u00e0 1968 Type A9,\u00a0signal\u00e9 1970\/74 Non rencontr\u00e9 Mulhouse C.T. entrep\u00f4t: ouverture? Fermeture? Type A9, signal\u00e9 1986<\/p>\n","protected":false},"author":1,"featured_media":0,"comment_status":"open","ping_status":"open","sticky":false,"template":"","format":"standard","meta":{"jetpack_post_was_ever_published":false,"_jetpack_newsletter_access":"","_jetpack_dont_email_post_to_subs":false,"_jetpack_newsletter_tier_id":0,"_jetpack_memberships_contains_paywalled_content":false,"_jetpack_memberships_contains_paid_content":false,"footnotes":"","jetpack_publicize_message":"","jetpack_publicize_feature_enabled":true,"jetpack_social_post_already_shared":true,"jetpack_social_options":{"image_generator_settings":{"template":"highway","default_image_id":0,"font":"","enabled":false},"version":2}},"categories":[67,14],"tags":[],"class_list":["post-275","post","type-post","status-publish","format-standard","hentry","category-departements-61-a-75","category-entrepot"],"jetpack_publicize_connections":[],"jetpack_featured_media_url":"","jetpack_shortlink":"https:\/\/wp.me\/p91OMs-4r","jetpack-related-posts":[],"jetpack_sharing_enabled":true,"_links":{"self":[{"href":"https:\/\/ambulantconvoyeurpar.com\/index.php\/wp-json\/wp\/v2\/posts\/275","targetHints":{"allow":["GET"]}}],"collection":[{"href":"https:\/\/ambulantconvoyeurpar.com\/index.php\/wp-json\/wp\/v2\/posts"}],"about":[{"href":"https:\/\/ambulantconvoyeurpar.com\/index.php\/wp-json\/wp\/v2\/types\/post"}],"author":[{"embeddable":true,"href":"https:\/\/ambulantconvoyeurpar.com\/index.php\/wp-json\/wp\/v2\/users\/1"}],"replies":[{"embeddable":true,"href":"https:\/\/ambulantconvoyeurpar.com\/index.php\/wp-json\/wp\/v2\/comments?post=275"}],"version-history":[{"count":2,"href":"https:\/\/ambulantconvoyeurpar.com\/index.php\/wp-json\/wp\/v2\/posts\/275\/revisions"}],"predecessor-version":[{"id":17939,"href":"https:\/\/ambulantconvoyeurpar.com\/index.php\/wp-json\/wp\/v2\/posts\/275\/revisions\/17939"}],"wp:attachment":[{"href":"https:\/\/ambulantconvoyeurpar.com\/index.php\/wp-json\/wp\/v2\/media?parent=275"}],"wp:term":[{"taxonomy":"category","embeddable":true,"href":"https:\/\/ambulantconvoyeurpar.com\/index.php\/wp-json\/wp\/v2\/categories?post=275"},{"taxonomy":"post_tag","embeddable":true,"href":"https:\/\/ambulantconvoyeurpar.com\/index.php\/wp-json\/wp\/v2\/tags?post=275"}],"curies":[{"name":"wp","href":"https:\/\/api.w.org\/{rel}","templated":true}]}}