{"id":28007,"date":"2026-09-03T12:17:02","date_gmt":"2026-09-03T10:17:02","guid":{"rendered":"https:\/\/ambulantconvoyeurpar.com\/?p=28007"},"modified":"2026-09-03T12:20:02","modified_gmt":"2026-09-03T10:20:02","slug":"annexes-mobiles-et-bureaux-mobiles-2026-nouveautes","status":"publish","type":"post","link":"https:\/\/ambulantconvoyeurpar.com\/index.php\/2026\/09\/03\/annexes-mobiles-et-bureaux-mobiles-2026-nouveautes\/","title":{"rendered":"Annexes mobiles et bureaux mobiles 2026 nouveaut\u00e9s"},"content":{"rendered":"<p>J&rsquo;ai ajout\u00e9 33 nouvelles oblit\u00e9rations dans cette cat\u00e9gorie, notamment La Seyne sur Mer annexe mobile dans le Var qui a dur\u00e9 4 mois ou la seule oblit\u00e9ration GAM dans la Marne, \u00e9galement le cachet \u00e9chopp\u00e9 de Villefranche dans le d\u00e9partement du Rh\u00f4ne. Concerne les d\u00e9partements 02 Aisne \u00e0 95 Val d&rsquo;Oise.<\/p>\n<p>https:\/\/ambulantconvoyeurpar.com\/index.php\/category\/annexes-et-bureaux-mobiles-france\/<\/p>\n","protected":false},"excerpt":{"rendered":"<p>J&rsquo;ai ajout\u00e9 33 nouvelles oblit\u00e9rations dans cette cat\u00e9gorie, notamment La Seyne sur Mer annexe mobile dans le Var qui a dur\u00e9 4 mois ou la seule oblit\u00e9ration GAM dans la Marne, \u00e9galement le cachet \u00e9chopp\u00e9 de Villefranche dans le d\u00e9partement du Rh\u00f4ne. Concerne les d\u00e9partements 02 Aisne \u00e0 95 Val d&rsquo;Oise. https:\/\/ambulantconvoyeurpar.com\/index.php\/category\/annexes-et-bureaux-mobiles-france\/<\/p>\n","protected":false},"author":1,"featured_media":0,"comment_status":"open","ping_status":"open","sticky":false,"template":"","format":"standard","meta":{"_jetpack_newsletter_access":"","_jetpack_dont_email_post_to_subs":false,"_jetpack_newsletter_tier_id":0,"_jetpack_memberships_contains_paywalled_content":false,"_jetpack_feature_clip_id":0,"_jetpack_memberships_contains_paid_content":false,"footnotes":"","jetpack_post_was_ever_published":false},"categories":[31],"tags":[],"class_list":["post-28007","post","type-post","status-publish","format-standard","hentry","category-annexes-et-bureaux-mobiles-france"],"jetpack_shortlink":"https:\/\/wp.me\/p91OMs-7hJ","jetpack-related-posts":[],"jetpack_sharing_enabled":true,"jetpack_featured_media_url":"","_links":{"self":[{"href":"https:\/\/ambulantconvoyeurpar.com\/index.php\/wp-json\/wp\/v2\/posts\/28007","targetHints":{"allow":["GET"]}}],"collection":[{"href":"https:\/\/ambulantconvoyeurpar.com\/index.php\/wp-json\/wp\/v2\/posts"}],"about":[{"href":"https:\/\/ambulantconvoyeurpar.com\/index.php\/wp-json\/wp\/v2\/types\/post"}],"author":[{"embeddable":true,"href":"https:\/\/ambulantconvoyeurpar.com\/index.php\/wp-json\/wp\/v2\/users\/1"}],"replies":[{"embeddable":true,"href":"https:\/\/ambulantconvoyeurpar.com\/index.php\/wp-json\/wp\/v2\/comments?post=28007"}],"version-history":[{"count":2,"href":"https:\/\/ambulantconvoyeurpar.com\/index.php\/wp-json\/wp\/v2\/posts\/28007\/revisions"}],"predecessor-version":[{"id":28009,"href":"https:\/\/ambulantconvoyeurpar.com\/index.php\/wp-json\/wp\/v2\/posts\/28007\/revisions\/28009"}],"wp:attachment":[{"href":"https:\/\/ambulantconvoyeurpar.com\/index.php\/wp-json\/wp\/v2\/media?parent=28007"}],"wp:term":[{"taxonomy":"category","embeddable":true,"href":"https:\/\/ambulantconvoyeurpar.com\/index.php\/wp-json\/wp\/v2\/categories?post=28007"},{"taxonomy":"post_tag","embeddable":true,"href":"https:\/\/ambulantconvoyeurpar.com\/index.php\/wp-json\/wp\/v2\/tags?post=28007"}],"curies":[{"name":"wp","href":"https:\/\/api.w.org\/{rel}","templated":true}]}}