{"id":293,"date":"2017-11-27T10:50:36","date_gmt":"2017-11-27T09:50:36","guid":{"rendered":"http:\/\/ambulantconvoyeurpar.com\/?p=293"},"modified":"2024-10-03T17:44:56","modified_gmt":"2024-10-03T15:44:56","slug":"les-obliterations-entrepots-du-departement-de-la-haute-savoie-74","status":"publish","type":"post","link":"https:\/\/ambulantconvoyeurpar.com\/index.php\/2017\/11\/27\/les-obliterations-entrepots-du-departement-de-la-haute-savoie-74\/","title":{"rendered":"les oblit\u00e9rations entrep\u00f4ts du d\u00e9partement de la haute Savoie 74"},"content":{"rendered":"<p>Article modifi\u00e9 le 30\/09\/2024<\/p>\n<h3>Annecy entrep\u00f4t: ouverture<span style=\"color: #0000ff;\">: 1952.<\/span> Fermeture?<\/h3>\n<p><span style=\"color: #ff0000;\">Type A7,<\/span> signal\u00e9 de 1952 \u00e0 1963<\/p>\n<p><a href=\"http:\/\/ambulantconvoyeurpar.com\/wp-content\/uploads\/2017\/09\/entrepot740001.jpg\"><img loading=\"lazy\" decoding=\"async\" class=\"alignnone size-medium wp-image-603\" src=\"http:\/\/ambulantconvoyeurpar.com\/wp-content\/uploads\/2017\/09\/entrepot740001-300x235.jpg\" alt=\"\" width=\"300\" height=\"235\" srcset=\"https:\/\/ambulantconvoyeurpar.com\/wp-content\/uploads\/2017\/09\/entrepot740001-300x235.jpg 300w, https:\/\/ambulantconvoyeurpar.com\/wp-content\/uploads\/2017\/09\/entrepot740001-345x270.jpg 345w, https:\/\/ambulantconvoyeurpar.com\/wp-content\/uploads\/2017\/09\/entrepot740001.jpg 648w\" sizes=\"auto, (max-width: 300px) 100vw, 300px\" \/><\/a><\/p>\n<p><span style=\"color: #ff0000;\">Type A8,\u00a0<span style=\"color: #000000;\">signal\u00e9 1965\/67<\/span><\/span><\/p>\n<p>Non rencontr\u00e9<\/p>\n<p><span style=\"color: #ff0000;\">Type A9,<span style=\"color: #000000;\"> signal\u00e9 1969\/73<\/span><\/span><\/p>\n<p>Non rencontr\u00e9<\/p>\n<p><span style=\"color: #ff0000;\">Oblit\u00e9ration m\u00e9canique de type secap 5LO, non cod\u00e9e, signal\u00e9e 1956\/66, vagues en W ou eu M<\/span><\/p>\n<p><a href=\"http:\/\/ambulantconvoyeurpar.com\/wp-content\/uploads\/2017\/09\/entrepot74-1.jpg\"><img loading=\"lazy\" decoding=\"async\" class=\"alignnone size-full wp-image-604\" src=\"http:\/\/ambulantconvoyeurpar.com\/wp-content\/uploads\/2017\/09\/entrepot74-1.jpg\" alt=\"\" width=\"1005\" height=\"407\" srcset=\"https:\/\/ambulantconvoyeurpar.com\/wp-content\/uploads\/2017\/09\/entrepot74-1.jpg 1005w, https:\/\/ambulantconvoyeurpar.com\/wp-content\/uploads\/2017\/09\/entrepot74-1-300x121.jpg 300w, https:\/\/ambulantconvoyeurpar.com\/wp-content\/uploads\/2017\/09\/entrepot74-1-768x311.jpg 768w, https:\/\/ambulantconvoyeurpar.com\/wp-content\/uploads\/2017\/09\/entrepot74-1-604x245.jpg 604w\" sizes=\"auto, (max-width: 1005px) 100vw, 1005px\" \/><\/a><\/p>\n<p><span style=\"color: #ff0000;\">Oblit\u00e9ration m\u00e9canique de type secap illustr\u00e9e, non cod\u00e9e, signal\u00e9e 1963\/64<\/span><\/p>\n<p><a href=\"https:\/\/ambulantconvoyeurpar.com\/index.php\/2017\/11\/27\/les-obliterations-entrepots-du-departement-de-la-haute-savoie-74\/a1-2560\/\" rel=\"attachment wp-att-23882\"><img loading=\"lazy\" decoding=\"async\" class=\"alignnone size-full wp-image-23882\" src=\"https:\/\/ambulantconvoyeurpar.com\/wp-content\/uploads\/2017\/11\/a1-37.jpg\" alt=\"\" width=\"747\" height=\"308\" srcset=\"https:\/\/ambulantconvoyeurpar.com\/wp-content\/uploads\/2017\/11\/a1-37.jpg 747w, https:\/\/ambulantconvoyeurpar.com\/wp-content\/uploads\/2017\/11\/a1-37-300x124.jpg 300w, https:\/\/ambulantconvoyeurpar.com\/wp-content\/uploads\/2017\/11\/a1-37-604x249.jpg 604w\" sizes=\"auto, (max-width: 747px) 100vw, 747px\" \/><\/a><\/p>\n<p><span style=\"color: #ff0000;\">Oblit\u00e9ration m\u00e9canique de type secap illustr\u00e9e, non cod\u00e9e, en activit\u00e9 du 08\/07 au 30\/09\/63 et en aout 64.<\/span><\/p>\n<p><a href=\"https:\/\/ambulantconvoyeurpar.com\/index.php\/2017\/11\/27\/les-obliterations-entrepots-du-departement-de-la-haute-savoie-74\/a6-23\/\" rel=\"attachment wp-att-15023\"><img loading=\"lazy\" decoding=\"async\" class=\"alignnone size-full wp-image-15023\" src=\"https:\/\/ambulantconvoyeurpar.com\/wp-content\/uploads\/2017\/11\/a6-2.jpg\" alt=\"\" width=\"696\" height=\"399\" srcset=\"https:\/\/ambulantconvoyeurpar.com\/wp-content\/uploads\/2017\/11\/a6-2.jpg 696w, https:\/\/ambulantconvoyeurpar.com\/wp-content\/uploads\/2017\/11\/a6-2-300x172.jpg 300w, https:\/\/ambulantconvoyeurpar.com\/wp-content\/uploads\/2017\/11\/a6-2-471x270.jpg 471w\" sizes=\"auto, (max-width: 696px) 100vw, 696px\" \/><\/a><\/p>\n<p><span style=\"color: #ff0000;\">Oblit\u00e9ration m\u00e9canique de type secap illustr\u00e9e, cod\u00e9e, en activit\u00e9 en juin 68 et en janvier 69.<\/span><\/p>\n<p><a href=\"https:\/\/ambulantconvoyeurpar.com\/index.php\/2017\/11\/27\/les-obliterations-entrepots-du-departement-de-la-haute-savoie-74\/a6-24\/\" rel=\"attachment wp-att-15024\"><img loading=\"lazy\" decoding=\"async\" class=\"alignnone size-full wp-image-15024\" src=\"https:\/\/ambulantconvoyeurpar.com\/wp-content\/uploads\/2017\/11\/a6-3.jpg\" alt=\"\" width=\"802\" height=\"389\" srcset=\"https:\/\/ambulantconvoyeurpar.com\/wp-content\/uploads\/2017\/11\/a6-3.jpg 802w, https:\/\/ambulantconvoyeurpar.com\/wp-content\/uploads\/2017\/11\/a6-3-300x146.jpg 300w, https:\/\/ambulantconvoyeurpar.com\/wp-content\/uploads\/2017\/11\/a6-3-768x373.jpg 768w, https:\/\/ambulantconvoyeurpar.com\/wp-content\/uploads\/2017\/11\/a6-3-557x270.jpg 557w\" sizes=\"auto, (max-width: 802px) 100vw, 802px\" \/><\/a><\/p>\n<p><span style=\"color: #ff0000;\">Oblit\u00e9ration m\u00e9canique de type secap illustr\u00e9e, non cod\u00e9e, signal\u00e9e 1965<\/span><\/p>\n<p>Moins chers apr\u00e8s 20H<\/p>\n<p><span style=\"color: #ff0000;\">Oblit\u00e9ration m\u00e9canique de type secap illustr\u00e9e, non cod\u00e9e, signal\u00e9e f\u00e9vrier 1966<\/span><\/p>\n<p><a href=\"http:\/\/ambulantconvoyeurpar.com\/wp-content\/uploads\/2017\/09\/annecy-entrepot-hte-savoie74.jpg\"><img loading=\"lazy\" decoding=\"async\" class=\"alignnone size-full wp-image-606\" src=\"http:\/\/ambulantconvoyeurpar.com\/wp-content\/uploads\/2017\/09\/annecy-entrepot-hte-savoie74.jpg\" alt=\"\" width=\"560\" height=\"227\" srcset=\"https:\/\/ambulantconvoyeurpar.com\/wp-content\/uploads\/2017\/09\/annecy-entrepot-hte-savoie74.jpg 560w, https:\/\/ambulantconvoyeurpar.com\/wp-content\/uploads\/2017\/09\/annecy-entrepot-hte-savoie74-300x122.jpg 300w\" sizes=\"auto, (max-width: 560px) 100vw, 560px\" \/><\/a><\/p>\n<p><span style=\"color: #ff0000;\">Oblit\u00e9ration m\u00e9canique de type secap illustr\u00e9e, signal\u00e9e 1967<\/span><\/p>\n<p><a href=\"https:\/\/ambulantconvoyeurpar.com\/index.php\/2017\/11\/27\/les-obliterations-entrepots-du-departement-de-la-haute-savoie-74\/a6-22\/\" rel=\"attachment wp-att-15022\"><img loading=\"lazy\" decoding=\"async\" class=\"alignnone size-full wp-image-15022\" src=\"https:\/\/ambulantconvoyeurpar.com\/wp-content\/uploads\/2017\/11\/a6-1.jpg\" alt=\"\" width=\"686\" height=\"384\" srcset=\"https:\/\/ambulantconvoyeurpar.com\/wp-content\/uploads\/2017\/11\/a6-1.jpg 686w, https:\/\/ambulantconvoyeurpar.com\/wp-content\/uploads\/2017\/11\/a6-1-300x168.jpg 300w, https:\/\/ambulantconvoyeurpar.com\/wp-content\/uploads\/2017\/11\/a6-1-482x270.jpg 482w\" sizes=\"auto, (max-width: 686px) 100vw, 686px\" \/><\/a><\/p>\n<p><span style=\"color: #ff0000;\">Oblit\u00e9ration m\u00e9canique de type secap 5LO, cod\u00e9e, signal\u00e9e 1968\/74, vagues \u00e0 gauche et \u00e0 droite.<\/span><\/p>\n<p><a href=\"http:\/\/ambulantconvoyeurpar.com\/wp-content\/uploads\/2017\/09\/entrepot74-2.jpg\"><img loading=\"lazy\" decoding=\"async\" class=\"alignnone size-full wp-image-608\" src=\"http:\/\/ambulantconvoyeurpar.com\/wp-content\/uploads\/2017\/09\/entrepot74-2.jpg\" alt=\"\" width=\"993\" height=\"354\" srcset=\"https:\/\/ambulantconvoyeurpar.com\/wp-content\/uploads\/2017\/09\/entrepot74-2.jpg 993w, https:\/\/ambulantconvoyeurpar.com\/wp-content\/uploads\/2017\/09\/entrepot74-2-300x107.jpg 300w, https:\/\/ambulantconvoyeurpar.com\/wp-content\/uploads\/2017\/09\/entrepot74-2-768x274.jpg 768w, https:\/\/ambulantconvoyeurpar.com\/wp-content\/uploads\/2017\/09\/entrepot74-2-604x215.jpg 604w\" sizes=\"auto, (max-width: 993px) 100vw, 993px\" \/><\/a><\/p>\n<hr \/>\n<h3>Annemasse entrep\u00f4t: ouverture? Fermeture?<\/h3>\n<p><span style=\"color: #ff0000;\">Type A4,\u00a0<span style=\"color: #000000;\">signal\u00e9 1931\/45,\u00a0<span style=\"color: #ff0000;\">Hte Savoie<\/span><\/span><\/span><\/p>\n<p><a href=\"http:\/\/ambulantconvoyeurpar.com\/wp-content\/uploads\/2017\/09\/entrepot74-3.jpg\"><img loading=\"lazy\" decoding=\"async\" class=\"alignnone size-full wp-image-609\" src=\"http:\/\/ambulantconvoyeurpar.com\/wp-content\/uploads\/2017\/09\/entrepot74-3.jpg\" alt=\"\" width=\"906\" height=\"409\" srcset=\"https:\/\/ambulantconvoyeurpar.com\/wp-content\/uploads\/2017\/09\/entrepot74-3.jpg 906w, https:\/\/ambulantconvoyeurpar.com\/wp-content\/uploads\/2017\/09\/entrepot74-3-300x135.jpg 300w, https:\/\/ambulantconvoyeurpar.com\/wp-content\/uploads\/2017\/09\/entrepot74-3-768x347.jpg 768w, https:\/\/ambulantconvoyeurpar.com\/wp-content\/uploads\/2017\/09\/entrepot74-3-598x270.jpg 598w\" sizes=\"auto, (max-width: 906px) 100vw, 906px\" \/><\/a><\/p>\n<p><span style=\"color: #ff0000;\">Type A7,\u00a0<span style=\"color: #000000;\">signal\u00e9 1951\/55,\u00a0<span style=\"color: #ff0000;\">Haute Savoie<\/span><\/span><\/span><\/p>\n<p><a href=\"http:\/\/ambulantconvoyeurpar.com\/wp-content\/uploads\/2017\/09\/annemasse-entrepot-haute-savoie74.jpg\"><img loading=\"lazy\" decoding=\"async\" class=\"alignnone size-full wp-image-610\" src=\"http:\/\/ambulantconvoyeurpar.com\/wp-content\/uploads\/2017\/09\/annemasse-entrepot-haute-savoie74.jpg\" alt=\"\" width=\"402\" height=\"207\" srcset=\"https:\/\/ambulantconvoyeurpar.com\/wp-content\/uploads\/2017\/09\/annemasse-entrepot-haute-savoie74.jpg 402w, https:\/\/ambulantconvoyeurpar.com\/wp-content\/uploads\/2017\/09\/annemasse-entrepot-haute-savoie74-300x154.jpg 300w\" sizes=\"auto, (max-width: 402px) 100vw, 402px\" \/><\/a><\/p>\n<hr \/>\n<h3>Le Fayet entrep\u00f4t: ouverture? Fermeture?<\/h3>\n<p><span style=\"color: #ff0000;\">Type A7,\u00a0<span style=\"color: #000000;\">signal\u00e9 1954\/57<\/span><\/span><\/p>\n<p><a href=\"http:\/\/ambulantconvoyeurpar.com\/index.php\/2017\/11\/27\/les-obliterations-entrepots-du-departement-de-la-haute-savoie-74\/entrepot-74-le-fayet\/\" rel=\"attachment wp-att-6729\"><img loading=\"lazy\" decoding=\"async\" class=\"alignnone size-full wp-image-6729\" src=\"http:\/\/ambulantconvoyeurpar.com\/wp-content\/uploads\/2017\/11\/entrepot-74-le-fayet.jpg\" alt=\"\" width=\"875\" height=\"457\" srcset=\"https:\/\/ambulantconvoyeurpar.com\/wp-content\/uploads\/2017\/11\/entrepot-74-le-fayet.jpg 875w, https:\/\/ambulantconvoyeurpar.com\/wp-content\/uploads\/2017\/11\/entrepot-74-le-fayet-300x157.jpg 300w, https:\/\/ambulantconvoyeurpar.com\/wp-content\/uploads\/2017\/11\/entrepot-74-le-fayet-768x401.jpg 768w, https:\/\/ambulantconvoyeurpar.com\/wp-content\/uploads\/2017\/11\/entrepot-74-le-fayet-517x270.jpg 517w\" sizes=\"auto, (max-width: 875px) 100vw, 875px\" \/><\/a><\/p>\n<p><span style=\"color: #ff0000;\">Type A8?<\/span><\/p>\n<p><span style=\"color: #ff0000;\">Type A9,\u00a0<span style=\"color: #000000;\">signal\u00e9 1968\/1981<\/span><\/span><\/p>\n<p><a href=\"http:\/\/ambulantconvoyeurpar.com\/wp-content\/uploads\/2017\/09\/74-le-fayet-entrepot-haute-savoie-74.jpg\"><img loading=\"lazy\" decoding=\"async\" class=\"alignnone size-full wp-image-611\" src=\"http:\/\/ambulantconvoyeurpar.com\/wp-content\/uploads\/2017\/09\/74-le-fayet-entrepot-haute-savoie-74.jpg\" alt=\"\" width=\"237\" height=\"266\" \/><\/a><\/p>\n<hr \/>\n<h3>La Roche sur Foron entrep\u00f4t: ouverture? Fermeture?<\/h3>\n<p>Signal\u00e9 1953\/60, non rencontr\u00e9<\/p>\n","protected":false},"excerpt":{"rendered":"<p>Article modifi\u00e9 le 30\/09\/2024 Annecy entrep\u00f4t: ouverture: 1952. Fermeture? Type A7, signal\u00e9 de 1952 \u00e0 1963 Type A8,\u00a0signal\u00e9 1965\/67 Non rencontr\u00e9 Type A9, signal\u00e9 1969\/73 Non rencontr\u00e9 Oblit\u00e9ration m\u00e9canique de type secap 5LO, non cod\u00e9e, signal\u00e9e 1956\/66, vagues en W ou eu M Oblit\u00e9ration m\u00e9canique de type secap illustr\u00e9e, non cod\u00e9e, signal\u00e9e 1963\/64 Oblit\u00e9ration m\u00e9canique de type secap illustr\u00e9e, non cod\u00e9e, en activit\u00e9 du 08\/07 au 30\/09\/63 et en aout 64. Oblit\u00e9ration m\u00e9canique de type secap illustr\u00e9e, cod\u00e9e, en activit\u00e9&#8230;<\/p>\n<p class=\"read-more\"><a class=\"btn btn-default\" href=\"https:\/\/ambulantconvoyeurpar.com\/index.php\/2017\/11\/27\/les-obliterations-entrepots-du-departement-de-la-haute-savoie-74\/\">Lire la suite<span class=\"screen-reader-text\"> Lire la suite<\/span><\/a><\/p>\n","protected":false},"author":1,"featured_media":0,"comment_status":"open","ping_status":"open","sticky":false,"template":"","format":"standard","meta":{"jetpack_post_was_ever_published":false,"_jetpack_newsletter_access":"","_jetpack_dont_email_post_to_subs":false,"_jetpack_newsletter_tier_id":0,"_jetpack_memberships_contains_paywalled_content":false,"_jetpack_memberships_contains_paid_content":false,"footnotes":"","jetpack_publicize_message":"","jetpack_publicize_feature_enabled":true,"jetpack_social_post_already_shared":true,"jetpack_social_options":{"image_generator_settings":{"template":"highway","default_image_id":0,"font":"","enabled":false},"version":2}},"categories":[67,14],"tags":[],"class_list":["post-293","post","type-post","status-publish","format-standard","hentry","category-departements-61-a-75","category-entrepot"],"jetpack_publicize_connections":[],"jetpack_featured_media_url":"","jetpack_shortlink":"https:\/\/wp.me\/p91OMs-4J","jetpack-related-posts":[],"jetpack_sharing_enabled":true,"_links":{"self":[{"href":"https:\/\/ambulantconvoyeurpar.com\/index.php\/wp-json\/wp\/v2\/posts\/293","targetHints":{"allow":["GET"]}}],"collection":[{"href":"https:\/\/ambulantconvoyeurpar.com\/index.php\/wp-json\/wp\/v2\/posts"}],"about":[{"href":"https:\/\/ambulantconvoyeurpar.com\/index.php\/wp-json\/wp\/v2\/types\/post"}],"author":[{"embeddable":true,"href":"https:\/\/ambulantconvoyeurpar.com\/index.php\/wp-json\/wp\/v2\/users\/1"}],"replies":[{"embeddable":true,"href":"https:\/\/ambulantconvoyeurpar.com\/index.php\/wp-json\/wp\/v2\/comments?post=293"}],"version-history":[{"count":3,"href":"https:\/\/ambulantconvoyeurpar.com\/index.php\/wp-json\/wp\/v2\/posts\/293\/revisions"}],"predecessor-version":[{"id":23883,"href":"https:\/\/ambulantconvoyeurpar.com\/index.php\/wp-json\/wp\/v2\/posts\/293\/revisions\/23883"}],"wp:attachment":[{"href":"https:\/\/ambulantconvoyeurpar.com\/index.php\/wp-json\/wp\/v2\/media?parent=293"}],"wp:term":[{"taxonomy":"category","embeddable":true,"href":"https:\/\/ambulantconvoyeurpar.com\/index.php\/wp-json\/wp\/v2\/categories?post=293"},{"taxonomy":"post_tag","embeddable":true,"href":"https:\/\/ambulantconvoyeurpar.com\/index.php\/wp-json\/wp\/v2\/tags?post=293"}],"curies":[{"name":"wp","href":"https:\/\/api.w.org\/{rel}","templated":true}]}}