{"id":5945,"date":"2019-05-30T17:01:55","date_gmt":"2019-05-30T15:01:55","guid":{"rendered":"http:\/\/ambulantconvoyeurpar.com\/?p=5945"},"modified":"2024-05-27T10:51:22","modified_gmt":"2024-05-27T08:51:22","slug":"les-machines-a-obliterer-embarquees-a-bord-des-wagons-de-la-poste-ferroviaire","status":"publish","type":"post","link":"https:\/\/ambulantconvoyeurpar.com\/index.php\/2019\/05\/30\/les-machines-a-obliterer-embarquees-a-bord-des-wagons-de-la-poste-ferroviaire\/","title":{"rendered":"Les machines \u00e0 oblit\u00e9rer embarqu\u00e9es \u00e0 bord des wagons de la poste ferroviaire"},"content":{"rendered":"<p>Article modifi\u00e9 le 13\/10\/2023.<\/p>\n<h3>Machine type DAGUIN<\/h3>\n<p><strong>Lyon \u00e0 Marseille avion<\/strong><\/p>\n<p>1: Ambulant<\/p>\n<p><span style=\"color: #ff0000;\">Aller uniquement, vu 1936.<\/span><\/p>\n<figure id=\"attachment_6099\" aria-describedby=\"caption-attachment-6099\" style=\"width: 640px\" class=\"wp-caption alignnone\"><a href=\"http:\/\/ambulantconvoyeurpar.com\/?attachment_id=6099\" rel=\"attachment wp-att-6099\"><img loading=\"lazy\" decoding=\"async\" class=\"wp-image-6099 size-large\" src=\"http:\/\/ambulantconvoyeurpar.com\/wp-content\/uploads\/2019\/05\/a-6-1024x808.jpg\" alt=\"\" width=\"640\" height=\"505\" srcset=\"https:\/\/ambulantconvoyeurpar.com\/wp-content\/uploads\/2019\/05\/a-6-1024x808.jpg 1024w, https:\/\/ambulantconvoyeurpar.com\/wp-content\/uploads\/2019\/05\/a-6-300x237.jpg 300w, https:\/\/ambulantconvoyeurpar.com\/wp-content\/uploads\/2019\/05\/a-6-768x606.jpg 768w, https:\/\/ambulantconvoyeurpar.com\/wp-content\/uploads\/2019\/05\/a-6-342x270.jpg 342w, https:\/\/ambulantconvoyeurpar.com\/wp-content\/uploads\/2019\/05\/a-6.jpg 1723w\" sizes=\"auto, (max-width: 640px) 100vw, 640px\" \/><\/a><figcaption id=\"caption-attachment-6099\" class=\"wp-caption-text\">Lettre affranchie \u00e0 5F50, tarif du 01\/08\/1926. Lettre pour l&rsquo;\u00e9tranger 1er \u00e9chelon: 1F50 et taxe a\u00e9rienne de 4F par 5g.<\/figcaption><\/figure>\n<p>2: Convoyeur<\/p>\n<p><span style=\"color: #ff0000;\">Attention:<\/span><\/p>\n<p>Ce convoyeur est signal\u00e9 par la 42 et 44\u00e8me vente Marsanoux 2019\/2024 comme \u00e9tant un Daguin. Plusieurs questions se posent:<\/p>\n<p>Que faisait cette machine \u00e0 bord d&rsquo;un wagon pour une si petite ligne de convoyeur? Les machines \u00e0 oblit\u00e9rer sont affect\u00e9es au vu d&rsquo;un d\u00e9bit certain de courrier.<\/p>\n<p>Pas de trace de piston qui certifie l&rsquo;utilisation d&rsquo;une machine Daguin.<\/p>\n<p>Pas de signalement dans le Pothion.<\/p>\n<p>Donc, je laisse \u00e0 chacun le soin de tirer ses propres conclusions en attendant un jour l&rsquo;explication pour cet opni (objet postal non identifi\u00e9).<\/p>\n<p>Qu&rsquo;il me soit pardonn\u00e9 pour avoir reproduit ci-dessous la lettre et le texte sans l&rsquo;accord de la maison Marsanoux.<\/p>\n<p><strong>La Bastide \u00e0 Mend\u00e9<\/strong><\/p>\n<p><span style=\"color: #ff0000;\">Aller<\/span><\/p>\n<p><a href=\"https:\/\/ambulantconvoyeurpar.com\/index.php\/2019\/05\/30\/les-machines-a-obliterer-embarquees-a-bord-des-wagons-de-la-poste-ferroviaire\/attachment\/26263\/\" rel=\"attachment wp-att-23249\"><img loading=\"lazy\" decoding=\"async\" class=\"alignnone size-large wp-image-23249\" src=\"https:\/\/ambulantconvoyeurpar.com\/wp-content\/uploads\/2019\/05\/26263-1010x1024.jpg\" alt=\"\" width=\"640\" height=\"649\" srcset=\"https:\/\/ambulantconvoyeurpar.com\/wp-content\/uploads\/2019\/05\/26263-1010x1024.jpg 1010w, https:\/\/ambulantconvoyeurpar.com\/wp-content\/uploads\/2019\/05\/26263-296x300.jpg 296w, https:\/\/ambulantconvoyeurpar.com\/wp-content\/uploads\/2019\/05\/26263-768x779.jpg 768w, https:\/\/ambulantconvoyeurpar.com\/wp-content\/uploads\/2019\/05\/26263-266x270.jpg 266w, https:\/\/ambulantconvoyeurpar.com\/wp-content\/uploads\/2019\/05\/26263.jpg 1262w\" sizes=\"auto, (max-width: 640px) 100vw, 640px\" \/><\/a><\/p>\n<p><a href=\"http:\/\/ambulantconvoyeurpar.com\/?attachment_id=6045\" rel=\"attachment wp-att-6045\"><img loading=\"lazy\" decoding=\"async\" class=\"alignnone size-large wp-image-6045\" src=\"http:\/\/ambulantconvoyeurpar.com\/wp-content\/uploads\/2019\/05\/a-1-1024x831.jpg\" alt=\"\" width=\"640\" height=\"519\" srcset=\"https:\/\/ambulantconvoyeurpar.com\/wp-content\/uploads\/2019\/05\/a-1-1024x831.jpg 1024w, https:\/\/ambulantconvoyeurpar.com\/wp-content\/uploads\/2019\/05\/a-1-300x243.jpg 300w, https:\/\/ambulantconvoyeurpar.com\/wp-content\/uploads\/2019\/05\/a-1-768x623.jpg 768w, https:\/\/ambulantconvoyeurpar.com\/wp-content\/uploads\/2019\/05\/a-1-333x270.jpg 333w, https:\/\/ambulantconvoyeurpar.com\/wp-content\/uploads\/2019\/05\/a-1.jpg 1854w\" sizes=\"auto, (max-width: 640px) 100vw, 640px\" \/><\/a><br \/>\n15 Fr rouge Gandon sur env. obl. DAGUIN CONSTITUEE PAR DEUX c.\u00e0.d CONVOYEUR DE LIGNE DE CONFECTION DIFFERENTE &lsquo;LA BASTIDE A MENDE * 24\/6\/50&rsquo;. Les deux c.a.d sont r\u00e9ellement diff\u00e9rents. On remarque les diff\u00e9rences, par exemple avec l&rsquo;\u00e9toile en bas du cachet qui est diff\u00e9rente et \u00e0 la position des lettres par rapport aux ondulations du cachet. La premi\u00e8re lettre &lsquo;L&rsquo; de &lsquo;LA&rsquo; ne commence pas au m\u00eame endroit par rapport \u00e0 l&rsquo;ondulation. Il est tout \u00e0 fait exceptionnel de rencontrer une Machine Daguin \u00e0 bord d&rsquo;un train.<\/p>\n<p>Suivez ce lien pour une autre approche sur ce suppos\u00e9 Daguin.<\/p>\n<p><a href=\"http:\/\/collections.forumgratuit.org\/t18660-convoyeur-daguin#146217\">http:\/\/collections.forumgratuit.org\/t18660-convoyeur-daguin#146217<\/a><\/p>\n<p>Voici certainement la r\u00e9ponse: timbres magasine N\u00b0254 avril 2023.<\/p>\n<p><a href=\"https:\/\/ambulantconvoyeurpar.com\/index.php\/2019\/05\/30\/les-machines-a-obliterer-embarquees-a-bord-des-wagons-de-la-poste-ferroviaire\/a1-1309\/\" rel=\"attachment wp-att-19767\"><img loading=\"lazy\" decoding=\"async\" class=\"alignnone size-full wp-image-19767\" src=\"https:\/\/ambulantconvoyeurpar.com\/wp-content\/uploads\/2019\/05\/a1.jpg\" alt=\"\" width=\"464\" height=\"237\" srcset=\"https:\/\/ambulantconvoyeurpar.com\/wp-content\/uploads\/2019\/05\/a1.jpg 464w, https:\/\/ambulantconvoyeurpar.com\/wp-content\/uploads\/2019\/05\/a1-300x153.jpg 300w\" sizes=\"auto, (max-width: 464px) 100vw, 464px\" \/><\/a><\/p>\n<p><a href=\"https:\/\/ambulantconvoyeurpar.com\/index.php\/2019\/05\/30\/les-machines-a-obliterer-embarquees-a-bord-des-wagons-de-la-poste-ferroviaire\/a1-1310\/\" rel=\"attachment wp-att-19768\"><img loading=\"lazy\" decoding=\"async\" class=\"alignnone size-full wp-image-19768\" src=\"https:\/\/ambulantconvoyeurpar.com\/wp-content\/uploads\/2019\/05\/a1-1.jpg\" alt=\"\" width=\"464\" height=\"172\" srcset=\"https:\/\/ambulantconvoyeurpar.com\/wp-content\/uploads\/2019\/05\/a1-1.jpg 464w, https:\/\/ambulantconvoyeurpar.com\/wp-content\/uploads\/2019\/05\/a1-1-300x111.jpg 300w\" sizes=\"auto, (max-width: 464px) 100vw, 464px\" \/><\/a><\/p>\n<h3>Machine type SECAP<\/h3>\n<p>La masse de courrier \u00e0 oblit\u00e9rer \u00e9tant importante pour ces deux lignes, elles ont \u00e9t\u00e9 pourvues d&rsquo;une machine \u00e0 oblit\u00e9rer.<\/p>\n<p><strong>Le Croisic \u00e0 Nantes<\/strong><\/p>\n<p>1: Convoyeur. Le courrier ramass\u00e9 \u00e9tait oblit\u00e9r\u00e9 lors du transit \u00e0 Nantes<\/p>\n<p><span style=\"color: #ff0000;\">Uniquement \u00e0 l&rsquo;aller.<\/span><\/p>\n<p>Flamme muette \u00e0 droite ou \u00e0 gauche, vu 1960\/63<\/p>\n<p><a href=\"http:\/\/ambulantconvoyeurpar.com\/?attachment_id=5982\" rel=\"attachment wp-att-5982\"><img loading=\"lazy\" decoding=\"async\" class=\"alignnone size-large wp-image-5982\" src=\"http:\/\/ambulantconvoyeurpar.com\/wp-content\/uploads\/2019\/05\/ambulant-mecanique-1-1024x348.jpg\" alt=\"\" width=\"640\" height=\"218\" srcset=\"https:\/\/ambulantconvoyeurpar.com\/wp-content\/uploads\/2019\/05\/ambulant-mecanique-1-1024x348.jpg 1024w, https:\/\/ambulantconvoyeurpar.com\/wp-content\/uploads\/2019\/05\/ambulant-mecanique-1-300x102.jpg 300w, https:\/\/ambulantconvoyeurpar.com\/wp-content\/uploads\/2019\/05\/ambulant-mecanique-1-768x261.jpg 768w, https:\/\/ambulantconvoyeurpar.com\/wp-content\/uploads\/2019\/05\/ambulant-mecanique-1-604x205.jpg 604w, https:\/\/ambulantconvoyeurpar.com\/wp-content\/uploads\/2019\/05\/ambulant-mecanique-1.jpg 1085w\" sizes=\"auto, (max-width: 640px) 100vw, 640px\" \/><\/a><\/p>\n<p>Flamme illustr\u00e9e, vu 1962<\/p>\n<p><a href=\"http:\/\/ambulantconvoyeurpar.com\/?attachment_id=6093\" rel=\"attachment wp-att-6093\"><img loading=\"lazy\" decoding=\"async\" class=\"alignnone size-full wp-image-6093\" src=\"http:\/\/ambulantconvoyeurpar.com\/wp-content\/uploads\/2019\/05\/a-4.jpg\" alt=\"\" width=\"1084\" height=\"662\" srcset=\"https:\/\/ambulantconvoyeurpar.com\/wp-content\/uploads\/2019\/05\/a-4.jpg 1084w, https:\/\/ambulantconvoyeurpar.com\/wp-content\/uploads\/2019\/05\/a-4-300x183.jpg 300w, https:\/\/ambulantconvoyeurpar.com\/wp-content\/uploads\/2019\/05\/a-4-768x469.jpg 768w, https:\/\/ambulantconvoyeurpar.com\/wp-content\/uploads\/2019\/05\/a-4-1024x625.jpg 1024w, https:\/\/ambulantconvoyeurpar.com\/wp-content\/uploads\/2019\/05\/a-4-442x270.jpg 442w\" sizes=\"auto, (max-width: 1084px) 100vw, 1084px\" \/><\/a><\/p>\n<p>Flammes illustr\u00e9es, vu 1963<\/p>\n<p><a href=\"http:\/\/ambulantconvoyeurpar.com\/?attachment_id=6092\" rel=\"attachment wp-att-6092\"><img loading=\"lazy\" decoding=\"async\" class=\"alignnone size-full wp-image-6092\" src=\"http:\/\/ambulantconvoyeurpar.com\/wp-content\/uploads\/2019\/05\/a-3.jpg\" alt=\"\" width=\"1122\" height=\"486\" srcset=\"https:\/\/ambulantconvoyeurpar.com\/wp-content\/uploads\/2019\/05\/a-3.jpg 1122w, https:\/\/ambulantconvoyeurpar.com\/wp-content\/uploads\/2019\/05\/a-3-300x130.jpg 300w, https:\/\/ambulantconvoyeurpar.com\/wp-content\/uploads\/2019\/05\/a-3-768x333.jpg 768w, https:\/\/ambulantconvoyeurpar.com\/wp-content\/uploads\/2019\/05\/a-3-1024x444.jpg 1024w, https:\/\/ambulantconvoyeurpar.com\/wp-content\/uploads\/2019\/05\/a-3-604x262.jpg 604w\" sizes=\"auto, (max-width: 1122px) 100vw, 1122px\" \/><\/a><\/p>\n<figure id=\"attachment_6797\" aria-describedby=\"caption-attachment-6797\" style=\"width: 1559px\" class=\"wp-caption aligncenter\"><a href=\"http:\/\/ambulantconvoyeurpar.com\/index.php\/2019\/05\/30\/les-machines-a-obliterer-embarquees-a-bord-des-wagons-de-la-poste-ferroviaire\/a-527\/\" rel=\"attachment wp-att-6797\"><img loading=\"lazy\" decoding=\"async\" class=\"wp-image-6797 size-full\" src=\"https:\/\/ambulantconvoyeurpar.com\/wp-content\/uploads\/2019\/05\/a-11.jpg\" alt=\"\" width=\"1559\" height=\"539\" srcset=\"https:\/\/ambulantconvoyeurpar.com\/wp-content\/uploads\/2019\/05\/a-11.jpg 1559w, https:\/\/ambulantconvoyeurpar.com\/wp-content\/uploads\/2019\/05\/a-11-300x104.jpg 300w, https:\/\/ambulantconvoyeurpar.com\/wp-content\/uploads\/2019\/05\/a-11-768x266.jpg 768w, https:\/\/ambulantconvoyeurpar.com\/wp-content\/uploads\/2019\/05\/a-11-1024x354.jpg 1024w, https:\/\/ambulantconvoyeurpar.com\/wp-content\/uploads\/2019\/05\/a-11-604x209.jpg 604w\" sizes=\"auto, (max-width: 1559px) 100vw, 1559px\" \/><\/a><figcaption id=\"caption-attachment-6797\" class=\"wp-caption-text\">En activit\u00e9 du 16\/01 au 15\/04\/63, du 21 au 29\/08\/63,<\/figcaption><\/figure>\n<p><a href=\"http:\/\/ambulantconvoyeurpar.com\/?attachment_id=6005\" rel=\"attachment wp-att-6005\"><img loading=\"lazy\" decoding=\"async\" class=\"alignnone size-large wp-image-6005\" src=\"http:\/\/ambulantconvoyeurpar.com\/wp-content\/uploads\/2019\/05\/a-1024x520.jpg\" alt=\"\" width=\"640\" height=\"325\" srcset=\"https:\/\/ambulantconvoyeurpar.com\/wp-content\/uploads\/2019\/05\/a-1024x520.jpg 1024w, https:\/\/ambulantconvoyeurpar.com\/wp-content\/uploads\/2019\/05\/a-300x152.jpg 300w, https:\/\/ambulantconvoyeurpar.com\/wp-content\/uploads\/2019\/05\/a-768x390.jpg 768w, https:\/\/ambulantconvoyeurpar.com\/wp-content\/uploads\/2019\/05\/a-532x270.jpg 532w, https:\/\/ambulantconvoyeurpar.com\/wp-content\/uploads\/2019\/05\/a.jpg 1210w\" sizes=\"auto, (max-width: 640px) 100vw, 640px\" \/><\/a><\/p>\n<p><strong>Brian\u00e7on \u00e0 Lyon<\/strong><\/p>\n<p>2: Ambulant<\/p>\n<p><span style=\"color: #ff0000;\">Uniquement \u00e0 l&rsquo;aller, signal\u00e9 d&rsquo;octobre 1963 \u00e0 mai 1977, brigade A\/B\/C.<\/span><\/p>\n<p>La machine \u00e9tait transbord\u00e9e dans le wagon postal \u00e0 chaque brigade en instance de d\u00e9part, mais chaque brigade conservait sa propre couronne oblit\u00e9rante dans son service.<\/p>\n<p><a href=\"http:\/\/ambulantconvoyeurpar.com\/index.php\/2019\/05\/30\/les-machines-a-obliterer-embarquees-a-bord-des-wagons-de-la-poste-ferroviaire\/a-363\/\" rel=\"attachment wp-att-6379\"><img loading=\"lazy\" decoding=\"async\" class=\"alignnone size-full wp-image-6379\" src=\"http:\/\/ambulantconvoyeurpar.com\/wp-content\/uploads\/2019\/05\/a-8.jpg\" alt=\"\" width=\"1104\" height=\"409\" srcset=\"https:\/\/ambulantconvoyeurpar.com\/wp-content\/uploads\/2019\/05\/a-8.jpg 1104w, https:\/\/ambulantconvoyeurpar.com\/wp-content\/uploads\/2019\/05\/a-8-300x111.jpg 300w, https:\/\/ambulantconvoyeurpar.com\/wp-content\/uploads\/2019\/05\/a-8-768x285.jpg 768w, https:\/\/ambulantconvoyeurpar.com\/wp-content\/uploads\/2019\/05\/a-8-1024x379.jpg 1024w, https:\/\/ambulantconvoyeurpar.com\/wp-content\/uploads\/2019\/05\/a-8-604x224.jpg 604w\" sizes=\"auto, (max-width: 1104px) 100vw, 1104px\" \/><\/a><\/p>\n<p><a href=\"http:\/\/ambulantconvoyeurpar.com\/?attachment_id=6165\" rel=\"attachment wp-att-6165\"><img loading=\"lazy\" decoding=\"async\" class=\"alignnone size-full wp-image-6165\" src=\"http:\/\/ambulantconvoyeurpar.com\/wp-content\/uploads\/2019\/05\/a-9.jpg\" alt=\"\" width=\"782\" height=\"342\" srcset=\"https:\/\/ambulantconvoyeurpar.com\/wp-content\/uploads\/2019\/05\/a-9.jpg 782w, https:\/\/ambulantconvoyeurpar.com\/wp-content\/uploads\/2019\/05\/a-9-300x131.jpg 300w, https:\/\/ambulantconvoyeurpar.com\/wp-content\/uploads\/2019\/05\/a-9-768x336.jpg 768w, https:\/\/ambulantconvoyeurpar.com\/wp-content\/uploads\/2019\/05\/a-9-604x264.jpg 604w\" sizes=\"auto, (max-width: 782px) 100vw, 782px\" \/><\/a><\/p>\n<p><a href=\"https:\/\/ambulantconvoyeurpar.com\/index.php\/2019\/05\/30\/les-machines-a-obliterer-embarquees-a-bord-des-wagons-de-la-poste-ferroviaire\/a1-2031\/\" rel=\"attachment wp-att-21768\"><img loading=\"lazy\" decoding=\"async\" class=\"alignnone size-full wp-image-21768\" src=\"https:\/\/ambulantconvoyeurpar.com\/wp-content\/uploads\/2019\/05\/a1-2.jpg\" alt=\"\" width=\"792\" height=\"323\" srcset=\"https:\/\/ambulantconvoyeurpar.com\/wp-content\/uploads\/2019\/05\/a1-2.jpg 792w, https:\/\/ambulantconvoyeurpar.com\/wp-content\/uploads\/2019\/05\/a1-2-300x122.jpg 300w, https:\/\/ambulantconvoyeurpar.com\/wp-content\/uploads\/2019\/05\/a1-2-768x313.jpg 768w, https:\/\/ambulantconvoyeurpar.com\/wp-content\/uploads\/2019\/05\/a1-2-604x246.jpg 604w\" sizes=\"auto, (max-width: 792px) 100vw, 792px\" \/><\/a><\/p>\n<p>Biblio:<\/p>\n<p>Catalogue des bureaux ambulants 1845\/1965, la poste aux lettres, Jean Pothion, 1986.<\/p>\n<p>Les services ambulants et les convoyeurs fran\u00e7ais, p\u00e9riode 1966\/1995. Guy Raynal, Bernard Bougue. ascoflames , 2000.<\/p>\n","protected":false},"excerpt":{"rendered":"<p>Article modifi\u00e9 le 13\/10\/2023. Machine type DAGUIN Lyon \u00e0 Marseille avion 1: Ambulant Aller uniquement, vu 1936. 2: Convoyeur Attention: Ce convoyeur est signal\u00e9 par la 42 et 44\u00e8me vente Marsanoux 2019\/2024 comme \u00e9tant un Daguin. Plusieurs questions se posent: Que faisait cette machine \u00e0 bord d&rsquo;un wagon pour une si petite ligne de convoyeur? Les machines \u00e0 oblit\u00e9rer sont affect\u00e9es au vu d&rsquo;un d\u00e9bit certain de courrier. Pas de trace de piston qui certifie l&rsquo;utilisation d&rsquo;une machine Daguin. Pas&#8230;<\/p>\n<p class=\"read-more\"><a class=\"btn btn-default\" href=\"https:\/\/ambulantconvoyeurpar.com\/index.php\/2019\/05\/30\/les-machines-a-obliterer-embarquees-a-bord-des-wagons-de-la-poste-ferroviaire\/\">Lire la suite<span class=\"screen-reader-text\"> Lire la suite<\/span><\/a><\/p>\n","protected":false},"author":1,"featured_media":0,"comment_status":"open","ping_status":"open","sticky":false,"template":"","format":"standard","meta":{"jetpack_post_was_ever_published":false,"_jetpack_newsletter_access":"","_jetpack_dont_email_post_to_subs":false,"_jetpack_newsletter_tier_id":0,"_jetpack_memberships_contains_paywalled_content":false,"_jetpack_memberships_contains_paid_content":false,"footnotes":"","jetpack_publicize_message":"","jetpack_publicize_feature_enabled":true,"jetpack_social_post_already_shared":true,"jetpack_social_options":{"image_generator_settings":{"template":"highway","default_image_id":0,"font":"","enabled":false},"version":2}},"categories":[10,12],"tags":[],"class_list":["post-5945","post","type-post","status-publish","format-standard","hentry","category-ambulant","category-convoyeur-ligne"],"jetpack_publicize_connections":[],"jetpack_featured_media_url":"","jetpack_shortlink":"https:\/\/wp.me\/p91OMs-1xT","jetpack-related-posts":[],"jetpack_sharing_enabled":true,"_links":{"self":[{"href":"https:\/\/ambulantconvoyeurpar.com\/index.php\/wp-json\/wp\/v2\/posts\/5945","targetHints":{"allow":["GET"]}}],"collection":[{"href":"https:\/\/ambulantconvoyeurpar.com\/index.php\/wp-json\/wp\/v2\/posts"}],"about":[{"href":"https:\/\/ambulantconvoyeurpar.com\/index.php\/wp-json\/wp\/v2\/types\/post"}],"author":[{"embeddable":true,"href":"https:\/\/ambulantconvoyeurpar.com\/index.php\/wp-json\/wp\/v2\/users\/1"}],"replies":[{"embeddable":true,"href":"https:\/\/ambulantconvoyeurpar.com\/index.php\/wp-json\/wp\/v2\/comments?post=5945"}],"version-history":[{"count":3,"href":"https:\/\/ambulantconvoyeurpar.com\/index.php\/wp-json\/wp\/v2\/posts\/5945\/revisions"}],"predecessor-version":[{"id":23251,"href":"https:\/\/ambulantconvoyeurpar.com\/index.php\/wp-json\/wp\/v2\/posts\/5945\/revisions\/23251"}],"wp:attachment":[{"href":"https:\/\/ambulantconvoyeurpar.com\/index.php\/wp-json\/wp\/v2\/media?parent=5945"}],"wp:term":[{"taxonomy":"category","embeddable":true,"href":"https:\/\/ambulantconvoyeurpar.com\/index.php\/wp-json\/wp\/v2\/categories?post=5945"},{"taxonomy":"post_tag","embeddable":true,"href":"https:\/\/ambulantconvoyeurpar.com\/index.php\/wp-json\/wp\/v2\/tags?post=5945"}],"curies":[{"name":"wp","href":"https:\/\/api.w.org\/{rel}","templated":true}]}}