{"id":7960,"date":"2023-02-05T07:04:39","date_gmt":"2023-02-05T06:04:39","guid":{"rendered":"http:\/\/ambulantconvoyeurpar.com\/?p=7960"},"modified":"2023-02-05T07:04:39","modified_gmt":"2023-02-05T06:04:39","slug":"bureaux-gare-du-departement-12-aveyron","status":"publish","type":"post","link":"https:\/\/ambulantconvoyeurpar.com\/index.php\/2023\/02\/05\/bureaux-gare-du-departement-12-aveyron\/","title":{"rendered":"Bureaux-gare du d\u00e9partement 12 Aveyron"},"content":{"rendered":"<p>Plan:<\/p>\n<p>Capdenac gare. Naucelle gare.<\/p>\n<p><span style=\"color: #0000ff;\">Bureaux-gare de ce d\u00e9partement.<\/span><\/p>\n<p><strong>Capdenac gare. Naucelle gare.<\/strong><\/p>\n<p>Attention, pour ces deux villes, pas de bureau-gare mais simplement le nom de ces communes qui peuvent pr\u00eater \u00e0 confusion avec le mot gare accol\u00e9 \u00e0 ces villes. Capdenac gare deviendra un entrep\u00f4t postal entre 1966 et 1984.<\/p>\n<p><span style=\"color: #ff0000;\">Machine Secap<\/span><\/p>\n<p>1957&#8230;:<\/p>\n<p><img loading=\"lazy\" decoding=\"async\" class=\"alignnone size-full wp-image-10493\" src=\"http:\/\/ambulantconvoyeurpar.com\/wp-content\/uploads\/2020\/03\/a-326.jpg\" alt=\"\" width=\"681\" height=\"247\" srcset=\"https:\/\/ambulantconvoyeurpar.com\/wp-content\/uploads\/2020\/03\/a-326.jpg 681w, https:\/\/ambulantconvoyeurpar.com\/wp-content\/uploads\/2020\/03\/a-326-300x109.jpg 300w, https:\/\/ambulantconvoyeurpar.com\/wp-content\/uploads\/2020\/03\/a-326-604x219.jpg 604w\" sizes=\"auto, (max-width: 681px) 100vw, 681px\" \/><\/p>\n<p>1955&#8230;<\/p>\n<p><img loading=\"lazy\" decoding=\"async\" class=\"alignnone size-full wp-image-10494\" src=\"http:\/\/ambulantconvoyeurpar.com\/wp-content\/uploads\/2020\/07\/a-16.jpg\" alt=\"\" width=\"686\" height=\"278\" srcset=\"https:\/\/ambulantconvoyeurpar.com\/wp-content\/uploads\/2020\/07\/a-16.jpg 686w, https:\/\/ambulantconvoyeurpar.com\/wp-content\/uploads\/2020\/07\/a-16-300x122.jpg 300w, https:\/\/ambulantconvoyeurpar.com\/wp-content\/uploads\/2020\/07\/a-16-604x245.jpg 604w\" sizes=\"auto, (max-width: 686px) 100vw, 686px\" \/><\/p>\n<p><strong><span style=\"color: #0000ff;\">Bureaux-gare de ce d\u00e9partement mais sans machine \u00e0 oblit\u00e9rer:<\/span><\/strong><\/p>\n<p>Les bureaux-gare d\u00e9pendent du bureau principal de leur ville qui peut aller d&rsquo;une recette principale R.P. \u00e0 une recette distribution R.D.<\/p>\n<p>Bureau-gare de <span style=\"color: #0000ff;\">Millau,<\/span> vu jusque 1908. Le bureau-gare de Millau a utilis\u00e9 comme oblit\u00e9ration manuelle, le type 1884.<\/p>\n<p>Bureau-gare de <span style=\"color: #0000ff;\">S\u00e9verac le Ch\u00e2teau,&nbsp;<span style=\"color: #000000;\">vu jusque 1946. Le bureau-gare de S\u00e9verac le Ch. a utilis\u00e9 comme oblit\u00e9ration manuelle, le type 1884, une oblit\u00e9ration hexagonale vue dans les ann\u00e9es 1930 et le type 1904. Devient un entrep\u00f4t vers 1954 jusque 1972, date de sa fermeture.<\/span><\/span><\/p>\n<p>Bureau-gare de <span style=\"color: #0000ff;\">Tournemire,<\/span> signal\u00e9 jusque 1942. Le bureau-gare de Tournemire a utilis\u00e9 comme oblit\u00e9ration manuelle, le type 1904.<\/p>\n<blockquote class=\"wp-embedded-content\" data-secret=\"dAwYS1MJll\"><p><a href=\"https:\/\/ambulantconvoyeurpar.com\/index.php\/2017\/11\/27\/les-obliterations-entrepots-du-departement-de-laveyron-12\/\">les oblit\u00e9rations entrep\u00f4ts du d\u00e9partement de l&rsquo;Aveyron 12<\/a><\/p><\/blockquote>\n<p><iframe loading=\"lazy\" class=\"wp-embedded-content\" sandbox=\"allow-scripts\" security=\"restricted\" style=\"position: absolute; clip: rect(1px, 1px, 1px, 1px);\" title=\"\u00ab\u00a0les oblit\u00e9rations entrep\u00f4ts du d\u00e9partement de l&rsquo;Aveyron 12\u00a0\u00bb &#8212; Ambulant\/Convoyeur\/PAR\" src=\"https:\/\/ambulantconvoyeurpar.com\/index.php\/2017\/11\/27\/les-obliterations-entrepots-du-departement-de-laveyron-12\/embed\/#?secret=kDoRrdj1TY#?secret=dAwYS1MJll\" data-secret=\"dAwYS1MJll\" width=\"600\" height=\"338\" frameborder=\"0\" marginwidth=\"0\" marginheight=\"0\" scrolling=\"no\"><\/iframe><\/p>\n<p>.<\/p>\n","protected":false},"excerpt":{"rendered":"<p>Plan: Capdenac gare. Naucelle gare. Bureaux-gare de ce d\u00e9partement. Capdenac gare. Naucelle gare. Attention, pour ces deux villes, pas de bureau-gare mais simplement le nom de ces communes qui peuvent pr\u00eater \u00e0 confusion avec le mot gare accol\u00e9 \u00e0 ces villes. Capdenac gare deviendra un entrep\u00f4t postal entre 1966 et 1984. Machine Secap 1957&#8230;: 1955&#8230; Bureaux-gare de ce d\u00e9partement mais sans machine \u00e0 oblit\u00e9rer: Les bureaux-gare d\u00e9pendent du bureau principal de leur ville qui peut aller d&rsquo;une recette principale R.P&#8230;.<\/p>\n<p class=\"read-more\"><a class=\"btn btn-default\" href=\"https:\/\/ambulantconvoyeurpar.com\/index.php\/2023\/02\/05\/bureaux-gare-du-departement-12-aveyron\/\">Lire la suite<span class=\"screen-reader-text\"> Lire la suite<\/span><\/a><\/p>\n","protected":false},"author":1,"featured_media":0,"comment_status":"open","ping_status":"open","sticky":false,"template":"","format":"standard","meta":{"jetpack_post_was_ever_published":false,"_jetpack_newsletter_access":"","_jetpack_dont_email_post_to_subs":false,"_jetpack_newsletter_tier_id":0,"_jetpack_memberships_contains_paywalled_content":false,"_jetpack_memberships_contains_paid_content":false,"footnotes":"","jetpack_publicize_message":"","jetpack_publicize_feature_enabled":true,"jetpack_social_post_already_shared":true,"jetpack_social_options":{"image_generator_settings":{"template":"highway","default_image_id":0,"font":"","enabled":false},"version":2}},"categories":[77,36,57],"tags":[],"class_list":["post-7960","post","type-post","status-publish","format-standard","hentry","category-bureaux-gares-en-france","category-departements-1-a-15","category-gares"],"jetpack_publicize_connections":[],"jetpack_featured_media_url":"","jetpack_shortlink":"https:\/\/wp.me\/p91OMs-24o","jetpack-related-posts":[],"jetpack_sharing_enabled":true,"_links":{"self":[{"href":"https:\/\/ambulantconvoyeurpar.com\/index.php\/wp-json\/wp\/v2\/posts\/7960","targetHints":{"allow":["GET"]}}],"collection":[{"href":"https:\/\/ambulantconvoyeurpar.com\/index.php\/wp-json\/wp\/v2\/posts"}],"about":[{"href":"https:\/\/ambulantconvoyeurpar.com\/index.php\/wp-json\/wp\/v2\/types\/post"}],"author":[{"embeddable":true,"href":"https:\/\/ambulantconvoyeurpar.com\/index.php\/wp-json\/wp\/v2\/users\/1"}],"replies":[{"embeddable":true,"href":"https:\/\/ambulantconvoyeurpar.com\/index.php\/wp-json\/wp\/v2\/comments?post=7960"}],"version-history":[{"count":3,"href":"https:\/\/ambulantconvoyeurpar.com\/index.php\/wp-json\/wp\/v2\/posts\/7960\/revisions"}],"predecessor-version":[{"id":19091,"href":"https:\/\/ambulantconvoyeurpar.com\/index.php\/wp-json\/wp\/v2\/posts\/7960\/revisions\/19091"}],"wp:attachment":[{"href":"https:\/\/ambulantconvoyeurpar.com\/index.php\/wp-json\/wp\/v2\/media?parent=7960"}],"wp:term":[{"taxonomy":"category","embeddable":true,"href":"https:\/\/ambulantconvoyeurpar.com\/index.php\/wp-json\/wp\/v2\/categories?post=7960"},{"taxonomy":"post_tag","embeddable":true,"href":"https:\/\/ambulantconvoyeurpar.com\/index.php\/wp-json\/wp\/v2\/tags?post=7960"}],"curies":[{"name":"wp","href":"https:\/\/api.w.org\/{rel}","templated":true}]}}