{"id":8026,"date":"2023-08-12T15:57:14","date_gmt":"2023-08-12T13:57:14","guid":{"rendered":"http:\/\/ambulantconvoyeurpar.com\/?p=8026"},"modified":"2025-10-23T16:23:58","modified_gmt":"2025-10-23T14:23:58","slug":"bureaux-gare-du-departement-45-loiret","status":"publish","type":"post","link":"https:\/\/ambulantconvoyeurpar.com\/index.php\/2023\/08\/12\/bureaux-gare-du-departement-45-loiret\/","title":{"rendered":"Bureaux-gare du d\u00e9partement 45 Loiret"},"content":{"rendered":"<p>Article modifi\u00e9 le 14\/04\/2025.<\/p>\n<p>Ce Bureau-gare est d\u00e9j\u00e0 actif en 1877. Il cesse son activit\u00e9 le 01\/10\/1985. Fusion du bureau-gare avec le CTA centre de tri automatique de Fleury pour devenir au 01\/11\/2010 la PIC (Plateforme Industrielle du Courrier) du Loiret Val de Loire.\u00a0<\/p>\n<p>Les bureaux-gare d\u00e9pendent du bureau principal de leur ville qui peut aller d\u2019une recette principale R.P. \u00e0 une recette distribution R.D. Ce bureau utilise des oblit\u00e9rations manuelles et des machines \u00e0 oblit\u00e9rer. Le bureau-gare d&rsquo;Orl\u00e9ans a utilis\u00e9 comme oblit\u00e9ration manuelle, 4 types:\u00a0 type 17, 18, 1884, 1904.<\/p>\n<p>Plan:<\/p>\n<p><span style=\"color: #0000ff;\">Orl\u00e9ans gare.<\/span><\/p>\n<p><span style=\"color: #0000ff;\">Autres bureaux-gare de ce d\u00e9partement mais sans machine \u00e0 oblit\u00e9rer.<\/span><\/p>\n<p><span style=\"color: #0000ff;\"><strong>Orl\u00e9ans gare:<\/strong><\/span><\/p>\n<p><span style=\"color: #ff0000;\">Machine Chambon<\/span><\/p>\n<p style=\"text-align: center;\"><strong>1911\/21: 7 lignes en pointill\u00e9s.<\/strong><\/p>\n<figure id=\"attachment_13298\" aria-describedby=\"caption-attachment-13298\" style=\"width: 1140px\" class=\"wp-caption aligncenter\"><a href=\"https:\/\/ambulantconvoyeurpar.com\/?attachment_id=13298\" rel=\"attachment wp-att-13298\"><img loading=\"lazy\" decoding=\"async\" class=\"wp-image-13298 size-full\" src=\"https:\/\/ambulantconvoyeurpar.com\/wp-content\/uploads\/2021\/04\/a3.jpg\" alt=\"\" width=\"1140\" height=\"343\" srcset=\"https:\/\/ambulantconvoyeurpar.com\/wp-content\/uploads\/2021\/04\/a3.jpg 1140w, https:\/\/ambulantconvoyeurpar.com\/wp-content\/uploads\/2021\/04\/a3-300x90.jpg 300w, https:\/\/ambulantconvoyeurpar.com\/wp-content\/uploads\/2021\/04\/a3-1024x308.jpg 1024w, https:\/\/ambulantconvoyeurpar.com\/wp-content\/uploads\/2021\/04\/a3-768x231.jpg 768w, https:\/\/ambulantconvoyeurpar.com\/wp-content\/uploads\/2021\/04\/a3-604x182.jpg 604w\" sizes=\"auto, (max-width: 1140px) 100vw, 1140px\" \/><\/a><figcaption id=\"caption-attachment-13298\" class=\"wp-caption-text\">Ici au dos de l&rsquo;enveloppe, en arriv\u00e9e.<\/figcaption><\/figure>\n<p><span style=\"color: #ff0000;\">Machine Daguin<\/span><\/p>\n<p>Signal\u00e9 d\u00e8s 1901 en empreinte jumel\u00e9e ou solo, timbres magazine N\u00b0 251 janvier 2023.<\/p>\n<p style=\"text-align: center;\"><strong>1924: 3\u00e8me foire\/exposition\/d&rsquo;Orl\u00e9ans\/6-15 juin.<\/strong><\/p>\n<p><a href=\"https:\/\/ambulantconvoyeurpar.com\/?attachment_id=14578\" rel=\"attachment wp-att-14578\"><img loading=\"lazy\" decoding=\"async\" class=\"size-full wp-image-14578 aligncenter\" src=\"https:\/\/ambulantconvoyeurpar.com\/wp-content\/uploads\/2021\/09\/a2-15.jpg\" alt=\"\" width=\"464\" height=\"298\" srcset=\"https:\/\/ambulantconvoyeurpar.com\/wp-content\/uploads\/2021\/09\/a2-15.jpg 464w, https:\/\/ambulantconvoyeurpar.com\/wp-content\/uploads\/2021\/09\/a2-15-300x193.jpg 300w, https:\/\/ambulantconvoyeurpar.com\/wp-content\/uploads\/2021\/09\/a2-15-420x270.jpg 420w\" sizes=\"auto, (max-width: 464px) 100vw, 464px\" \/><\/a><\/p>\n<p><span style=\"color: #ff0000;\">Machine Krag<\/span><\/p>\n<p style=\"text-align: center;\"><strong>1925\/44: 5 lignes ondul\u00e9es.<\/strong><\/p>\n<p><img loading=\"lazy\" decoding=\"async\" class=\"size-large wp-image-9005 aligncenter\" src=\"http:\/\/ambulantconvoyeurpar.com\/wp-content\/uploads\/2020\/03\/a-303-1024x284.jpg\" alt=\"\" width=\"640\" height=\"178\" srcset=\"https:\/\/ambulantconvoyeurpar.com\/wp-content\/uploads\/2020\/03\/a-303-1024x284.jpg 1024w, https:\/\/ambulantconvoyeurpar.com\/wp-content\/uploads\/2020\/03\/a-303-300x83.jpg 300w, https:\/\/ambulantconvoyeurpar.com\/wp-content\/uploads\/2020\/03\/a-303-768x213.jpg 768w, https:\/\/ambulantconvoyeurpar.com\/wp-content\/uploads\/2020\/03\/a-303-604x168.jpg 604w, https:\/\/ambulantconvoyeurpar.com\/wp-content\/uploads\/2020\/03\/a-303.jpg 1145w\" sizes=\"auto, (max-width: 640px) 100vw, 640px\" \/><\/p>\n<p style=\"text-align: center;\"><strong>1925: Orl\u00e9ans\/4\u00e8me foire-exposition\/5-14 juin 1925.<\/strong><\/p>\n<p><img loading=\"lazy\" decoding=\"async\" class=\"size-large wp-image-10046 aligncenter\" src=\"http:\/\/ambulantconvoyeurpar.com\/wp-content\/uploads\/2020\/06\/a-171-1024x252.jpg\" alt=\"\" width=\"640\" height=\"158\" srcset=\"https:\/\/ambulantconvoyeurpar.com\/wp-content\/uploads\/2020\/06\/a-171-1024x252.jpg 1024w, https:\/\/ambulantconvoyeurpar.com\/wp-content\/uploads\/2020\/06\/a-171-300x74.jpg 300w, https:\/\/ambulantconvoyeurpar.com\/wp-content\/uploads\/2020\/06\/a-171-768x189.jpg 768w, https:\/\/ambulantconvoyeurpar.com\/wp-content\/uploads\/2020\/06\/a-171-604x149.jpg 604w, https:\/\/ambulantconvoyeurpar.com\/wp-content\/uploads\/2020\/06\/a-171.jpg 1170w\" sizes=\"auto, (max-width: 640px) 100vw, 640px\" \/><\/p>\n<p style=\"text-align: center;\"><strong>1926: Orl\u00e9ans\/5\u00e8me foire-exposition\/4-13 juin 1926.<\/strong><\/p>\n<p><a href=\"https:\/\/ambulantconvoyeurpar.com\/?attachment_id=13389\" rel=\"attachment wp-att-13389\"><img loading=\"lazy\" decoding=\"async\" class=\"size-large wp-image-13389 aligncenter\" src=\"https:\/\/ambulantconvoyeurpar.com\/wp-content\/uploads\/2021\/04\/a3-46-1024x254.jpg\" alt=\"\" width=\"640\" height=\"159\" srcset=\"https:\/\/ambulantconvoyeurpar.com\/wp-content\/uploads\/2021\/04\/a3-46-1024x254.jpg 1024w, https:\/\/ambulantconvoyeurpar.com\/wp-content\/uploads\/2021\/04\/a3-46-300x74.jpg 300w, https:\/\/ambulantconvoyeurpar.com\/wp-content\/uploads\/2021\/04\/a3-46-768x191.jpg 768w, https:\/\/ambulantconvoyeurpar.com\/wp-content\/uploads\/2021\/04\/a3-46-604x150.jpg 604w, https:\/\/ambulantconvoyeurpar.com\/wp-content\/uploads\/2021\/04\/a3-46.jpg 1100w\" sizes=\"auto, (max-width: 640px) 100vw, 640px\" \/><\/a><\/p>\n<p style=\"text-align: center;\"><strong>1925\/52: pour Paris\/mettre le num\u00e9ro\/de l&rsquo;arrondissement.<\/strong><\/p>\n<p><a href=\"https:\/\/ambulantconvoyeurpar.com\/?attachment_id=13388\" rel=\"attachment wp-att-13388\"><img loading=\"lazy\" decoding=\"async\" class=\"size-large wp-image-13388 aligncenter\" src=\"https:\/\/ambulantconvoyeurpar.com\/wp-content\/uploads\/2021\/04\/a3-45-1024x253.jpg\" alt=\"\" width=\"640\" height=\"158\" srcset=\"https:\/\/ambulantconvoyeurpar.com\/wp-content\/uploads\/2021\/04\/a3-45-1024x253.jpg 1024w, https:\/\/ambulantconvoyeurpar.com\/wp-content\/uploads\/2021\/04\/a3-45-300x74.jpg 300w, https:\/\/ambulantconvoyeurpar.com\/wp-content\/uploads\/2021\/04\/a3-45-768x190.jpg 768w, https:\/\/ambulantconvoyeurpar.com\/wp-content\/uploads\/2021\/04\/a3-45-604x149.jpg 604w, https:\/\/ambulantconvoyeurpar.com\/wp-content\/uploads\/2021\/04\/a3-45.jpg 1165w\" sizes=\"auto, (max-width: 640px) 100vw, 640px\" \/><\/a><\/p>\n<p style=\"text-align: center;\"><strong>1926\/28: vinaigre\/d&rsquo;Orl\u00e9ans\/renomm\u00e9e\/universelle.<\/strong><\/p>\n<p><img loading=\"lazy\" decoding=\"async\" class=\"size-large wp-image-10044 aligncenter\" src=\"http:\/\/ambulantconvoyeurpar.com\/wp-content\/uploads\/2020\/06\/a-169-1024x262.jpg\" alt=\"\" width=\"640\" height=\"164\" srcset=\"https:\/\/ambulantconvoyeurpar.com\/wp-content\/uploads\/2020\/06\/a-169-1024x262.jpg 1024w, https:\/\/ambulantconvoyeurpar.com\/wp-content\/uploads\/2020\/06\/a-169-300x77.jpg 300w, https:\/\/ambulantconvoyeurpar.com\/wp-content\/uploads\/2020\/06\/a-169-768x196.jpg 768w, https:\/\/ambulantconvoyeurpar.com\/wp-content\/uploads\/2020\/06\/a-169-604x154.jpg 604w, https:\/\/ambulantconvoyeurpar.com\/wp-content\/uploads\/2020\/06\/a-169.jpg 1165w\" sizes=\"auto, (max-width: 640px) 100vw, 640px\" \/><\/p>\n<p style=\"text-align: center;\"><strong>1927: Orl\u00e9ans\/foire exposition\/10 au 19 juin 1927.<\/strong><\/p>\n<p><img loading=\"lazy\" decoding=\"async\" class=\"size-large wp-image-10048 aligncenter\" src=\"http:\/\/ambulantconvoyeurpar.com\/wp-content\/uploads\/2020\/06\/a-173-1024x266.jpg\" alt=\"\" width=\"640\" height=\"166\" srcset=\"https:\/\/ambulantconvoyeurpar.com\/wp-content\/uploads\/2020\/06\/a-173-1024x266.jpg 1024w, https:\/\/ambulantconvoyeurpar.com\/wp-content\/uploads\/2020\/06\/a-173-300x78.jpg 300w, https:\/\/ambulantconvoyeurpar.com\/wp-content\/uploads\/2020\/06\/a-173-768x199.jpg 768w, https:\/\/ambulantconvoyeurpar.com\/wp-content\/uploads\/2020\/06\/a-173-604x157.jpg 604w, https:\/\/ambulantconvoyeurpar.com\/wp-content\/uploads\/2020\/06\/a-173.jpg 1090w\" sizes=\"auto, (max-width: 640px) 100vw, 640px\" \/><\/p>\n<p style=\"text-align: center;\"><strong>1928: Orl\u00e9ans\/foire-exposition\/1er au 10 juin 1928.<\/strong><\/p>\n<p><img loading=\"lazy\" decoding=\"async\" class=\"size-large wp-image-10047 aligncenter\" src=\"http:\/\/ambulantconvoyeurpar.com\/wp-content\/uploads\/2020\/06\/a-172-1024x238.jpg\" alt=\"\" width=\"640\" height=\"149\" srcset=\"https:\/\/ambulantconvoyeurpar.com\/wp-content\/uploads\/2020\/06\/a-172-1024x238.jpg 1024w, https:\/\/ambulantconvoyeurpar.com\/wp-content\/uploads\/2020\/06\/a-172-300x70.jpg 300w, https:\/\/ambulantconvoyeurpar.com\/wp-content\/uploads\/2020\/06\/a-172-768x178.jpg 768w, https:\/\/ambulantconvoyeurpar.com\/wp-content\/uploads\/2020\/06\/a-172-604x140.jpg 604w, https:\/\/ambulantconvoyeurpar.com\/wp-content\/uploads\/2020\/06\/a-172.jpg 1175w\" sizes=\"auto, (max-width: 640px) 100vw, 640px\" \/><\/p>\n<p style=\"text-align: center;\"><strong>1929: 500\u00e8me anniversaire\/de la d\u00e9livrance\/5-20 mai 1929.<\/strong><\/p>\n<figure id=\"attachment_12529\" aria-describedby=\"caption-attachment-12529\" style=\"width: 1135px\" class=\"wp-caption aligncenter\"><a href=\"http:\/\/ambulantconvoyeurpar.com\/?attachment_id=12529\" rel=\"attachment wp-att-12529\"><img loading=\"lazy\" decoding=\"async\" class=\"wp-image-12529 size-full\" src=\"https:\/\/ambulantconvoyeurpar.com\/wp-content\/uploads\/2021\/01\/a-153.jpg\" alt=\"\" width=\"1135\" height=\"313\" srcset=\"https:\/\/ambulantconvoyeurpar.com\/wp-content\/uploads\/2021\/01\/a-153.jpg 1135w, https:\/\/ambulantconvoyeurpar.com\/wp-content\/uploads\/2021\/01\/a-153-300x83.jpg 300w, https:\/\/ambulantconvoyeurpar.com\/wp-content\/uploads\/2021\/01\/a-153-1024x282.jpg 1024w, https:\/\/ambulantconvoyeurpar.com\/wp-content\/uploads\/2021\/01\/a-153-768x212.jpg 768w, https:\/\/ambulantconvoyeurpar.com\/wp-content\/uploads\/2021\/01\/a-153-604x167.jpg 604w\" sizes=\"auto, (max-width: 1135px) 100vw, 1135px\" \/><\/a><figcaption id=\"caption-attachment-12529\" class=\"wp-caption-text\">Emise de mars \u00e0 juin.<\/figcaption><\/figure>\n<p><img decoding=\"async\" class=\"aligncenter\" src=\"http:\/\/ambulantconvoyeurpar.com\/wp-content\/uploads\/2021\/01\/a-154.jpg\" alt=\"L\u2019attribut alt de cette image est vide, son nom de fichier est a-154.jpg.\" \/><\/p>\n<p style=\"text-align: center;\"><strong>1930: Orl\u00e9ans\/foire-exposition\/5-13 avril 1930.<\/strong><\/p>\n<p><a href=\"https:\/\/ambulantconvoyeurpar.com\/?attachment_id=16803\" rel=\"attachment wp-att-16803\"><img loading=\"lazy\" decoding=\"async\" class=\"size-full wp-image-16803 aligncenter\" src=\"https:\/\/ambulantconvoyeurpar.com\/wp-content\/uploads\/2021\/11\/a1.jpg\" alt=\"\" width=\"1170\" height=\"303\" srcset=\"https:\/\/ambulantconvoyeurpar.com\/wp-content\/uploads\/2021\/11\/a1.jpg 1170w, https:\/\/ambulantconvoyeurpar.com\/wp-content\/uploads\/2021\/11\/a1-300x78.jpg 300w, https:\/\/ambulantconvoyeurpar.com\/wp-content\/uploads\/2021\/11\/a1-1024x265.jpg 1024w, https:\/\/ambulantconvoyeurpar.com\/wp-content\/uploads\/2021\/11\/a1-768x199.jpg 768w, https:\/\/ambulantconvoyeurpar.com\/wp-content\/uploads\/2021\/11\/a1-604x156.jpg 604w\" sizes=\"auto, (max-width: 1170px) 100vw, 1170px\" \/><\/a><\/p>\n<p style=\"text-align: center;\"><strong>1931: exposition coloniale\/internationale\/Paris 1931.<\/strong><\/p>\n<p><a href=\"https:\/\/ambulantconvoyeurpar.com\/?attachment_id=13387\" rel=\"attachment wp-att-13387\"><img loading=\"lazy\" decoding=\"async\" class=\"size-large wp-image-13387 aligncenter\" src=\"https:\/\/ambulantconvoyeurpar.com\/wp-content\/uploads\/2021\/04\/a3-44-1024x256.jpg\" alt=\"\" width=\"640\" height=\"160\" srcset=\"https:\/\/ambulantconvoyeurpar.com\/wp-content\/uploads\/2021\/04\/a3-44-1024x256.jpg 1024w, https:\/\/ambulantconvoyeurpar.com\/wp-content\/uploads\/2021\/04\/a3-44-300x75.jpg 300w, https:\/\/ambulantconvoyeurpar.com\/wp-content\/uploads\/2021\/04\/a3-44-768x192.jpg 768w, https:\/\/ambulantconvoyeurpar.com\/wp-content\/uploads\/2021\/04\/a3-44-604x151.jpg 604w, https:\/\/ambulantconvoyeurpar.com\/wp-content\/uploads\/2021\/04\/a3-44.jpg 1130w\" sizes=\"auto, (max-width: 640px) 100vw, 640px\" \/><\/a><\/p>\n<p style=\"text-align: center;\"><strong>1932\/35: Fumez des\/cigarettes\/gitanes.<\/strong><\/p>\n<p><img loading=\"lazy\" decoding=\"async\" class=\"size-large wp-image-10045 aligncenter\" src=\"http:\/\/ambulantconvoyeurpar.com\/wp-content\/uploads\/2020\/06\/a-170-1024x242.jpg\" alt=\"\" width=\"640\" height=\"151\" srcset=\"https:\/\/ambulantconvoyeurpar.com\/wp-content\/uploads\/2020\/06\/a-170-1024x242.jpg 1024w, https:\/\/ambulantconvoyeurpar.com\/wp-content\/uploads\/2020\/06\/a-170-300x71.jpg 300w, https:\/\/ambulantconvoyeurpar.com\/wp-content\/uploads\/2020\/06\/a-170-768x182.jpg 768w, https:\/\/ambulantconvoyeurpar.com\/wp-content\/uploads\/2020\/06\/a-170-604x143.jpg 604w, https:\/\/ambulantconvoyeurpar.com\/wp-content\/uploads\/2020\/06\/a-170.jpg 1155w\" sizes=\"auto, (max-width: 640px) 100vw, 640px\" \/><\/p>\n<p style=\"text-align: center;\"><strong>1939\/40: souscrivez\/aux bons\/d&rsquo;armement.<\/strong><\/p>\n<p><a href=\"https:\/\/ambulantconvoyeurpar.com\/?attachment_id=20497\" rel=\"attachment wp-att-20497\"><img loading=\"lazy\" decoding=\"async\" class=\"size-full wp-image-20497 aligncenter\" src=\"https:\/\/ambulantconvoyeurpar.com\/wp-content\/uploads\/2023\/05\/a1-81.jpg\" alt=\"\" width=\"1125\" height=\"227\" srcset=\"https:\/\/ambulantconvoyeurpar.com\/wp-content\/uploads\/2023\/05\/a1-81.jpg 1125w, https:\/\/ambulantconvoyeurpar.com\/wp-content\/uploads\/2023\/05\/a1-81-300x61.jpg 300w, https:\/\/ambulantconvoyeurpar.com\/wp-content\/uploads\/2023\/05\/a1-81-1024x207.jpg 1024w, https:\/\/ambulantconvoyeurpar.com\/wp-content\/uploads\/2023\/05\/a1-81-768x155.jpg 768w, https:\/\/ambulantconvoyeurpar.com\/wp-content\/uploads\/2023\/05\/a1-81-604x122.jpg 604w\" sizes=\"auto, (max-width: 1125px) 100vw, 1125px\" \/><\/a><\/p>\n<p><span style=\"color: #ff0000;\">Machine Frankers-Secap<\/span><\/p>\n<p style=\"text-align: center;\"><strong>1943\/50: 5 lignes ondul\u00e9es.<\/strong><\/p>\n<p><img loading=\"lazy\" decoding=\"async\" class=\"size-full wp-image-10067 aligncenter\" src=\"http:\/\/ambulantconvoyeurpar.com\/wp-content\/uploads\/2020\/06\/a-190.jpg\" alt=\"\" width=\"666\" height=\"268\" srcset=\"https:\/\/ambulantconvoyeurpar.com\/wp-content\/uploads\/2020\/06\/a-190.jpg 666w, https:\/\/ambulantconvoyeurpar.com\/wp-content\/uploads\/2020\/06\/a-190-300x121.jpg 300w, https:\/\/ambulantconvoyeurpar.com\/wp-content\/uploads\/2020\/06\/a-190-604x243.jpg 604w\" sizes=\"auto, (max-width: 666px) 100vw, 666px\" \/><\/p>\n<p><span style=\"color: #ff0000;\">Machine Secap<\/span><\/p>\n<p style=\"text-align: center;\"><strong>1951\/85: 5 lignes ondul\u00e9es.<\/strong><\/p>\n<p><a href=\"https:\/\/ambulantconvoyeurpar.com\/index.php\/2023\/08\/12\/bureaux-gare-du-departement-45-loiret\/a1-2687\/\" rel=\"attachment wp-att-24070\"><img loading=\"lazy\" decoding=\"async\" class=\"size-full wp-image-24070 aligncenter\" src=\"https:\/\/ambulantconvoyeurpar.com\/wp-content\/uploads\/2023\/08\/a1-180.jpg\" alt=\"\" width=\"716\" height=\"348\" srcset=\"https:\/\/ambulantconvoyeurpar.com\/wp-content\/uploads\/2023\/08\/a1-180.jpg 716w, https:\/\/ambulantconvoyeurpar.com\/wp-content\/uploads\/2023\/08\/a1-180-300x146.jpg 300w, https:\/\/ambulantconvoyeurpar.com\/wp-content\/uploads\/2023\/08\/a1-180-556x270.jpg 556w\" sizes=\"auto, (max-width: 716px) 100vw, 716px\" \/><\/a><\/p>\n<figure id=\"attachment_10063\" aria-describedby=\"caption-attachment-10063\" style=\"width: 792px\" class=\"wp-caption aligncenter\"><img loading=\"lazy\" decoding=\"async\" class=\"wp-image-10063 size-full\" src=\"https:\/\/ambulantconvoyeurpar.com\/wp-content\/uploads\/2020\/06\/a-187.jpg\" alt=\"\" width=\"792\" height=\"742\" srcset=\"https:\/\/ambulantconvoyeurpar.com\/wp-content\/uploads\/2020\/06\/a-187.jpg 792w, https:\/\/ambulantconvoyeurpar.com\/wp-content\/uploads\/2020\/06\/a-187-300x281.jpg 300w, https:\/\/ambulantconvoyeurpar.com\/wp-content\/uploads\/2020\/06\/a-187-768x720.jpg 768w, https:\/\/ambulantconvoyeurpar.com\/wp-content\/uploads\/2020\/06\/a-187-288x270.jpg 288w\" sizes=\"auto, (max-width: 792px) 100vw, 792px\" \/><figcaption id=\"caption-attachment-10063\" class=\"wp-caption-text\">Flamme \u00e0 gauche et \u00e0 droite. Non cod\u00e9e et cod\u00e9e.<\/figcaption><\/figure>\n<p><span style=\"color: #ff0000;\">Machine Frankers-Secap<\/span><\/p>\n<p style=\"text-align: center;\"><strong>1948: pour Paris<\/strong><\/p>\n<p>Je ne poss\u00e8de pas cette flamme.<\/p>\n<p style=\"text-align: center;\"><strong>1948\/49: soyez pr\u00e9voyants\/caisse nationale\/d&rsquo;\u00e9pargne.<\/strong><\/p>\n<figure id=\"attachment_10043\" aria-describedby=\"caption-attachment-10043\" style=\"width: 656px\" class=\"wp-caption aligncenter\"><img loading=\"lazy\" decoding=\"async\" class=\"wp-image-10043 size-full\" src=\"https:\/\/ambulantconvoyeurpar.com\/wp-content\/uploads\/2020\/06\/a-168.jpg\" alt=\"\" width=\"656\" height=\"242\" srcset=\"https:\/\/ambulantconvoyeurpar.com\/wp-content\/uploads\/2020\/06\/a-168.jpg 656w, https:\/\/ambulantconvoyeurpar.com\/wp-content\/uploads\/2020\/06\/a-168-300x111.jpg 300w, https:\/\/ambulantconvoyeurpar.com\/wp-content\/uploads\/2020\/06\/a-168-604x223.jpg 604w\" sizes=\"auto, (max-width: 656px) 100vw, 656px\" \/><figcaption id=\"caption-attachment-10043\" class=\"wp-caption-text\">Vu du 27\/11\/48 au 16\/02\/49<\/figcaption><\/figure>\n<p style=\"text-align: center;\"><strong>1948: visitez Orl\u00e9ans\/foire exposition\/10 au 18 avril 1948.<\/strong><\/p>\n<p><a href=\"https:\/\/ambulantconvoyeurpar.com\/?attachment_id=20440\" rel=\"attachment wp-att-20440\"><img loading=\"lazy\" decoding=\"async\" class=\"size-full wp-image-20440 aligncenter\" src=\"https:\/\/ambulantconvoyeurpar.com\/wp-content\/uploads\/2023\/05\/a1-70.jpg\" alt=\"\" width=\"711\" height=\"242\" srcset=\"https:\/\/ambulantconvoyeurpar.com\/wp-content\/uploads\/2023\/05\/a1-70.jpg 711w, https:\/\/ambulantconvoyeurpar.com\/wp-content\/uploads\/2023\/05\/a1-70-300x102.jpg 300w, https:\/\/ambulantconvoyeurpar.com\/wp-content\/uploads\/2023\/05\/a1-70-604x206.jpg 604w\" sizes=\"auto, (max-width: 711px) 100vw, 711px\" \/><\/a><\/p>\n<p style=\"text-align: center;\"><strong>1948: quinzaine<\/strong><\/p>\n<p>Je ne poss\u00e8de pas cette flamme.<\/p>\n<p style=\"text-align: center;\"><strong>1949: Orl\u00e9ans 21\u00e8me foire<\/strong><\/p>\n<p><a href=\"https:\/\/ambulantconvoyeurpar.com\/index.php\/2023\/08\/12\/bureaux-gare-du-departement-45-loiret\/a1-2377\/\" rel=\"attachment wp-att-23220\"><img loading=\"lazy\" decoding=\"async\" class=\"alignnone size-full wp-image-23220\" src=\"https:\/\/ambulantconvoyeurpar.com\/wp-content\/uploads\/2023\/08\/a1-179.jpg\" alt=\"\" width=\"760\" height=\"318\" srcset=\"https:\/\/ambulantconvoyeurpar.com\/wp-content\/uploads\/2023\/08\/a1-179.jpg 760w, https:\/\/ambulantconvoyeurpar.com\/wp-content\/uploads\/2023\/08\/a1-179-300x126.jpg 300w, https:\/\/ambulantconvoyeurpar.com\/wp-content\/uploads\/2023\/08\/a1-179-604x253.jpg 604w\" sizes=\"auto, (max-width: 760px) 100vw, 760px\" \/><\/a><\/p>\n<p style=\"text-align: center;\"><strong>1949\/51: vinaigre d&rsquo;Orl\u00e9ans\/renomm\u00e9e\/universelle.<\/strong><\/p>\n<p><a href=\"http:\/\/ambulantconvoyeurpar.com\/?attachment_id=12692\" rel=\"attachment wp-att-12692\"><img loading=\"lazy\" decoding=\"async\" class=\"size-full wp-image-12692 aligncenter\" src=\"http:\/\/ambulantconvoyeurpar.com\/wp-content\/uploads\/2021\/01\/a-235.jpg\" alt=\"\" width=\"888\" height=\"318\" srcset=\"https:\/\/ambulantconvoyeurpar.com\/wp-content\/uploads\/2021\/01\/a-235.jpg 888w, https:\/\/ambulantconvoyeurpar.com\/wp-content\/uploads\/2021\/01\/a-235-300x107.jpg 300w, https:\/\/ambulantconvoyeurpar.com\/wp-content\/uploads\/2021\/01\/a-235-768x275.jpg 768w, https:\/\/ambulantconvoyeurpar.com\/wp-content\/uploads\/2021\/01\/a-235-604x216.jpg 604w\" sizes=\"auto, (max-width: 888px) 100vw, 888px\" \/><\/a><\/p>\n<p style=\"text-align: center;\"><strong>1950: Orl\u00e9ans-22\u00e8me\/foire exposition\/15-23 avril.<\/strong><\/p>\n<p><a href=\"http:\/\/ambulantconvoyeurpar.com\/?attachment_id=12694\" rel=\"attachment wp-att-12694\"><img loading=\"lazy\" decoding=\"async\" class=\"size-full wp-image-12694 aligncenter\" src=\"http:\/\/ambulantconvoyeurpar.com\/wp-content\/uploads\/2021\/01\/a-237.jpg\" alt=\"\" width=\"802\" height=\"328\" srcset=\"https:\/\/ambulantconvoyeurpar.com\/wp-content\/uploads\/2021\/01\/a-237.jpg 802w, https:\/\/ambulantconvoyeurpar.com\/wp-content\/uploads\/2021\/01\/a-237-300x123.jpg 300w, https:\/\/ambulantconvoyeurpar.com\/wp-content\/uploads\/2021\/01\/a-237-768x314.jpg 768w, https:\/\/ambulantconvoyeurpar.com\/wp-content\/uploads\/2021\/01\/a-237-604x247.jpg 604w\" sizes=\"auto, (max-width: 802px) 100vw, 802px\" \/><\/a><\/p>\n<p><span style=\"color: #ff0000;\">Machine Secap<\/span><\/p>\n<p style=\"text-align: center;\"><strong>1950\/59: emprunt PTT.<\/strong><\/p>\n<p>Je ne poss\u00e8de pas cette flamme.<\/p>\n<p style=\"text-align: center;\"><strong>1951\/64: Orl\u00e9ans-cit\u00e9\/de Jeanne d&rsquo;Arc\/f\u00eates 7 et 8 mai.<\/strong><\/p>\n<p><a href=\"http:\/\/ambulantconvoyeurpar.com\/?attachment_id=12690\" rel=\"attachment wp-att-12690\"><img loading=\"lazy\" decoding=\"async\" class=\"size-full wp-image-12690 aligncenter\" src=\"http:\/\/ambulantconvoyeurpar.com\/wp-content\/uploads\/2021\/01\/a-233.jpg\" alt=\"\" width=\"676\" height=\"308\" srcset=\"https:\/\/ambulantconvoyeurpar.com\/wp-content\/uploads\/2021\/01\/a-233.jpg 676w, https:\/\/ambulantconvoyeurpar.com\/wp-content\/uploads\/2021\/01\/a-233-300x137.jpg 300w, https:\/\/ambulantconvoyeurpar.com\/wp-content\/uploads\/2021\/01\/a-233-593x270.jpg 593w\" sizes=\"auto, (max-width: 676px) 100vw, 676px\" \/><\/a><\/p>\n<figure id=\"attachment_20035\" aria-describedby=\"caption-attachment-20035\" style=\"width: 726px\" class=\"wp-caption aligncenter\"><a href=\"https:\/\/ambulantconvoyeurpar.com\/?attachment_id=20035\" rel=\"attachment wp-att-20035\"><img loading=\"lazy\" decoding=\"async\" class=\"wp-image-20035 size-full\" src=\"https:\/\/ambulantconvoyeurpar.com\/wp-content\/uploads\/2023\/05\/a1-1.jpg\" alt=\"\" width=\"726\" height=\"328\" srcset=\"https:\/\/ambulantconvoyeurpar.com\/wp-content\/uploads\/2023\/05\/a1-1.jpg 726w, https:\/\/ambulantconvoyeurpar.com\/wp-content\/uploads\/2023\/05\/a1-1-300x136.jpg 300w, https:\/\/ambulantconvoyeurpar.com\/wp-content\/uploads\/2023\/05\/a1-1-598x270.jpg 598w\" sizes=\"auto, (max-width: 726px) 100vw, 726px\" \/><\/a><figcaption id=\"caption-attachment-20035\" class=\"wp-caption-text\">1951\/55 flamme \u00e0 droite. 1960\/64 flamme \u00e0 gauche.<\/figcaption><\/figure>\n<p style=\"text-align: center;\"><strong>1951: salon de la chasse\/15 juin-3 juillet\/Paris 1951.<\/strong><\/p>\n<p><a href=\"https:\/\/ambulantconvoyeurpar.com\/?attachment_id=20531\" rel=\"attachment wp-att-20531\"><img loading=\"lazy\" decoding=\"async\" class=\"size-large wp-image-20531 aligncenter\" src=\"https:\/\/ambulantconvoyeurpar.com\/wp-content\/uploads\/2023\/05\/a1-91.jpg\" alt=\"\" width=\"640\" height=\"214\" srcset=\"https:\/\/ambulantconvoyeurpar.com\/wp-content\/uploads\/2023\/05\/a1-91.jpg 938w, https:\/\/ambulantconvoyeurpar.com\/wp-content\/uploads\/2023\/05\/a1-91-300x100.jpg 300w, https:\/\/ambulantconvoyeurpar.com\/wp-content\/uploads\/2023\/05\/a1-91-768x256.jpg 768w, https:\/\/ambulantconvoyeurpar.com\/wp-content\/uploads\/2023\/05\/a1-91-604x202.jpg 604w\" sizes=\"auto, (max-width: 640px) 100vw, 640px\" \/><\/a><\/p>\n<p style=\"text-align: center;\"><strong>1951: Orl\u00e9ans-23\u00e8me\/foire exposition\/7-15 avril.<\/strong><\/p>\n<p><a href=\"http:\/\/ambulantconvoyeurpar.com\/?attachment_id=12693\" rel=\"attachment wp-att-12693\"><img loading=\"lazy\" decoding=\"async\" class=\"size-full wp-image-12693 aligncenter\" src=\"http:\/\/ambulantconvoyeurpar.com\/wp-content\/uploads\/2021\/01\/a-236.jpg\" alt=\"\" width=\"676\" height=\"313\" srcset=\"https:\/\/ambulantconvoyeurpar.com\/wp-content\/uploads\/2021\/01\/a-236.jpg 676w, https:\/\/ambulantconvoyeurpar.com\/wp-content\/uploads\/2021\/01\/a-236-300x139.jpg 300w, https:\/\/ambulantconvoyeurpar.com\/wp-content\/uploads\/2021\/01\/a-236-583x270.jpg 583w\" sizes=\"auto, (max-width: 676px) 100vw, 676px\" \/><\/a><\/p>\n<p style=\"text-align: center;\"><strong>1952: Orl\u00e9ans-24\u00e8me\/foire-exposition\/19-27 avril.<\/strong><\/p>\n<p><a href=\"http:\/\/ambulantconvoyeurpar.com\/?attachment_id=12691\" rel=\"attachment wp-att-12691\"><img loading=\"lazy\" decoding=\"async\" class=\"size-full wp-image-12691 aligncenter\" src=\"http:\/\/ambulantconvoyeurpar.com\/wp-content\/uploads\/2021\/01\/a-234.jpg\" alt=\"\" width=\"726\" height=\"313\" srcset=\"https:\/\/ambulantconvoyeurpar.com\/wp-content\/uploads\/2021\/01\/a-234.jpg 726w, https:\/\/ambulantconvoyeurpar.com\/wp-content\/uploads\/2021\/01\/a-234-300x129.jpg 300w, https:\/\/ambulantconvoyeurpar.com\/wp-content\/uploads\/2021\/01\/a-234-604x260.jpg 604w\" sizes=\"auto, (max-width: 726px) 100vw, 726px\" \/><\/a><\/p>\n<p style=\"text-align: center;\"><strong>1953: Orl\u00e9ans 25\u00e8me\/foire exposition\/11-19 avril.<\/strong><\/p>\n<p><a href=\"https:\/\/ambulantconvoyeurpar.com\/?attachment_id=20036\" rel=\"attachment wp-att-20036\"><img loading=\"lazy\" decoding=\"async\" class=\"size-full wp-image-20036 aligncenter\" src=\"https:\/\/ambulantconvoyeurpar.com\/wp-content\/uploads\/2023\/05\/a1-2.jpg\" alt=\"\" width=\"590\" height=\"313\" srcset=\"https:\/\/ambulantconvoyeurpar.com\/wp-content\/uploads\/2023\/05\/a1-2.jpg 590w, https:\/\/ambulantconvoyeurpar.com\/wp-content\/uploads\/2023\/05\/a1-2-300x159.jpg 300w, https:\/\/ambulantconvoyeurpar.com\/wp-content\/uploads\/2023\/05\/a1-2-509x270.jpg 509w\" sizes=\"auto, (max-width: 590px) 100vw, 590px\" \/><\/a><\/p>\n<p style=\"text-align: center;\"><strong>1954: Orl\u00e9ans-26\u00e8me\/foire-exposition\/24 avril-2 mai.<\/strong><\/p>\n<p><img loading=\"lazy\" decoding=\"async\" class=\"size-full wp-image-10042 aligncenter\" src=\"http:\/\/ambulantconvoyeurpar.com\/wp-content\/uploads\/2020\/06\/a-167.jpg\" alt=\"\" width=\"701\" height=\"323\" srcset=\"https:\/\/ambulantconvoyeurpar.com\/wp-content\/uploads\/2020\/06\/a-167.jpg 701w, https:\/\/ambulantconvoyeurpar.com\/wp-content\/uploads\/2020\/06\/a-167-300x138.jpg 300w, https:\/\/ambulantconvoyeurpar.com\/wp-content\/uploads\/2020\/06\/a-167-586x270.jpg 586w\" sizes=\"auto, (max-width: 701px) 100vw, 701px\" \/><\/p>\n<p style=\"text-align: center;\"><strong>1954\/57: bons PTT 6%\/s\u00e9curit\u00e9 100%.<\/strong><\/p>\n<p><a href=\"https:\/\/ambulantconvoyeurpar.com\/index.php\/2023\/08\/12\/bureaux-gare-du-departement-45-loiret\/scan-25\/\" rel=\"attachment wp-att-24866\"><img loading=\"lazy\" decoding=\"async\" class=\"alignnone size-full wp-image-24866\" src=\"https:\/\/ambulantconvoyeurpar.com\/wp-content\/uploads\/2023\/08\/Scan.jpg\" alt=\"\" width=\"792\" height=\"328\" srcset=\"https:\/\/ambulantconvoyeurpar.com\/wp-content\/uploads\/2023\/08\/Scan.jpg 792w, https:\/\/ambulantconvoyeurpar.com\/wp-content\/uploads\/2023\/08\/Scan-300x124.jpg 300w, https:\/\/ambulantconvoyeurpar.com\/wp-content\/uploads\/2023\/08\/Scan-768x318.jpg 768w, https:\/\/ambulantconvoyeurpar.com\/wp-content\/uploads\/2023\/08\/Scan-604x250.jpg 604w\" sizes=\"auto, (max-width: 792px) 100vw, 792px\" \/><\/a><\/p>\n<p style=\"text-align: center;\"><b>1954\/58: Orl\u00e9ans\/ses\/p\u00e9pini\u00e8res\/ses\/fleurs.<\/b><\/p>\n<figure id=\"attachment_10854\" aria-describedby=\"caption-attachment-10854\" style=\"width: 691px\" class=\"wp-caption aligncenter\"><img loading=\"lazy\" decoding=\"async\" class=\"wp-image-10854 size-full\" src=\"https:\/\/ambulantconvoyeurpar.com\/wp-content\/uploads\/2020\/07\/a-203.jpg\" alt=\"\" width=\"691\" height=\"308\" srcset=\"https:\/\/ambulantconvoyeurpar.com\/wp-content\/uploads\/2020\/07\/a-203.jpg 691w, https:\/\/ambulantconvoyeurpar.com\/wp-content\/uploads\/2020\/07\/a-203-300x134.jpg 300w, https:\/\/ambulantconvoyeurpar.com\/wp-content\/uploads\/2020\/07\/a-203-604x270.jpg 604w\" sizes=\"auto, (max-width: 691px) 100vw, 691px\" \/><figcaption id=\"caption-attachment-10854\" class=\"wp-caption-text\">Emise du 08\/06\/54 au 15\/03\/58. Flamme \u00e0 droite 1954. Flamme \u00e0 gauche 1954\/58.<\/figcaption><\/figure>\n<p style=\"text-align: center;\"><strong>1958: voter c&rsquo;est b\u00e2tir\/s&rsquo;abstenir c&rsquo;est d\u00e9serter.<\/strong><\/p>\n<p><img loading=\"lazy\" decoding=\"async\" class=\"size-full wp-image-10041 aligncenter\" src=\"http:\/\/ambulantconvoyeurpar.com\/wp-content\/uploads\/2020\/04\/a-152.jpg\" alt=\"\" width=\"742\" height=\"263\" srcset=\"https:\/\/ambulantconvoyeurpar.com\/wp-content\/uploads\/2020\/04\/a-152.jpg 742w, https:\/\/ambulantconvoyeurpar.com\/wp-content\/uploads\/2020\/04\/a-152-300x106.jpg 300w, https:\/\/ambulantconvoyeurpar.com\/wp-content\/uploads\/2020\/04\/a-152-604x214.jpg 604w\" sizes=\"auto, (max-width: 742px) 100vw, 742px\" \/><\/p>\n<p>A partir des ann\u00e9es 1960, les flammes temporaires et permanentes seront l\u00e9gions. Ces flammes temporaires peuvent avoir une dur\u00e9e d\u2019utilisation courte (de quelques semaines \u00e0 trois mois) sauf quelques exceptions.<\/p>\n<p>Toutes les flammes apr\u00e8s 1960 ne sont pas list\u00e9es, elles seront ajout\u00e9es au fur et \u00e0 mesure de mes trouvailles.<\/p>\n<p style=\"text-align: center;\"><strong>1963<\/strong><\/p>\n<p><img loading=\"lazy\" decoding=\"async\" class=\"size-full wp-image-10051 aligncenter\" src=\"http:\/\/ambulantconvoyeurpar.com\/wp-content\/uploads\/2020\/06\/a-175.jpg\" alt=\"\" width=\"736\" height=\"237\" srcset=\"https:\/\/ambulantconvoyeurpar.com\/wp-content\/uploads\/2020\/06\/a-175.jpg 736w, https:\/\/ambulantconvoyeurpar.com\/wp-content\/uploads\/2020\/06\/a-175-300x97.jpg 300w, https:\/\/ambulantconvoyeurpar.com\/wp-content\/uploads\/2020\/06\/a-175-604x194.jpg 604w\" sizes=\"auto, (max-width: 736px) 100vw, 736px\" \/><\/p>\n<figure id=\"attachment_10053\" aria-describedby=\"caption-attachment-10053\" style=\"width: 696px\" class=\"wp-caption aligncenter\"><img loading=\"lazy\" decoding=\"async\" class=\"wp-image-10053 size-full\" src=\"https:\/\/ambulantconvoyeurpar.com\/wp-content\/uploads\/2020\/06\/a-177.jpg\" alt=\"\" width=\"696\" height=\"338\" srcset=\"https:\/\/ambulantconvoyeurpar.com\/wp-content\/uploads\/2020\/06\/a-177.jpg 696w, https:\/\/ambulantconvoyeurpar.com\/wp-content\/uploads\/2020\/06\/a-177-300x146.jpg 300w, https:\/\/ambulantconvoyeurpar.com\/wp-content\/uploads\/2020\/06\/a-177-556x270.jpg 556w\" sizes=\"auto, (max-width: 696px) 100vw, 696px\" \/><figcaption id=\"caption-attachment-10053\" class=\"wp-caption-text\">En activit\u00e9 de janvier \u00e0 d\u00e9but mars 1963 et de juillet \u00e0 septembre 1963.<\/figcaption><\/figure>\n<p style=\"text-align: center;\"><strong>1963\/64<\/strong><\/p>\n<p><img loading=\"lazy\" decoding=\"async\" class=\"size-full wp-image-10050 aligncenter\" src=\"http:\/\/ambulantconvoyeurpar.com\/wp-content\/uploads\/2020\/06\/a-174.jpg\" alt=\"\" width=\"767\" height=\"333\" srcset=\"https:\/\/ambulantconvoyeurpar.com\/wp-content\/uploads\/2020\/06\/a-174.jpg 767w, https:\/\/ambulantconvoyeurpar.com\/wp-content\/uploads\/2020\/06\/a-174-300x130.jpg 300w, https:\/\/ambulantconvoyeurpar.com\/wp-content\/uploads\/2020\/06\/a-174-604x262.jpg 604w\" sizes=\"auto, (max-width: 767px) 100vw, 767px\" \/><\/p>\n<p style=\"text-align: center;\"><strong>1964\/67<\/strong><\/p>\n<figure id=\"attachment_17202\" aria-describedby=\"caption-attachment-17202\" style=\"width: 752px\" class=\"wp-caption aligncenter\"><a href=\"https:\/\/ambulantconvoyeurpar.com\/?attachment_id=17202\" rel=\"attachment wp-att-17202\"><img loading=\"lazy\" decoding=\"async\" class=\"wp-image-17202 size-full\" src=\"https:\/\/ambulantconvoyeurpar.com\/wp-content\/uploads\/2022\/09\/a1.jpg\" alt=\"\" width=\"752\" height=\"308\" srcset=\"https:\/\/ambulantconvoyeurpar.com\/wp-content\/uploads\/2022\/09\/a1.jpg 752w, https:\/\/ambulantconvoyeurpar.com\/wp-content\/uploads\/2022\/09\/a1-300x123.jpg 300w, https:\/\/ambulantconvoyeurpar.com\/wp-content\/uploads\/2022\/09\/a1-604x247.jpg 604w\" sizes=\"auto, (max-width: 752px) 100vw, 752px\" \/><\/a><figcaption id=\"caption-attachment-17202\" class=\"wp-caption-text\">Non cod\u00e9e \u00e9mise le 16\/04\/64, vue 1965\/66.<\/figcaption><\/figure>\n<figure id=\"attachment_10061\" aria-describedby=\"caption-attachment-10061\" style=\"width: 747px\" class=\"wp-caption aligncenter\"><img loading=\"lazy\" decoding=\"async\" class=\"wp-image-10061 size-full\" src=\"https:\/\/ambulantconvoyeurpar.com\/wp-content\/uploads\/2020\/06\/a-185.jpg\" alt=\"\" width=\"747\" height=\"252\" srcset=\"https:\/\/ambulantconvoyeurpar.com\/wp-content\/uploads\/2020\/06\/a-185.jpg 747w, https:\/\/ambulantconvoyeurpar.com\/wp-content\/uploads\/2020\/06\/a-185-300x101.jpg 300w, https:\/\/ambulantconvoyeurpar.com\/wp-content\/uploads\/2020\/06\/a-185-604x204.jpg 604w\" sizes=\"auto, (max-width: 747px) 100vw, 747px\" \/><figcaption id=\"caption-attachment-10061\" class=\"wp-caption-text\">Cod\u00e9e \u00e9mise en 1966\/67.<\/figcaption><\/figure>\n<p style=\"text-align: center;\"><strong>1964\/69<\/strong><\/p>\n<figure id=\"attachment_10054\" aria-describedby=\"caption-attachment-10054\" style=\"width: 711px\" class=\"wp-caption aligncenter\"><img loading=\"lazy\" decoding=\"async\" class=\"wp-image-10054 size-full\" src=\"https:\/\/ambulantconvoyeurpar.com\/wp-content\/uploads\/2020\/06\/a-178.jpg\" alt=\"\" width=\"711\" height=\"293\" srcset=\"https:\/\/ambulantconvoyeurpar.com\/wp-content\/uploads\/2020\/06\/a-178.jpg 711w, https:\/\/ambulantconvoyeurpar.com\/wp-content\/uploads\/2020\/06\/a-178-300x124.jpg 300w, https:\/\/ambulantconvoyeurpar.com\/wp-content\/uploads\/2020\/06\/a-178-604x249.jpg 604w\" sizes=\"auto, (max-width: 711px) 100vw, 711px\" \/><figcaption id=\"caption-attachment-10054\" class=\"wp-caption-text\">Non cod\u00e9e.<\/figcaption><\/figure>\n<figure id=\"attachment_20034\" aria-describedby=\"caption-attachment-20034\" style=\"width: 762px\" class=\"wp-caption aligncenter\"><a href=\"https:\/\/ambulantconvoyeurpar.com\/?attachment_id=20034\" rel=\"attachment wp-att-20034\"><img loading=\"lazy\" decoding=\"async\" class=\"wp-image-20034 size-full\" src=\"https:\/\/ambulantconvoyeurpar.com\/wp-content\/uploads\/2023\/05\/a1.jpg\" alt=\"\" width=\"762\" height=\"308\" srcset=\"https:\/\/ambulantconvoyeurpar.com\/wp-content\/uploads\/2023\/05\/a1.jpg 762w, https:\/\/ambulantconvoyeurpar.com\/wp-content\/uploads\/2023\/05\/a1-300x121.jpg 300w, https:\/\/ambulantconvoyeurpar.com\/wp-content\/uploads\/2023\/05\/a1-604x244.jpg 604w\" sizes=\"auto, (max-width: 762px) 100vw, 762px\" \/><\/a><figcaption id=\"caption-attachment-20034\" class=\"wp-caption-text\">Cod\u00e9e.<\/figcaption><\/figure>\n<p style=\"text-align: center;\"><strong>1965\/66<\/strong><\/p>\n<figure id=\"attachment_10055\" aria-describedby=\"caption-attachment-10055\" style=\"width: 742px\" class=\"wp-caption aligncenter\"><img loading=\"lazy\" decoding=\"async\" class=\"wp-image-10055 size-full\" src=\"https:\/\/ambulantconvoyeurpar.com\/wp-content\/uploads\/2020\/06\/a-179.jpg\" alt=\"\" width=\"742\" height=\"359\" srcset=\"https:\/\/ambulantconvoyeurpar.com\/wp-content\/uploads\/2020\/06\/a-179.jpg 742w, https:\/\/ambulantconvoyeurpar.com\/wp-content\/uploads\/2020\/06\/a-179-300x145.jpg 300w, https:\/\/ambulantconvoyeurpar.com\/wp-content\/uploads\/2020\/06\/a-179-558x270.jpg 558w\" sizes=\"auto, (max-width: 742px) 100vw, 742px\" \/><figcaption id=\"caption-attachment-10055\" class=\"wp-caption-text\">En activit\u00e9 du 27\/10 au 27\/11\/65<\/figcaption><\/figure>\n<p>\u00a0<\/p>\n<figure id=\"attachment_17601\" aria-describedby=\"caption-attachment-17601\" style=\"width: 742px\" class=\"wp-caption aligncenter\"><a href=\"https:\/\/ambulantconvoyeurpar.com\/?attachment_id=17601\" rel=\"attachment wp-att-17601\"><img loading=\"lazy\" decoding=\"async\" class=\"wp-image-17601 size-full\" src=\"https:\/\/ambulantconvoyeurpar.com\/wp-content\/uploads\/2022\/10\/a1-13.jpg\" alt=\"\" width=\"742\" height=\"364\" srcset=\"https:\/\/ambulantconvoyeurpar.com\/wp-content\/uploads\/2022\/10\/a1-13.jpg 742w, https:\/\/ambulantconvoyeurpar.com\/wp-content\/uploads\/2022\/10\/a1-13-300x147.jpg 300w, https:\/\/ambulantconvoyeurpar.com\/wp-content\/uploads\/2022\/10\/a1-13-550x270.jpg 550w\" sizes=\"auto, (max-width: 742px) 100vw, 742px\" \/><\/a><figcaption id=\"caption-attachment-17601\" class=\"wp-caption-text\">Cod\u00e9e: en activit\u00e9 de mai \u00e0 juillet 66<\/figcaption><\/figure>\n<p style=\"text-align: center;\"><strong>1966<\/strong><\/p>\n<figure id=\"attachment_10058\" aria-describedby=\"caption-attachment-10058\" style=\"width: 752px\" class=\"wp-caption aligncenter\"><img loading=\"lazy\" decoding=\"async\" class=\"wp-image-10058 size-full\" src=\"http:\/\/ambulantconvoyeurpar.com\/wp-content\/uploads\/2020\/06\/a-182.jpg\" alt=\"\" width=\"752\" height=\"318\" srcset=\"https:\/\/ambulantconvoyeurpar.com\/wp-content\/uploads\/2020\/06\/a-182.jpg 752w, https:\/\/ambulantconvoyeurpar.com\/wp-content\/uploads\/2020\/06\/a-182-300x127.jpg 300w, https:\/\/ambulantconvoyeurpar.com\/wp-content\/uploads\/2020\/06\/a-182-604x255.jpg 604w\" sizes=\"auto, (max-width: 752px) 100vw, 752px\" \/><figcaption id=\"caption-attachment-10058\" class=\"wp-caption-text\">Flamme \u00e9mise du 01\/09 au 21\/10.<\/figcaption><\/figure>\n<p style=\"text-align: center;\"><strong>1967<\/strong><\/p>\n<p><img loading=\"lazy\" decoding=\"async\" class=\"size-full wp-image-10056 aligncenter\" src=\"http:\/\/ambulantconvoyeurpar.com\/wp-content\/uploads\/2020\/06\/a-180.jpg\" alt=\"\" width=\"817\" height=\"303\" srcset=\"https:\/\/ambulantconvoyeurpar.com\/wp-content\/uploads\/2020\/06\/a-180.jpg 817w, https:\/\/ambulantconvoyeurpar.com\/wp-content\/uploads\/2020\/06\/a-180-300x111.jpg 300w, https:\/\/ambulantconvoyeurpar.com\/wp-content\/uploads\/2020\/06\/a-180-768x285.jpg 768w, https:\/\/ambulantconvoyeurpar.com\/wp-content\/uploads\/2020\/06\/a-180-604x224.jpg 604w\" sizes=\"auto, (max-width: 817px) 100vw, 817px\" \/><\/p>\n<p style=\"text-align: center;\"><strong>1968<\/strong><\/p>\n<p><img loading=\"lazy\" decoding=\"async\" class=\"size-full wp-image-10057 aligncenter\" src=\"http:\/\/ambulantconvoyeurpar.com\/wp-content\/uploads\/2020\/06\/a-181.jpg\" alt=\"\" width=\"797\" height=\"268\" srcset=\"https:\/\/ambulantconvoyeurpar.com\/wp-content\/uploads\/2020\/06\/a-181.jpg 797w, https:\/\/ambulantconvoyeurpar.com\/wp-content\/uploads\/2020\/06\/a-181-300x101.jpg 300w, https:\/\/ambulantconvoyeurpar.com\/wp-content\/uploads\/2020\/06\/a-181-768x258.jpg 768w, https:\/\/ambulantconvoyeurpar.com\/wp-content\/uploads\/2020\/06\/a-181-604x203.jpg 604w\" sizes=\"auto, (max-width: 797px) 100vw, 797px\" \/><\/p>\n<p style=\"text-align: center;\"><strong>1968\/77<\/strong><\/p>\n<figure id=\"attachment_8218\" aria-describedby=\"caption-attachment-8218\" style=\"width: 716px\" class=\"wp-caption aligncenter\"><a href=\"http:\/\/ambulantconvoyeurpar.com\/?attachment_id=8218\" rel=\"attachment wp-att-8218\"><img loading=\"lazy\" decoding=\"async\" class=\"wp-image-8218 size-full\" src=\"https:\/\/ambulantconvoyeurpar.com\/wp-content\/uploads\/2020\/03\/a-27.jpg\" alt=\"\" width=\"716\" height=\"298\" srcset=\"https:\/\/ambulantconvoyeurpar.com\/wp-content\/uploads\/2020\/03\/a-27.jpg 716w, https:\/\/ambulantconvoyeurpar.com\/wp-content\/uploads\/2020\/03\/a-27-300x125.jpg 300w, https:\/\/ambulantconvoyeurpar.com\/wp-content\/uploads\/2020\/03\/a-27-604x251.jpg 604w\" sizes=\"auto, (max-width: 716px) 100vw, 716px\" \/><\/a><figcaption id=\"caption-attachment-8218\" class=\"wp-caption-text\">Emise du 23\/09\/68 au 05\/06\/70, puis du 01\/10\/70 au 31\/03\/71. Vue 1974\/76\/77. Flamme \u00e0 droite et \u00e0 gauche.<\/figcaption><\/figure>\n<p style=\"text-align: center;\"><strong>1969<\/strong><\/p>\n<p><img loading=\"lazy\" decoding=\"async\" class=\"size-full wp-image-10059 aligncenter\" src=\"http:\/\/ambulantconvoyeurpar.com\/wp-content\/uploads\/2020\/06\/a-183.jpg\" alt=\"\" width=\"736\" height=\"328\" srcset=\"https:\/\/ambulantconvoyeurpar.com\/wp-content\/uploads\/2020\/06\/a-183.jpg 736w, https:\/\/ambulantconvoyeurpar.com\/wp-content\/uploads\/2020\/06\/a-183-300x134.jpg 300w, https:\/\/ambulantconvoyeurpar.com\/wp-content\/uploads\/2020\/06\/a-183-604x270.jpg 604w\" sizes=\"auto, (max-width: 736px) 100vw, 736px\" \/><\/p>\n<p><img loading=\"lazy\" decoding=\"async\" class=\"size-full wp-image-10065 aligncenter\" src=\"http:\/\/ambulantconvoyeurpar.com\/wp-content\/uploads\/2020\/06\/a-188.jpg\" alt=\"\" width=\"706\" height=\"338\" srcset=\"https:\/\/ambulantconvoyeurpar.com\/wp-content\/uploads\/2020\/06\/a-188.jpg 706w, https:\/\/ambulantconvoyeurpar.com\/wp-content\/uploads\/2020\/06\/a-188-300x144.jpg 300w, https:\/\/ambulantconvoyeurpar.com\/wp-content\/uploads\/2020\/06\/a-188-564x270.jpg 564w\" sizes=\"auto, (max-width: 706px) 100vw, 706px\" \/><\/p>\n<p><img loading=\"lazy\" decoding=\"async\" class=\"size-full wp-image-10060 aligncenter\" src=\"http:\/\/ambulantconvoyeurpar.com\/wp-content\/uploads\/2020\/06\/a-184.jpg\" alt=\"\" width=\"812\" height=\"348\" srcset=\"https:\/\/ambulantconvoyeurpar.com\/wp-content\/uploads\/2020\/06\/a-184.jpg 812w, https:\/\/ambulantconvoyeurpar.com\/wp-content\/uploads\/2020\/06\/a-184-300x129.jpg 300w, https:\/\/ambulantconvoyeurpar.com\/wp-content\/uploads\/2020\/06\/a-184-768x329.jpg 768w, https:\/\/ambulantconvoyeurpar.com\/wp-content\/uploads\/2020\/06\/a-184-604x259.jpg 604w\" sizes=\"auto, (max-width: 812px) 100vw, 812px\" \/><\/p>\n<p style=\"text-align: center;\"><strong>1970<\/strong><\/p>\n<p><img loading=\"lazy\" decoding=\"async\" class=\"size-full wp-image-10069 aligncenter\" src=\"http:\/\/ambulantconvoyeurpar.com\/wp-content\/uploads\/2020\/06\/a-191.jpg\" alt=\"\" width=\"787\" height=\"338\" srcset=\"https:\/\/ambulantconvoyeurpar.com\/wp-content\/uploads\/2020\/06\/a-191.jpg 787w, https:\/\/ambulantconvoyeurpar.com\/wp-content\/uploads\/2020\/06\/a-191-300x129.jpg 300w, https:\/\/ambulantconvoyeurpar.com\/wp-content\/uploads\/2020\/06\/a-191-768x330.jpg 768w, https:\/\/ambulantconvoyeurpar.com\/wp-content\/uploads\/2020\/06\/a-191-604x259.jpg 604w\" sizes=\"auto, (max-width: 787px) 100vw, 787px\" \/><\/p>\n<p style=\"text-align: center;\"><strong>1970\/77<\/strong><\/p>\n<figure id=\"attachment_10066\" aria-describedby=\"caption-attachment-10066\" style=\"width: 742px\" class=\"wp-caption aligncenter\"><img loading=\"lazy\" decoding=\"async\" class=\"wp-image-10066 size-full\" src=\"https:\/\/ambulantconvoyeurpar.com\/wp-content\/uploads\/2020\/06\/a-189.jpg\" alt=\"\" width=\"742\" height=\"343\" srcset=\"https:\/\/ambulantconvoyeurpar.com\/wp-content\/uploads\/2020\/06\/a-189.jpg 742w, https:\/\/ambulantconvoyeurpar.com\/wp-content\/uploads\/2020\/06\/a-189-300x139.jpg 300w, https:\/\/ambulantconvoyeurpar.com\/wp-content\/uploads\/2020\/06\/a-189-584x270.jpg 584w\" sizes=\"auto, (max-width: 742px) 100vw, 742px\" \/><figcaption id=\"caption-attachment-10066\" class=\"wp-caption-text\">Emise du 06\/06\/70 au 30\/09\/70, puis du 01\/04\/71 au 30\/09\/71. Vue 76\/77.<\/figcaption><\/figure>\n<p style=\"text-align: center;\"><strong>1980\/82<\/strong><\/p>\n<p><img loading=\"lazy\" decoding=\"async\" class=\"size-full wp-image-10560 aligncenter\" src=\"http:\/\/ambulantconvoyeurpar.com\/wp-content\/uploads\/2020\/06\/a-433.jpg\" alt=\"\" width=\"787\" height=\"268\" srcset=\"https:\/\/ambulantconvoyeurpar.com\/wp-content\/uploads\/2020\/06\/a-433.jpg 787w, https:\/\/ambulantconvoyeurpar.com\/wp-content\/uploads\/2020\/06\/a-433-300x102.jpg 300w, https:\/\/ambulantconvoyeurpar.com\/wp-content\/uploads\/2020\/06\/a-433-768x262.jpg 768w, https:\/\/ambulantconvoyeurpar.com\/wp-content\/uploads\/2020\/06\/a-433-604x206.jpg 604w\" sizes=\"auto, (max-width: 787px) 100vw, 787px\" \/><\/p>\n<p style=\"text-align: center;\"><strong>1980\/84<\/strong><\/p>\n<p><img loading=\"lazy\" decoding=\"async\" class=\"size-full wp-image-10062 aligncenter\" src=\"http:\/\/ambulantconvoyeurpar.com\/wp-content\/uploads\/2020\/06\/a-186.jpg\" alt=\"\" width=\"701\" height=\"278\" srcset=\"https:\/\/ambulantconvoyeurpar.com\/wp-content\/uploads\/2020\/06\/a-186.jpg 701w, https:\/\/ambulantconvoyeurpar.com\/wp-content\/uploads\/2020\/06\/a-186-300x119.jpg 300w, https:\/\/ambulantconvoyeurpar.com\/wp-content\/uploads\/2020\/06\/a-186-604x240.jpg 604w\" sizes=\"auto, (max-width: 701px) 100vw, 701px\" \/><\/p>\n<p><strong><span style=\"color: #0000ff;\">Autres bureaux-gare de ce d\u00e9partement mais sans machine \u00e0 oblit\u00e9rer:<\/span><\/strong><\/p>\n<p>Bureau-gare<span style=\"color: #0000ff;\"> Les Aubrais,<\/span> signal\u00e9 jusque 1958. Le bureau-gare des Aubrais a utilis\u00e9 comme oblit\u00e9ration manuelle, le type 1904. Un entrep\u00f4t a fonctionn\u00e9 de 1960 \u00e0 1995.<\/p>\n<p>Bureau-gare de <span style=\"color: #0000ff;\">Beaugency,<\/span> signal\u00e9 jusque 1943. \u00a0Le bureau-gare de Beaugency a utilis\u00e9 comme oblit\u00e9ration manuelle, deux types: 1884 et 1904.\u00a0<\/p>\n<p>Bureau-gare de <span style=\"color: #0000ff;\">Gien<\/span>, vu jusque 1959. \u00a0Le bureau-gare de Gien a utilis\u00e9 comme oblit\u00e9ration manuelle, 5 types: 15, 17, 18, 1884, 1904 .\u00a0<\/p>\n<p>Bureau-gare de<span style=\"color: #0000ff;\"> Montargis<\/span>, vu jusque 1947. \u00a0Le bureau-gare de Montargis a utilis\u00e9 comme oblit\u00e9ration manuelle 5 types: 15, 17, 18, 1884, 1904 . Un entrep\u00f4t a fonctionn\u00e9 de 1950 \u00e0 1971.<\/p>\n<p><blockquote class=\"wp-embedded-content\" data-secret=\"cQ9oMpzVS7\"><a href=\"https:\/\/ambulantconvoyeurpar.com\/index.php\/2017\/11\/27\/les-obliterations-entrepots-du-departement-du-loiret-45\/\">les oblit\u00e9rations entrep\u00f4ts du d\u00e9partement du Loiret 45<\/a><\/blockquote><iframe loading=\"lazy\" class=\"wp-embedded-content\" sandbox=\"allow-scripts\" security=\"restricted\" style=\"position: absolute; visibility: hidden;\" title=\"\u00ab\u00a0les oblit\u00e9rations entrep\u00f4ts du d\u00e9partement du Loiret 45\u00a0\u00bb &#8212; Ambulant\/Convoyeur\/PAR\" src=\"https:\/\/ambulantconvoyeurpar.com\/index.php\/2017\/11\/27\/les-obliterations-entrepots-du-departement-du-loiret-45\/embed\/#?secret=zX6m2zFx25#?secret=cQ9oMpzVS7\" data-secret=\"cQ9oMpzVS7\" width=\"600\" height=\"338\" frameborder=\"0\" marginwidth=\"0\" marginheight=\"0\" scrolling=\"no\"><\/iframe><\/p>\n\n\n<p><\/p>\n","protected":false},"excerpt":{"rendered":"<p>Article modifi\u00e9 le 14\/04\/2025. Ce Bureau-gare est d\u00e9j\u00e0 actif en 1877. Il cesse son activit\u00e9 le 01\/10\/1985. Fusion du bureau-gare avec le CTA centre de tri automatique de Fleury pour devenir au 01\/11\/2010 la PIC (Plateforme Industrielle du Courrier) du Loiret Val de Loire.\u00a0 Les bureaux-gare d\u00e9pendent du bureau principal de leur ville qui peut aller d\u2019une recette principale R.P. \u00e0 une recette distribution R.D. Ce bureau utilise des oblit\u00e9rations manuelles et des machines \u00e0 oblit\u00e9rer. Le bureau-gare d&rsquo;Orl\u00e9ans a&#8230;<\/p>\n<p class=\"read-more\"><a class=\"btn btn-default\" href=\"https:\/\/ambulantconvoyeurpar.com\/index.php\/2023\/08\/12\/bureaux-gare-du-departement-45-loiret\/\">Lire la suite<span class=\"screen-reader-text\"> Lire la suite<\/span><\/a><\/p>\n","protected":false},"author":1,"featured_media":0,"comment_status":"open","ping_status":"open","sticky":false,"template":"","format":"standard","meta":{"jetpack_post_was_ever_published":false,"_jetpack_newsletter_access":"","_jetpack_dont_email_post_to_subs":false,"_jetpack_newsletter_tier_id":0,"_jetpack_memberships_contains_paywalled_content":false,"_jetpack_memberships_contains_paid_content":false,"footnotes":"","jetpack_publicize_message":"","jetpack_publicize_feature_enabled":true,"jetpack_social_post_already_shared":true,"jetpack_social_options":{"image_generator_settings":{"template":"highway","default_image_id":0,"font":"","enabled":false},"version":2}},"categories":[77,65,57],"tags":[],"class_list":["post-8026","post","type-post","status-publish","format-standard","hentry","category-bureaux-gares-en-france","category-departements-31-a-45","category-gares"],"jetpack_publicize_connections":[],"jetpack_featured_media_url":"","jetpack_shortlink":"https:\/\/wp.me\/p91OMs-25s","jetpack-related-posts":[],"jetpack_sharing_enabled":true,"_links":{"self":[{"href":"https:\/\/ambulantconvoyeurpar.com\/index.php\/wp-json\/wp\/v2\/posts\/8026","targetHints":{"allow":["GET"]}}],"collection":[{"href":"https:\/\/ambulantconvoyeurpar.com\/index.php\/wp-json\/wp\/v2\/posts"}],"about":[{"href":"https:\/\/ambulantconvoyeurpar.com\/index.php\/wp-json\/wp\/v2\/types\/post"}],"author":[{"embeddable":true,"href":"https:\/\/ambulantconvoyeurpar.com\/index.php\/wp-json\/wp\/v2\/users\/1"}],"replies":[{"embeddable":true,"href":"https:\/\/ambulantconvoyeurpar.com\/index.php\/wp-json\/wp\/v2\/comments?post=8026"}],"version-history":[{"count":3,"href":"https:\/\/ambulantconvoyeurpar.com\/index.php\/wp-json\/wp\/v2\/posts\/8026\/revisions"}],"predecessor-version":[{"id":26039,"href":"https:\/\/ambulantconvoyeurpar.com\/index.php\/wp-json\/wp\/v2\/posts\/8026\/revisions\/26039"}],"wp:attachment":[{"href":"https:\/\/ambulantconvoyeurpar.com\/index.php\/wp-json\/wp\/v2\/media?parent=8026"}],"wp:term":[{"taxonomy":"category","embeddable":true,"href":"https:\/\/ambulantconvoyeurpar.com\/index.php\/wp-json\/wp\/v2\/categories?post=8026"},{"taxonomy":"post_tag","embeddable":true,"href":"https:\/\/ambulantconvoyeurpar.com\/index.php\/wp-json\/wp\/v2\/tags?post=8026"}],"curies":[{"name":"wp","href":"https:\/\/api.w.org\/{rel}","templated":true}]}}