{"id":8068,"date":"2023-11-18T13:11:58","date_gmt":"2023-11-18T12:11:58","guid":{"rendered":"http:\/\/ambulantconvoyeurpar.com\/?p=8068"},"modified":"2025-09-15T17:51:32","modified_gmt":"2025-09-15T15:51:32","slug":"bureaux-gare-du-departement-69-rhone","status":"publish","type":"post","link":"https:\/\/ambulantconvoyeurpar.com\/index.php\/2023\/11\/18\/bureaux-gare-du-departement-69-rhone\/","title":{"rendered":"Bureaux-gare du d\u00e9partement 69 Rh\u00f4ne"},"content":{"rendered":"<p>Article modifi\u00e9 le 10\/04\/2025.<\/p>\n<p>Ce bureau-gare existait d\u00e9j\u00e0 en 1866, En juillet 1977, un nouveau centre de tri est en activit\u00e9 \u00e0 Lyon Montrochet. On ne trouve plus de flammes Lyon-gare apr\u00e8s 1978. Daguin signal\u00e9 en 1904 (Dreyfuss).<\/p>\n<p>Les bureaux-gare d\u00e9pendent du bureau principal de leur ville qui peut aller d\u2019une recette principale R.P. \u00e0 une recette distribution R.D. Ce bureau utilise des oblit\u00e9rations manuelles et des machines \u00e0 oblit\u00e9rer. Le bureau-gare de Lyon a utilis\u00e9 comme oblit\u00e9ration manuelle 5 types: 15, 17, 18, 1884 et 1904. Lyon est signal\u00e9 comme entrep\u00f4t en 1909 et jusque 1982 puis devient Lyon-gare-entrep\u00f4t en 1983 jusque 1993.<\/p>\n<p>Plan:<\/p>\n<p><span style=\"color: #0000ff;\">Lyon gare.<\/span><\/p>\n<p><span style=\"color: #0000ff;\">Lyon gare avion.<\/span><\/p>\n<p><span style=\"color: #0000ff;\">Autres bureaux-gare de ce d\u00e9partement mais sans machine \u00e0 oblit\u00e9rer.<\/span><\/p>\n<p><span style=\"color: #0000ff;\"><strong>Lyon gare:<\/strong><\/span><\/p>\n<p><span style=\"color: #ff0000;\">Machine Krag<\/span><\/p>\n<p style=\"text-align: center;\"><strong>1911\/19: 7 lignes droites.<\/strong><\/p>\n<p><a href=\"http:\/\/ambulantconvoyeurpar.com\/?attachment_id=12462\" rel=\"attachment wp-att-12462\"><img loading=\"lazy\" decoding=\"async\" class=\"size-full wp-image-12462 aligncenter\" src=\"http:\/\/ambulantconvoyeurpar.com\/wp-content\/uploads\/2021\/01\/a-108.jpg\" alt=\"\" width=\"1155\" height=\"273\" srcset=\"https:\/\/ambulantconvoyeurpar.com\/wp-content\/uploads\/2021\/01\/a-108.jpg 1155w, https:\/\/ambulantconvoyeurpar.com\/wp-content\/uploads\/2021\/01\/a-108-300x71.jpg 300w, https:\/\/ambulantconvoyeurpar.com\/wp-content\/uploads\/2021\/01\/a-108-1024x242.jpg 1024w, https:\/\/ambulantconvoyeurpar.com\/wp-content\/uploads\/2021\/01\/a-108-768x182.jpg 768w, https:\/\/ambulantconvoyeurpar.com\/wp-content\/uploads\/2021\/01\/a-108-604x143.jpg 604w\" sizes=\"auto, (max-width: 1155px) 100vw, 1155px\" \/><\/a><\/p>\n<p><span style=\"color: #ff0000;\">Machine Garcia<\/span><\/p>\n<p style=\"text-align: center;\"><strong>1914\/15: 5 lignes droites espac\u00e9es du dateur.<\/strong><\/p>\n<p><a href=\"https:\/\/ambulantconvoyeurpar.com\/?attachment_id=14140\" rel=\"attachment wp-att-14140\"><img loading=\"lazy\" decoding=\"async\" class=\"size-full wp-image-14140 aligncenter\" src=\"https:\/\/ambulantconvoyeurpar.com\/wp-content\/uploads\/2021\/06\/a3-59.jpg\" alt=\"\" width=\"1140\" height=\"323\" srcset=\"https:\/\/ambulantconvoyeurpar.com\/wp-content\/uploads\/2021\/06\/a3-59.jpg 1140w, https:\/\/ambulantconvoyeurpar.com\/wp-content\/uploads\/2021\/06\/a3-59-300x85.jpg 300w, https:\/\/ambulantconvoyeurpar.com\/wp-content\/uploads\/2021\/06\/a3-59-1024x290.jpg 1024w, https:\/\/ambulantconvoyeurpar.com\/wp-content\/uploads\/2021\/06\/a3-59-768x218.jpg 768w, https:\/\/ambulantconvoyeurpar.com\/wp-content\/uploads\/2021\/06\/a3-59-604x171.jpg 604w\" sizes=\"auto, (max-width: 1140px) 100vw, 1140px\" \/><\/a><\/p>\n<p><span style=\"color: #ff0000;\">Machine Flier<\/span><\/p>\n<p style=\"text-align: center;\"><strong>1914\/46: 7 lignes ondul\u00e9es<\/strong><\/p>\n<p>je ne poss\u00e8de pas cette flamme;<\/p>\n<p style=\"text-align: center;\"><strong>1921\/26: ch\u00e8ques postaux\/demandez l&rsquo;ouverture\/d&rsquo;un compte courant.<\/strong><\/p>\n<p><a href=\"http:\/\/ambulantconvoyeurpar.com\/?attachment_id=12563\" rel=\"attachment wp-att-12563\"><img loading=\"lazy\" decoding=\"async\" class=\"size-full wp-image-12563 aligncenter\" src=\"http:\/\/ambulantconvoyeurpar.com\/wp-content\/uploads\/2021\/01\/a-169.jpg\" alt=\"\" width=\"646\" height=\"318\" srcset=\"https:\/\/ambulantconvoyeurpar.com\/wp-content\/uploads\/2021\/01\/a-169.jpg 646w, https:\/\/ambulantconvoyeurpar.com\/wp-content\/uploads\/2021\/01\/a-169-300x148.jpg 300w, https:\/\/ambulantconvoyeurpar.com\/wp-content\/uploads\/2021\/01\/a-169-548x270.jpg 548w\" sizes=\"auto, (max-width: 646px) 100vw, 646px\" \/><\/a><\/p>\n<p style=\"text-align: center;\"><b>1921\/41:\u00a0 ch\u00e8ques postaux\/demandez \u2026.\/un compte courant.<\/b><\/p>\n<p><a href=\"http:\/\/ambulantconvoyeurpar.com\/?attachment_id=12487\" rel=\"attachment wp-att-12487\"><img loading=\"lazy\" decoding=\"async\" class=\"size-full wp-image-12487 aligncenter\" src=\"http:\/\/ambulantconvoyeurpar.com\/wp-content\/uploads\/2021\/01\/a-119.jpg\" alt=\"\" width=\"706\" height=\"343\" srcset=\"https:\/\/ambulantconvoyeurpar.com\/wp-content\/uploads\/2021\/01\/a-119.jpg 706w, https:\/\/ambulantconvoyeurpar.com\/wp-content\/uploads\/2021\/01\/a-119-300x146.jpg 300w, https:\/\/ambulantconvoyeurpar.com\/wp-content\/uploads\/2021\/01\/a-119-556x270.jpg 556w\" sizes=\"auto, (max-width: 706px) 100vw, 706px\" \/><\/a><\/p>\n<p style=\"text-align: center;\"><b>1948: ch\u00e8ques postaux\/demandez \u2026.\/un compte courant.<\/b><\/p>\n<p>lettre plus grande<\/p>\n<p style=\"text-align: center;\"><strong>1922\/29: utilisez la poste\/a\u00e9rienne\/se renseigner dans\/les bureaux de postes.<\/strong><\/p>\n<p><a href=\"http:\/\/ambulantconvoyeurpar.com\/?attachment_id=12379\" rel=\"attachment wp-att-12379\"><img loading=\"lazy\" decoding=\"async\" class=\"size-full wp-image-12379 aligncenter\" src=\"http:\/\/ambulantconvoyeurpar.com\/wp-content\/uploads\/2021\/01\/a-72.jpg\" alt=\"\" width=\"696\" height=\"298\" srcset=\"https:\/\/ambulantconvoyeurpar.com\/wp-content\/uploads\/2021\/01\/a-72.jpg 696w, https:\/\/ambulantconvoyeurpar.com\/wp-content\/uploads\/2021\/01\/a-72-300x128.jpg 300w, https:\/\/ambulantconvoyeurpar.com\/wp-content\/uploads\/2021\/01\/a-72-604x259.jpg 604w\" sizes=\"auto, (max-width: 696px) 100vw, 696px\" \/><\/a><\/p>\n<p style=\"text-align: center;\"><strong>1922: venez visiter\/la foire de Lyon\/15 octobre 1922.<\/strong><\/p>\n<p><a href=\"http:\/\/ambulantconvoyeurpar.com\/?attachment_id=12488\" rel=\"attachment wp-att-12488\"><img loading=\"lazy\" decoding=\"async\" class=\"size-full wp-image-12488 aligncenter\" src=\"http:\/\/ambulantconvoyeurpar.com\/wp-content\/uploads\/2021\/01\/a-120.jpg\" alt=\"\" width=\"671\" height=\"303\" srcset=\"https:\/\/ambulantconvoyeurpar.com\/wp-content\/uploads\/2021\/01\/a-120.jpg 671w, https:\/\/ambulantconvoyeurpar.com\/wp-content\/uploads\/2021\/01\/a-120-300x135.jpg 300w, https:\/\/ambulantconvoyeurpar.com\/wp-content\/uploads\/2021\/01\/a-120-598x270.jpg 598w\" sizes=\"auto, (max-width: 671px) 100vw, 671px\" \/><\/a><\/p>\n<p style=\"text-align: center;\"><strong>1923: venez visiter\/la foire de Lyon\/5 mars 1923.<\/strong><\/p>\n<figure id=\"attachment_21974\" aria-describedby=\"caption-attachment-21974\" style=\"width: 656px\" class=\"wp-caption aligncenter\"><a href=\"https:\/\/ambulantconvoyeurpar.com\/?attachment_id=21974\" rel=\"attachment wp-att-21974\"><img loading=\"lazy\" decoding=\"async\" class=\"wp-image-21974 size-full\" src=\"https:\/\/ambulantconvoyeurpar.com\/wp-content\/uploads\/2023\/07\/a1-52.jpg\" alt=\"\" width=\"656\" height=\"288\" srcset=\"https:\/\/ambulantconvoyeurpar.com\/wp-content\/uploads\/2023\/07\/a1-52.jpg 656w, https:\/\/ambulantconvoyeurpar.com\/wp-content\/uploads\/2023\/07\/a1-52-300x132.jpg 300w, https:\/\/ambulantconvoyeurpar.com\/wp-content\/uploads\/2023\/07\/a1-52-604x265.jpg 604w\" sizes=\"auto, (max-width: 656px) 100vw, 656px\" \/><\/a><figcaption id=\"caption-attachment-21974\" class=\"wp-caption-text\">Existe avec la date 5-20 mars1923.<\/figcaption><\/figure>\n<p style=\"text-align: center;\"><strong>1923: foire de Lyon\/quinzaine internationale\/du bois\/6-21 octobre 1923.<\/strong><\/p>\n<p><a href=\"http:\/\/ambulantconvoyeurpar.com\/?attachment_id=11136\" rel=\"attachment wp-att-11136\"><img loading=\"lazy\" decoding=\"async\" class=\"size-full wp-image-11136 aligncenter\" src=\"http:\/\/ambulantconvoyeurpar.com\/wp-content\/uploads\/2020\/08\/a-64.jpg\" alt=\"\" width=\"671\" height=\"343\" srcset=\"https:\/\/ambulantconvoyeurpar.com\/wp-content\/uploads\/2020\/08\/a-64.jpg 671w, https:\/\/ambulantconvoyeurpar.com\/wp-content\/uploads\/2020\/08\/a-64-300x153.jpg 300w, https:\/\/ambulantconvoyeurpar.com\/wp-content\/uploads\/2020\/08\/a-64-528x270.jpg 528w\" sizes=\"auto, (max-width: 671px) 100vw, 671px\" \/><\/a><\/p>\n<p style=\"text-align: center;\"><strong>1924: venez visiter\/la foire de Lyon\/3-16 mars 1924.<\/strong><\/p>\n<p><a href=\"https:\/\/ambulantconvoyeurpar.com\/?attachment_id=15128\" rel=\"attachment wp-att-15128\"><img loading=\"lazy\" decoding=\"async\" class=\"size-full wp-image-15128 aligncenter\" src=\"https:\/\/ambulantconvoyeurpar.com\/wp-content\/uploads\/2021\/12\/a6-37.jpg\" alt=\"\" width=\"676\" height=\"283\" srcset=\"https:\/\/ambulantconvoyeurpar.com\/wp-content\/uploads\/2021\/12\/a6-37.jpg 676w, https:\/\/ambulantconvoyeurpar.com\/wp-content\/uploads\/2021\/12\/a6-37-300x126.jpg 300w, https:\/\/ambulantconvoyeurpar.com\/wp-content\/uploads\/2021\/12\/a6-37-604x253.jpg 604w\" sizes=\"auto, (max-width: 676px) 100vw, 676px\" \/><\/a><\/p>\n<p style=\"text-align: center;\"><strong>1924: jeux olympiques\/Paris\/mai-juin-juillet\/1924.<\/strong><\/p>\n<figure id=\"attachment_21665\" aria-describedby=\"caption-attachment-21665\" style=\"width: 676px\" class=\"wp-caption aligncenter\"><a href=\"https:\/\/ambulantconvoyeurpar.com\/?attachment_id=21665\" rel=\"attachment wp-att-21665\"><img loading=\"lazy\" decoding=\"async\" class=\"wp-image-21665 size-full\" src=\"https:\/\/ambulantconvoyeurpar.com\/wp-content\/uploads\/2023\/07\/a1-41.jpg\" alt=\"\" width=\"676\" height=\"298\" srcset=\"https:\/\/ambulantconvoyeurpar.com\/wp-content\/uploads\/2023\/07\/a1-41.jpg 676w, https:\/\/ambulantconvoyeurpar.com\/wp-content\/uploads\/2023\/07\/a1-41-300x132.jpg 300w, https:\/\/ambulantconvoyeurpar.com\/wp-content\/uploads\/2023\/07\/a1-41-604x266.jpg 604w\" sizes=\"auto, (max-width: 676px) 100vw, 676px\" \/><\/a><figcaption id=\"caption-attachment-21665\" class=\"wp-caption-text\">Flamme signal\u00e9e du 28\/02\/1924 au 30\/05\/1924. Timbres magazine N\u00b0268 page 77.<\/figcaption><\/figure>\n<p style=\"text-align: center;\"><strong>1924: quinzaine d&rsquo;\u00e9lectrification rurale\/palais de la foire de Lyon\/20 octobre-2 novembre.<\/strong><\/p>\n<p><a href=\"https:\/\/ambulantconvoyeurpar.com\/?attachment_id=15331\" rel=\"attachment wp-att-15331\"><img loading=\"lazy\" decoding=\"async\" class=\"size-full wp-image-15331 aligncenter\" src=\"https:\/\/ambulantconvoyeurpar.com\/wp-content\/uploads\/2022\/01\/a6-25.jpg\" alt=\"\" width=\"772\" height=\"278\" srcset=\"https:\/\/ambulantconvoyeurpar.com\/wp-content\/uploads\/2022\/01\/a6-25.jpg 772w, https:\/\/ambulantconvoyeurpar.com\/wp-content\/uploads\/2022\/01\/a6-25-300x108.jpg 300w, https:\/\/ambulantconvoyeurpar.com\/wp-content\/uploads\/2022\/01\/a6-25-768x277.jpg 768w, https:\/\/ambulantconvoyeurpar.com\/wp-content\/uploads\/2022\/01\/a6-25-604x218.jpg 604w\" sizes=\"auto, (max-width: 772px) 100vw, 772px\" \/><\/a><\/p>\n<p style=\"text-align: center;\"><strong>1924\/25: exposition internationale\/des arts d\u00e9coratifs et\/industriels modernes\/Paris-avril-octobre 1925.<\/strong><\/p>\n<p><a href=\"https:\/\/ambulantconvoyeurpar.com\/?attachment_id=21746\" rel=\"attachment wp-att-21746\"><img loading=\"lazy\" decoding=\"async\" class=\"size-full wp-image-21746 aligncenter\" src=\"https:\/\/ambulantconvoyeurpar.com\/wp-content\/uploads\/2023\/07\/a1-48.jpg\" alt=\"\" width=\"721\" height=\"303\" srcset=\"https:\/\/ambulantconvoyeurpar.com\/wp-content\/uploads\/2023\/07\/a1-48.jpg 721w, https:\/\/ambulantconvoyeurpar.com\/wp-content\/uploads\/2023\/07\/a1-48-300x126.jpg 300w, https:\/\/ambulantconvoyeurpar.com\/wp-content\/uploads\/2023\/07\/a1-48-604x254.jpg 604w\" sizes=\"auto, (max-width: 721px) 100vw, 721px\" \/><\/a><\/p>\n<p style=\"text-align: center;\"><strong>1924\/34: les messages\/t\u00e9lautographiques\/authentifient\/les t\u00e9l\u00e9grammes.<\/strong><\/p>\n<figure id=\"attachment_11135\" aria-describedby=\"caption-attachment-11135\" style=\"width: 701px\" class=\"wp-caption aligncenter\"><a href=\"http:\/\/ambulantconvoyeurpar.com\/?attachment_id=11135\" rel=\"attachment wp-att-11135\"><img loading=\"lazy\" decoding=\"async\" class=\"wp-image-11135 size-full\" src=\"https:\/\/ambulantconvoyeurpar.com\/wp-content\/uploads\/2020\/08\/a-63.jpg\" alt=\"\" width=\"701\" height=\"263\" srcset=\"https:\/\/ambulantconvoyeurpar.com\/wp-content\/uploads\/2020\/08\/a-63.jpg 701w, https:\/\/ambulantconvoyeurpar.com\/wp-content\/uploads\/2020\/08\/a-63-300x113.jpg 300w, https:\/\/ambulantconvoyeurpar.com\/wp-content\/uploads\/2020\/08\/a-63-604x227.jpg 604w\" sizes=\"auto, (max-width: 701px) 100vw, 701px\" \/><\/a><figcaption id=\"caption-attachment-11135\" class=\"wp-caption-text\">Existe en 1940 avec des lettres plus grandes. Vu avec un dateur \u00e9vid\u00e9.<\/figcaption><\/figure>\n<p style=\"text-align: center;\"><strong>1924\/25: faites vos achats\/\u00e0 la foire de Lyon\/2-15 mars 1925.<\/strong><\/p>\n<p><a href=\"http:\/\/ambulantconvoyeurpar.com\/?attachment_id=12331\" rel=\"attachment wp-att-12331\"><img loading=\"lazy\" decoding=\"async\" class=\"size-full wp-image-12331 aligncenter\" src=\"http:\/\/ambulantconvoyeurpar.com\/wp-content\/uploads\/2021\/01\/a-47.jpg\" alt=\"\" width=\"742\" height=\"429\" srcset=\"https:\/\/ambulantconvoyeurpar.com\/wp-content\/uploads\/2021\/01\/a-47.jpg 742w, https:\/\/ambulantconvoyeurpar.com\/wp-content\/uploads\/2021\/01\/a-47-300x173.jpg 300w, https:\/\/ambulantconvoyeurpar.com\/wp-content\/uploads\/2021\/01\/a-47-467x270.jpg 467w\" sizes=\"auto, (max-width: 742px) 100vw, 742px\" \/><\/a><\/p>\n<p style=\"text-align: center;\"><strong>1925\/31: visitez Lyon\/une des plus\/belles villes\/d&rsquo;Europe. <a href=\"http:\/\/ambulantconvoyeurpar.com\/?attachment_id=11134\" rel=\"attachment wp-att-11134\"><img loading=\"lazy\" decoding=\"async\" class=\"alignnone size-full wp-image-11134 aligncenter\" src=\"http:\/\/ambulantconvoyeurpar.com\/wp-content\/uploads\/2020\/08\/a-62.jpg\" alt=\"\" width=\"822\" height=\"288\" srcset=\"https:\/\/ambulantconvoyeurpar.com\/wp-content\/uploads\/2020\/08\/a-62.jpg 822w, https:\/\/ambulantconvoyeurpar.com\/wp-content\/uploads\/2020\/08\/a-62-300x105.jpg 300w, https:\/\/ambulantconvoyeurpar.com\/wp-content\/uploads\/2020\/08\/a-62-768x269.jpg 768w, https:\/\/ambulantconvoyeurpar.com\/wp-content\/uploads\/2020\/08\/a-62-604x212.jpg 604w\" sizes=\"auto, (max-width: 822px) 100vw, 822px\" \/><\/a><\/strong><\/p>\n<p style=\"text-align: center;\"><strong>1925\/32: visitez la foire\/internationale\/de Lyon\/premier lundi\/de mars.<\/strong><\/p>\n<p><a href=\"http:\/\/ambulantconvoyeurpar.com\/?attachment_id=12489\" rel=\"attachment wp-att-12489\"><img loading=\"lazy\" decoding=\"async\" class=\"size-full wp-image-12489 aligncenter\" src=\"http:\/\/ambulantconvoyeurpar.com\/wp-content\/uploads\/2021\/01\/a-121.jpg\" alt=\"\" width=\"716\" height=\"263\" srcset=\"https:\/\/ambulantconvoyeurpar.com\/wp-content\/uploads\/2021\/01\/a-121.jpg 716w, https:\/\/ambulantconvoyeurpar.com\/wp-content\/uploads\/2021\/01\/a-121-300x110.jpg 300w, https:\/\/ambulantconvoyeurpar.com\/wp-content\/uploads\/2021\/01\/a-121-604x222.jpg 604w\" sizes=\"auto, (max-width: 716px) 100vw, 716px\" \/><\/a><\/p>\n<p style=\"text-align: center;\"><strong>1930\/36: utilisez la poste\/a\u00e9rienne.<\/strong><\/p>\n<p><a href=\"http:\/\/ambulantconvoyeurpar.com\/?attachment_id=11130\" rel=\"attachment wp-att-11130\"><img loading=\"lazy\" decoding=\"async\" class=\"size-full wp-image-11130 aligncenter\" src=\"http:\/\/ambulantconvoyeurpar.com\/wp-content\/uploads\/2020\/08\/a-58.jpg\" alt=\"\" width=\"716\" height=\"258\" srcset=\"https:\/\/ambulantconvoyeurpar.com\/wp-content\/uploads\/2020\/08\/a-58.jpg 716w, https:\/\/ambulantconvoyeurpar.com\/wp-content\/uploads\/2020\/08\/a-58-300x108.jpg 300w, https:\/\/ambulantconvoyeurpar.com\/wp-content\/uploads\/2020\/08\/a-58-604x218.jpg 604w\" sizes=\"auto, (max-width: 716px) 100vw, 716px\" \/><\/a><\/p>\n<p style=\"text-align: center;\"><strong>1932\/39: venez \u00e0 la foire\/internationale de Lyon\/en mars.<\/strong><\/p>\n<p><a href=\"http:\/\/ambulantconvoyeurpar.com\/?attachment_id=12380\" rel=\"attachment wp-att-12380\"><img loading=\"lazy\" decoding=\"async\" class=\"size-full wp-image-12380 aligncenter\" src=\"http:\/\/ambulantconvoyeurpar.com\/wp-content\/uploads\/2021\/01\/a-73.jpg\" alt=\"\" width=\"656\" height=\"323\" srcset=\"https:\/\/ambulantconvoyeurpar.com\/wp-content\/uploads\/2021\/01\/a-73.jpg 656w, https:\/\/ambulantconvoyeurpar.com\/wp-content\/uploads\/2021\/01\/a-73-300x148.jpg 300w, https:\/\/ambulantconvoyeurpar.com\/wp-content\/uploads\/2021\/01\/a-73-548x270.jpg 548w\" sizes=\"auto, (max-width: 656px) 100vw, 656px\" \/><\/a><\/p>\n<p><span style=\"color: #ff0000;\">Machine R.B.V.<\/span><\/p>\n<p style=\"text-align: center;\"><strong>1936\/51: 5 lignes ondul\u00e9es.<\/strong><\/p>\n<figure id=\"attachment_9070\" aria-describedby=\"caption-attachment-9070\" style=\"width: 640px\" class=\"wp-caption aligncenter\"><img loading=\"lazy\" decoding=\"async\" class=\"wp-image-9070 size-large\" src=\"https:\/\/ambulantconvoyeurpar.com\/wp-content\/uploads\/2020\/04\/a-63-1024x239.jpg\" alt=\"\" width=\"640\" height=\"149\" srcset=\"https:\/\/ambulantconvoyeurpar.com\/wp-content\/uploads\/2020\/04\/a-63-1024x239.jpg 1024w, https:\/\/ambulantconvoyeurpar.com\/wp-content\/uploads\/2020\/04\/a-63-300x70.jpg 300w, https:\/\/ambulantconvoyeurpar.com\/wp-content\/uploads\/2020\/04\/a-63-768x179.jpg 768w, https:\/\/ambulantconvoyeurpar.com\/wp-content\/uploads\/2020\/04\/a-63-604x141.jpg 604w, https:\/\/ambulantconvoyeurpar.com\/wp-content\/uploads\/2020\/04\/a-63.jpg 1150w\" sizes=\"auto, (max-width: 640px) 100vw, 640px\" \/><figcaption id=\"caption-attachment-9070\" class=\"wp-caption-text\">Dateur sur 4 lignes.<\/figcaption><\/figure>\n<p style=\"text-align: center;\"><strong>1952\/60: 5 lignes ondul\u00e9es.<\/strong><\/p>\n<figure id=\"attachment_12440\" aria-describedby=\"caption-attachment-12440\" style=\"width: 1150px\" class=\"wp-caption aligncenter\"><a href=\"http:\/\/ambulantconvoyeurpar.com\/?attachment_id=12440\" rel=\"attachment wp-att-12440\"><img loading=\"lazy\" decoding=\"async\" class=\"wp-image-12440 size-full\" src=\"https:\/\/ambulantconvoyeurpar.com\/wp-content\/uploads\/2021\/01\/a-96.jpg\" alt=\"\" width=\"1150\" height=\"273\" srcset=\"https:\/\/ambulantconvoyeurpar.com\/wp-content\/uploads\/2021\/01\/a-96.jpg 1150w, https:\/\/ambulantconvoyeurpar.com\/wp-content\/uploads\/2021\/01\/a-96-300x71.jpg 300w, https:\/\/ambulantconvoyeurpar.com\/wp-content\/uploads\/2021\/01\/a-96-1024x243.jpg 1024w, https:\/\/ambulantconvoyeurpar.com\/wp-content\/uploads\/2021\/01\/a-96-768x182.jpg 768w, https:\/\/ambulantconvoyeurpar.com\/wp-content\/uploads\/2021\/01\/a-96-604x143.jpg 604w\" sizes=\"auto, (max-width: 1150px) 100vw, 1150px\" \/><\/a><figcaption id=\"caption-attachment-12440\" class=\"wp-caption-text\">Dateur sur 3 lignes.<\/figcaption><\/figure>\n<p style=\"text-align: center;\"><strong>1936\/45: tentez la chance\/loterie\/nationale.<\/strong><\/p>\n<p><a href=\"http:\/\/ambulantconvoyeurpar.com\/?attachment_id=11129\" rel=\"attachment wp-att-11129\"><img loading=\"lazy\" decoding=\"async\" class=\"size-large wp-image-11129 aligncenter\" src=\"http:\/\/ambulantconvoyeurpar.com\/wp-content\/uploads\/2020\/08\/a-57-1024x250.jpg\" alt=\"\" width=\"640\" height=\"156\" srcset=\"https:\/\/ambulantconvoyeurpar.com\/wp-content\/uploads\/2020\/08\/a-57-1024x250.jpg 1024w, https:\/\/ambulantconvoyeurpar.com\/wp-content\/uploads\/2020\/08\/a-57-300x73.jpg 300w, https:\/\/ambulantconvoyeurpar.com\/wp-content\/uploads\/2020\/08\/a-57-768x187.jpg 768w, https:\/\/ambulantconvoyeurpar.com\/wp-content\/uploads\/2020\/08\/a-57-604x147.jpg 604w, https:\/\/ambulantconvoyeurpar.com\/wp-content\/uploads\/2020\/08\/a-57.jpg 1140w\" sizes=\"auto, (max-width: 640px) 100vw, 640px\" \/><\/a><\/p>\n<p><span style=\"color: #ff0000;\">Machine Flier<\/span><\/p>\n<p style=\"text-align: center;\"><strong>1941\/42: venez \u00e0 la foire\/internationale de Lyon.<\/strong><\/p>\n<figure id=\"attachment_21975\" aria-describedby=\"caption-attachment-21975\" style=\"width: 691px\" class=\"wp-caption aligncenter\"><a href=\"https:\/\/ambulantconvoyeurpar.com\/?attachment_id=21975\" rel=\"attachment wp-att-21975\"><img loading=\"lazy\" decoding=\"async\" class=\"wp-image-21975 size-full\" src=\"https:\/\/ambulantconvoyeurpar.com\/wp-content\/uploads\/2023\/07\/a1-53.jpg\" alt=\"\" width=\"691\" height=\"298\" srcset=\"https:\/\/ambulantconvoyeurpar.com\/wp-content\/uploads\/2023\/07\/a1-53.jpg 691w, https:\/\/ambulantconvoyeurpar.com\/wp-content\/uploads\/2023\/07\/a1-53-300x129.jpg 300w, https:\/\/ambulantconvoyeurpar.com\/wp-content\/uploads\/2023\/07\/a1-53-604x260.jpg 604w\" sizes=\"auto, (max-width: 691px) 100vw, 691px\" \/><\/a><figcaption id=\"caption-attachment-21975\" class=\"wp-caption-text\">Date dans la flamme gratt\u00e9e.<\/figcaption><\/figure>\n<p style=\"text-align: center;\"><strong>1942\/47:\u00a0venez \u00e0 la foire\/internationale de Lyon.<\/strong><\/p>\n<p><a href=\"https:\/\/ambulantconvoyeurpar.com\/?attachment_id=21659\" rel=\"attachment wp-att-21659\"><img loading=\"lazy\" decoding=\"async\" class=\"size-full wp-image-21659 aligncenter\" src=\"https:\/\/ambulantconvoyeurpar.com\/wp-content\/uploads\/2023\/07\/a1-40.jpg\" alt=\"\" width=\"807\" height=\"298\" srcset=\"https:\/\/ambulantconvoyeurpar.com\/wp-content\/uploads\/2023\/07\/a1-40.jpg 807w, https:\/\/ambulantconvoyeurpar.com\/wp-content\/uploads\/2023\/07\/a1-40-300x111.jpg 300w, https:\/\/ambulantconvoyeurpar.com\/wp-content\/uploads\/2023\/07\/a1-40-768x284.jpg 768w, https:\/\/ambulantconvoyeurpar.com\/wp-content\/uploads\/2023\/07\/a1-40-604x223.jpg 604w\" sizes=\"auto, (max-width: 807px) 100vw, 807px\" \/><\/a><\/p>\n<p style=\"text-align: center;\"><strong>1942: quinzaine\/ imp\u00e9riale\/17-31 mai 1942.<\/strong><\/p>\n<p><a href=\"https:\/\/ambulantconvoyeurpar.com\/index.php\/2023\/11\/18\/bureaux-gare-du-departement-69-rhone\/scan-33\/\" rel=\"attachment wp-att-24882\"><img loading=\"lazy\" decoding=\"async\" class=\"size-full wp-image-24882 aligncenter\" src=\"https:\/\/ambulantconvoyeurpar.com\/wp-content\/uploads\/2023\/11\/Scan-7.jpg\" alt=\"\" width=\"711\" height=\"333\" srcset=\"https:\/\/ambulantconvoyeurpar.com\/wp-content\/uploads\/2023\/11\/Scan-7.jpg 711w, https:\/\/ambulantconvoyeurpar.com\/wp-content\/uploads\/2023\/11\/Scan-7-300x141.jpg 300w, https:\/\/ambulantconvoyeurpar.com\/wp-content\/uploads\/2023\/11\/Scan-7-576x270.jpg 576w\" sizes=\"auto, (max-width: 711px) 100vw, 711px\" \/><\/a><\/p>\n<p style=\"text-align: center;\"><strong>1942: c\u00e9l\u00e9brez le 30 ao\u00fbt\/l&rsquo;anniversaire\/de la l\u00e9gion.<\/strong><\/p>\n<p><a href=\"http:\/\/ambulantconvoyeurpar.com\/?attachment_id=12461\" rel=\"attachment wp-att-12461\"><img loading=\"lazy\" decoding=\"async\" class=\"size-full wp-image-12461 aligncenter\" src=\"http:\/\/ambulantconvoyeurpar.com\/wp-content\/uploads\/2021\/01\/a-107.jpg\" alt=\"\" width=\"726\" height=\"303\" srcset=\"https:\/\/ambulantconvoyeurpar.com\/wp-content\/uploads\/2021\/01\/a-107.jpg 726w, https:\/\/ambulantconvoyeurpar.com\/wp-content\/uploads\/2021\/01\/a-107-300x125.jpg 300w, https:\/\/ambulantconvoyeurpar.com\/wp-content\/uploads\/2021\/01\/a-107-604x252.jpg 604w\" sizes=\"auto, (max-width: 726px) 100vw, 726px\" \/><\/a><\/p>\n<p><span style=\"color: #ff0000;\">Machine R.B.V.<\/span><\/p>\n<p style=\"text-align: center;\"><strong>1946: salon automobile\/3-13 octobre 1946\/Grand Palais Paris.<\/strong><\/p>\n<p><a href=\"http:\/\/ambulantconvoyeurpar.com\/?attachment_id=12332\" rel=\"attachment wp-att-12332\"><img loading=\"lazy\" decoding=\"async\" class=\"size-full wp-image-12332 aligncenter\" src=\"http:\/\/ambulantconvoyeurpar.com\/wp-content\/uploads\/2021\/01\/a-48.jpg\" alt=\"\" width=\"1160\" height=\"283\" srcset=\"https:\/\/ambulantconvoyeurpar.com\/wp-content\/uploads\/2021\/01\/a-48.jpg 1160w, https:\/\/ambulantconvoyeurpar.com\/wp-content\/uploads\/2021\/01\/a-48-300x73.jpg 300w, https:\/\/ambulantconvoyeurpar.com\/wp-content\/uploads\/2021\/01\/a-48-1024x250.jpg 1024w, https:\/\/ambulantconvoyeurpar.com\/wp-content\/uploads\/2021\/01\/a-48-768x187.jpg 768w, https:\/\/ambulantconvoyeurpar.com\/wp-content\/uploads\/2021\/01\/a-48-604x147.jpg 604w\" sizes=\"auto, (max-width: 1160px) 100vw, 1160px\" \/><\/a><\/p>\n<p style=\"text-align: center;\"><strong>1946: 11 novembre 1946\/journ\u00e9e nationale\/\u00a0\u00bbvictoire\u00a0\u00bb.<\/strong><\/p>\n<p><a href=\"https:\/\/ambulantconvoyeurpar.com\/index.php\/2023\/11\/18\/bureaux-gare-du-departement-69-rhone\/a1-2548\/\" rel=\"attachment wp-att-23785\"><img loading=\"lazy\" decoding=\"async\" class=\"alignnone size-full wp-image-23785\" src=\"https:\/\/ambulantconvoyeurpar.com\/wp-content\/uploads\/2023\/11\/a1-17.jpg\" alt=\"\" width=\"1155\" height=\"298\" srcset=\"https:\/\/ambulantconvoyeurpar.com\/wp-content\/uploads\/2023\/11\/a1-17.jpg 1155w, https:\/\/ambulantconvoyeurpar.com\/wp-content\/uploads\/2023\/11\/a1-17-300x77.jpg 300w, https:\/\/ambulantconvoyeurpar.com\/wp-content\/uploads\/2023\/11\/a1-17-1024x264.jpg 1024w, https:\/\/ambulantconvoyeurpar.com\/wp-content\/uploads\/2023\/11\/a1-17-768x198.jpg 768w, https:\/\/ambulantconvoyeurpar.com\/wp-content\/uploads\/2023\/11\/a1-17-604x156.jpg 604w\" sizes=\"auto, (max-width: 1155px) 100vw, 1155px\" \/><\/a><\/p>\n<p style=\"text-align: center;\"><strong>1946\/47: foire internationale\/de Lyon\/12-21 avril 1947.<\/strong><\/p>\n<p><a href=\"http:\/\/ambulantconvoyeurpar.com\/?attachment_id=12562\" rel=\"attachment wp-att-12562\"><img loading=\"lazy\" decoding=\"async\" class=\"size-full wp-image-12562 aligncenter\" src=\"http:\/\/ambulantconvoyeurpar.com\/wp-content\/uploads\/2021\/01\/a-168.jpg\" alt=\"\" width=\"1155\" height=\"283\" srcset=\"https:\/\/ambulantconvoyeurpar.com\/wp-content\/uploads\/2021\/01\/a-168.jpg 1155w, https:\/\/ambulantconvoyeurpar.com\/wp-content\/uploads\/2021\/01\/a-168-300x74.jpg 300w, https:\/\/ambulantconvoyeurpar.com\/wp-content\/uploads\/2021\/01\/a-168-1024x251.jpg 1024w, https:\/\/ambulantconvoyeurpar.com\/wp-content\/uploads\/2021\/01\/a-168-768x188.jpg 768w, https:\/\/ambulantconvoyeurpar.com\/wp-content\/uploads\/2021\/01\/a-168-604x148.jpg 604w\" sizes=\"auto, (max-width: 1155px) 100vw, 1155px\" \/><\/a><\/p>\n<p style=\"text-align: center;\"><strong>1947: salon automobile\/23 oct.-5 nov. 1947\/Grand Palais Paris.<\/strong><\/p>\n<p><a href=\"https:\/\/ambulantconvoyeurpar.com\/?attachment_id=14013\" rel=\"attachment wp-att-14013\"><img loading=\"lazy\" decoding=\"async\" class=\"size-full wp-image-14013 aligncenter\" src=\"https:\/\/ambulantconvoyeurpar.com\/wp-content\/uploads\/2021\/06\/a3-8.jpg\" alt=\"\" width=\"1266\" height=\"258\" srcset=\"https:\/\/ambulantconvoyeurpar.com\/wp-content\/uploads\/2021\/06\/a3-8.jpg 1266w, https:\/\/ambulantconvoyeurpar.com\/wp-content\/uploads\/2021\/06\/a3-8-300x61.jpg 300w, https:\/\/ambulantconvoyeurpar.com\/wp-content\/uploads\/2021\/06\/a3-8-1024x209.jpg 1024w, https:\/\/ambulantconvoyeurpar.com\/wp-content\/uploads\/2021\/06\/a3-8-768x157.jpg 768w, https:\/\/ambulantconvoyeurpar.com\/wp-content\/uploads\/2021\/06\/a3-8-604x123.jpg 604w\" sizes=\"auto, (max-width: 1266px) 100vw, 1266px\" \/><\/a><\/p>\n<p style=\"text-align: center;\"><strong>1947\/48: foire internationale\/de Lyon\/3-12 avril 1948.<\/strong><\/p>\n<p><img loading=\"lazy\" decoding=\"async\" class=\"size-large wp-image-8979 aligncenter\" src=\"http:\/\/ambulantconvoyeurpar.com\/wp-content\/uploads\/2020\/03\/a-300-1024x283.jpg\" alt=\"\" width=\"640\" height=\"177\" srcset=\"https:\/\/ambulantconvoyeurpar.com\/wp-content\/uploads\/2020\/03\/a-300-1024x283.jpg 1024w, https:\/\/ambulantconvoyeurpar.com\/wp-content\/uploads\/2020\/03\/a-300-300x83.jpg 300w, https:\/\/ambulantconvoyeurpar.com\/wp-content\/uploads\/2020\/03\/a-300-768x212.jpg 768w, https:\/\/ambulantconvoyeurpar.com\/wp-content\/uploads\/2020\/03\/a-300-604x167.jpg 604w, https:\/\/ambulantconvoyeurpar.com\/wp-content\/uploads\/2020\/03\/a-300.jpg 1150w\" sizes=\"auto, (max-width: 640px) 100vw, 640px\" \/><\/p>\n<p style=\"text-align: center;\"><strong>1948: congr\u00e8s internationale de la soie\/Lyon-Paris\/14-18 juin 1948.<\/strong><\/p>\n<p><a href=\"http:\/\/ambulantconvoyeurpar.com\/?attachment_id=12486\" rel=\"attachment wp-att-12486\"><img loading=\"lazy\" decoding=\"async\" class=\"size-full wp-image-12486 aligncenter\" src=\"http:\/\/ambulantconvoyeurpar.com\/wp-content\/uploads\/2021\/01\/a-118.jpg\" alt=\"\" width=\"1160\" height=\"283\" srcset=\"https:\/\/ambulantconvoyeurpar.com\/wp-content\/uploads\/2021\/01\/a-118.jpg 1160w, https:\/\/ambulantconvoyeurpar.com\/wp-content\/uploads\/2021\/01\/a-118-300x73.jpg 300w, https:\/\/ambulantconvoyeurpar.com\/wp-content\/uploads\/2021\/01\/a-118-1024x250.jpg 1024w, https:\/\/ambulantconvoyeurpar.com\/wp-content\/uploads\/2021\/01\/a-118-768x187.jpg 768w, https:\/\/ambulantconvoyeurpar.com\/wp-content\/uploads\/2021\/01\/a-118-604x147.jpg 604w\" sizes=\"auto, (max-width: 1160px) 100vw, 1160px\" \/><\/a><\/p>\n<p style=\"text-align: center;\"><strong>1948\/49: pour vos \u00e9conomies\/caisse nationale\/d&rsquo;\u00e9pargne.<\/strong><\/p>\n<figure id=\"attachment_12900\" aria-describedby=\"caption-attachment-12900\" style=\"width: 1150px\" class=\"wp-caption aligncenter\"><a href=\"https:\/\/ambulantconvoyeurpar.com\/?attachment_id=12900\" rel=\"attachment wp-att-12900\"><img loading=\"lazy\" decoding=\"async\" class=\"wp-image-12900 size-full\" src=\"https:\/\/ambulantconvoyeurpar.com\/wp-content\/uploads\/2021\/02\/a-27.jpg\" alt=\"\" width=\"1150\" height=\"303\" srcset=\"https:\/\/ambulantconvoyeurpar.com\/wp-content\/uploads\/2021\/02\/a-27.jpg 1150w, https:\/\/ambulantconvoyeurpar.com\/wp-content\/uploads\/2021\/02\/a-27-300x79.jpg 300w, https:\/\/ambulantconvoyeurpar.com\/wp-content\/uploads\/2021\/02\/a-27-1024x270.jpg 1024w, https:\/\/ambulantconvoyeurpar.com\/wp-content\/uploads\/2021\/02\/a-27-768x202.jpg 768w, https:\/\/ambulantconvoyeurpar.com\/wp-content\/uploads\/2021\/02\/a-27-604x159.jpg 604w\" sizes=\"auto, (max-width: 1150px) 100vw, 1150px\" \/><\/a><figcaption id=\"caption-attachment-12900\" class=\"wp-caption-text\">Dateur sur 4 lignes.<\/figcaption><\/figure>\n<p style=\"text-align: center;\"><strong>1950\/52: idem<\/strong><\/p>\n<figure id=\"attachment_11145\" aria-describedby=\"caption-attachment-11145\" style=\"width: 640px\" class=\"wp-caption aligncenter\"><a href=\"http:\/\/ambulantconvoyeurpar.com\/?attachment_id=11145\" rel=\"attachment wp-att-11145\"><img loading=\"lazy\" decoding=\"async\" class=\"wp-image-11145 size-large\" src=\"https:\/\/ambulantconvoyeurpar.com\/wp-content\/uploads\/2020\/09\/a-41-1024x213.jpg\" alt=\"\" width=\"640\" height=\"133\" srcset=\"https:\/\/ambulantconvoyeurpar.com\/wp-content\/uploads\/2020\/09\/a-41-1024x213.jpg 1024w, https:\/\/ambulantconvoyeurpar.com\/wp-content\/uploads\/2020\/09\/a-41-300x62.jpg 300w, https:\/\/ambulantconvoyeurpar.com\/wp-content\/uploads\/2020\/09\/a-41-768x160.jpg 768w, https:\/\/ambulantconvoyeurpar.com\/wp-content\/uploads\/2020\/09\/a-41-604x125.jpg 604w, https:\/\/ambulantconvoyeurpar.com\/wp-content\/uploads\/2020\/09\/a-41.jpg 1165w\" sizes=\"auto, (max-width: 640px) 100vw, 640px\" \/><\/a><figcaption id=\"caption-attachment-11145\" class=\"wp-caption-text\">Dateur sur 3 lignes.<\/figcaption><\/figure>\n<p style=\"text-align: center;\"><strong>1949: foire internationale\/de Lyon\/23 avril-2 mai.<\/strong><\/p>\n<p><a href=\"http:\/\/ambulantconvoyeurpar.com\/?attachment_id=12485\" rel=\"attachment wp-att-12485\"><img loading=\"lazy\" decoding=\"async\" class=\"size-full wp-image-12485 aligncenter\" src=\"http:\/\/ambulantconvoyeurpar.com\/wp-content\/uploads\/2021\/01\/a-117.jpg\" alt=\"\" width=\"1145\" height=\"268\" srcset=\"https:\/\/ambulantconvoyeurpar.com\/wp-content\/uploads\/2021\/01\/a-117.jpg 1145w, https:\/\/ambulantconvoyeurpar.com\/wp-content\/uploads\/2021\/01\/a-117-300x70.jpg 300w, https:\/\/ambulantconvoyeurpar.com\/wp-content\/uploads\/2021\/01\/a-117-1024x240.jpg 1024w, https:\/\/ambulantconvoyeurpar.com\/wp-content\/uploads\/2021\/01\/a-117-768x180.jpg 768w, https:\/\/ambulantconvoyeurpar.com\/wp-content\/uploads\/2021\/01\/a-117-604x141.jpg 604w\" sizes=\"auto, (max-width: 1145px) 100vw, 1145px\" \/><\/a><\/p>\n<p><span style=\"color: #ff0000;\">Machine Krag<\/span><\/p>\n<p style=\"text-align: center;\"><strong>1949\/50: pour Paris\/mettre le num\u00e9ro\/de l&rsquo;arrondissement.<\/strong><\/p>\n<p><a href=\"https:\/\/ambulantconvoyeurpar.com\/?attachment_id=21788\" rel=\"attachment wp-att-21788\"><img loading=\"lazy\" decoding=\"async\" class=\"size-full wp-image-21788 aligncenter\" src=\"https:\/\/ambulantconvoyeurpar.com\/wp-content\/uploads\/2023\/07\/a1-51.jpg\" alt=\"\" width=\"1145\" height=\"318\" srcset=\"https:\/\/ambulantconvoyeurpar.com\/wp-content\/uploads\/2023\/07\/a1-51.jpg 1145w, https:\/\/ambulantconvoyeurpar.com\/wp-content\/uploads\/2023\/07\/a1-51-300x83.jpg 300w, https:\/\/ambulantconvoyeurpar.com\/wp-content\/uploads\/2023\/07\/a1-51-1024x284.jpg 1024w, https:\/\/ambulantconvoyeurpar.com\/wp-content\/uploads\/2023\/07\/a1-51-768x213.jpg 768w, https:\/\/ambulantconvoyeurpar.com\/wp-content\/uploads\/2023\/07\/a1-51-604x168.jpg 604w\" sizes=\"auto, (max-width: 1145px) 100vw, 1145px\" \/><\/a><\/p>\n<p><span style=\"color: #ff0000;\">Machine R.B.V.<\/span><\/p>\n<p style=\"text-align: center;\"><strong>1949\/51: exigez moteurs\/&amp; autre mat\u00e9riel\/antiparasites.<\/strong><\/p>\n<figure id=\"attachment_12330\" aria-describedby=\"caption-attachment-12330\" style=\"width: 1115px\" class=\"wp-caption aligncenter\"><a href=\"http:\/\/ambulantconvoyeurpar.com\/?attachment_id=12330\" rel=\"attachment wp-att-12330\"><img loading=\"lazy\" decoding=\"async\" class=\"wp-image-12330 size-full\" src=\"https:\/\/ambulantconvoyeurpar.com\/wp-content\/uploads\/2021\/01\/a-46.jpg\" alt=\"\" width=\"1115\" height=\"343\" srcset=\"https:\/\/ambulantconvoyeurpar.com\/wp-content\/uploads\/2021\/01\/a-46.jpg 1115w, https:\/\/ambulantconvoyeurpar.com\/wp-content\/uploads\/2021\/01\/a-46-300x92.jpg 300w, https:\/\/ambulantconvoyeurpar.com\/wp-content\/uploads\/2021\/01\/a-46-1024x315.jpg 1024w, https:\/\/ambulantconvoyeurpar.com\/wp-content\/uploads\/2021\/01\/a-46-768x236.jpg 768w, https:\/\/ambulantconvoyeurpar.com\/wp-content\/uploads\/2021\/01\/a-46-604x186.jpg 604w\" sizes=\"auto, (max-width: 1115px) 100vw, 1115px\" \/><\/a><figcaption id=\"caption-attachment-12330\" class=\"wp-caption-text\">Dateur sur 4 lignes.<\/figcaption><\/figure>\n<p style=\"text-align: center;\"><strong>1951: idem.<\/strong><\/p>\n<figure id=\"attachment_21681\" aria-describedby=\"caption-attachment-21681\" style=\"width: 1157px\" class=\"wp-caption aligncenter\"><a href=\"https:\/\/ambulantconvoyeurpar.com\/?attachment_id=21681\" rel=\"attachment wp-att-21681\"><img loading=\"lazy\" decoding=\"async\" class=\"wp-image-21681 size-full\" src=\"https:\/\/ambulantconvoyeurpar.com\/wp-content\/uploads\/2023\/07\/a1-43.jpg\" alt=\"\" width=\"1157\" height=\"922\" srcset=\"https:\/\/ambulantconvoyeurpar.com\/wp-content\/uploads\/2023\/07\/a1-43.jpg 1157w, https:\/\/ambulantconvoyeurpar.com\/wp-content\/uploads\/2023\/07\/a1-43-300x239.jpg 300w, https:\/\/ambulantconvoyeurpar.com\/wp-content\/uploads\/2023\/07\/a1-43-1024x816.jpg 1024w, https:\/\/ambulantconvoyeurpar.com\/wp-content\/uploads\/2023\/07\/a1-43-768x612.jpg 768w, https:\/\/ambulantconvoyeurpar.com\/wp-content\/uploads\/2023\/07\/a1-43-339x270.jpg 339w\" sizes=\"auto, (max-width: 1157px) 100vw, 1157px\" \/><\/a><figcaption id=\"caption-attachment-21681\" class=\"wp-caption-text\">Dateur sur 3 lignes.<\/figcaption><\/figure>\n<p style=\"text-align: center;\"><strong>1950: foire internationale\/Lyon 1950\/15-24 avril.<\/strong><\/p>\n<p><a href=\"http:\/\/ambulantconvoyeurpar.com\/?attachment_id=12439\" rel=\"attachment wp-att-12439\"><img loading=\"lazy\" decoding=\"async\" class=\"size-full wp-image-12439 aligncenter\" src=\"http:\/\/ambulantconvoyeurpar.com\/wp-content\/uploads\/2021\/01\/a-95.jpg\" alt=\"\" width=\"1100\" height=\"293\" srcset=\"https:\/\/ambulantconvoyeurpar.com\/wp-content\/uploads\/2021\/01\/a-95.jpg 1100w, https:\/\/ambulantconvoyeurpar.com\/wp-content\/uploads\/2021\/01\/a-95-300x80.jpg 300w, https:\/\/ambulantconvoyeurpar.com\/wp-content\/uploads\/2021\/01\/a-95-1024x273.jpg 1024w, https:\/\/ambulantconvoyeurpar.com\/wp-content\/uploads\/2021\/01\/a-95-768x205.jpg 768w, https:\/\/ambulantconvoyeurpar.com\/wp-content\/uploads\/2021\/01\/a-95-604x161.jpg 604w\" sizes=\"auto, (max-width: 1100px) 100vw, 1100px\" \/><\/a><\/p>\n<p style=\"text-align: center;\"><strong>1950: salon automobile\/en octobre\/Grand Palais Paris.<\/strong><\/p>\n<p>Je ne poss\u00e8de pas cette flamme.<\/p>\n<p style=\"text-align: center;\"><strong>1951: foire de Lyon\/31 mars-9 avril.<\/strong><\/p>\n<p><a href=\"https:\/\/ambulantconvoyeurpar.com\/?attachment_id=17321\" rel=\"attachment wp-att-17321\"><img loading=\"lazy\" decoding=\"async\" class=\"size-full wp-image-17321 aligncenter\" src=\"https:\/\/ambulantconvoyeurpar.com\/wp-content\/uploads\/2022\/09\/a1-57.jpg\" alt=\"\" width=\"1150\" height=\"293\" srcset=\"https:\/\/ambulantconvoyeurpar.com\/wp-content\/uploads\/2022\/09\/a1-57.jpg 1150w, https:\/\/ambulantconvoyeurpar.com\/wp-content\/uploads\/2022\/09\/a1-57-300x76.jpg 300w, https:\/\/ambulantconvoyeurpar.com\/wp-content\/uploads\/2022\/09\/a1-57-1024x261.jpg 1024w, https:\/\/ambulantconvoyeurpar.com\/wp-content\/uploads\/2022\/09\/a1-57-768x196.jpg 768w, https:\/\/ambulantconvoyeurpar.com\/wp-content\/uploads\/2022\/09\/a1-57-604x154.jpg 604w\" sizes=\"auto, (max-width: 1150px) 100vw, 1150px\" \/><\/a><\/p>\n<p style=\"text-align: center;\"><strong>1951\/52: Lyon\/grande ville de France\/syndicat d&rsquo;initiative.<\/strong><\/p>\n<figure id=\"attachment_22027\" aria-describedby=\"caption-attachment-22027\" style=\"width: 1150px\" class=\"wp-caption aligncenter\"><a href=\"https:\/\/ambulantconvoyeurpar.com\/?attachment_id=22027\" rel=\"attachment wp-att-22027\"><img loading=\"lazy\" decoding=\"async\" class=\"wp-image-22027 size-full\" src=\"https:\/\/ambulantconvoyeurpar.com\/wp-content\/uploads\/2023\/07\/a1-54.jpg\" alt=\"\" width=\"1150\" height=\"263\" srcset=\"https:\/\/ambulantconvoyeurpar.com\/wp-content\/uploads\/2023\/07\/a1-54.jpg 1150w, https:\/\/ambulantconvoyeurpar.com\/wp-content\/uploads\/2023\/07\/a1-54-300x69.jpg 300w, https:\/\/ambulantconvoyeurpar.com\/wp-content\/uploads\/2023\/07\/a1-54-1024x234.jpg 1024w, https:\/\/ambulantconvoyeurpar.com\/wp-content\/uploads\/2023\/07\/a1-54-768x176.jpg 768w, https:\/\/ambulantconvoyeurpar.com\/wp-content\/uploads\/2023\/07\/a1-54-604x138.jpg 604w\" sizes=\"auto, (max-width: 1150px) 100vw, 1150px\" \/><\/a><figcaption id=\"caption-attachment-22027\" class=\"wp-caption-text\">Dateur sur 4 lignes.<\/figcaption><\/figure>\n<p style=\"text-align: center;\"><strong>1952\/54: idem<\/strong><\/p>\n<figure id=\"attachment_11133\" aria-describedby=\"caption-attachment-11133\" style=\"width: 640px\" class=\"wp-caption aligncenter\"><a href=\"http:\/\/ambulantconvoyeurpar.com\/?attachment_id=11133\" rel=\"attachment wp-att-11133\"><img loading=\"lazy\" decoding=\"async\" class=\"wp-image-11133 size-large\" src=\"https:\/\/ambulantconvoyeurpar.com\/wp-content\/uploads\/2020\/08\/a-61-1024x242.jpg\" alt=\"\" width=\"640\" height=\"151\" srcset=\"https:\/\/ambulantconvoyeurpar.com\/wp-content\/uploads\/2020\/08\/a-61-1024x242.jpg 1024w, https:\/\/ambulantconvoyeurpar.com\/wp-content\/uploads\/2020\/08\/a-61-300x71.jpg 300w, https:\/\/ambulantconvoyeurpar.com\/wp-content\/uploads\/2020\/08\/a-61-768x182.jpg 768w, https:\/\/ambulantconvoyeurpar.com\/wp-content\/uploads\/2020\/08\/a-61-604x143.jpg 604w, https:\/\/ambulantconvoyeurpar.com\/wp-content\/uploads\/2020\/08\/a-61.jpg 1155w\" sizes=\"auto, (max-width: 640px) 100vw, 640px\" \/><\/a><figcaption id=\"caption-attachment-11133\" class=\"wp-caption-text\">Dateur sur 3 lignes.<\/figcaption><\/figure>\n<p style=\"text-align: center;\"><strong>1954\/57: idem\u00a0<\/strong><\/p>\n<figure id=\"attachment_12381\" aria-describedby=\"caption-attachment-12381\" style=\"width: 1160px\" class=\"wp-caption aligncenter\"><a href=\"http:\/\/ambulantconvoyeurpar.com\/?attachment_id=12381\" rel=\"attachment wp-att-12381\"><img loading=\"lazy\" decoding=\"async\" class=\"wp-image-12381 size-full\" src=\"https:\/\/ambulantconvoyeurpar.com\/wp-content\/uploads\/2021\/01\/a-74.jpg\" alt=\"\" width=\"1160\" height=\"278\" srcset=\"https:\/\/ambulantconvoyeurpar.com\/wp-content\/uploads\/2021\/01\/a-74.jpg 1160w, https:\/\/ambulantconvoyeurpar.com\/wp-content\/uploads\/2021\/01\/a-74-300x72.jpg 300w, https:\/\/ambulantconvoyeurpar.com\/wp-content\/uploads\/2021\/01\/a-74-1024x245.jpg 1024w, https:\/\/ambulantconvoyeurpar.com\/wp-content\/uploads\/2021\/01\/a-74-768x184.jpg 768w, https:\/\/ambulantconvoyeurpar.com\/wp-content\/uploads\/2021\/01\/a-74-604x145.jpg 604w\" sizes=\"auto, (max-width: 1160px) 100vw, 1160px\" \/><\/a><figcaption id=\"caption-attachment-12381\" class=\"wp-caption-text\">Grand H dans le dateur et Lyon gare plus petit.<\/figcaption><\/figure>\n<p style=\"text-align: center;\"><strong>1951: 28 avril-20 mai\/exposition textile\/Lille.<\/strong><\/p>\n<p><a href=\"http:\/\/ambulantconvoyeurpar.com\/?attachment_id=11131\" rel=\"attachment wp-att-11131\"><img loading=\"lazy\" decoding=\"async\" class=\"size-large wp-image-11131 aligncenter\" src=\"http:\/\/ambulantconvoyeurpar.com\/wp-content\/uploads\/2020\/08\/a-59-1024x263.jpg\" alt=\"\" width=\"640\" height=\"164\" srcset=\"https:\/\/ambulantconvoyeurpar.com\/wp-content\/uploads\/2020\/08\/a-59-1024x263.jpg 1024w, https:\/\/ambulantconvoyeurpar.com\/wp-content\/uploads\/2020\/08\/a-59-300x77.jpg 300w, https:\/\/ambulantconvoyeurpar.com\/wp-content\/uploads\/2020\/08\/a-59-768x197.jpg 768w, https:\/\/ambulantconvoyeurpar.com\/wp-content\/uploads\/2020\/08\/a-59-604x155.jpg 604w, https:\/\/ambulantconvoyeurpar.com\/wp-content\/uploads\/2020\/08\/a-59.jpg 1140w\" sizes=\"auto, (max-width: 640px) 100vw, 640px\" \/><\/a><\/p>\n<p style=\"text-align: center;\"><strong>1951: exposition internationale\/du bois-Lyon\/23 sep.7 oct.<\/strong><\/p>\n<p><a href=\"http:\/\/ambulantconvoyeurpar.com\/?attachment_id=11633\" rel=\"attachment wp-att-11633\"><img loading=\"lazy\" decoding=\"async\" class=\"size-large wp-image-11633 aligncenter\" src=\"http:\/\/ambulantconvoyeurpar.com\/wp-content\/uploads\/2020\/09\/a-136-1024x218.jpg\" alt=\"\" width=\"640\" height=\"136\" srcset=\"https:\/\/ambulantconvoyeurpar.com\/wp-content\/uploads\/2020\/09\/a-136-1024x218.jpg 1024w, https:\/\/ambulantconvoyeurpar.com\/wp-content\/uploads\/2020\/09\/a-136-300x64.jpg 300w, https:\/\/ambulantconvoyeurpar.com\/wp-content\/uploads\/2020\/09\/a-136-768x164.jpg 768w, https:\/\/ambulantconvoyeurpar.com\/wp-content\/uploads\/2020\/09\/a-136-604x129.jpg 604w, https:\/\/ambulantconvoyeurpar.com\/wp-content\/uploads\/2020\/09\/a-136.jpg 1160w\" sizes=\"auto, (max-width: 640px) 100vw, 640px\" \/><\/a><\/p>\n<p style=\"text-align: center;\"><strong>1952\/55: festival\/de Lyon\/Charbonni\u00e8res\/du 20 juin\/au 10 juillet.<\/strong><\/p>\n<p><a href=\"http:\/\/ambulantconvoyeurpar.com\/?attachment_id=11132\" rel=\"attachment wp-att-11132\"><img loading=\"lazy\" decoding=\"async\" class=\"size-large wp-image-11132 aligncenter\" src=\"http:\/\/ambulantconvoyeurpar.com\/wp-content\/uploads\/2020\/08\/a-60-1024x242.jpg\" alt=\"\" width=\"640\" height=\"151\" srcset=\"https:\/\/ambulantconvoyeurpar.com\/wp-content\/uploads\/2020\/08\/a-60-1024x242.jpg 1024w, https:\/\/ambulantconvoyeurpar.com\/wp-content\/uploads\/2020\/08\/a-60-300x71.jpg 300w, https:\/\/ambulantconvoyeurpar.com\/wp-content\/uploads\/2020\/08\/a-60-768x182.jpg 768w, https:\/\/ambulantconvoyeurpar.com\/wp-content\/uploads\/2020\/08\/a-60-604x143.jpg 604w, https:\/\/ambulantconvoyeurpar.com\/wp-content\/uploads\/2020\/08\/a-60.jpg 1155w\" sizes=\"auto, (max-width: 640px) 100vw, 640px\" \/><\/a><\/p>\n<p style=\"text-align: center;\"><strong>1955\/59: idem.<\/strong><\/p>\n<figure id=\"attachment_12382\" aria-describedby=\"caption-attachment-12382\" style=\"width: 1135px\" class=\"wp-caption aligncenter\"><a href=\"http:\/\/ambulantconvoyeurpar.com\/?attachment_id=12382\" rel=\"attachment wp-att-12382\"><img loading=\"lazy\" decoding=\"async\" class=\"wp-image-12382 size-full\" src=\"https:\/\/ambulantconvoyeurpar.com\/wp-content\/uploads\/2021\/01\/a-75.jpg\" alt=\"\" width=\"1135\" height=\"247\" srcset=\"https:\/\/ambulantconvoyeurpar.com\/wp-content\/uploads\/2021\/01\/a-75.jpg 1135w, https:\/\/ambulantconvoyeurpar.com\/wp-content\/uploads\/2021\/01\/a-75-300x65.jpg 300w, https:\/\/ambulantconvoyeurpar.com\/wp-content\/uploads\/2021\/01\/a-75-1024x223.jpg 1024w, https:\/\/ambulantconvoyeurpar.com\/wp-content\/uploads\/2021\/01\/a-75-768x167.jpg 768w, https:\/\/ambulantconvoyeurpar.com\/wp-content\/uploads\/2021\/01\/a-75-604x131.jpg 604w\" sizes=\"auto, (max-width: 1135px) 100vw, 1135px\" \/><\/a><figcaption id=\"caption-attachment-12382\" class=\"wp-caption-text\">Lyon gare plus petit dans le haut du dateur.<\/figcaption><\/figure>\n<p style=\"text-align: center;\"><strong>1952: foire de Lyon\/19-28 avril 1952.<\/strong><\/p>\n<p><a href=\"http:\/\/ambulantconvoyeurpar.com\/?attachment_id=12333\" rel=\"attachment wp-att-12333\"><img loading=\"lazy\" decoding=\"async\" class=\"size-full wp-image-12333 aligncenter\" src=\"http:\/\/ambulantconvoyeurpar.com\/wp-content\/uploads\/2021\/01\/a-49.jpg\" alt=\"\" width=\"1140\" height=\"298\" srcset=\"https:\/\/ambulantconvoyeurpar.com\/wp-content\/uploads\/2021\/01\/a-49.jpg 1140w, https:\/\/ambulantconvoyeurpar.com\/wp-content\/uploads\/2021\/01\/a-49-300x78.jpg 300w, https:\/\/ambulantconvoyeurpar.com\/wp-content\/uploads\/2021\/01\/a-49-1024x268.jpg 1024w, https:\/\/ambulantconvoyeurpar.com\/wp-content\/uploads\/2021\/01\/a-49-768x201.jpg 768w, https:\/\/ambulantconvoyeurpar.com\/wp-content\/uploads\/2021\/01\/a-49-604x158.jpg 604w\" sizes=\"auto, (max-width: 1140px) 100vw, 1140px\" \/><\/a><\/p>\n<p><span style=\"color: #ff0000;\">Machine Krag<\/span><\/p>\n<p style=\"text-align: center;\"><strong>1952: salon automobile\/en octobre\/Grand Palais Paris.<\/strong><\/p>\n<p>Je ne poss\u00e8de pas cette flamme.<\/p>\n<p style=\"text-align: center;\"><strong>1952: pour Paris\/mettre le N\u00b0 de\/l&rsquo;arrondissement.<\/strong><\/p>\n<p><a href=\"https:\/\/ambulantconvoyeurpar.com\/?attachment_id=21658\" rel=\"attachment wp-att-21658\"><img loading=\"lazy\" decoding=\"async\" class=\"size-full wp-image-21658 aligncenter\" src=\"https:\/\/ambulantconvoyeurpar.com\/wp-content\/uploads\/2023\/07\/a1-39.jpg\" alt=\"\" width=\"1135\" height=\"293\" srcset=\"https:\/\/ambulantconvoyeurpar.com\/wp-content\/uploads\/2023\/07\/a1-39.jpg 1135w, https:\/\/ambulantconvoyeurpar.com\/wp-content\/uploads\/2023\/07\/a1-39-300x77.jpg 300w, https:\/\/ambulantconvoyeurpar.com\/wp-content\/uploads\/2023\/07\/a1-39-1024x264.jpg 1024w, https:\/\/ambulantconvoyeurpar.com\/wp-content\/uploads\/2023\/07\/a1-39-768x198.jpg 768w, https:\/\/ambulantconvoyeurpar.com\/wp-content\/uploads\/2023\/07\/a1-39-604x156.jpg 604w\" sizes=\"auto, (max-width: 1135px) 100vw, 1135px\" \/><\/a><\/p>\n<p><span style=\"color: #ff0000;\">Machine R.B.V.<\/span><\/p>\n<p style=\"text-align: center;\"><strong>1952\/55: arm\u00e9e fran\u00e7aise\/esprit jeune\/technique moderne.<\/strong><\/p>\n<p><a href=\"http:\/\/ambulantconvoyeurpar.com\/?attachment_id=11144\" rel=\"attachment wp-att-11144\"><img loading=\"lazy\" decoding=\"async\" class=\"size-large wp-image-11144 aligncenter\" src=\"http:\/\/ambulantconvoyeurpar.com\/wp-content\/uploads\/2020\/09\/a-40-1024x244.jpg\" alt=\"\" width=\"640\" height=\"153\" srcset=\"https:\/\/ambulantconvoyeurpar.com\/wp-content\/uploads\/2020\/09\/a-40-1024x244.jpg 1024w, https:\/\/ambulantconvoyeurpar.com\/wp-content\/uploads\/2020\/09\/a-40-300x72.jpg 300w, https:\/\/ambulantconvoyeurpar.com\/wp-content\/uploads\/2020\/09\/a-40-768x183.jpg 768w, https:\/\/ambulantconvoyeurpar.com\/wp-content\/uploads\/2020\/09\/a-40-604x144.jpg 604w, https:\/\/ambulantconvoyeurpar.com\/wp-content\/uploads\/2020\/09\/a-40.jpg 1145w\" sizes=\"auto, (max-width: 640px) 100vw, 640px\" \/><\/a><\/p>\n<p style=\"text-align: center;\"><strong>1954\/58: idem<\/strong><\/p>\n<figure id=\"attachment_15099\" aria-describedby=\"caption-attachment-15099\" style=\"width: 1135px\" class=\"wp-caption aligncenter\"><a href=\"https:\/\/ambulantconvoyeurpar.com\/?attachment_id=15099\" rel=\"attachment wp-att-15099\"><img loading=\"lazy\" decoding=\"async\" class=\"wp-image-15099 size-full\" src=\"https:\/\/ambulantconvoyeurpar.com\/wp-content\/uploads\/2021\/12\/a6-19.jpg\" alt=\"\" width=\"1135\" height=\"313\" srcset=\"https:\/\/ambulantconvoyeurpar.com\/wp-content\/uploads\/2021\/12\/a6-19.jpg 1135w, https:\/\/ambulantconvoyeurpar.com\/wp-content\/uploads\/2021\/12\/a6-19-300x83.jpg 300w, https:\/\/ambulantconvoyeurpar.com\/wp-content\/uploads\/2021\/12\/a6-19-1024x282.jpg 1024w, https:\/\/ambulantconvoyeurpar.com\/wp-content\/uploads\/2021\/12\/a6-19-768x212.jpg 768w, https:\/\/ambulantconvoyeurpar.com\/wp-content\/uploads\/2021\/12\/a6-19-604x167.jpg 604w\" sizes=\"auto, (max-width: 1135px) 100vw, 1135px\" \/><\/a><figcaption id=\"caption-attachment-15099\" class=\"wp-caption-text\">Lettres plus fines dans le dateur.<\/figcaption><\/figure>\n<p style=\"text-align: center;\"><strong>1953: foire internationale de Lyon\/du 11 au 20 avril 1953.<\/strong><\/p>\n<p><a href=\"https:\/\/ambulantconvoyeurpar.com\/?attachment_id=21725\" rel=\"attachment wp-att-21725\"><img loading=\"lazy\" decoding=\"async\" class=\"size-full wp-image-21725 aligncenter\" src=\"https:\/\/ambulantconvoyeurpar.com\/wp-content\/uploads\/2023\/07\/a1-45.jpg\" alt=\"\" width=\"1135\" height=\"293\" srcset=\"https:\/\/ambulantconvoyeurpar.com\/wp-content\/uploads\/2023\/07\/a1-45.jpg 1135w, https:\/\/ambulantconvoyeurpar.com\/wp-content\/uploads\/2023\/07\/a1-45-300x77.jpg 300w, https:\/\/ambulantconvoyeurpar.com\/wp-content\/uploads\/2023\/07\/a1-45-1024x264.jpg 1024w, https:\/\/ambulantconvoyeurpar.com\/wp-content\/uploads\/2023\/07\/a1-45-768x198.jpg 768w, https:\/\/ambulantconvoyeurpar.com\/wp-content\/uploads\/2023\/07\/a1-45-604x156.jpg 604w\" sizes=\"auto, (max-width: 1135px) 100vw, 1135px\" \/><\/a><\/p>\n<p style=\"text-align: center;\"><strong>1954: s\u00e9curit\u00e9 commodit\u00e9\/caisse d&rsquo;\u00e9pargne\/dans tous les bureaux de poste.<\/strong><\/p>\n<p>Je ne poss\u00e8de pas cette flamme.<\/p>\n<p style=\"text-align: center;\"><strong>1954: foire internationale de Lyon\/du 24 avril au 3 mai 1954.<\/strong><\/p>\n<p><a href=\"http:\/\/ambulantconvoyeurpar.com\/?attachment_id=12484\" rel=\"attachment wp-att-12484\"><img loading=\"lazy\" decoding=\"async\" class=\"size-full wp-image-12484 aligncenter\" src=\"http:\/\/ambulantconvoyeurpar.com\/wp-content\/uploads\/2021\/01\/a-116.jpg\" alt=\"\" width=\"1095\" height=\"263\" srcset=\"https:\/\/ambulantconvoyeurpar.com\/wp-content\/uploads\/2021\/01\/a-116.jpg 1095w, https:\/\/ambulantconvoyeurpar.com\/wp-content\/uploads\/2021\/01\/a-116-300x72.jpg 300w, https:\/\/ambulantconvoyeurpar.com\/wp-content\/uploads\/2021\/01\/a-116-1024x246.jpg 1024w, https:\/\/ambulantconvoyeurpar.com\/wp-content\/uploads\/2021\/01\/a-116-768x184.jpg 768w, https:\/\/ambulantconvoyeurpar.com\/wp-content\/uploads\/2021\/01\/a-116-604x145.jpg 604w\" sizes=\"auto, (max-width: 1095px) 100vw, 1095px\" \/><\/a><\/p>\n<p style=\"text-align: center;\"><strong>1954: nuit de l&rsquo;arm\u00e9e\/Lyon\/18-26 septembre 1954.<\/strong><\/p>\n<p><a href=\"http:\/\/ambulantconvoyeurpar.com\/?attachment_id=11153\" rel=\"attachment wp-att-11153\"><img loading=\"lazy\" decoding=\"async\" class=\"size-large wp-image-11153 aligncenter\" src=\"http:\/\/ambulantconvoyeurpar.com\/wp-content\/uploads\/2020\/09\/a-49-1024x244.jpg\" alt=\"\" width=\"640\" height=\"153\" srcset=\"https:\/\/ambulantconvoyeurpar.com\/wp-content\/uploads\/2020\/09\/a-49-1024x244.jpg 1024w, https:\/\/ambulantconvoyeurpar.com\/wp-content\/uploads\/2020\/09\/a-49-300x72.jpg 300w, https:\/\/ambulantconvoyeurpar.com\/wp-content\/uploads\/2020\/09\/a-49-768x183.jpg 768w, https:\/\/ambulantconvoyeurpar.com\/wp-content\/uploads\/2020\/09\/a-49-604x144.jpg 604w, https:\/\/ambulantconvoyeurpar.com\/wp-content\/uploads\/2020\/09\/a-49.jpg 1145w\" sizes=\"auto, (max-width: 640px) 100vw, 640px\" \/><\/a><\/p>\n<p style=\"text-align: center;\"><strong>1954\/55: bons P.T.T. 6%\/s\u00e9curit\u00e9 100%.<\/strong><\/p>\n<p><a href=\"https:\/\/ambulantconvoyeurpar.com\/?attachment_id=21727\" rel=\"attachment wp-att-21727\"><img loading=\"lazy\" decoding=\"async\" class=\"size-full wp-image-21727 aligncenter\" src=\"https:\/\/ambulantconvoyeurpar.com\/wp-content\/uploads\/2023\/07\/a1-47.jpg\" alt=\"\" width=\"1206\" height=\"283\" srcset=\"https:\/\/ambulantconvoyeurpar.com\/wp-content\/uploads\/2023\/07\/a1-47.jpg 1206w, https:\/\/ambulantconvoyeurpar.com\/wp-content\/uploads\/2023\/07\/a1-47-300x70.jpg 300w, https:\/\/ambulantconvoyeurpar.com\/wp-content\/uploads\/2023\/07\/a1-47-1024x240.jpg 1024w, https:\/\/ambulantconvoyeurpar.com\/wp-content\/uploads\/2023\/07\/a1-47-768x180.jpg 768w, https:\/\/ambulantconvoyeurpar.com\/wp-content\/uploads\/2023\/07\/a1-47-604x142.jpg 604w\" sizes=\"auto, (max-width: 1206px) 100vw, 1206px\" \/><\/a><\/p>\n<p style=\"text-align: center;\"><strong>1955: foire internationale de Lyon\/du 16 au 25 avril 1955.<\/strong><\/p>\n<p><img loading=\"lazy\" decoding=\"async\" class=\"size-large wp-image-9068 aligncenter\" src=\"http:\/\/ambulantconvoyeurpar.com\/wp-content\/uploads\/2020\/04\/a-61-1024x264.jpg\" alt=\"\" width=\"640\" height=\"165\" srcset=\"https:\/\/ambulantconvoyeurpar.com\/wp-content\/uploads\/2020\/04\/a-61-1024x264.jpg 1024w, https:\/\/ambulantconvoyeurpar.com\/wp-content\/uploads\/2020\/04\/a-61-300x77.jpg 300w, https:\/\/ambulantconvoyeurpar.com\/wp-content\/uploads\/2020\/04\/a-61-768x198.jpg 768w, https:\/\/ambulantconvoyeurpar.com\/wp-content\/uploads\/2020\/04\/a-61-604x156.jpg 604w, https:\/\/ambulantconvoyeurpar.com\/wp-content\/uploads\/2020\/04\/a-61.jpg 1135w\" sizes=\"auto, (max-width: 640px) 100vw, 640px\" \/><\/p>\n<p><span style=\"color: #ff0000;\">Machine Secap<\/span><\/p>\n<p style=\"text-align: center;\"><strong>1955\/78: 5 lignes ondul\u00e9es.<\/strong><\/p>\n<figure id=\"attachment_11146\" aria-describedby=\"caption-attachment-11146\" style=\"width: 736px\" class=\"wp-caption aligncenter\"><a href=\"http:\/\/ambulantconvoyeurpar.com\/?attachment_id=11146\" rel=\"attachment wp-att-11146\"><img loading=\"lazy\" decoding=\"async\" class=\"wp-image-11146 size-full\" src=\"https:\/\/ambulantconvoyeurpar.com\/wp-content\/uploads\/2020\/09\/a-42.jpg\" alt=\"\" width=\"736\" height=\"278\" srcset=\"https:\/\/ambulantconvoyeurpar.com\/wp-content\/uploads\/2020\/09\/a-42.jpg 736w, https:\/\/ambulantconvoyeurpar.com\/wp-content\/uploads\/2020\/09\/a-42-300x113.jpg 300w, https:\/\/ambulantconvoyeurpar.com\/wp-content\/uploads\/2020\/09\/a-42-604x228.jpg 604w\" sizes=\"auto, (max-width: 736px) 100vw, 736px\" \/><\/a><figcaption id=\"caption-attachment-11146\" class=\"wp-caption-text\">Flamme \u00e0 droite. Non cod\u00e9e.<\/figcaption><\/figure>\n<figure id=\"attachment_12483\" aria-describedby=\"caption-attachment-12483\" style=\"width: 742px\" class=\"wp-caption aligncenter\"><a href=\"http:\/\/ambulantconvoyeurpar.com\/?attachment_id=12483\" rel=\"attachment wp-att-12483\"><img loading=\"lazy\" decoding=\"async\" class=\"wp-image-12483 size-full\" src=\"https:\/\/ambulantconvoyeurpar.com\/wp-content\/uploads\/2021\/01\/a-115.jpg\" alt=\"\" width=\"742\" height=\"252\" srcset=\"https:\/\/ambulantconvoyeurpar.com\/wp-content\/uploads\/2021\/01\/a-115.jpg 742w, https:\/\/ambulantconvoyeurpar.com\/wp-content\/uploads\/2021\/01\/a-115-300x102.jpg 300w, https:\/\/ambulantconvoyeurpar.com\/wp-content\/uploads\/2021\/01\/a-115-604x205.jpg 604w\" sizes=\"auto, (max-width: 742px) 100vw, 742px\" \/><\/a><figcaption id=\"caption-attachment-12483\" class=\"wp-caption-text\">Flamme \u00e0 gauche. Non cod\u00e9e.<\/figcaption><\/figure>\n<p>Cod\u00e9e 1965\/78.<\/p>\n<p style=\"text-align: center;\"><strong>1955: au service de la paix\/Unesco.<\/strong><\/p>\n<p><a href=\"https:\/\/ambulantconvoyeurpar.com\/?attachment_id=21779\" rel=\"attachment wp-att-21779\"><img loading=\"lazy\" decoding=\"async\" class=\"size-full wp-image-21779 aligncenter\" src=\"https:\/\/ambulantconvoyeurpar.com\/wp-content\/uploads\/2023\/07\/a1-50.jpg\" alt=\"\" width=\"721\" height=\"298\" srcset=\"https:\/\/ambulantconvoyeurpar.com\/wp-content\/uploads\/2023\/07\/a1-50.jpg 721w, https:\/\/ambulantconvoyeurpar.com\/wp-content\/uploads\/2023\/07\/a1-50-300x124.jpg 300w, https:\/\/ambulantconvoyeurpar.com\/wp-content\/uploads\/2023\/07\/a1-50-604x250.jpg 604w\" sizes=\"auto, (max-width: 721px) 100vw, 721px\" \/><\/a><\/p>\n<p style=\"text-align: center;\"><strong>1956: foire internationale Lyon\/du 7 au 16 avril 1956.<\/strong><\/p>\n<p><a href=\"http:\/\/ambulantconvoyeurpar.com\/?attachment_id=11128\" rel=\"attachment wp-att-11128\"><img loading=\"lazy\" decoding=\"async\" class=\"size-full wp-image-11128 aligncenter\" src=\"http:\/\/ambulantconvoyeurpar.com\/wp-content\/uploads\/2020\/08\/a-56.jpg\" alt=\"\" width=\"747\" height=\"343\" srcset=\"https:\/\/ambulantconvoyeurpar.com\/wp-content\/uploads\/2020\/08\/a-56.jpg 747w, https:\/\/ambulantconvoyeurpar.com\/wp-content\/uploads\/2020\/08\/a-56-300x138.jpg 300w, https:\/\/ambulantconvoyeurpar.com\/wp-content\/uploads\/2020\/08\/a-56-588x270.jpg 588w\" sizes=\"auto, (max-width: 747px) 100vw, 747px\" \/><\/a><\/p>\n<p style=\"text-align: center;\"><b>1956\/62: vous partez en vacances \u2026.<\/b><\/p>\n<p><a href=\"http:\/\/ambulantconvoyeurpar.com\/?attachment_id=11151\" rel=\"attachment wp-att-11151\"><img loading=\"lazy\" decoding=\"async\" class=\"size-full wp-image-11151 aligncenter\" src=\"http:\/\/ambulantconvoyeurpar.com\/wp-content\/uploads\/2020\/09\/a-47.jpg\" alt=\"\" width=\"762\" height=\"242\" srcset=\"https:\/\/ambulantconvoyeurpar.com\/wp-content\/uploads\/2020\/09\/a-47.jpg 762w, https:\/\/ambulantconvoyeurpar.com\/wp-content\/uploads\/2020\/09\/a-47-300x95.jpg 300w, https:\/\/ambulantconvoyeurpar.com\/wp-content\/uploads\/2020\/09\/a-47-604x192.jpg 604w\" sizes=\"auto, (max-width: 762px) 100vw, 762px\" \/><\/a><\/p>\n<p style=\"text-align: center;\"><strong>1956\/57: centenaire \u00e9cole\/centrale lyonnaise\/15-16 juin 1957.<\/strong><\/p>\n<p><a href=\"http:\/\/ambulantconvoyeurpar.com\/?attachment_id=11127\" rel=\"attachment wp-att-11127\"><img loading=\"lazy\" decoding=\"async\" class=\"size-full wp-image-11127 aligncenter\" src=\"http:\/\/ambulantconvoyeurpar.com\/wp-content\/uploads\/2020\/08\/a-55.jpg\" alt=\"\" width=\"742\" height=\"283\" srcset=\"https:\/\/ambulantconvoyeurpar.com\/wp-content\/uploads\/2020\/08\/a-55.jpg 742w, https:\/\/ambulantconvoyeurpar.com\/wp-content\/uploads\/2020\/08\/a-55-300x114.jpg 300w, https:\/\/ambulantconvoyeurpar.com\/wp-content\/uploads\/2020\/08\/a-55-604x230.jpg 604w\" sizes=\"auto, (max-width: 742px) 100vw, 742px\" \/><\/a><\/p>\n<p style=\"text-align: center;\"><strong>1957\/58: bons P.T.T. 6%\/s\u00e9curit\u00e9 100%.<\/strong><\/p>\n<p><a href=\"http:\/\/ambulantconvoyeurpar.com\/?attachment_id=11126\" rel=\"attachment wp-att-11126\"><img loading=\"lazy\" decoding=\"async\" class=\"size-full wp-image-11126 aligncenter\" src=\"http:\/\/ambulantconvoyeurpar.com\/wp-content\/uploads\/2020\/08\/a-54.jpg\" alt=\"\" width=\"762\" height=\"328\" srcset=\"https:\/\/ambulantconvoyeurpar.com\/wp-content\/uploads\/2020\/08\/a-54.jpg 762w, https:\/\/ambulantconvoyeurpar.com\/wp-content\/uploads\/2020\/08\/a-54-300x129.jpg 300w, https:\/\/ambulantconvoyeurpar.com\/wp-content\/uploads\/2020\/08\/a-54-604x260.jpg 604w\" sizes=\"auto, (max-width: 762px) 100vw, 762px\" \/><\/a><\/p>\n<p style=\"text-align: center;\"><b>1957: si l&rsquo;ent\u00eate de cette lettre \u2026.\u00a0<\/b><\/p>\n<p><a href=\"https:\/\/ambulantconvoyeurpar.com\/index.php\/2023\/11\/18\/bureaux-gare-du-departement-69-rhone\/scan-32\/\" rel=\"attachment wp-att-24881\"><img loading=\"lazy\" decoding=\"async\" class=\"size-full wp-image-24881 aligncenter\" src=\"https:\/\/ambulantconvoyeurpar.com\/wp-content\/uploads\/2023\/11\/Scan-6.jpg\" alt=\"\" width=\"792\" height=\"293\" srcset=\"https:\/\/ambulantconvoyeurpar.com\/wp-content\/uploads\/2023\/11\/Scan-6.jpg 792w, https:\/\/ambulantconvoyeurpar.com\/wp-content\/uploads\/2023\/11\/Scan-6-300x111.jpg 300w, https:\/\/ambulantconvoyeurpar.com\/wp-content\/uploads\/2023\/11\/Scan-6-768x284.jpg 768w, https:\/\/ambulantconvoyeurpar.com\/wp-content\/uploads\/2023\/11\/Scan-6-604x223.jpg 604w\" sizes=\"auto, (max-width: 792px) 100vw, 792px\" \/><\/a><\/p>\n<p style=\"text-align: center;\"><strong>1957\/58: en 1958\/Lyon\/ \u00e0 2 000 ans.<\/strong><\/p>\n<p><a href=\"https:\/\/ambulantconvoyeurpar.com\/?attachment_id=16083\" rel=\"attachment wp-att-16083\"><img loading=\"lazy\" decoding=\"async\" class=\"size-full wp-image-16083 aligncenter\" src=\"https:\/\/ambulantconvoyeurpar.com\/wp-content\/uploads\/2022\/03\/a1-39.jpg\" alt=\"\" width=\"726\" height=\"313\" srcset=\"https:\/\/ambulantconvoyeurpar.com\/wp-content\/uploads\/2022\/03\/a1-39.jpg 726w, https:\/\/ambulantconvoyeurpar.com\/wp-content\/uploads\/2022\/03\/a1-39-300x129.jpg 300w, https:\/\/ambulantconvoyeurpar.com\/wp-content\/uploads\/2022\/03\/a1-39-604x260.jpg 604w\" sizes=\"auto, (max-width: 726px) 100vw, 726px\" \/><\/a><\/p>\n<p style=\"text-align: center;\"><strong>1958\/61: Lyon\/grande ville de France\/syndicat d&rsquo;initiative.<\/strong><\/p>\n<p><img loading=\"lazy\" decoding=\"async\" class=\"size-full wp-image-9069 aligncenter\" src=\"http:\/\/ambulantconvoyeurpar.com\/wp-content\/uploads\/2020\/04\/a-62.jpg\" alt=\"\" width=\"721\" height=\"227\" srcset=\"https:\/\/ambulantconvoyeurpar.com\/wp-content\/uploads\/2020\/04\/a-62.jpg 721w, https:\/\/ambulantconvoyeurpar.com\/wp-content\/uploads\/2020\/04\/a-62-300x94.jpg 300w, https:\/\/ambulantconvoyeurpar.com\/wp-content\/uploads\/2020\/04\/a-62-604x190.jpg 604w\" sizes=\"auto, (max-width: 721px) 100vw, 721px\" \/><\/p>\n<p style=\"text-align: center;\"><strong>1958: votez c&rsquo;est b\u00e2tir\/s&rsquo;abstenir c&rsquo;est d\u00e9serter.<\/strong><\/p>\n<p><a href=\"https:\/\/ambulantconvoyeurpar.com\/?attachment_id=18561\" rel=\"attachment wp-att-18561\"><img loading=\"lazy\" decoding=\"async\" class=\"size-full wp-image-18561 aligncenter\" src=\"https:\/\/ambulantconvoyeurpar.com\/wp-content\/uploads\/2023\/01\/a1.jpg\" alt=\"\" width=\"721\" height=\"318\" srcset=\"https:\/\/ambulantconvoyeurpar.com\/wp-content\/uploads\/2023\/01\/a1.jpg 721w, https:\/\/ambulantconvoyeurpar.com\/wp-content\/uploads\/2023\/01\/a1-300x132.jpg 300w, https:\/\/ambulantconvoyeurpar.com\/wp-content\/uploads\/2023\/01\/a1-604x266.jpg 604w\" sizes=\"auto, (max-width: 721px) 100vw, 721px\" \/><\/a><\/p>\n<p style=\"text-align: center;\"><strong>1959: congr\u00e8s international\/pour le latin vivant\/Lyon 1959.\u00a0<\/strong><\/p>\n<p><a href=\"https:\/\/ambulantconvoyeurpar.com\/?attachment_id=21680\" rel=\"attachment wp-att-21680\"><img loading=\"lazy\" decoding=\"async\" class=\"size-full wp-image-21680 aligncenter\" src=\"https:\/\/ambulantconvoyeurpar.com\/wp-content\/uploads\/2023\/07\/a1-42.jpg\" alt=\"\" width=\"716\" height=\"328\" srcset=\"https:\/\/ambulantconvoyeurpar.com\/wp-content\/uploads\/2023\/07\/a1-42.jpg 716w, https:\/\/ambulantconvoyeurpar.com\/wp-content\/uploads\/2023\/07\/a1-42-300x137.jpg 300w, https:\/\/ambulantconvoyeurpar.com\/wp-content\/uploads\/2023\/07\/a1-42-589x270.jpg 589w\" sizes=\"auto, (max-width: 716px) 100vw, 716px\" \/><\/a><\/p>\n<p style=\"text-align: center;\"><strong>1959\/66: pour Lyon\/indiquez le num\u00e9ro\/de l&rsquo;arrondissement.<\/strong><\/p>\n<figure id=\"attachment_21748\" aria-describedby=\"caption-attachment-21748\" style=\"width: 696px\" class=\"wp-caption aligncenter\"><a href=\"https:\/\/ambulantconvoyeurpar.com\/?attachment_id=21748\" rel=\"attachment wp-att-21748\"><img loading=\"lazy\" decoding=\"async\" class=\"wp-image-21748 size-full\" src=\"https:\/\/ambulantconvoyeurpar.com\/wp-content\/uploads\/2023\/07\/a1-49.jpg\" alt=\"\" width=\"696\" height=\"278\" srcset=\"https:\/\/ambulantconvoyeurpar.com\/wp-content\/uploads\/2023\/07\/a1-49.jpg 696w, https:\/\/ambulantconvoyeurpar.com\/wp-content\/uploads\/2023\/07\/a1-49-300x120.jpg 300w, https:\/\/ambulantconvoyeurpar.com\/wp-content\/uploads\/2023\/07\/a1-49-604x241.jpg 604w\" sizes=\"auto, (max-width: 696px) 100vw, 696px\" \/><\/a><figcaption id=\"caption-attachment-21748\" class=\"wp-caption-text\">Non cod\u00e9e.<\/figcaption><\/figure>\n<figure id=\"attachment_11147\" aria-describedby=\"caption-attachment-11147\" style=\"width: 716px\" class=\"wp-caption aligncenter\"><a href=\"http:\/\/ambulantconvoyeurpar.com\/?attachment_id=11147\" rel=\"attachment wp-att-11147\"><img loading=\"lazy\" decoding=\"async\" class=\"wp-image-11147 size-full\" src=\"https:\/\/ambulantconvoyeurpar.com\/wp-content\/uploads\/2020\/09\/a-43.jpg\" alt=\"\" width=\"716\" height=\"298\" srcset=\"https:\/\/ambulantconvoyeurpar.com\/wp-content\/uploads\/2020\/09\/a-43.jpg 716w, https:\/\/ambulantconvoyeurpar.com\/wp-content\/uploads\/2020\/09\/a-43-300x125.jpg 300w, https:\/\/ambulantconvoyeurpar.com\/wp-content\/uploads\/2020\/09\/a-43-604x251.jpg 604w\" sizes=\"auto, (max-width: 716px) 100vw, 716px\" \/><\/a><figcaption id=\"caption-attachment-11147\" class=\"wp-caption-text\">Cod\u00e9e.<\/figcaption><\/figure>\n<p>A partir des ann\u00e9es 1960, les flammes temporaires et permanentes seront l\u00e9gions. Ces flammes temporaires peuvent avoir une dur\u00e9e d\u2019utilisation courte (de quelques semaines \u00e0 trois mois) sauf quelques exceptions.<\/p>\n<p>Toutes les flammes apr\u00e8s 1960 ne sont pas list\u00e9es, elles seront ajout\u00e9es au fur et \u00e0 mesure de mes trouvailles.<\/p>\n<p style=\"text-align: center;\"><strong>1961\/73<\/strong><\/p>\n<figure id=\"attachment_8268\" aria-describedby=\"caption-attachment-8268\" style=\"width: 792px\" class=\"wp-caption aligncenter\"><a href=\"http:\/\/ambulantconvoyeurpar.com\/?attachment_id=8268\" rel=\"attachment wp-att-8268\"><img loading=\"lazy\" decoding=\"async\" class=\"wp-image-8268 size-full\" src=\"http:\/\/ambulantconvoyeurpar.com\/wp-content\/uploads\/2020\/03\/a-66.jpg\" alt=\"\" width=\"792\" height=\"651\" srcset=\"https:\/\/ambulantconvoyeurpar.com\/wp-content\/uploads\/2020\/03\/a-66.jpg 792w, https:\/\/ambulantconvoyeurpar.com\/wp-content\/uploads\/2020\/03\/a-66-300x247.jpg 300w, https:\/\/ambulantconvoyeurpar.com\/wp-content\/uploads\/2020\/03\/a-66-768x631.jpg 768w, https:\/\/ambulantconvoyeurpar.com\/wp-content\/uploads\/2020\/03\/a-66-328x270.jpg 328w\" sizes=\"auto, (max-width: 792px) 100vw, 792px\" \/><\/a><figcaption id=\"caption-attachment-8268\" class=\"wp-caption-text\">1961\/62\/63\/65\/66\/71\/73\/. Flamme non cod\u00e9e \u00e0 gauche et cod\u00e9e \u00e0 droite et \u00e0 gauche.<\/figcaption><\/figure>\n<p style=\"text-align: center;\"><strong>1962<\/strong><\/p>\n<p><a href=\"http:\/\/ambulantconvoyeurpar.com\/?attachment_id=12460\" rel=\"attachment wp-att-12460\"><img loading=\"lazy\" decoding=\"async\" class=\"size-full wp-image-12460 aligncenter\" src=\"http:\/\/ambulantconvoyeurpar.com\/wp-content\/uploads\/2021\/01\/a-106.jpg\" alt=\"\" width=\"752\" height=\"263\" srcset=\"https:\/\/ambulantconvoyeurpar.com\/wp-content\/uploads\/2021\/01\/a-106.jpg 752w, https:\/\/ambulantconvoyeurpar.com\/wp-content\/uploads\/2021\/01\/a-106-300x105.jpg 300w, https:\/\/ambulantconvoyeurpar.com\/wp-content\/uploads\/2021\/01\/a-106-604x211.jpg 604w\" sizes=\"auto, (max-width: 752px) 100vw, 752px\" \/><\/a><\/p>\n<p style=\"text-align: center;\"><strong>1963<\/strong><\/p>\n<figure id=\"attachment_16355\" aria-describedby=\"caption-attachment-16355\" style=\"width: 731px\" class=\"wp-caption aligncenter\"><a href=\"https:\/\/ambulantconvoyeurpar.com\/?attachment_id=16355\" rel=\"attachment wp-att-16355\"><img loading=\"lazy\" decoding=\"async\" class=\"wp-image-16355 size-full\" src=\"https:\/\/ambulantconvoyeurpar.com\/wp-content\/uploads\/2022\/04\/a1-53.jpg\" alt=\"\" width=\"731\" height=\"298\" srcset=\"https:\/\/ambulantconvoyeurpar.com\/wp-content\/uploads\/2022\/04\/a1-53.jpg 731w, https:\/\/ambulantconvoyeurpar.com\/wp-content\/uploads\/2022\/04\/a1-53-300x122.jpg 300w, https:\/\/ambulantconvoyeurpar.com\/wp-content\/uploads\/2022\/04\/a1-53-604x246.jpg 604w\" sizes=\"auto, (max-width: 731px) 100vw, 731px\" \/><\/a><figcaption id=\"caption-attachment-16355\" class=\"wp-caption-text\">Flamme \u00e0 gauche.<\/figcaption><\/figure>\n<figure id=\"attachment_16356\" aria-describedby=\"caption-attachment-16356\" style=\"width: 726px\" class=\"wp-caption aligncenter\"><a href=\"https:\/\/ambulantconvoyeurpar.com\/?attachment_id=16356\" rel=\"attachment wp-att-16356\"><img loading=\"lazy\" decoding=\"async\" class=\"wp-image-16356 size-full\" src=\"https:\/\/ambulantconvoyeurpar.com\/wp-content\/uploads\/2022\/04\/a1-54.jpg\" alt=\"\" width=\"726\" height=\"273\" srcset=\"https:\/\/ambulantconvoyeurpar.com\/wp-content\/uploads\/2022\/04\/a1-54.jpg 726w, https:\/\/ambulantconvoyeurpar.com\/wp-content\/uploads\/2022\/04\/a1-54-300x113.jpg 300w, https:\/\/ambulantconvoyeurpar.com\/wp-content\/uploads\/2022\/04\/a1-54-604x227.jpg 604w\" sizes=\"auto, (max-width: 726px) 100vw, 726px\" \/><\/a><figcaption id=\"caption-attachment-16356\" class=\"wp-caption-text\">Flamme \u00e0 droite.<\/figcaption><\/figure>\n<p><a href=\"http:\/\/ambulantconvoyeurpar.com\/?attachment_id=11143\" rel=\"attachment wp-att-11143\"><img loading=\"lazy\" decoding=\"async\" class=\"size-full wp-image-11143 aligncenter\" src=\"http:\/\/ambulantconvoyeurpar.com\/wp-content\/uploads\/2020\/09\/a-39.jpg\" alt=\"\" width=\"701\" height=\"298\" srcset=\"https:\/\/ambulantconvoyeurpar.com\/wp-content\/uploads\/2020\/09\/a-39.jpg 701w, https:\/\/ambulantconvoyeurpar.com\/wp-content\/uploads\/2020\/09\/a-39-300x128.jpg 300w, https:\/\/ambulantconvoyeurpar.com\/wp-content\/uploads\/2020\/09\/a-39-604x257.jpg 604w\" sizes=\"auto, (max-width: 701px) 100vw, 701px\" \/><\/a><\/p>\n<div class=\"mceTemp\"><\/div>\n<p style=\"text-align: center;\"><strong>1964<\/strong><\/p>\n<p><a href=\"http:\/\/ambulantconvoyeurpar.com\/?attachment_id=11150\" rel=\"attachment wp-att-11150\"><img loading=\"lazy\" decoding=\"async\" class=\"size-full wp-image-11150 aligncenter\" src=\"http:\/\/ambulantconvoyeurpar.com\/wp-content\/uploads\/2020\/09\/a-46.jpg\" alt=\"\" width=\"772\" height=\"318\" srcset=\"https:\/\/ambulantconvoyeurpar.com\/wp-content\/uploads\/2020\/09\/a-46.jpg 772w, https:\/\/ambulantconvoyeurpar.com\/wp-content\/uploads\/2020\/09\/a-46-300x124.jpg 300w, https:\/\/ambulantconvoyeurpar.com\/wp-content\/uploads\/2020\/09\/a-46-768x316.jpg 768w, https:\/\/ambulantconvoyeurpar.com\/wp-content\/uploads\/2020\/09\/a-46-604x249.jpg 604w\" sizes=\"auto, (max-width: 772px) 100vw, 772px\" \/><\/a><\/p>\n<p><a href=\"http:\/\/ambulantconvoyeurpar.com\/?attachment_id=11152\" rel=\"attachment wp-att-11152\"><img loading=\"lazy\" decoding=\"async\" class=\"size-full wp-image-11152 aligncenter\" src=\"http:\/\/ambulantconvoyeurpar.com\/wp-content\/uploads\/2020\/09\/a-48.jpg\" alt=\"\" width=\"726\" height=\"283\" srcset=\"https:\/\/ambulantconvoyeurpar.com\/wp-content\/uploads\/2020\/09\/a-48.jpg 726w, https:\/\/ambulantconvoyeurpar.com\/wp-content\/uploads\/2020\/09\/a-48-300x117.jpg 300w, https:\/\/ambulantconvoyeurpar.com\/wp-content\/uploads\/2020\/09\/a-48-604x235.jpg 604w\" sizes=\"auto, (max-width: 726px) 100vw, 726px\" \/><\/a><\/p>\n<p style=\"text-align: center;\"><strong>1965<\/strong><\/p>\n<p><a href=\"https:\/\/ambulantconvoyeurpar.com\/?attachment_id=19067\" rel=\"attachment wp-att-19067\"><img loading=\"lazy\" decoding=\"async\" class=\"size-full wp-image-19067 aligncenter\" src=\"https:\/\/ambulantconvoyeurpar.com\/wp-content\/uploads\/2023\/02\/a1-14.jpg\" alt=\"\" width=\"686\" height=\"263\" srcset=\"https:\/\/ambulantconvoyeurpar.com\/wp-content\/uploads\/2023\/02\/a1-14.jpg 686w, https:\/\/ambulantconvoyeurpar.com\/wp-content\/uploads\/2023\/02\/a1-14-300x115.jpg 300w, https:\/\/ambulantconvoyeurpar.com\/wp-content\/uploads\/2023\/02\/a1-14-604x232.jpg 604w\" sizes=\"auto, (max-width: 686px) 100vw, 686px\" \/><\/a><\/p>\n<figure id=\"attachment_16353\" aria-describedby=\"caption-attachment-16353\" style=\"width: 676px\" class=\"wp-caption aligncenter\"><a href=\"https:\/\/ambulantconvoyeurpar.com\/?attachment_id=16353\" rel=\"attachment wp-att-16353\"><img loading=\"lazy\" decoding=\"async\" class=\"wp-image-16353 size-full\" src=\"https:\/\/ambulantconvoyeurpar.com\/wp-content\/uploads\/2022\/04\/a1-51.jpg\" alt=\"\" width=\"676\" height=\"308\" srcset=\"https:\/\/ambulantconvoyeurpar.com\/wp-content\/uploads\/2022\/04\/a1-51.jpg 676w, https:\/\/ambulantconvoyeurpar.com\/wp-content\/uploads\/2022\/04\/a1-51-300x137.jpg 300w, https:\/\/ambulantconvoyeurpar.com\/wp-content\/uploads\/2022\/04\/a1-51-593x270.jpg 593w\" sizes=\"auto, (max-width: 676px) 100vw, 676px\" \/><\/a><figcaption id=\"caption-attachment-16353\" class=\"wp-caption-text\">Flamme \u00e0 droite.<\/figcaption><\/figure>\n<figure id=\"attachment_16354\" aria-describedby=\"caption-attachment-16354\" style=\"width: 797px\" class=\"wp-caption aligncenter\"><a href=\"https:\/\/ambulantconvoyeurpar.com\/?attachment_id=16354\" rel=\"attachment wp-att-16354\"><img loading=\"lazy\" decoding=\"async\" class=\"wp-image-16354 size-full\" src=\"https:\/\/ambulantconvoyeurpar.com\/wp-content\/uploads\/2022\/04\/a1-52.jpg\" alt=\"\" width=\"797\" height=\"328\" srcset=\"https:\/\/ambulantconvoyeurpar.com\/wp-content\/uploads\/2022\/04\/a1-52.jpg 797w, https:\/\/ambulantconvoyeurpar.com\/wp-content\/uploads\/2022\/04\/a1-52-300x123.jpg 300w, https:\/\/ambulantconvoyeurpar.com\/wp-content\/uploads\/2022\/04\/a1-52-768x316.jpg 768w, https:\/\/ambulantconvoyeurpar.com\/wp-content\/uploads\/2022\/04\/a1-52-604x249.jpg 604w\" sizes=\"auto, (max-width: 797px) 100vw, 797px\" \/><\/a><figcaption id=\"caption-attachment-16354\" class=\"wp-caption-text\">Flamme \u00e0 gauche.<\/figcaption><\/figure>\n<p><a href=\"http:\/\/ambulantconvoyeurpar.com\/?attachment_id=11142\" rel=\"attachment wp-att-11142\"><img loading=\"lazy\" decoding=\"async\" class=\"size-full wp-image-11142 aligncenter\" src=\"http:\/\/ambulantconvoyeurpar.com\/wp-content\/uploads\/2020\/09\/a-38.jpg\" alt=\"\" width=\"731\" height=\"303\" srcset=\"https:\/\/ambulantconvoyeurpar.com\/wp-content\/uploads\/2020\/09\/a-38.jpg 731w, https:\/\/ambulantconvoyeurpar.com\/wp-content\/uploads\/2020\/09\/a-38-300x124.jpg 300w, https:\/\/ambulantconvoyeurpar.com\/wp-content\/uploads\/2020\/09\/a-38-604x250.jpg 604w\" sizes=\"auto, (max-width: 731px) 100vw, 731px\" \/><\/a><\/p>\n<p style=\"text-align: center;\"><strong>1965\/66<\/strong><\/p>\n<figure id=\"attachment_10192\" aria-describedby=\"caption-attachment-10192\" style=\"width: 706px\" class=\"wp-caption aligncenter\"><img loading=\"lazy\" decoding=\"async\" class=\"wp-image-10192 size-full\" src=\"https:\/\/ambulantconvoyeurpar.com\/wp-content\/uploads\/2020\/04\/a-158.jpg\" alt=\"\" width=\"706\" height=\"313\" srcset=\"https:\/\/ambulantconvoyeurpar.com\/wp-content\/uploads\/2020\/04\/a-158.jpg 706w, https:\/\/ambulantconvoyeurpar.com\/wp-content\/uploads\/2020\/04\/a-158-300x133.jpg 300w, https:\/\/ambulantconvoyeurpar.com\/wp-content\/uploads\/2020\/04\/a-158-604x268.jpg 604w\" sizes=\"auto, (max-width: 706px) 100vw, 706px\" \/><figcaption id=\"caption-attachment-10192\" class=\"wp-caption-text\">Flamme \u00e9mise du 12\/65 au 01\/66.<\/figcaption><\/figure>\n<p style=\"text-align: center;\"><strong>1966<\/strong><\/p>\n<p><a href=\"http:\/\/ambulantconvoyeurpar.com\/?attachment_id=11149\" rel=\"attachment wp-att-11149\"><img loading=\"lazy\" decoding=\"async\" class=\"size-full wp-image-11149 aligncenter\" src=\"http:\/\/ambulantconvoyeurpar.com\/wp-content\/uploads\/2020\/09\/a-45.jpg\" alt=\"\" width=\"726\" height=\"303\" srcset=\"https:\/\/ambulantconvoyeurpar.com\/wp-content\/uploads\/2020\/09\/a-45.jpg 726w, https:\/\/ambulantconvoyeurpar.com\/wp-content\/uploads\/2020\/09\/a-45-300x125.jpg 300w, https:\/\/ambulantconvoyeurpar.com\/wp-content\/uploads\/2020\/09\/a-45-604x252.jpg 604w\" sizes=\"auto, (max-width: 726px) 100vw, 726px\" \/><\/a><\/p>\n<p style=\"text-align: center;\"><strong>1966\/72<\/strong><\/p>\n<p><a href=\"http:\/\/ambulantconvoyeurpar.com\/?attachment_id=11139\" rel=\"attachment wp-att-11139\"><img loading=\"lazy\" decoding=\"async\" class=\"wp-image-11139 size-full aligncenter\" src=\"http:\/\/ambulantconvoyeurpar.com\/wp-content\/uploads\/2020\/09\/a-35.jpg\" alt=\"\" width=\"792\" height=\"328\" srcset=\"https:\/\/ambulantconvoyeurpar.com\/wp-content\/uploads\/2020\/09\/a-35.jpg 792w, https:\/\/ambulantconvoyeurpar.com\/wp-content\/uploads\/2020\/09\/a-35-300x124.jpg 300w, https:\/\/ambulantconvoyeurpar.com\/wp-content\/uploads\/2020\/09\/a-35-768x318.jpg 768w, https:\/\/ambulantconvoyeurpar.com\/wp-content\/uploads\/2020\/09\/a-35-604x250.jpg 604w\" sizes=\"auto, (max-width: 792px) 100vw, 792px\" \/><\/a><\/p>\n<p style=\"text-align: center;\"><strong>1967<\/strong><\/p>\n<p><a href=\"http:\/\/ambulantconvoyeurpar.com\/?attachment_id=11141\" rel=\"attachment wp-att-11141\"><img loading=\"lazy\" decoding=\"async\" class=\"size-full wp-image-11141 aligncenter\" src=\"http:\/\/ambulantconvoyeurpar.com\/wp-content\/uploads\/2020\/09\/a-37.jpg\" alt=\"\" width=\"671\" height=\"293\" srcset=\"https:\/\/ambulantconvoyeurpar.com\/wp-content\/uploads\/2020\/09\/a-37.jpg 671w, https:\/\/ambulantconvoyeurpar.com\/wp-content\/uploads\/2020\/09\/a-37-300x131.jpg 300w, https:\/\/ambulantconvoyeurpar.com\/wp-content\/uploads\/2020\/09\/a-37-604x264.jpg 604w\" sizes=\"auto, (max-width: 671px) 100vw, 671px\" \/><\/a><\/p>\n<p style=\"text-align: center;\"><strong>1968<\/strong><\/p>\n<p><a href=\"http:\/\/ambulantconvoyeurpar.com\/?attachment_id=11148\" rel=\"attachment wp-att-11148\"><img loading=\"lazy\" decoding=\"async\" class=\"size-full wp-image-11148 aligncenter\" src=\"http:\/\/ambulantconvoyeurpar.com\/wp-content\/uploads\/2020\/09\/a-44.jpg\" alt=\"\" width=\"726\" height=\"394\" srcset=\"https:\/\/ambulantconvoyeurpar.com\/wp-content\/uploads\/2020\/09\/a-44.jpg 726w, https:\/\/ambulantconvoyeurpar.com\/wp-content\/uploads\/2020\/09\/a-44-300x163.jpg 300w, https:\/\/ambulantconvoyeurpar.com\/wp-content\/uploads\/2020\/09\/a-44-498x270.jpg 498w\" sizes=\"auto, (max-width: 726px) 100vw, 726px\" \/><\/a><\/p>\n<p style=\"text-align: center;\"><strong>1969<\/strong><\/p>\n<p><a href=\"http:\/\/ambulantconvoyeurpar.com\/?attachment_id=12458\" rel=\"attachment wp-att-12458\"><img loading=\"lazy\" decoding=\"async\" class=\"size-full wp-image-12458 aligncenter\" src=\"http:\/\/ambulantconvoyeurpar.com\/wp-content\/uploads\/2021\/01\/a-104.jpg\" alt=\"\" width=\"772\" height=\"298\" srcset=\"https:\/\/ambulantconvoyeurpar.com\/wp-content\/uploads\/2021\/01\/a-104.jpg 772w, https:\/\/ambulantconvoyeurpar.com\/wp-content\/uploads\/2021\/01\/a-104-300x116.jpg 300w, https:\/\/ambulantconvoyeurpar.com\/wp-content\/uploads\/2021\/01\/a-104-768x296.jpg 768w, https:\/\/ambulantconvoyeurpar.com\/wp-content\/uploads\/2021\/01\/a-104-604x233.jpg 604w\" sizes=\"auto, (max-width: 772px) 100vw, 772px\" \/><\/a><\/p>\n<p><a href=\"http:\/\/ambulantconvoyeurpar.com\/?attachment_id=12385\" rel=\"attachment wp-att-12385\"><img loading=\"lazy\" decoding=\"async\" class=\"size-full wp-image-12385 aligncenter\" src=\"http:\/\/ambulantconvoyeurpar.com\/wp-content\/uploads\/2021\/01\/a-77.jpg\" alt=\"\" width=\"726\" height=\"293\" srcset=\"https:\/\/ambulantconvoyeurpar.com\/wp-content\/uploads\/2021\/01\/a-77.jpg 726w, https:\/\/ambulantconvoyeurpar.com\/wp-content\/uploads\/2021\/01\/a-77-300x121.jpg 300w, https:\/\/ambulantconvoyeurpar.com\/wp-content\/uploads\/2021\/01\/a-77-604x244.jpg 604w\" sizes=\"auto, (max-width: 726px) 100vw, 726px\" \/><\/a><\/p>\n<p style=\"text-align: center;\"><strong>1969\/70<\/strong><\/p>\n<p><a href=\"https:\/\/ambulantconvoyeurpar.com\/?attachment_id=21720\" rel=\"attachment wp-att-21720\"><img loading=\"lazy\" decoding=\"async\" class=\"size-full wp-image-21720 aligncenter\" src=\"https:\/\/ambulantconvoyeurpar.com\/wp-content\/uploads\/2023\/07\/a1-44.jpg\" alt=\"\" width=\"747\" height=\"318\" srcset=\"https:\/\/ambulantconvoyeurpar.com\/wp-content\/uploads\/2023\/07\/a1-44.jpg 747w, https:\/\/ambulantconvoyeurpar.com\/wp-content\/uploads\/2023\/07\/a1-44-300x128.jpg 300w, https:\/\/ambulantconvoyeurpar.com\/wp-content\/uploads\/2023\/07\/a1-44-604x257.jpg 604w\" sizes=\"auto, (max-width: 747px) 100vw, 747px\" \/><\/a><\/p>\n<div class=\"mceTemp\"><\/div>\n<p style=\"text-align: center;\"><strong>1970<\/strong><\/p>\n<p><a href=\"http:\/\/ambulantconvoyeurpar.com\/?attachment_id=11138\" rel=\"attachment wp-att-11138\"><img loading=\"lazy\" decoding=\"async\" class=\"size-full wp-image-11138 aligncenter\" src=\"http:\/\/ambulantconvoyeurpar.com\/wp-content\/uploads\/2020\/09\/a-34.jpg\" alt=\"\" width=\"696\" height=\"374\" srcset=\"https:\/\/ambulantconvoyeurpar.com\/wp-content\/uploads\/2020\/09\/a-34.jpg 696w, https:\/\/ambulantconvoyeurpar.com\/wp-content\/uploads\/2020\/09\/a-34-300x161.jpg 300w, https:\/\/ambulantconvoyeurpar.com\/wp-content\/uploads\/2020\/09\/a-34-502x270.jpg 502w\" sizes=\"auto, (max-width: 696px) 100vw, 696px\" \/><\/a><\/p>\n<p style=\"text-align: center;\"><strong>1972\/77<\/strong><\/p>\n<p><a href=\"http:\/\/ambulantconvoyeurpar.com\/?attachment_id=12459\" rel=\"attachment wp-att-12459\"><img loading=\"lazy\" decoding=\"async\" class=\"size-full wp-image-12459 aligncenter\" src=\"http:\/\/ambulantconvoyeurpar.com\/wp-content\/uploads\/2021\/01\/a-105.jpg\" alt=\"\" width=\"696\" height=\"364\" srcset=\"https:\/\/ambulantconvoyeurpar.com\/wp-content\/uploads\/2021\/01\/a-105.jpg 696w, https:\/\/ambulantconvoyeurpar.com\/wp-content\/uploads\/2021\/01\/a-105-300x157.jpg 300w, https:\/\/ambulantconvoyeurpar.com\/wp-content\/uploads\/2021\/01\/a-105-516x270.jpg 516w\" sizes=\"auto, (max-width: 696px) 100vw, 696px\" \/><\/a><\/p>\n<p style=\"text-align: center;\"><strong>1974\/77<\/strong><\/p>\n<figure id=\"attachment_16200\" aria-describedby=\"caption-attachment-16200\" style=\"width: 797px\" class=\"wp-caption aligncenter\"><a href=\"https:\/\/ambulantconvoyeurpar.com\/?attachment_id=16200\" rel=\"attachment wp-att-16200\"><img loading=\"lazy\" decoding=\"async\" class=\"wp-image-16200 size-full\" src=\"https:\/\/ambulantconvoyeurpar.com\/wp-content\/uploads\/2022\/03\/a1-101.jpg\" alt=\"\" width=\"797\" height=\"338\" srcset=\"https:\/\/ambulantconvoyeurpar.com\/wp-content\/uploads\/2022\/03\/a1-101.jpg 797w, https:\/\/ambulantconvoyeurpar.com\/wp-content\/uploads\/2022\/03\/a1-101-300x127.jpg 300w, https:\/\/ambulantconvoyeurpar.com\/wp-content\/uploads\/2022\/03\/a1-101-768x326.jpg 768w, https:\/\/ambulantconvoyeurpar.com\/wp-content\/uploads\/2022\/03\/a1-101-604x256.jpg 604w\" sizes=\"auto, (max-width: 797px) 100vw, 797px\" \/><\/a><figcaption id=\"caption-attachment-16200\" class=\"wp-caption-text\">Sans rappel de la date.<\/figcaption><\/figure>\n<figure id=\"attachment_11140\" aria-describedby=\"caption-attachment-11140\" style=\"width: 731px\" class=\"wp-caption aligncenter\"><a href=\"http:\/\/ambulantconvoyeurpar.com\/?attachment_id=11140\" rel=\"attachment wp-att-11140\"><img loading=\"lazy\" decoding=\"async\" class=\"wp-image-11140 size-full\" src=\"https:\/\/ambulantconvoyeurpar.com\/wp-content\/uploads\/2020\/09\/a-36.jpg\" alt=\"\" width=\"731\" height=\"298\" srcset=\"https:\/\/ambulantconvoyeurpar.com\/wp-content\/uploads\/2020\/09\/a-36.jpg 731w, https:\/\/ambulantconvoyeurpar.com\/wp-content\/uploads\/2020\/09\/a-36-300x122.jpg 300w, https:\/\/ambulantconvoyeurpar.com\/wp-content\/uploads\/2020\/09\/a-36-604x246.jpg 604w\" sizes=\"auto, (max-width: 731px) 100vw, 731px\" \/><\/a><figcaption id=\"caption-attachment-11140\" class=\"wp-caption-text\">Avec rappel de la date.<\/figcaption><\/figure>\n<p style=\"text-align: center;\"><strong>1977\/78<\/strong><\/p>\n<p><img loading=\"lazy\" decoding=\"async\" class=\"wp-image-9067 size-full aligncenter\" src=\"http:\/\/ambulantconvoyeurpar.com\/wp-content\/uploads\/2020\/04\/a-60.jpg\" alt=\"\" width=\"802\" height=\"303\" srcset=\"https:\/\/ambulantconvoyeurpar.com\/wp-content\/uploads\/2020\/04\/a-60.jpg 802w, https:\/\/ambulantconvoyeurpar.com\/wp-content\/uploads\/2020\/04\/a-60-300x113.jpg 300w, https:\/\/ambulantconvoyeurpar.com\/wp-content\/uploads\/2020\/04\/a-60-768x290.jpg 768w, https:\/\/ambulantconvoyeurpar.com\/wp-content\/uploads\/2020\/04\/a-60-604x228.jpg 604w\" sizes=\"auto, (max-width: 802px) 100vw, 802px\" \/><\/p>\n<p><span style=\"color: #ff0000;\">Machine Hotschkiss Brandt<\/span><\/p>\n<p style=\"text-align: center;\"><strong>1973\/76<\/strong><\/p>\n<p><a href=\"https:\/\/ambulantconvoyeurpar.com\/?attachment_id=20784\" rel=\"attachment wp-att-20784\"><img loading=\"lazy\" decoding=\"async\" class=\"size-full wp-image-20784 aligncenter\" src=\"https:\/\/ambulantconvoyeurpar.com\/wp-content\/uploads\/2023\/02\/a1-46.jpg\" alt=\"\" width=\"696\" height=\"258\" srcset=\"https:\/\/ambulantconvoyeurpar.com\/wp-content\/uploads\/2023\/02\/a1-46.jpg 696w, https:\/\/ambulantconvoyeurpar.com\/wp-content\/uploads\/2023\/02\/a1-46-300x111.jpg 300w, https:\/\/ambulantconvoyeurpar.com\/wp-content\/uploads\/2023\/02\/a1-46-604x224.jpg 604w\" sizes=\"auto, (max-width: 696px) 100vw, 696px\" \/><\/a><\/p>\n<p><span style=\"color: #0000ff;\"><strong>Lyon gare avion:<\/strong><\/span><\/p>\n<p><span style=\"color: #ff0000;\">Machine Flier<\/span><\/p>\n<p style=\"text-align: center;\"><strong>1937\/40: utilisez la poste\/a\u00e9rienne.<\/strong><\/p>\n<p><a href=\"http:\/\/ambulantconvoyeurpar.com\/?attachment_id=12384\" rel=\"attachment wp-att-12384\"><img loading=\"lazy\" decoding=\"async\" class=\"size-full wp-image-12384 aligncenter\" src=\"http:\/\/ambulantconvoyeurpar.com\/wp-content\/uploads\/2021\/01\/a-76.jpg\" alt=\"\" width=\"1156\" height=\"893\" srcset=\"https:\/\/ambulantconvoyeurpar.com\/wp-content\/uploads\/2021\/01\/a-76.jpg 1156w, https:\/\/ambulantconvoyeurpar.com\/wp-content\/uploads\/2021\/01\/a-76-300x232.jpg 300w, https:\/\/ambulantconvoyeurpar.com\/wp-content\/uploads\/2021\/01\/a-76-1024x791.jpg 1024w, https:\/\/ambulantconvoyeurpar.com\/wp-content\/uploads\/2021\/01\/a-76-768x593.jpg 768w, https:\/\/ambulantconvoyeurpar.com\/wp-content\/uploads\/2021\/01\/a-76-350x270.jpg 350w\" sizes=\"auto, (max-width: 1156px) 100vw, 1156px\" \/><\/a><\/p>\n<p><strong><span style=\"color: #0000ff;\">Autres bureaux-gare de ce d\u00e9partement mais sans machine \u00e0 oblit\u00e9rer:<\/span><\/strong><\/p>\n<p>Bureau-gare de <span style=\"color: #0000ff;\">Belleville sur Sa\u00f4ne,<\/span> signal\u00e9 jusque 1952. Le bureau-gare de Belleville s\/Sa\u00f4ne a utilis\u00e9 comme oblit\u00e9ration manuelle, le type 1904. Devient un entrep\u00f4t de 1953 \u00e0 1961.<\/p>\n<p>Bureau-gare de <span style=\"color: #0000ff;\">Givors, <\/span>vu jusque 1916. Le bureau-gare de Givors a utilis\u00e9 comme oblit\u00e9ration manuelle, le type 1904.<\/p>\n<p>Bureau-gare de <span style=\"color: #0000ff;\">Saint Germain au mont d&rsquo;Or,<\/span> vu jusque 1924. Le bureau-gare de Saint Germain au Mont d&rsquo;Or a utilis\u00e9 comme oblit\u00e9ration manuelle, le type 1904.<\/p>\n<p>Bureau-gare de <span style=\"color: #0000ff;\">Villefranche sur Sa\u00f4ne,<\/span> vu jusque 1937. Le bureau-gare de Villefranche sur Sa\u00f4ne a utilis\u00e9 comme oblit\u00e9ration manuelle, 5 types: type 15, 17, 18, 1884, 1904. Devient un entrep\u00f4t de 1952 \u00e0 1964.<\/p>\n<blockquote class=\"wp-embedded-content\" data-secret=\"El2h1D1dit\"><p><a href=\"https:\/\/ambulantconvoyeurpar.com\/index.php\/2018\/01\/04\/les-obliterations-entrepots-du-departement-du-rhone-69\/\">les oblit\u00e9rations entrep\u00f4ts du d\u00e9partement du Rh\u00f4ne 69<\/a><\/p><\/blockquote>\n<p><iframe loading=\"lazy\" class=\"wp-embedded-content\" sandbox=\"allow-scripts\" security=\"restricted\" style=\"position: absolute; visibility: hidden;\" title=\"\u00ab\u00a0les oblit\u00e9rations entrep\u00f4ts du d\u00e9partement du Rh\u00f4ne 69\u00a0\u00bb &#8212; Ambulant\/Convoyeur\/PAR\" src=\"https:\/\/ambulantconvoyeurpar.com\/index.php\/2018\/01\/04\/les-obliterations-entrepots-du-departement-du-rhone-69\/embed\/#?secret=bH6OWFfTNI#?secret=El2h1D1dit\" data-secret=\"El2h1D1dit\" width=\"600\" height=\"338\" frameborder=\"0\" marginwidth=\"0\" marginheight=\"0\" scrolling=\"no\"><\/iframe><\/p>\n","protected":false},"excerpt":{"rendered":"<p>Article modifi\u00e9 le 10\/04\/2025. Ce bureau-gare existait d\u00e9j\u00e0 en 1866, En juillet 1977, un nouveau centre de tri est en activit\u00e9 \u00e0 Lyon Montrochet. On ne trouve plus de flammes Lyon-gare apr\u00e8s 1978. Daguin signal\u00e9 en 1904 (Dreyfuss). Les bureaux-gare d\u00e9pendent du bureau principal de leur ville qui peut aller d\u2019une recette principale R.P. \u00e0 une recette distribution R.D. Ce bureau utilise des oblit\u00e9rations manuelles et des machines \u00e0 oblit\u00e9rer. Le bureau-gare de Lyon a utilis\u00e9 comme oblit\u00e9ration manuelle 5&#8230;<\/p>\n<p class=\"read-more\"><a class=\"btn btn-default\" href=\"https:\/\/ambulantconvoyeurpar.com\/index.php\/2023\/11\/18\/bureaux-gare-du-departement-69-rhone\/\">Lire la suite<span class=\"screen-reader-text\"> Lire la suite<\/span><\/a><\/p>\n","protected":false},"author":1,"featured_media":0,"comment_status":"open","ping_status":"open","sticky":false,"template":"","format":"standard","meta":{"jetpack_post_was_ever_published":false,"_jetpack_newsletter_access":"","_jetpack_dont_email_post_to_subs":false,"_jetpack_newsletter_tier_id":0,"_jetpack_memberships_contains_paywalled_content":false,"_jetpack_memberships_contains_paid_content":false,"footnotes":"","jetpack_publicize_message":"","jetpack_publicize_feature_enabled":true,"jetpack_social_post_already_shared":true,"jetpack_social_options":{"image_generator_settings":{"template":"highway","default_image_id":0,"font":"","enabled":false},"version":2}},"categories":[77,67,57],"tags":[],"class_list":["post-8068","post","type-post","status-publish","format-standard","hentry","category-bureaux-gares-en-france","category-departements-61-a-75","category-gares"],"jetpack_publicize_connections":[],"jetpack_featured_media_url":"","jetpack_shortlink":"https:\/\/wp.me\/p91OMs-268","jetpack-related-posts":[],"jetpack_sharing_enabled":true,"_links":{"self":[{"href":"https:\/\/ambulantconvoyeurpar.com\/index.php\/wp-json\/wp\/v2\/posts\/8068","targetHints":{"allow":["GET"]}}],"collection":[{"href":"https:\/\/ambulantconvoyeurpar.com\/index.php\/wp-json\/wp\/v2\/posts"}],"about":[{"href":"https:\/\/ambulantconvoyeurpar.com\/index.php\/wp-json\/wp\/v2\/types\/post"}],"author":[{"embeddable":true,"href":"https:\/\/ambulantconvoyeurpar.com\/index.php\/wp-json\/wp\/v2\/users\/1"}],"replies":[{"embeddable":true,"href":"https:\/\/ambulantconvoyeurpar.com\/index.php\/wp-json\/wp\/v2\/comments?post=8068"}],"version-history":[{"count":3,"href":"https:\/\/ambulantconvoyeurpar.com\/index.php\/wp-json\/wp\/v2\/posts\/8068\/revisions"}],"predecessor-version":[{"id":25948,"href":"https:\/\/ambulantconvoyeurpar.com\/index.php\/wp-json\/wp\/v2\/posts\/8068\/revisions\/25948"}],"wp:attachment":[{"href":"https:\/\/ambulantconvoyeurpar.com\/index.php\/wp-json\/wp\/v2\/media?parent=8068"}],"wp:term":[{"taxonomy":"category","embeddable":true,"href":"https:\/\/ambulantconvoyeurpar.com\/index.php\/wp-json\/wp\/v2\/categories?post=8068"},{"taxonomy":"post_tag","embeddable":true,"href":"https:\/\/ambulantconvoyeurpar.com\/index.php\/wp-json\/wp\/v2\/tags?post=8068"}],"curies":[{"name":"wp","href":"https:\/\/api.w.org\/{rel}","templated":true}]}}