{"id":8770,"date":"2022-12-01T07:55:03","date_gmt":"2022-12-01T06:55:03","guid":{"rendered":"http:\/\/ambulantconvoyeurpar.com\/?p=8770"},"modified":"2022-12-01T07:55:03","modified_gmt":"2022-12-01T06:55:03","slug":"flammes-de-gare-du-departement-75-gare-p-l-m-ex-gare-de-lyon","status":"publish","type":"post","link":"https:\/\/ambulantconvoyeurpar.com\/index.php\/2022\/12\/01\/flammes-de-gare-du-departement-75-gare-p-l-m-ex-gare-de-lyon\/","title":{"rendered":"Flammes de gare du d\u00e9partement 75, gare P.L.M  ex gare de Lyon."},"content":{"rendered":"<p>\u00a0<\/p>\n<p>A ce jour, je ne suis pas capable d\u2019indiquer avec certitude quelles machines \u00e9taient affect\u00e9es dans le bureau postal ou dans le centre de tri et quelles flammes y \u00e9taient en service. Certaines flammes (les flammes multiples) ont \u00e9t\u00e9 en activit\u00e9 un temps dans un bureau postal et ensuite au centre de tri et vice versa, voire en m\u00eame temps sur les deux sites.<\/p>\n<p><strong>Paris gare de Lyon<\/strong><\/p>\n<p><span style=\"color: #ff0000;\">Machine Krag<\/span><\/p>\n<p style=\"text-align: center;\"><strong>1911\/15:\u00a0<\/strong><\/p>\n<figure id=\"attachment_13140\" aria-describedby=\"caption-attachment-13140\" style=\"width: 640px\" class=\"wp-caption aligncenter\"><a href=\"https:\/\/ambulantconvoyeurpar.com\/?attachment_id=13140\" rel=\"attachment wp-att-13140\"><img loading=\"lazy\" decoding=\"async\" class=\"wp-image-13140 size-large\" src=\"https:\/\/ambulantconvoyeurpar.com\/wp-content\/uploads\/2021\/03\/a3-25-1024x296.jpg\" alt=\"\" width=\"640\" height=\"185\" srcset=\"https:\/\/ambulantconvoyeurpar.com\/wp-content\/uploads\/2021\/03\/a3-25-1024x296.jpg 1024w, https:\/\/ambulantconvoyeurpar.com\/wp-content\/uploads\/2021\/03\/a3-25-300x87.jpg 300w, https:\/\/ambulantconvoyeurpar.com\/wp-content\/uploads\/2021\/03\/a3-25-768x222.jpg 768w, https:\/\/ambulantconvoyeurpar.com\/wp-content\/uploads\/2021\/03\/a3-25-604x175.jpg 604w, https:\/\/ambulantconvoyeurpar.com\/wp-content\/uploads\/2021\/03\/a3-25.jpg 1100w\" sizes=\"auto, (max-width: 640px) 100vw, 640px\" \/><\/a><figcaption id=\"caption-attachment-13140\" class=\"wp-caption-text\">Dans le bloc dateur, la pr\u00e9position \u00ab\u00a0<strong>de\u00a0\u00bb<\/strong> est de taille plus petite.<\/figcaption><\/figure>\n<p style=\"text-align: center;\"><strong>1912:<\/strong> idem vari\u00e9t\u00e9 o\u00f9 toutes les lettres \u00ab\u00a0<strong>gare de Lyon\u00a0\u00bb<\/strong> sont de m\u00eame grandeur.\u00a0<\/p>\n<p>Je ne poss\u00e8de pas cette flamme.<\/p>\n<p style=\"text-align: center;\"><strong>PLM=Paris\/Lyon\/M\u00e9diterran\u00e9e.<\/strong><\/p>\n<p><span style=\"color: #0000ff;\">1\/Paris gare de P.L.M<\/span><\/p>\n<p><span style=\"color: #0000ff;\">2\/Paris gare P.L.M.<\/span><\/p>\n<p><span style=\"color: #0000ff;\">3\/Paris gare PLM<\/span><\/p>\n<p><span style=\"color: #0000ff;\">4\/Paris gare P-L-M.<\/span><\/p>\n<p><span style=\"color: #0000ff;\">5\/Paris gare P.L.M. d\u00e9part.<\/span><\/p>\n<p>\u00a0<\/p>\n<p><span style=\"color: #0000ff;\"><strong>1\/Paris gare de P.L.M<\/strong><\/span><\/p>\n<p><span style=\"color: #ff0000;\">Machine Krag<\/span><\/p>\n<p style=\"text-align: center;\"><strong>1916\/21:<\/strong><\/p>\n<figure id=\"attachment_11210\" aria-describedby=\"caption-attachment-11210\" style=\"width: 640px\" class=\"wp-caption aligncenter\"><a href=\"http:\/\/ambulantconvoyeurpar.com\/?attachment_id=11210\" rel=\"attachment wp-att-11210\"><img loading=\"lazy\" decoding=\"async\" class=\"wp-image-11210 size-large\" src=\"https:\/\/ambulantconvoyeurpar.com\/wp-content\/uploads\/2020\/09\/a-77-1024x261.jpg\" alt=\"\" width=\"640\" height=\"163\" srcset=\"https:\/\/ambulantconvoyeurpar.com\/wp-content\/uploads\/2020\/09\/a-77-1024x261.jpg 1024w, https:\/\/ambulantconvoyeurpar.com\/wp-content\/uploads\/2020\/09\/a-77-300x76.jpg 300w, https:\/\/ambulantconvoyeurpar.com\/wp-content\/uploads\/2020\/09\/a-77-768x196.jpg 768w, https:\/\/ambulantconvoyeurpar.com\/wp-content\/uploads\/2020\/09\/a-77-604x154.jpg 604w, https:\/\/ambulantconvoyeurpar.com\/wp-content\/uploads\/2020\/09\/a-77.jpg 1130w\" sizes=\"auto, (max-width: 640px) 100vw, 640px\" \/><\/a><figcaption id=\"caption-attachment-11210\" class=\"wp-caption-text\">4 lignes droite.<\/figcaption><\/figure>\n<p style=\"text-align: center;\"><strong>1919\/22:<\/strong><\/p>\n<figure id=\"attachment_11005\" aria-describedby=\"caption-attachment-11005\" style=\"width: 640px\" class=\"wp-caption aligncenter\"><a href=\"http:\/\/ambulantconvoyeurpar.com\/?attachment_id=11005\" rel=\"attachment wp-att-11005\"><img loading=\"lazy\" decoding=\"async\" class=\"wp-image-11005 size-large\" src=\"https:\/\/ambulantconvoyeurpar.com\/wp-content\/uploads\/2020\/08\/a-30-1024x303.jpg\" alt=\"\" width=\"640\" height=\"189\" srcset=\"https:\/\/ambulantconvoyeurpar.com\/wp-content\/uploads\/2020\/08\/a-30-1024x303.jpg 1024w, https:\/\/ambulantconvoyeurpar.com\/wp-content\/uploads\/2020\/08\/a-30-300x89.jpg 300w, https:\/\/ambulantconvoyeurpar.com\/wp-content\/uploads\/2020\/08\/a-30-768x227.jpg 768w, https:\/\/ambulantconvoyeurpar.com\/wp-content\/uploads\/2020\/08\/a-30-604x179.jpg 604w, https:\/\/ambulantconvoyeurpar.com\/wp-content\/uploads\/2020\/08\/a-30.jpg 1160w\" sizes=\"auto, (max-width: 640px) 100vw, 640px\" \/><\/a><figcaption id=\"caption-attachment-11005\" class=\"wp-caption-text\">7 lignes droites.<\/figcaption><\/figure>\n<p><span style=\"color: #0000ff;\"><strong>2\/Paris gare P.L.M.<\/strong><\/span><\/p>\n<p><span style=\"color: #ff0000;\">Machine Krag<\/span><\/p>\n<p style=\"text-align: center;\"><strong>1919\/22<\/strong><\/p>\n<figure id=\"attachment_16186\" aria-describedby=\"caption-attachment-16186\" style=\"width: 1095px\" class=\"wp-caption aligncenter\"><a href=\"https:\/\/ambulantconvoyeurpar.com\/?attachment_id=16186\" rel=\"attachment wp-att-16186\"><img loading=\"lazy\" decoding=\"async\" class=\"wp-image-16186 size-full\" src=\"https:\/\/ambulantconvoyeurpar.com\/wp-content\/uploads\/2022\/03\/a1-92.jpg\" alt=\"\" width=\"1095\" height=\"303\" srcset=\"https:\/\/ambulantconvoyeurpar.com\/wp-content\/uploads\/2022\/03\/a1-92.jpg 1095w, https:\/\/ambulantconvoyeurpar.com\/wp-content\/uploads\/2022\/03\/a1-92-300x83.jpg 300w, https:\/\/ambulantconvoyeurpar.com\/wp-content\/uploads\/2022\/03\/a1-92-1024x283.jpg 1024w, https:\/\/ambulantconvoyeurpar.com\/wp-content\/uploads\/2022\/03\/a1-92-768x213.jpg 768w, https:\/\/ambulantconvoyeurpar.com\/wp-content\/uploads\/2022\/03\/a1-92-604x167.jpg 604w\" sizes=\"auto, (max-width: 1095px) 100vw, 1095px\" \/><\/a><figcaption id=\"caption-attachment-16186\" class=\"wp-caption-text\">7 lignes droites.<\/figcaption><\/figure>\n<p style=\"text-align: center;\"><strong>1923\/26: 4ld<\/strong><\/p>\n<p>Je ne poss\u00e8de pas cette flamme.<\/p>\n<p>\u00a0<\/p>\n<p style=\"text-align: center;\"><strong>1924: visite de la foire de Paris du 10 au 25 mai<\/strong><\/p>\n<p style=\"text-align: center;\"><a href=\"https:\/\/ambulantconvoyeurpar.com\/?attachment_id=16110\" rel=\"attachment wp-att-16110\"><img loading=\"lazy\" decoding=\"async\" class=\"size-full wp-image-16110 aligncenter\" src=\"https:\/\/ambulantconvoyeurpar.com\/wp-content\/uploads\/2022\/03\/a1-47.jpg\" alt=\"\" width=\"1085\" height=\"323\" srcset=\"https:\/\/ambulantconvoyeurpar.com\/wp-content\/uploads\/2022\/03\/a1-47.jpg 1085w, https:\/\/ambulantconvoyeurpar.com\/wp-content\/uploads\/2022\/03\/a1-47-300x89.jpg 300w, https:\/\/ambulantconvoyeurpar.com\/wp-content\/uploads\/2022\/03\/a1-47-1024x305.jpg 1024w, https:\/\/ambulantconvoyeurpar.com\/wp-content\/uploads\/2022\/03\/a1-47-768x229.jpg 768w, https:\/\/ambulantconvoyeurpar.com\/wp-content\/uploads\/2022\/03\/a1-47-604x180.jpg 604w\" sizes=\"auto, (max-width: 1085px) 100vw, 1085px\" \/><\/a><\/p>\n<p><span style=\"color: #ff0000;\">Machine S\u00e9cap<\/span><\/p>\n<p style=\"text-align: center;\"><strong>1953\/56: foire de Paris au mois de mai<\/strong><\/p>\n<p><a href=\"https:\/\/ambulantconvoyeurpar.com\/?attachment_id=17824\" rel=\"attachment wp-att-17824\"><img loading=\"lazy\" decoding=\"async\" class=\"size-full wp-image-17824 aligncenter\" src=\"https:\/\/ambulantconvoyeurpar.com\/wp-content\/uploads\/2022\/11\/a1-18.jpg\" alt=\"\" width=\"777\" height=\"303\" srcset=\"https:\/\/ambulantconvoyeurpar.com\/wp-content\/uploads\/2022\/11\/a1-18.jpg 777w, https:\/\/ambulantconvoyeurpar.com\/wp-content\/uploads\/2022\/11\/a1-18-300x117.jpg 300w, https:\/\/ambulantconvoyeurpar.com\/wp-content\/uploads\/2022\/11\/a1-18-768x299.jpg 768w, https:\/\/ambulantconvoyeurpar.com\/wp-content\/uploads\/2022\/11\/a1-18-604x236.jpg 604w\" sizes=\"auto, (max-width: 777px) 100vw, 777px\" \/><\/a><\/p>\n<p style=\"text-align: center;\"><strong>1954\/93: flamme muette<\/strong><\/p>\n<figure id=\"attachment_11219\" aria-describedby=\"caption-attachment-11219\" style=\"width: 742px\" class=\"wp-caption aligncenter\"><a href=\"http:\/\/ambulantconvoyeurpar.com\/?attachment_id=11219\" rel=\"attachment wp-att-11219\"><img loading=\"lazy\" decoding=\"async\" class=\"wp-image-11219 size-full\" src=\"https:\/\/ambulantconvoyeurpar.com\/wp-content\/uploads\/2020\/09\/a-86.jpg\" alt=\"\" width=\"742\" height=\"273\" srcset=\"https:\/\/ambulantconvoyeurpar.com\/wp-content\/uploads\/2020\/09\/a-86.jpg 742w, https:\/\/ambulantconvoyeurpar.com\/wp-content\/uploads\/2020\/09\/a-86-300x110.jpg 300w, https:\/\/ambulantconvoyeurpar.com\/wp-content\/uploads\/2020\/09\/a-86-604x222.jpg 604w\" sizes=\"auto, (max-width: 742px) 100vw, 742px\" \/><\/a><figcaption id=\"caption-attachment-11219\" class=\"wp-caption-text\">Signal\u00e9 1954\/78.<\/figcaption><\/figure>\n<p>\u00a0<\/p>\n<figure id=\"attachment_17890\" aria-describedby=\"caption-attachment-17890\" style=\"width: 716px\" class=\"wp-caption aligncenter\"><a href=\"https:\/\/ambulantconvoyeurpar.com\/?attachment_id=17890\" rel=\"attachment wp-att-17890\"><img loading=\"lazy\" decoding=\"async\" class=\"wp-image-17890 size-full\" src=\"https:\/\/ambulantconvoyeurpar.com\/wp-content\/uploads\/2022\/11\/a1-25.jpg\" alt=\"\" width=\"716\" height=\"268\" srcset=\"https:\/\/ambulantconvoyeurpar.com\/wp-content\/uploads\/2022\/11\/a1-25.jpg 716w, https:\/\/ambulantconvoyeurpar.com\/wp-content\/uploads\/2022\/11\/a1-25-300x112.jpg 300w, https:\/\/ambulantconvoyeurpar.com\/wp-content\/uploads\/2022\/11\/a1-25-604x226.jpg 604w\" sizes=\"auto, (max-width: 716px) 100vw, 716px\" \/><\/a><figcaption id=\"caption-attachment-17890\" class=\"wp-caption-text\">Vu 1980\/1990. Lettres plus grandes dans la couronne.<\/figcaption><\/figure>\n<p>\u00a0<\/p>\n<figure id=\"attachment_11007\" aria-describedby=\"caption-attachment-11007\" style=\"width: 661px\" class=\"wp-caption aligncenter\"><a href=\"http:\/\/ambulantconvoyeurpar.com\/?attachment_id=11007\" rel=\"attachment wp-att-11007\"><img loading=\"lazy\" decoding=\"async\" class=\"wp-image-11007 size-full\" src=\"https:\/\/ambulantconvoyeurpar.com\/wp-content\/uploads\/2020\/08\/a-31.jpg\" alt=\"\" width=\"661\" height=\"252\" srcset=\"https:\/\/ambulantconvoyeurpar.com\/wp-content\/uploads\/2020\/08\/a-31.jpg 661w, https:\/\/ambulantconvoyeurpar.com\/wp-content\/uploads\/2020\/08\/a-31-300x114.jpg 300w, https:\/\/ambulantconvoyeurpar.com\/wp-content\/uploads\/2020\/08\/a-31-604x230.jpg 604w\" sizes=\"auto, (max-width: 661px) 100vw, 661px\" \/><\/a><figcaption id=\"caption-attachment-11007\" class=\"wp-caption-text\">Vu 1982\/1990. Lettres plus petites dans la couronne.<\/figcaption><\/figure>\n<p>\u00a0<\/p>\n<figure id=\"attachment_17766\" aria-describedby=\"caption-attachment-17766\" style=\"width: 767px\" class=\"wp-caption aligncenter\"><a href=\"https:\/\/ambulantconvoyeurpar.com\/?attachment_id=17766\" rel=\"attachment wp-att-17766\"><img loading=\"lazy\" decoding=\"async\" class=\"wp-image-17766 size-full\" src=\"https:\/\/ambulantconvoyeurpar.com\/wp-content\/uploads\/2022\/10\/a1-42.jpg\" alt=\"\" width=\"767\" height=\"288\" srcset=\"https:\/\/ambulantconvoyeurpar.com\/wp-content\/uploads\/2022\/10\/a1-42.jpg 767w, https:\/\/ambulantconvoyeurpar.com\/wp-content\/uploads\/2022\/10\/a1-42-300x113.jpg 300w, https:\/\/ambulantconvoyeurpar.com\/wp-content\/uploads\/2022\/10\/a1-42-604x227.jpg 604w\" sizes=\"auto, (max-width: 767px) 100vw, 767px\" \/><\/a><figcaption id=\"caption-attachment-17766\" class=\"wp-caption-text\">Paris gare en haut de la couronne et PLM en bas, vu 1990\/92<\/figcaption><\/figure>\n<p><span style=\"color: #ff0000;\">Machine S\u00e9cap HPS<\/span><\/p>\n<figure id=\"attachment_11058\" aria-describedby=\"caption-attachment-11058\" style=\"width: 671px\" class=\"wp-caption aligncenter\"><a href=\"http:\/\/ambulantconvoyeurpar.com\/?attachment_id=11058\" rel=\"attachment wp-att-11058\"><img loading=\"lazy\" decoding=\"async\" class=\"wp-image-11058 size-full\" src=\"https:\/\/ambulantconvoyeurpar.com\/wp-content\/uploads\/2020\/08\/a-50.jpg\" alt=\"\" width=\"671\" height=\"288\" srcset=\"https:\/\/ambulantconvoyeurpar.com\/wp-content\/uploads\/2020\/08\/a-50.jpg 671w, https:\/\/ambulantconvoyeurpar.com\/wp-content\/uploads\/2020\/08\/a-50-300x129.jpg 300w, https:\/\/ambulantconvoyeurpar.com\/wp-content\/uploads\/2020\/08\/a-50-604x259.jpg 604w\" sizes=\"auto, (max-width: 671px) 100vw, 671px\" \/><\/a><figcaption id=\"caption-attachment-11058\" class=\"wp-caption-text\">Cette oblit\u00e9ration se caract\u00e9rise par un double cercle dans la couronne. Vu 1992\/93.<\/figcaption><\/figure>\n<p style=\"text-align: center;\"><strong>1954\/55: aujourd&rsquo;hui\/ achetez\/ un livre<\/strong><\/p>\n<p><a href=\"http:\/\/ambulantconvoyeurpar.com\/?attachment_id=11008\" rel=\"attachment wp-att-11008\"><img loading=\"lazy\" decoding=\"async\" class=\"size-full wp-image-11008 aligncenter\" src=\"http:\/\/ambulantconvoyeurpar.com\/wp-content\/uploads\/2020\/08\/a-32.jpg\" alt=\"\" width=\"731\" height=\"298\" srcset=\"https:\/\/ambulantconvoyeurpar.com\/wp-content\/uploads\/2020\/08\/a-32.jpg 731w, https:\/\/ambulantconvoyeurpar.com\/wp-content\/uploads\/2020\/08\/a-32-300x122.jpg 300w, https:\/\/ambulantconvoyeurpar.com\/wp-content\/uploads\/2020\/08\/a-32-604x246.jpg 604w\" sizes=\"auto, (max-width: 731px) 100vw, 731px\" \/><\/a><\/p>\n<p style=\"text-align: center;\"><strong>1957\/66: pour Paris mettez le N\u00b0 de l&rsquo;arrondissement<\/strong><\/p>\n<p><a href=\"http:\/\/ambulantconvoyeurpar.com\/?attachment_id=11019\" rel=\"attachment wp-att-11019\"><img loading=\"lazy\" decoding=\"async\" class=\"size-full wp-image-11019 aligncenter\" src=\"http:\/\/ambulantconvoyeurpar.com\/wp-content\/uploads\/2020\/08\/a-34.jpg\" alt=\"\" width=\"762\" height=\"318\" srcset=\"https:\/\/ambulantconvoyeurpar.com\/wp-content\/uploads\/2020\/08\/a-34.jpg 762w, https:\/\/ambulantconvoyeurpar.com\/wp-content\/uploads\/2020\/08\/a-34-300x125.jpg 300w, https:\/\/ambulantconvoyeurpar.com\/wp-content\/uploads\/2020\/08\/a-34-604x252.jpg 604w\" sizes=\"auto, (max-width: 762px) 100vw, 762px\" \/><\/a><\/p>\n<figure id=\"attachment_13143\" aria-describedby=\"caption-attachment-13143\" style=\"width: 696px\" class=\"wp-caption aligncenter\"><a href=\"https:\/\/ambulantconvoyeurpar.com\/?attachment_id=13143\" rel=\"attachment wp-att-13143\"><img loading=\"lazy\" decoding=\"async\" class=\"wp-image-13143 size-full\" src=\"https:\/\/ambulantconvoyeurpar.com\/wp-content\/uploads\/2021\/03\/a3-26.jpg\" alt=\"\" width=\"696\" height=\"293\" srcset=\"https:\/\/ambulantconvoyeurpar.com\/wp-content\/uploads\/2021\/03\/a3-26.jpg 696w, https:\/\/ambulantconvoyeurpar.com\/wp-content\/uploads\/2021\/03\/a3-26-300x126.jpg 300w, https:\/\/ambulantconvoyeurpar.com\/wp-content\/uploads\/2021\/03\/a3-26-604x254.jpg 604w\" sizes=\"auto, (max-width: 696px) 100vw, 696px\" \/><\/a><figcaption id=\"caption-attachment-13143\" class=\"wp-caption-text\">Couronne mont\u00e9e \u00e0 l&rsquo;envers.<\/figcaption><\/figure>\n<p style=\"text-align: center;\"><strong>1955\/57: depuis le 1er juillet 1955\/dimensions\/ minima\/ des enveloppes<\/strong><\/p>\n<p><a href=\"https:\/\/ambulantconvoyeurpar.com\/?attachment_id=17823\" rel=\"attachment wp-att-17823\"><img loading=\"lazy\" decoding=\"async\" class=\"size-full wp-image-17823 aligncenter\" src=\"https:\/\/ambulantconvoyeurpar.com\/wp-content\/uploads\/2022\/11\/a1-17.jpg\" alt=\"\" width=\"742\" height=\"333\" srcset=\"https:\/\/ambulantconvoyeurpar.com\/wp-content\/uploads\/2022\/11\/a1-17.jpg 742w, https:\/\/ambulantconvoyeurpar.com\/wp-content\/uploads\/2022\/11\/a1-17-300x135.jpg 300w, https:\/\/ambulantconvoyeurpar.com\/wp-content\/uploads\/2022\/11\/a1-17-602x270.jpg 602w\" sizes=\"auto, (max-width: 742px) 100vw, 742px\" \/><\/a><\/p>\n<p>\u00a0<\/p>\n<p style=\"text-align: center;\"><strong>1955\/56: idem fg<\/strong><\/p>\n<p>Je ne poss\u00e8de pas cette flamme.<\/p>\n<p style=\"text-align: center;\"><strong>1955: vous partez en vacances \/ pour faire suivre \/votre courrier<\/strong><\/p>\n<p>Je ne poss\u00e8de pas cette flamme.<\/p>\n<p style=\"text-align: center;\"><strong>1957\/58: la foire de Paris en mai porte de Versailles<\/strong><\/p>\n<p><a href=\"http:\/\/ambulantconvoyeurpar.com\/?attachment_id=11221\" rel=\"attachment wp-att-11221\"><img loading=\"lazy\" decoding=\"async\" class=\"size-full wp-image-11221 aligncenter\" src=\"http:\/\/ambulantconvoyeurpar.com\/wp-content\/uploads\/2020\/09\/a-88.jpg\" alt=\"\" width=\"736\" height=\"283\" srcset=\"https:\/\/ambulantconvoyeurpar.com\/wp-content\/uploads\/2020\/09\/a-88.jpg 736w, https:\/\/ambulantconvoyeurpar.com\/wp-content\/uploads\/2020\/09\/a-88-300x115.jpg 300w, https:\/\/ambulantconvoyeurpar.com\/wp-content\/uploads\/2020\/09\/a-88-604x232.jpg 604w\" sizes=\"auto, (max-width: 736px) 100vw, 736px\" \/><\/a><\/p>\n<p style=\"text-align: center;\"><b>1958: votez c&rsquo;est b\u00e2tir\/ s&rsquo;abstenir c&rsquo;est d\u00e9serter<\/b><\/p>\n<p>Je ne poss\u00e8de pas cette flamme.<\/p>\n<p>\u00a0<\/p>\n<p>A partir des ann\u00e9es 1960, les flammes temporaires et permanentes seront l\u00e9gions. Ces flammes temporaires peuvent avoir une dur\u00e9e d\u2019utilisation courte (de quelques semaines \u00e0 trois mois) sauf quelques exceptions.<\/p>\n<p>Toutes les flammes apr\u00e8s 1960 ne sont pas list\u00e9es, elles seront ajout\u00e9es au fur et \u00e0 mesure de mes trouvailles.<\/p>\n<p style=\"text-align: center;\"><strong>1962\/63<\/strong><\/p>\n<p><a href=\"http:\/\/ambulantconvoyeurpar.com\/?attachment_id=11211\" rel=\"attachment wp-att-11211\"><img loading=\"lazy\" decoding=\"async\" class=\"size-full wp-image-11211 aligncenter\" src=\"http:\/\/ambulantconvoyeurpar.com\/wp-content\/uploads\/2020\/09\/a-78.jpg\" alt=\"\" width=\"711\" height=\"303\" srcset=\"https:\/\/ambulantconvoyeurpar.com\/wp-content\/uploads\/2020\/09\/a-78.jpg 711w, https:\/\/ambulantconvoyeurpar.com\/wp-content\/uploads\/2020\/09\/a-78-300x128.jpg 300w, https:\/\/ambulantconvoyeurpar.com\/wp-content\/uploads\/2020\/09\/a-78-604x257.jpg 604w\" sizes=\"auto, (max-width: 711px) 100vw, 711px\" \/><\/a><\/p>\n<p style=\"text-align: center;\"><strong>1964<\/strong><\/p>\n<p><a href=\"https:\/\/ambulantconvoyeurpar.com\/?attachment_id=15705\" rel=\"attachment wp-att-15705\"><img loading=\"lazy\" decoding=\"async\" class=\"size-full wp-image-15705 aligncenter\" src=\"https:\/\/ambulantconvoyeurpar.com\/wp-content\/uploads\/2022\/02\/a1-58.jpg\" alt=\"\" width=\"782\" height=\"298\" srcset=\"https:\/\/ambulantconvoyeurpar.com\/wp-content\/uploads\/2022\/02\/a1-58.jpg 782w, https:\/\/ambulantconvoyeurpar.com\/wp-content\/uploads\/2022\/02\/a1-58-300x114.jpg 300w, https:\/\/ambulantconvoyeurpar.com\/wp-content\/uploads\/2022\/02\/a1-58-768x293.jpg 768w, https:\/\/ambulantconvoyeurpar.com\/wp-content\/uploads\/2022\/02\/a1-58-604x230.jpg 604w\" sizes=\"auto, (max-width: 782px) 100vw, 782px\" \/><\/a><\/p>\n<p>\u00a0<\/p>\n<p style=\"text-align: center;\"><strong>1964\/65<\/strong> quand vous r\u00e9pondez, pensez \u00e0 la croix rouge, utilisez les timbres postes avec surtaxe.<\/p>\n<p>Je ne poss\u00e8de pas cette flamme.<\/p>\n<p style=\"text-align: center;\"><strong>1964\/72<\/strong><\/p>\n<figure id=\"attachment_10307\" aria-describedby=\"caption-attachment-10307\" style=\"width: 772px\" class=\"wp-caption aligncenter\"><img loading=\"lazy\" decoding=\"async\" class=\"wp-image-10307 size-full\" src=\"https:\/\/ambulantconvoyeurpar.com\/wp-content\/uploads\/2020\/06\/a-362.jpg\" alt=\"\" width=\"772\" height=\"268\" srcset=\"https:\/\/ambulantconvoyeurpar.com\/wp-content\/uploads\/2020\/06\/a-362.jpg 772w, https:\/\/ambulantconvoyeurpar.com\/wp-content\/uploads\/2020\/06\/a-362-300x104.jpg 300w, https:\/\/ambulantconvoyeurpar.com\/wp-content\/uploads\/2020\/06\/a-362-768x267.jpg 768w, https:\/\/ambulantconvoyeurpar.com\/wp-content\/uploads\/2020\/06\/a-362-604x210.jpg 604w\" sizes=\"auto, (max-width: 772px) 100vw, 772px\" \/><figcaption id=\"caption-attachment-10307\" class=\"wp-caption-text\">vu 1964\/70, flamme \u00e0 gauche.<\/figcaption><\/figure>\n<figure id=\"attachment_17596\" aria-describedby=\"caption-attachment-17596\" style=\"width: 726px\" class=\"wp-caption aligncenter\"><a href=\"https:\/\/ambulantconvoyeurpar.com\/?attachment_id=17596\" rel=\"attachment wp-att-17596\"><img loading=\"lazy\" decoding=\"async\" class=\"wp-image-17596 size-full\" src=\"https:\/\/ambulantconvoyeurpar.com\/wp-content\/uploads\/2022\/10\/a1-11.jpg\" alt=\"\" width=\"726\" height=\"313\" srcset=\"https:\/\/ambulantconvoyeurpar.com\/wp-content\/uploads\/2022\/10\/a1-11.jpg 726w, https:\/\/ambulantconvoyeurpar.com\/wp-content\/uploads\/2022\/10\/a1-11-300x129.jpg 300w, https:\/\/ambulantconvoyeurpar.com\/wp-content\/uploads\/2022\/10\/a1-11-604x260.jpg 604w\" sizes=\"auto, (max-width: 726px) 100vw, 726px\" \/><\/a><figcaption id=\"caption-attachment-17596\" class=\"wp-caption-text\">vu 1970\/72, flamme \u00e0 droite.<\/figcaption><\/figure>\n<p style=\"text-align: center;\"><strong>1965\/66<\/strong><\/p>\n<p><img loading=\"lazy\" decoding=\"async\" class=\"size-full wp-image-10310 aligncenter\" src=\"http:\/\/ambulantconvoyeurpar.com\/wp-content\/uploads\/2020\/06\/a-365.jpg\" alt=\"\" width=\"762\" height=\"303\" srcset=\"https:\/\/ambulantconvoyeurpar.com\/wp-content\/uploads\/2020\/06\/a-365.jpg 762w, https:\/\/ambulantconvoyeurpar.com\/wp-content\/uploads\/2020\/06\/a-365-300x119.jpg 300w, https:\/\/ambulantconvoyeurpar.com\/wp-content\/uploads\/2020\/06\/a-365-604x240.jpg 604w\" sizes=\"auto, (max-width: 762px) 100vw, 762px\" \/><\/p>\n<p style=\"text-align: center;\"><strong>1966<\/strong><\/p>\n<p><a href=\"https:\/\/ambulantconvoyeurpar.com\/?attachment_id=17603\" rel=\"attachment wp-att-17603\"><img loading=\"lazy\" decoding=\"async\" class=\"alignnone size-full wp-image-17603\" src=\"https:\/\/ambulantconvoyeurpar.com\/wp-content\/uploads\/2022\/10\/a1-14.jpg\" alt=\"\" width=\"742\" height=\"308\" srcset=\"https:\/\/ambulantconvoyeurpar.com\/wp-content\/uploads\/2022\/10\/a1-14.jpg 742w, https:\/\/ambulantconvoyeurpar.com\/wp-content\/uploads\/2022\/10\/a1-14-300x125.jpg 300w, https:\/\/ambulantconvoyeurpar.com\/wp-content\/uploads\/2022\/10\/a1-14-604x251.jpg 604w\" sizes=\"auto, (max-width: 742px) 100vw, 742px\" \/><\/a><\/p>\n<p>\u00a0<\/p>\n<p><img loading=\"lazy\" decoding=\"async\" class=\"size-full wp-image-10312 aligncenter\" src=\"http:\/\/ambulantconvoyeurpar.com\/wp-content\/uploads\/2020\/06\/a-367.jpg\" alt=\"\" width=\"721\" height=\"333\" srcset=\"https:\/\/ambulantconvoyeurpar.com\/wp-content\/uploads\/2020\/06\/a-367.jpg 721w, https:\/\/ambulantconvoyeurpar.com\/wp-content\/uploads\/2020\/06\/a-367-300x139.jpg 300w, https:\/\/ambulantconvoyeurpar.com\/wp-content\/uploads\/2020\/06\/a-367-585x270.jpg 585w\" sizes=\"auto, (max-width: 721px) 100vw, 721px\" \/><\/p>\n<figure id=\"attachment_10311\" aria-describedby=\"caption-attachment-10311\" style=\"width: 787px\" class=\"wp-caption aligncenter\"><img loading=\"lazy\" decoding=\"async\" class=\"wp-image-10311 size-full\" src=\"https:\/\/ambulantconvoyeurpar.com\/wp-content\/uploads\/2020\/06\/a-366.jpg\" alt=\"\" width=\"787\" height=\"313\" srcset=\"https:\/\/ambulantconvoyeurpar.com\/wp-content\/uploads\/2020\/06\/a-366.jpg 787w, https:\/\/ambulantconvoyeurpar.com\/wp-content\/uploads\/2020\/06\/a-366-300x119.jpg 300w, https:\/\/ambulantconvoyeurpar.com\/wp-content\/uploads\/2020\/06\/a-366-768x305.jpg 768w, https:\/\/ambulantconvoyeurpar.com\/wp-content\/uploads\/2020\/06\/a-366-604x240.jpg 604w\" sizes=\"auto, (max-width: 787px) 100vw, 787px\" \/><figcaption id=\"caption-attachment-10311\" class=\"wp-caption-text\">Signal\u00e9 1966\/68.<\/figcaption><\/figure>\n<p style=\"text-align: center;\"><strong>1967<\/strong><\/p>\n<figure id=\"attachment_10309\" aria-describedby=\"caption-attachment-10309\" style=\"width: 686px\" class=\"wp-caption aligncenter\"><img loading=\"lazy\" decoding=\"async\" class=\"wp-image-10309 size-full\" src=\"https:\/\/ambulantconvoyeurpar.com\/wp-content\/uploads\/2020\/06\/a-364.jpg\" alt=\"\" width=\"686\" height=\"323\" srcset=\"https:\/\/ambulantconvoyeurpar.com\/wp-content\/uploads\/2020\/06\/a-364.jpg 686w, https:\/\/ambulantconvoyeurpar.com\/wp-content\/uploads\/2020\/06\/a-364-300x141.jpg 300w, https:\/\/ambulantconvoyeurpar.com\/wp-content\/uploads\/2020\/06\/a-364-573x270.jpg 573w\" sizes=\"auto, (max-width: 686px) 100vw, 686px\" \/><figcaption id=\"caption-attachment-10309\" class=\"wp-caption-text\">Flamme \u00e9mise de aout \u00e0 septembre 67<\/figcaption><\/figure>\n<p style=\"text-align: center;\"><strong>1968<\/strong><\/p>\n<p><img loading=\"lazy\" decoding=\"async\" class=\"size-full wp-image-10308 aligncenter\" src=\"http:\/\/ambulantconvoyeurpar.com\/wp-content\/uploads\/2020\/06\/a-363.jpg\" alt=\"\" width=\"807\" height=\"318\" srcset=\"https:\/\/ambulantconvoyeurpar.com\/wp-content\/uploads\/2020\/06\/a-363.jpg 807w, https:\/\/ambulantconvoyeurpar.com\/wp-content\/uploads\/2020\/06\/a-363-300x118.jpg 300w, https:\/\/ambulantconvoyeurpar.com\/wp-content\/uploads\/2020\/06\/a-363-768x303.jpg 768w, https:\/\/ambulantconvoyeurpar.com\/wp-content\/uploads\/2020\/06\/a-363-604x238.jpg 604w\" sizes=\"auto, (max-width: 807px) 100vw, 807px\" \/><\/p>\n<p style=\"text-align: center;\"><strong>1969<\/strong><\/p>\n<p><a href=\"https:\/\/ambulantconvoyeurpar.com\/?attachment_id=13679\" rel=\"attachment wp-att-13679\"><img loading=\"lazy\" decoding=\"async\" class=\"size-full wp-image-13679 aligncenter\" src=\"https:\/\/ambulantconvoyeurpar.com\/wp-content\/uploads\/2021\/04\/a3-194.jpg\" alt=\"\" width=\"778\" height=\"515\" srcset=\"https:\/\/ambulantconvoyeurpar.com\/wp-content\/uploads\/2021\/04\/a3-194.jpg 778w, https:\/\/ambulantconvoyeurpar.com\/wp-content\/uploads\/2021\/04\/a3-194-300x199.jpg 300w, https:\/\/ambulantconvoyeurpar.com\/wp-content\/uploads\/2021\/04\/a3-194-768x508.jpg 768w, https:\/\/ambulantconvoyeurpar.com\/wp-content\/uploads\/2021\/04\/a3-194-408x270.jpg 408w\" sizes=\"auto, (max-width: 778px) 100vw, 778px\" \/><\/a><\/p>\n<p style=\"text-align: center;\"><strong>1972<\/strong><\/p>\n<figure id=\"attachment_8772\" aria-describedby=\"caption-attachment-8772\" style=\"width: 752px\" class=\"wp-caption aligncenter\"><img loading=\"lazy\" decoding=\"async\" class=\"wp-image-8772 size-full\" src=\"https:\/\/ambulantconvoyeurpar.com\/wp-content\/uploads\/2020\/04\/a-21.jpg\" alt=\"\" width=\"752\" height=\"303\" srcset=\"https:\/\/ambulantconvoyeurpar.com\/wp-content\/uploads\/2020\/04\/a-21.jpg 752w, https:\/\/ambulantconvoyeurpar.com\/wp-content\/uploads\/2020\/04\/a-21-300x121.jpg 300w, https:\/\/ambulantconvoyeurpar.com\/wp-content\/uploads\/2020\/04\/a-21-604x243.jpg 604w\" sizes=\"auto, (max-width: 752px) 100vw, 752px\" \/><figcaption id=\"caption-attachment-8772\" class=\"wp-caption-text\">Flamme \u00e9mise du 06\/1972 \u00e0 01\/1981.<\/figcaption><\/figure>\n<p style=\"text-align: center;\"><strong>1974<\/strong><\/p>\n<p><a href=\"http:\/\/ambulantconvoyeurpar.com\/?attachment_id=11218\" rel=\"attachment wp-att-11218\"><img loading=\"lazy\" decoding=\"async\" class=\"size-full wp-image-11218 aligncenter\" src=\"http:\/\/ambulantconvoyeurpar.com\/wp-content\/uploads\/2020\/09\/a-85.jpg\" alt=\"\" width=\"726\" height=\"328\" srcset=\"https:\/\/ambulantconvoyeurpar.com\/wp-content\/uploads\/2020\/09\/a-85.jpg 726w, https:\/\/ambulantconvoyeurpar.com\/wp-content\/uploads\/2020\/09\/a-85-300x136.jpg 300w, https:\/\/ambulantconvoyeurpar.com\/wp-content\/uploads\/2020\/09\/a-85-598x270.jpg 598w\" sizes=\"auto, (max-width: 726px) 100vw, 726px\" \/><\/a><\/p>\n<p style=\"text-align: center;\"><strong>1979<\/strong><\/p>\n<p><a href=\"http:\/\/ambulantconvoyeurpar.com\/?attachment_id=11217\" rel=\"attachment wp-att-11217\"><img loading=\"lazy\" decoding=\"async\" class=\"size-full wp-image-11217 aligncenter\" src=\"http:\/\/ambulantconvoyeurpar.com\/wp-content\/uploads\/2020\/09\/a-84.jpg\" alt=\"\" width=\"731\" height=\"338\" srcset=\"https:\/\/ambulantconvoyeurpar.com\/wp-content\/uploads\/2020\/09\/a-84.jpg 731w, https:\/\/ambulantconvoyeurpar.com\/wp-content\/uploads\/2020\/09\/a-84-300x139.jpg 300w, https:\/\/ambulantconvoyeurpar.com\/wp-content\/uploads\/2020\/09\/a-84-584x270.jpg 584w\" sizes=\"auto, (max-width: 731px) 100vw, 731px\" \/><\/a><\/p>\n<p style=\"text-align: center;\"><strong>1982<\/strong><\/p>\n<p>\u00a0<\/p>\n<figure id=\"attachment_10882\" aria-describedby=\"caption-attachment-10882\" style=\"width: 827px\" class=\"wp-caption aligncenter\"><img loading=\"lazy\" decoding=\"async\" class=\"wp-image-10882 size-full\" src=\"https:\/\/ambulantconvoyeurpar.com\/wp-content\/uploads\/2020\/06\/a-444.jpg\" alt=\"\" width=\"827\" height=\"520\" srcset=\"https:\/\/ambulantconvoyeurpar.com\/wp-content\/uploads\/2020\/06\/a-444.jpg 827w, https:\/\/ambulantconvoyeurpar.com\/wp-content\/uploads\/2020\/06\/a-444-300x189.jpg 300w, https:\/\/ambulantconvoyeurpar.com\/wp-content\/uploads\/2020\/06\/a-444-768x483.jpg 768w, https:\/\/ambulantconvoyeurpar.com\/wp-content\/uploads\/2020\/06\/a-444-429x270.jpg 429w\" sizes=\"auto, (max-width: 827px) 100vw, 827px\" \/><figcaption id=\"caption-attachment-10882\" class=\"wp-caption-text\">Flamme \u00e9mise du 02\/01\/1982 =&gt; 21\/06\/82<\/figcaption><\/figure>\n<p style=\"text-align: center;\"><strong>1986<\/strong><\/p>\n<p><a href=\"https:\/\/ambulantconvoyeurpar.com\/?attachment_id=15479\" rel=\"attachment wp-att-15479\"><img loading=\"lazy\" decoding=\"async\" class=\"size-full wp-image-15479 aligncenter\" src=\"https:\/\/ambulantconvoyeurpar.com\/wp-content\/uploads\/2022\/01\/a6-68.jpg\" alt=\"\" width=\"777\" height=\"308\" srcset=\"https:\/\/ambulantconvoyeurpar.com\/wp-content\/uploads\/2022\/01\/a6-68.jpg 777w, https:\/\/ambulantconvoyeurpar.com\/wp-content\/uploads\/2022\/01\/a6-68-300x119.jpg 300w, https:\/\/ambulantconvoyeurpar.com\/wp-content\/uploads\/2022\/01\/a6-68-768x304.jpg 768w, https:\/\/ambulantconvoyeurpar.com\/wp-content\/uploads\/2022\/01\/a6-68-604x239.jpg 604w\" sizes=\"auto, (max-width: 777px) 100vw, 777px\" \/><\/a><\/p>\n<p style=\"text-align: center;\"><strong>1987<\/strong><\/p>\n<figure id=\"attachment_11212\" aria-describedby=\"caption-attachment-11212\" style=\"width: 863px\" class=\"wp-caption aligncenter\"><a href=\"http:\/\/ambulantconvoyeurpar.com\/?attachment_id=11212\" rel=\"attachment wp-att-11212\"><img loading=\"lazy\" decoding=\"async\" class=\"wp-image-11212 size-full\" src=\"http:\/\/ambulantconvoyeurpar.com\/wp-content\/uploads\/2020\/09\/a-79.jpg\" alt=\"\" width=\"863\" height=\"323\" srcset=\"https:\/\/ambulantconvoyeurpar.com\/wp-content\/uploads\/2020\/09\/a-79.jpg 863w, https:\/\/ambulantconvoyeurpar.com\/wp-content\/uploads\/2020\/09\/a-79-300x112.jpg 300w, https:\/\/ambulantconvoyeurpar.com\/wp-content\/uploads\/2020\/09\/a-79-768x287.jpg 768w, https:\/\/ambulantconvoyeurpar.com\/wp-content\/uploads\/2020\/09\/a-79-604x226.jpg 604w\" sizes=\"auto, (max-width: 863px) 100vw, 863px\" \/><\/a><figcaption id=\"caption-attachment-11212\" class=\"wp-caption-text\">Flamme \u00e9mise de oct. au 30\/11\/87<\/figcaption><\/figure>\n<p style=\"text-align: center;\"><strong>1988<\/strong><\/p>\n<figure id=\"attachment_13737\" aria-describedby=\"caption-attachment-13737\" style=\"width: 777px\" class=\"wp-caption aligncenter\"><a href=\"https:\/\/ambulantconvoyeurpar.com\/?attachment_id=13737\" rel=\"attachment wp-att-13737\"><img loading=\"lazy\" decoding=\"async\" class=\"wp-image-13737 size-full\" src=\"https:\/\/ambulantconvoyeurpar.com\/wp-content\/uploads\/2021\/05\/a3-3.jpg\" alt=\"\" width=\"777\" height=\"303\" srcset=\"https:\/\/ambulantconvoyeurpar.com\/wp-content\/uploads\/2021\/05\/a3-3.jpg 777w, https:\/\/ambulantconvoyeurpar.com\/wp-content\/uploads\/2021\/05\/a3-3-300x117.jpg 300w, https:\/\/ambulantconvoyeurpar.com\/wp-content\/uploads\/2021\/05\/a3-3-768x299.jpg 768w, https:\/\/ambulantconvoyeurpar.com\/wp-content\/uploads\/2021\/05\/a3-3-604x236.jpg 604w\" sizes=\"auto, (max-width: 777px) 100vw, 777px\" \/><\/a><figcaption id=\"caption-attachment-13737\" class=\"wp-caption-text\">Gare PLM dans la couronne et gare de Lyon sous la flamme.<\/figcaption><\/figure>\n<p><span style=\"color: #0000ff;\"><strong>3\/Paris gare P L M<\/strong><\/span><\/p>\n<p><span style=\"color: #ff0000;\">Machine Krag<\/span><\/p>\n<p style=\"text-align: center;\"><strong>1927\/37:<\/strong><\/p>\n<figure id=\"attachment_10302\" aria-describedby=\"caption-attachment-10302\" style=\"width: 958px\" class=\"wp-caption aligncenter\"><img loading=\"lazy\" decoding=\"async\" class=\"wp-image-10302 size-full\" src=\"https:\/\/ambulantconvoyeurpar.com\/wp-content\/uploads\/2020\/04\/a-163.jpg\" alt=\"\" width=\"958\" height=\"318\" srcset=\"https:\/\/ambulantconvoyeurpar.com\/wp-content\/uploads\/2020\/04\/a-163.jpg 958w, https:\/\/ambulantconvoyeurpar.com\/wp-content\/uploads\/2020\/04\/a-163-300x100.jpg 300w, https:\/\/ambulantconvoyeurpar.com\/wp-content\/uploads\/2020\/04\/a-163-768x255.jpg 768w, https:\/\/ambulantconvoyeurpar.com\/wp-content\/uploads\/2020\/04\/a-163-604x200.jpg 604w\" sizes=\"auto, (max-width: 958px) 100vw, 958px\" \/><figcaption id=\"caption-attachment-10302\" class=\"wp-caption-text\">5 lignes ondul\u00e9es.<\/figcaption><\/figure>\n<p style=\"text-align: center;\"><strong>1937\/43:<\/strong><\/p>\n<figure id=\"attachment_10994\" aria-describedby=\"caption-attachment-10994\" style=\"width: 640px\" class=\"wp-caption aligncenter\"><a href=\"http:\/\/ambulantconvoyeurpar.com\/?attachment_id=10994\" rel=\"attachment wp-att-10994\"><img loading=\"lazy\" decoding=\"async\" class=\"wp-image-10994 size-large\" src=\"https:\/\/ambulantconvoyeurpar.com\/wp-content\/uploads\/2020\/08\/a-26-1024x254.jpg\" alt=\"\" width=\"640\" height=\"159\" srcset=\"https:\/\/ambulantconvoyeurpar.com\/wp-content\/uploads\/2020\/08\/a-26-1024x254.jpg 1024w, https:\/\/ambulantconvoyeurpar.com\/wp-content\/uploads\/2020\/08\/a-26-300x74.jpg 300w, https:\/\/ambulantconvoyeurpar.com\/wp-content\/uploads\/2020\/08\/a-26-768x191.jpg 768w, https:\/\/ambulantconvoyeurpar.com\/wp-content\/uploads\/2020\/08\/a-26-604x150.jpg 604w, https:\/\/ambulantconvoyeurpar.com\/wp-content\/uploads\/2020\/08\/a-26.jpg 1140w\" sizes=\"auto, (max-width: 640px) 100vw, 640px\" \/><\/a><figcaption id=\"caption-attachment-10994\" class=\"wp-caption-text\">Lettres plus grandes et cot\u00e9 gauche de la couronne ouvert.<\/figcaption><\/figure>\n<p><span style=\"color: #ff0000;\">Machine S\u00e9cap<\/span><\/p>\n<p style=\"text-align: center;\"><strong>1989<\/strong><\/p>\n<figure id=\"attachment_11214\" aria-describedby=\"caption-attachment-11214\" style=\"width: 812px\" class=\"wp-caption aligncenter\"><a href=\"http:\/\/ambulantconvoyeurpar.com\/?attachment_id=11214\" rel=\"attachment wp-att-11214\"><img loading=\"lazy\" decoding=\"async\" class=\"wp-image-11214 size-full\" src=\"http:\/\/ambulantconvoyeurpar.com\/wp-content\/uploads\/2020\/09\/a-81.jpg\" alt=\"\" width=\"812\" height=\"283\" srcset=\"https:\/\/ambulantconvoyeurpar.com\/wp-content\/uploads\/2020\/09\/a-81.jpg 812w, https:\/\/ambulantconvoyeurpar.com\/wp-content\/uploads\/2020\/09\/a-81-300x105.jpg 300w, https:\/\/ambulantconvoyeurpar.com\/wp-content\/uploads\/2020\/09\/a-81-768x268.jpg 768w, https:\/\/ambulantconvoyeurpar.com\/wp-content\/uploads\/2020\/09\/a-81-604x211.jpg 604w\" sizes=\"auto, (max-width: 812px) 100vw, 812px\" \/><\/a><figcaption id=\"caption-attachment-11214\" class=\"wp-caption-text\">\u00a0Flamme \u00e9mise de mi-mai au 17\/06\/1989<\/figcaption><\/figure>\n<figure id=\"attachment_11216\" aria-describedby=\"caption-attachment-11216\" style=\"width: 762px\" class=\"wp-caption aligncenter\"><a href=\"http:\/\/ambulantconvoyeurpar.com\/?attachment_id=11216\" rel=\"attachment wp-att-11216\"><img loading=\"lazy\" decoding=\"async\" class=\"wp-image-11216 size-full\" src=\"https:\/\/ambulantconvoyeurpar.com\/wp-content\/uploads\/2020\/09\/a-83.jpg\" alt=\"\" width=\"762\" height=\"263\" srcset=\"https:\/\/ambulantconvoyeurpar.com\/wp-content\/uploads\/2020\/09\/a-83.jpg 762w, https:\/\/ambulantconvoyeurpar.com\/wp-content\/uploads\/2020\/09\/a-83-300x104.jpg 300w, https:\/\/ambulantconvoyeurpar.com\/wp-content\/uploads\/2020\/09\/a-83-604x208.jpg 604w\" sizes=\"auto, (max-width: 762px) 100vw, 762px\" \/><\/a><figcaption id=\"caption-attachment-11216\" class=\"wp-caption-text\">Signal\u00e9 1989\/90.<\/figcaption><\/figure>\n<div class=\"mceTemp\">\u00a0<\/div>\n<p><span style=\"color: #0000ff;\"><strong>4\/Paris gare P-L-M.<\/strong><\/span><\/p>\n<p><span style=\"color: #ff0000;\">Machine Flier<\/span><\/p>\n<p style=\"text-align: center;\"><strong>1916: collez le timbre\/ en haut &amp; \u00e0 droite \/ de l&rsquo;enveloppe<\/strong><\/p>\n<p>Je ne poss\u00e8de pas cette flamme.<\/p>\n<p style=\"text-align: center;\"><strong>1926\/27: 7 lignes ondul\u00e9es<\/strong><\/p>\n<figure id=\"attachment_17862\" aria-describedby=\"caption-attachment-17862\" style=\"width: 736px\" class=\"wp-caption aligncenter\"><a href=\"https:\/\/ambulantconvoyeurpar.com\/?attachment_id=17862\" rel=\"attachment wp-att-17862\"><img loading=\"lazy\" decoding=\"async\" class=\"wp-image-17862 size-full\" src=\"https:\/\/ambulantconvoyeurpar.com\/wp-content\/uploads\/2022\/11\/a1-22.jpg\" alt=\"\" width=\"736\" height=\"369\" srcset=\"https:\/\/ambulantconvoyeurpar.com\/wp-content\/uploads\/2022\/11\/a1-22.jpg 736w, https:\/\/ambulantconvoyeurpar.com\/wp-content\/uploads\/2022\/11\/a1-22-300x150.jpg 300w, https:\/\/ambulantconvoyeurpar.com\/wp-content\/uploads\/2022\/11\/a1-22-539x270.jpg 539w\" sizes=\"auto, (max-width: 736px) 100vw, 736px\" \/><\/a><figcaption id=\"caption-attachment-17862\" class=\"wp-caption-text\">7 lignes ondul\u00e9es, lettres plus petites dans la couronne.<\/figcaption><\/figure>\n<p style=\"text-align: center;\"><strong>1927 idem mais avec la 6\u00e8me ligne de la flamme muette quasi absente.<\/strong><\/p>\n<p>Je ne poss\u00e8de pas cette flamme.<\/p>\n<p style=\"text-align: center;\"><strong>1932\/58:<\/strong><\/p>\n<figure id=\"attachment_10304\" aria-describedby=\"caption-attachment-10304\" style=\"width: 762px\" class=\"wp-caption aligncenter\"><img loading=\"lazy\" decoding=\"async\" class=\"wp-image-10304 size-full\" src=\"https:\/\/ambulantconvoyeurpar.com\/wp-content\/uploads\/2020\/06\/a-359.jpg\" alt=\"\" width=\"762\" height=\"318\" srcset=\"https:\/\/ambulantconvoyeurpar.com\/wp-content\/uploads\/2020\/06\/a-359.jpg 762w, https:\/\/ambulantconvoyeurpar.com\/wp-content\/uploads\/2020\/06\/a-359-300x125.jpg 300w, https:\/\/ambulantconvoyeurpar.com\/wp-content\/uploads\/2020\/06\/a-359-604x252.jpg 604w\" sizes=\"auto, (max-width: 762px) 100vw, 762px\" \/><figcaption id=\"caption-attachment-10304\" class=\"wp-caption-text\">7 lignes ondul\u00e9es. Lettres plus larges dans la couronne.<\/figcaption><\/figure>\n<p><span style=\"color: #ff0000;\">Machine Krag<\/span><\/p>\n<p style=\"text-align: center;\"><strong>1928: 4 lignes ondul\u00e9es<\/strong><\/p>\n<p>Je ne poss\u00e8de pas cette flamme.<\/p>\n<p><span style=\"color: #ff0000;\">Machine Flier<\/span><\/p>\n<p style=\"text-align: center;\"><strong>1935: goutez le\/nouveau cigare\/diplomate<\/strong><\/p>\n<p>Je ne poss\u00e8de pas cette flamme.<\/p>\n<p style=\"text-align: center;\"><strong>1946\/53 pour Paris\/ mettez le N\u00b0 de\/ l&rsquo;arrondissement<\/strong><\/p>\n<p><a href=\"http:\/\/ambulantconvoyeurpar.com\/?attachment_id=10952\" rel=\"attachment wp-att-10952\"><img loading=\"lazy\" decoding=\"async\" class=\"size-full wp-image-10952 aligncenter\" src=\"http:\/\/ambulantconvoyeurpar.com\/wp-content\/uploads\/2020\/08\/a-7.jpg\" alt=\"\" width=\"742\" height=\"353\" srcset=\"https:\/\/ambulantconvoyeurpar.com\/wp-content\/uploads\/2020\/08\/a-7.jpg 742w, https:\/\/ambulantconvoyeurpar.com\/wp-content\/uploads\/2020\/08\/a-7-300x143.jpg 300w, https:\/\/ambulantconvoyeurpar.com\/wp-content\/uploads\/2020\/08\/a-7-568x270.jpg 568w\" sizes=\"auto, (max-width: 742px) 100vw, 742px\" \/><\/a><\/p>\n<p style=\"text-align: center;\"><strong>1949\/51: aujourd&rsquo;hui\/ achetez\/ un livre<\/strong><\/p>\n<p><a href=\"https:\/\/ambulantconvoyeurpar.com\/?attachment_id=17841\" rel=\"attachment wp-att-17841\"><img loading=\"lazy\" decoding=\"async\" class=\"size-full wp-image-17841 aligncenter\" src=\"https:\/\/ambulantconvoyeurpar.com\/wp-content\/uploads\/2022\/11\/a1-19.jpg\" alt=\"\" width=\"636\" height=\"273\" srcset=\"https:\/\/ambulantconvoyeurpar.com\/wp-content\/uploads\/2022\/11\/a1-19.jpg 636w, https:\/\/ambulantconvoyeurpar.com\/wp-content\/uploads\/2022\/11\/a1-19-300x129.jpg 300w, https:\/\/ambulantconvoyeurpar.com\/wp-content\/uploads\/2022\/11\/a1-19-604x259.jpg 604w\" sizes=\"auto, (max-width: 636px) 100vw, 636px\" \/><\/a><\/p>\n<p style=\"text-align: center;\"><strong>1951: idem avec H dans l&rsquo;heure<\/strong><\/p>\n<p>Je ne poss\u00e8de pas cette flamme.<\/p>\n<p style=\"text-align: center;\"><strong>1951: 1951 Paris a 2000 ans<\/strong><\/p>\n<p><img loading=\"lazy\" decoding=\"async\" class=\"size-large wp-image-10303 aligncenter\" src=\"http:\/\/ambulantconvoyeurpar.com\/wp-content\/uploads\/2020\/06\/a-358-1024x307.jpg\" alt=\"\" width=\"640\" height=\"192\" srcset=\"https:\/\/ambulantconvoyeurpar.com\/wp-content\/uploads\/2020\/06\/a-358-1024x307.jpg 1024w, https:\/\/ambulantconvoyeurpar.com\/wp-content\/uploads\/2020\/06\/a-358-300x90.jpg 300w, https:\/\/ambulantconvoyeurpar.com\/wp-content\/uploads\/2020\/06\/a-358-768x230.jpg 768w, https:\/\/ambulantconvoyeurpar.com\/wp-content\/uploads\/2020\/06\/a-358-604x181.jpg 604w, https:\/\/ambulantconvoyeurpar.com\/wp-content\/uploads\/2020\/06\/a-358.jpg 1095w\" sizes=\"auto, (max-width: 640px) 100vw, 640px\" \/><\/p>\n<p style=\"text-align: center;\"><strong>1952\/53: visitez La foire de Paris au mois de mai<\/strong><\/p>\n<figure id=\"attachment_10305\" aria-describedby=\"caption-attachment-10305\" style=\"width: 671px\" class=\"wp-caption aligncenter\"><img loading=\"lazy\" decoding=\"async\" class=\"wp-image-10305 size-full\" src=\"https:\/\/ambulantconvoyeurpar.com\/wp-content\/uploads\/2020\/06\/a-360.jpg\" alt=\"\" width=\"671\" height=\"333\" srcset=\"https:\/\/ambulantconvoyeurpar.com\/wp-content\/uploads\/2020\/06\/a-360.jpg 671w, https:\/\/ambulantconvoyeurpar.com\/wp-content\/uploads\/2020\/06\/a-360-300x149.jpg 300w, https:\/\/ambulantconvoyeurpar.com\/wp-content\/uploads\/2020\/06\/a-360-544x270.jpg 544w\" sizes=\"auto, (max-width: 671px) 100vw, 671px\" \/><figcaption id=\"caption-attachment-10305\" class=\"wp-caption-text\">Mois en chiffre, existe avec le mois en chiffre romain.<\/figcaption><\/figure>\n<p><span style=\"color: #0000ff;\"><strong>5\/Paris gare P.L.M. d\u00e9part<\/strong><\/span><\/p>\n<p><span style=\"color: #ff0000;\">Machine Flier<\/span><\/p>\n<p style=\"text-align: center;\"><strong>1951\/53:<\/strong><\/p>\n<figure id=\"attachment_10306\" aria-describedby=\"caption-attachment-10306\" style=\"width: 757px\" class=\"wp-caption aligncenter\"><img loading=\"lazy\" decoding=\"async\" class=\"wp-image-10306 size-full\" src=\"https:\/\/ambulantconvoyeurpar.com\/wp-content\/uploads\/2020\/06\/a-361.jpg\" alt=\"\" width=\"757\" height=\"308\" srcset=\"https:\/\/ambulantconvoyeurpar.com\/wp-content\/uploads\/2020\/06\/a-361.jpg 757w, https:\/\/ambulantconvoyeurpar.com\/wp-content\/uploads\/2020\/06\/a-361-300x122.jpg 300w, https:\/\/ambulantconvoyeurpar.com\/wp-content\/uploads\/2020\/06\/a-361-604x246.jpg 604w\" sizes=\"auto, (max-width: 757px) 100vw, 757px\" \/><figcaption id=\"caption-attachment-10306\" class=\"wp-caption-text\">7 lignes ondul\u00e9es. Existe avec ou sans H dans l&rsquo;heure.<\/figcaption><\/figure>\n<p style=\"text-align: center;\">\u00a0<\/p>\n<p><span style=\"color: #ff0000;\">Machine S\u00e9cap<\/span><\/p>\n<p style=\"text-align: center;\"><strong>1954\/55: 5 lignes ondul\u00e9es<\/strong><\/p>\n<p>Je ne poss\u00e8de pas cette flamme.<\/p>\n<p style=\"text-align: center;\"><strong>1955: PIM<\/strong><\/p>\n<figure id=\"attachment_11220\" aria-describedby=\"caption-attachment-11220\" style=\"width: 701px\" class=\"wp-caption aligncenter\"><a href=\"http:\/\/ambulantconvoyeurpar.com\/?attachment_id=11220\" rel=\"attachment wp-att-11220\"><img loading=\"lazy\" decoding=\"async\" class=\"wp-image-11220 size-full\" src=\"https:\/\/ambulantconvoyeurpar.com\/wp-content\/uploads\/2020\/09\/a-87.jpg\" alt=\"\" width=\"701\" height=\"263\" srcset=\"https:\/\/ambulantconvoyeurpar.com\/wp-content\/uploads\/2020\/09\/a-87.jpg 701w, https:\/\/ambulantconvoyeurpar.com\/wp-content\/uploads\/2020\/09\/a-87-300x113.jpg 300w, https:\/\/ambulantconvoyeurpar.com\/wp-content\/uploads\/2020\/09\/a-87-604x227.jpg 604w\" sizes=\"auto, (max-width: 701px) 100vw, 701px\" \/><\/a><figcaption id=\"caption-attachment-11220\" class=\"wp-caption-text\">L minuscule dans la couronne, ce qui donne PIM au lieu de PLM.<\/figcaption><\/figure>\n\n\n<p><\/p>\n","protected":false},"excerpt":{"rendered":"<p>\u00a0 A ce jour, je ne suis pas capable d\u2019indiquer avec certitude quelles machines \u00e9taient affect\u00e9es dans le bureau postal ou dans le centre de tri et quelles flammes y \u00e9taient en service. Certaines flammes (les flammes multiples) ont \u00e9t\u00e9 en activit\u00e9 un temps dans un bureau postal et ensuite au centre de tri et vice versa, voire en m\u00eame temps sur les deux sites. Paris gare de Lyon Machine Krag 1911\/15:\u00a0 1912: idem vari\u00e9t\u00e9 o\u00f9 toutes les lettres \u00ab\u00a0gare&#8230;<\/p>\n<p class=\"read-more\"><a class=\"btn btn-default\" href=\"https:\/\/ambulantconvoyeurpar.com\/index.php\/2022\/12\/01\/flammes-de-gare-du-departement-75-gare-p-l-m-ex-gare-de-lyon\/\">Lire la suite<span class=\"screen-reader-text\"> Lire la suite<\/span><\/a><\/p>\n","protected":false},"author":1,"featured_media":0,"comment_status":"open","ping_status":"open","sticky":false,"template":"","format":"standard","meta":{"jetpack_post_was_ever_published":false,"_jetpack_newsletter_access":"","_jetpack_dont_email_post_to_subs":false,"_jetpack_newsletter_tier_id":0,"_jetpack_memberships_contains_paywalled_content":false,"_jetpack_memberships_contains_paid_content":false,"footnotes":"","jetpack_publicize_message":"","jetpack_publicize_feature_enabled":true,"jetpack_social_post_already_shared":true,"jetpack_social_options":{"image_generator_settings":{"template":"highway","default_image_id":0,"font":"","enabled":false},"version":2}},"categories":[67,57],"tags":[],"class_list":["post-8770","post","type-post","status-publish","format-standard","hentry","category-departements-61-a-75","category-gares"],"jetpack_publicize_connections":[],"jetpack_featured_media_url":"","jetpack_shortlink":"https:\/\/wp.me\/p91OMs-2hs","jetpack-related-posts":[],"jetpack_sharing_enabled":true,"_links":{"self":[{"href":"https:\/\/ambulantconvoyeurpar.com\/index.php\/wp-json\/wp\/v2\/posts\/8770","targetHints":{"allow":["GET"]}}],"collection":[{"href":"https:\/\/ambulantconvoyeurpar.com\/index.php\/wp-json\/wp\/v2\/posts"}],"about":[{"href":"https:\/\/ambulantconvoyeurpar.com\/index.php\/wp-json\/wp\/v2\/types\/post"}],"author":[{"embeddable":true,"href":"https:\/\/ambulantconvoyeurpar.com\/index.php\/wp-json\/wp\/v2\/users\/1"}],"replies":[{"embeddable":true,"href":"https:\/\/ambulantconvoyeurpar.com\/index.php\/wp-json\/wp\/v2\/comments?post=8770"}],"version-history":[{"count":3,"href":"https:\/\/ambulantconvoyeurpar.com\/index.php\/wp-json\/wp\/v2\/posts\/8770\/revisions"}],"predecessor-version":[{"id":17945,"href":"https:\/\/ambulantconvoyeurpar.com\/index.php\/wp-json\/wp\/v2\/posts\/8770\/revisions\/17945"}],"wp:attachment":[{"href":"https:\/\/ambulantconvoyeurpar.com\/index.php\/wp-json\/wp\/v2\/media?parent=8770"}],"wp:term":[{"taxonomy":"category","embeddable":true,"href":"https:\/\/ambulantconvoyeurpar.com\/index.php\/wp-json\/wp\/v2\/categories?post=8770"},{"taxonomy":"post_tag","embeddable":true,"href":"https:\/\/ambulantconvoyeurpar.com\/index.php\/wp-json\/wp\/v2\/tags?post=8770"}],"curies":[{"name":"wp","href":"https:\/\/api.w.org\/{rel}","templated":true}]}}