{"id":8795,"date":"2021-11-01T07:22:33","date_gmt":"2021-11-01T06:22:33","guid":{"rendered":"http:\/\/ambulantconvoyeurpar.com\/?p=8795"},"modified":"2025-09-16T08:24:58","modified_gmt":"2025-09-16T06:24:58","slug":"flammes-de-gare-du-departement-75-gare-dausterlitz","status":"publish","type":"post","link":"https:\/\/ambulantconvoyeurpar.com\/index.php\/2021\/11\/01\/flammes-de-gare-du-departement-75-gare-dausterlitz\/","title":{"rendered":"Flammes de gare du d\u00e9partement 75, gare d&rsquo;Austerlitz"},"content":{"rendered":"<p>Article modifi\u00e9 le 05\/04\/2025.<\/p>\n<p><span style=\"color: #0000ff;\"><strong>1\/Paris gare d&rsquo;Austerlitz.<\/strong><\/span><\/p>\n<p><span style=\"color: #0000ff;\"><strong>2\/Paris gare Austerlitz d\u00e9part.<\/strong><\/span><\/p>\n<figure style=\"width: 1296px\" class=\"wp-caption aligncenter\"><img loading=\"lazy\" decoding=\"async\" src=\"https:\/\/ambulantconvoyeurpar.com\/wp-content\/uploads\/2021\/03\/a3-72.jpg\" alt=\"\" width=\"1296\" height=\"1414\" \/><figcaption class=\"wp-caption-text\">Les PTT se trouvent en C7\/C8. Ce bureau postal est d\u00e9finitivement ferm\u00e9 le 28\/06\/2016.<\/figcaption><\/figure>\n<p>A ce jour, je ne suis pas capable d\u2019indiquer avec certitude quelles machines \u00e9taient affect\u00e9es dans le bureau postal ou dans le centre de tri. Certaines flammes (les flammes multiples) ont \u00e9t\u00e9 en activit\u00e9 un temps dans un bureau postal et ensuite au centre de tri et vice versa. Voire dans plusieurs \u00e9tablissements postaux d\u2019une m\u00eame ville.<\/p>\n<p>A partir de 1971, on va voir appara\u00eetre des flammes avec le nom du bureau sous le cadre, ce qui m\u00e8nera \u00e0 la fin des flammes multiples. Vous comprendrez qu\u2019il n\u2019\u00e9tait plus possible de donner la flamme avec le nom du bureau utilisateur \u00e0 plusieurs \u00e9tablissements postaux diff\u00e9rents d\u2019une m\u00eame ville. Voici un exemple: une flamme pour le bureau de Nevers R.P. (recette principale) ne peut plus \u00eatre donn\u00e9e ensuite \u00e0 Nevers Gare. Ce rappel sous la flamme va se g\u00e9n\u00e9raliser mais il faudra quand m\u00eame une dizaine d\u2019ann\u00e9es pour changer toutes les flammes de France. Bon je vous l\u2019accorde, il y a eu quelques entorses: on a pu voir une couronne RP\u00a0 en tandem avec une flamme S\u00e9cap o\u00f9 sous celle-ci, il y avait un rappel entrep\u00f4t mais cela reste anecdotique. Apr\u00e8s 1980, on sait \u00e0 quel bureau ou centre de tri appartient telle ou telle flamme.<\/p>\n<p style=\"text-align: center;\"><strong>Liste des machines \u00e0 oblit\u00e9rer<\/strong><\/p>\n<p><strong>1\/Paris gare d&rsquo;Austerlitz<\/strong><\/p>\n<p><span style=\"color: #ff0000;\">Machine Garcia<\/span><\/p>\n<p style=\"text-align: center;\"><strong>1915\/26:<\/strong><\/p>\n<figure id=\"attachment_13156\" aria-describedby=\"caption-attachment-13156\" style=\"width: 1105px\" class=\"wp-caption alignnone\"><a href=\"https:\/\/ambulantconvoyeurpar.com\/?attachment_id=13156\" rel=\"attachment wp-att-13156\"><img loading=\"lazy\" decoding=\"async\" class=\"wp-image-13156 size-full\" src=\"https:\/\/ambulantconvoyeurpar.com\/wp-content\/uploads\/2021\/03\/a3-36.jpg\" alt=\"\" width=\"1105\" height=\"333\" srcset=\"https:\/\/ambulantconvoyeurpar.com\/wp-content\/uploads\/2021\/03\/a3-36.jpg 1105w, https:\/\/ambulantconvoyeurpar.com\/wp-content\/uploads\/2021\/03\/a3-36-300x90.jpg 300w, https:\/\/ambulantconvoyeurpar.com\/wp-content\/uploads\/2021\/03\/a3-36-1024x309.jpg 1024w, https:\/\/ambulantconvoyeurpar.com\/wp-content\/uploads\/2021\/03\/a3-36-768x231.jpg 768w, https:\/\/ambulantconvoyeurpar.com\/wp-content\/uploads\/2021\/03\/a3-36-604x182.jpg 604w\" sizes=\"auto, (max-width: 1105px) 100vw, 1105px\" \/><\/a><figcaption id=\"caption-attachment-13156\" class=\"wp-caption-text\">5 lignes droites.<\/figcaption><\/figure>\n<p><span style=\"color: #ff0000;\">Machine Krag<\/span><\/p>\n<p style=\"text-align: center;\"><strong>1911\/20:<\/strong><\/p>\n<figure id=\"attachment_13155\" aria-describedby=\"caption-attachment-13155\" style=\"width: 1110px\" class=\"wp-caption alignnone\"><a href=\"https:\/\/ambulantconvoyeurpar.com\/?attachment_id=13155\" rel=\"attachment wp-att-13155\"><img loading=\"lazy\" decoding=\"async\" class=\"wp-image-13155 size-full\" src=\"https:\/\/ambulantconvoyeurpar.com\/wp-content\/uploads\/2021\/03\/a3-35.jpg\" alt=\"\" width=\"1110\" height=\"273\" srcset=\"https:\/\/ambulantconvoyeurpar.com\/wp-content\/uploads\/2021\/03\/a3-35.jpg 1110w, https:\/\/ambulantconvoyeurpar.com\/wp-content\/uploads\/2021\/03\/a3-35-300x74.jpg 300w, https:\/\/ambulantconvoyeurpar.com\/wp-content\/uploads\/2021\/03\/a3-35-1024x252.jpg 1024w, https:\/\/ambulantconvoyeurpar.com\/wp-content\/uploads\/2021\/03\/a3-35-768x189.jpg 768w, https:\/\/ambulantconvoyeurpar.com\/wp-content\/uploads\/2021\/03\/a3-35-604x149.jpg 604w\" sizes=\"auto, (max-width: 1110px) 100vw, 1110px\" \/><\/a><figcaption id=\"caption-attachment-13155\" class=\"wp-caption-text\">7 lignes droites.<\/figcaption><\/figure>\n<p style=\"text-align: center;\"><strong>1924: visitez\/ la foire de Paris\/-du 10 au 25 mai-<\/strong><\/p>\n<p style=\"text-align: center;\">Je ne poss\u00e8de pas cette flamme.<\/p>\n<p style=\"text-align: center;\"><strong>1924: jeux olympiques\/-Paris-\/mai-juin-juillet\/-1924-<\/strong><\/p>\n<p style=\"text-align: center;\">Je ne poss\u00e8de pas cette flamme.<\/p>\n<p style=\"text-align: center;\"><strong>1925: 4 lignes droite<\/strong><\/p>\n<p style=\"text-align: center;\">Je ne poss\u00e8de pas cette flamme.<\/p>\n<p style=\"text-align: center;\"><strong>1926\/29: idem mais avec un \u00e9cartement important entre les lignes\u00a0<\/strong><\/p>\n<p style=\"text-align: center;\">Je ne poss\u00e8de pas cette flamme.<\/p>\n<p><span style=\"color: #ff0000;\">Machine Flier<\/span><\/p>\n<p style=\"text-align: center;\"><strong>1927\/33:<\/strong><\/p>\n<figure id=\"attachment_10297\" aria-describedby=\"caption-attachment-10297\" style=\"width: 736px\" class=\"wp-caption aligncenter\"><img loading=\"lazy\" decoding=\"async\" class=\"wp-image-10297 size-full\" src=\"https:\/\/ambulantconvoyeurpar.com\/wp-content\/uploads\/2020\/06\/a-354.jpg\" alt=\"\" width=\"736\" height=\"283\" srcset=\"https:\/\/ambulantconvoyeurpar.com\/wp-content\/uploads\/2020\/06\/a-354.jpg 736w, https:\/\/ambulantconvoyeurpar.com\/wp-content\/uploads\/2020\/06\/a-354-300x115.jpg 300w, https:\/\/ambulantconvoyeurpar.com\/wp-content\/uploads\/2020\/06\/a-354-604x232.jpg 604w\" sizes=\"auto, (max-width: 736px) 100vw, 736px\" \/><figcaption id=\"caption-attachment-10297\" class=\"wp-caption-text\">7 lignes ondul\u00e9es.<\/figcaption><\/figure>\n<p><span style=\"color: #ff0000;\">Machine Krag<\/span><\/p>\n<p style=\"text-align: center;\"><strong>1930\/37: 5 lignes ondul\u00e9es.<\/strong><\/p>\n<figure id=\"attachment_10298\" aria-describedby=\"caption-attachment-10298\" style=\"width: 640px\" class=\"wp-caption aligncenter\"><img loading=\"lazy\" decoding=\"async\" class=\"wp-image-10298 size-large\" src=\"https:\/\/ambulantconvoyeurpar.com\/wp-content\/uploads\/2020\/06\/a-355-1024x247.jpg\" alt=\"\" width=\"640\" height=\"154\" srcset=\"https:\/\/ambulantconvoyeurpar.com\/wp-content\/uploads\/2020\/06\/a-355-1024x247.jpg 1024w, https:\/\/ambulantconvoyeurpar.com\/wp-content\/uploads\/2020\/06\/a-355-300x72.jpg 300w, https:\/\/ambulantconvoyeurpar.com\/wp-content\/uploads\/2020\/06\/a-355-768x186.jpg 768w, https:\/\/ambulantconvoyeurpar.com\/wp-content\/uploads\/2020\/06\/a-355-604x146.jpg 604w, https:\/\/ambulantconvoyeurpar.com\/wp-content\/uploads\/2020\/06\/a-355.jpg 1130w\" sizes=\"auto, (max-width: 640px) 100vw, 640px\" \/><figcaption id=\"caption-attachment-10298\" class=\"wp-caption-text\">Gare d&rsquo;Austerlitz sur la m\u00eame ligne.<\/figcaption><\/figure>\n<p style=\"text-align: center;\"><strong>1939\/47: idem<\/strong><\/p>\n<figure id=\"attachment_14799\" aria-describedby=\"caption-attachment-14799\" style=\"width: 989px\" class=\"wp-caption aligncenter\"><a href=\"https:\/\/ambulantconvoyeurpar.com\/?attachment_id=14799\" rel=\"attachment wp-att-14799\"><img loading=\"lazy\" decoding=\"async\" class=\"wp-image-14799 size-full\" src=\"https:\/\/ambulantconvoyeurpar.com\/wp-content\/uploads\/2021\/10\/a4-11.jpg\" alt=\"\" width=\"989\" height=\"298\" srcset=\"https:\/\/ambulantconvoyeurpar.com\/wp-content\/uploads\/2021\/10\/a4-11.jpg 989w, https:\/\/ambulantconvoyeurpar.com\/wp-content\/uploads\/2021\/10\/a4-11-300x90.jpg 300w, https:\/\/ambulantconvoyeurpar.com\/wp-content\/uploads\/2021\/10\/a4-11-768x231.jpg 768w, https:\/\/ambulantconvoyeurpar.com\/wp-content\/uploads\/2021\/10\/a4-11-604x182.jpg 604w\" sizes=\"auto, (max-width: 989px) 100vw, 989px\" \/><\/a><figcaption id=\"caption-attachment-14799\" class=\"wp-caption-text\">Gare au dessus d&rsquo;Austerlitz.<\/figcaption><\/figure>\n<p><span style=\"color: #ff0000;\">Machine Frankers\/S\u00e9cap<\/span><\/p>\n<p style=\"text-align: center;\"><strong>1945: 5 lignes droites<\/strong><\/p>\n<p style=\"text-align: center;\">Je ne poss\u00e8de pas cette flamme.<\/p>\n<p style=\"text-align: center;\"><strong>1947: 7 lignes droites<\/strong><\/p>\n<p style=\"text-align: center;\">Je ne poss\u00e8de pas cette flamme.<\/p>\n<p style=\"text-align: center;\"><strong>1946\/49: pour Paris\/mettez le N\u00b0 de\/ l&rsquo;arrondissement<\/strong><\/p>\n<figure id=\"attachment_13159\" aria-describedby=\"caption-attachment-13159\" style=\"width: 740px\" class=\"wp-caption aligncenter\"><a href=\"https:\/\/ambulantconvoyeurpar.com\/?attachment_id=13159\" rel=\"attachment wp-att-13159\"><img loading=\"lazy\" decoding=\"async\" class=\"wp-image-13159 size-full\" src=\"https:\/\/ambulantconvoyeurpar.com\/wp-content\/uploads\/2021\/03\/a3-38.jpg\" alt=\"\" width=\"740\" height=\"363\" srcset=\"https:\/\/ambulantconvoyeurpar.com\/wp-content\/uploads\/2021\/03\/a3-38.jpg 740w, https:\/\/ambulantconvoyeurpar.com\/wp-content\/uploads\/2021\/03\/a3-38-300x147.jpg 300w, https:\/\/ambulantconvoyeurpar.com\/wp-content\/uploads\/2021\/03\/a3-38-550x270.jpg 550w\" sizes=\"auto, (max-width: 740px) 100vw, 740px\" \/><\/a><figcaption id=\"caption-attachment-13159\" class=\"wp-caption-text\">Couronne mont\u00e9e \u00e0 l&rsquo;envers.<\/figcaption><\/figure>\n<p style=\"text-align: center;\"><strong>1949\/51: aujourd&rsquo;hui\/ achetez\/ un livre<\/strong><\/p>\n<p><a href=\"https:\/\/ambulantconvoyeurpar.com\/?attachment_id=13157\" rel=\"attachment wp-att-13157\"><img loading=\"lazy\" decoding=\"async\" class=\"size-full wp-image-13157 aligncenter\" src=\"https:\/\/ambulantconvoyeurpar.com\/wp-content\/uploads\/2021\/03\/a3-37.jpg\" alt=\"\" width=\"772\" height=\"273\" srcset=\"https:\/\/ambulantconvoyeurpar.com\/wp-content\/uploads\/2021\/03\/a3-37.jpg 772w, https:\/\/ambulantconvoyeurpar.com\/wp-content\/uploads\/2021\/03\/a3-37-300x106.jpg 300w, https:\/\/ambulantconvoyeurpar.com\/wp-content\/uploads\/2021\/03\/a3-37-768x272.jpg 768w, https:\/\/ambulantconvoyeurpar.com\/wp-content\/uploads\/2021\/03\/a3-37-604x214.jpg 604w\" sizes=\"auto, (max-width: 772px) 100vw, 772px\" \/><\/a><\/p>\n<p style=\"text-align: center;\"><strong>1951: 1951\/ Paris\/ a 2000 ans<\/strong><\/p>\n<p><a href=\"http:\/\/ambulantconvoyeurpar.com\/?attachment_id=11810\" rel=\"attachment wp-att-11810\"><img loading=\"lazy\" decoding=\"async\" class=\"size-full wp-image-11810 aligncenter\" src=\"http:\/\/ambulantconvoyeurpar.com\/wp-content\/uploads\/2020\/12\/a-3.jpg\" alt=\"\" width=\"666\" height=\"278\" srcset=\"https:\/\/ambulantconvoyeurpar.com\/wp-content\/uploads\/2020\/12\/a-3.jpg 666w, https:\/\/ambulantconvoyeurpar.com\/wp-content\/uploads\/2020\/12\/a-3-300x125.jpg 300w, https:\/\/ambulantconvoyeurpar.com\/wp-content\/uploads\/2020\/12\/a-3-604x252.jpg 604w\" sizes=\"auto, (max-width: 666px) 100vw, 666px\" \/><\/a><\/p>\n<p><span style=\"color: #ff0000;\">Machine S\u00e9cap<\/span><\/p>\n<p style=\"text-align: center;\"><strong>1952\/63: croix rouge<\/strong><\/p>\n<figure id=\"attachment_9020\" aria-describedby=\"caption-attachment-9020\" style=\"width: 706px\" class=\"wp-caption aligncenter\"><img loading=\"lazy\" decoding=\"async\" class=\"wp-image-9020 size-full\" src=\"https:\/\/ambulantconvoyeurpar.com\/wp-content\/uploads\/2020\/04\/a-39.jpg\" alt=\"\" width=\"706\" height=\"273\" srcset=\"https:\/\/ambulantconvoyeurpar.com\/wp-content\/uploads\/2020\/04\/a-39.jpg 706w, https:\/\/ambulantconvoyeurpar.com\/wp-content\/uploads\/2020\/04\/a-39-300x116.jpg 300w, https:\/\/ambulantconvoyeurpar.com\/wp-content\/uploads\/2020\/04\/a-39-604x234.jpg 604w\" sizes=\"auto, (max-width: 706px) 100vw, 706px\" \/><figcaption id=\"caption-attachment-9020\" class=\"wp-caption-text\">Flamme \u00e0 droite et \u00e0 gauche.<\/figcaption><\/figure>\n<p style=\"text-align: center;\"><strong>1955\/62: 5 lignes ondul\u00e9es<\/strong><\/p>\n<figure id=\"attachment_10292\" aria-describedby=\"caption-attachment-10292\" style=\"width: 797px\" class=\"wp-caption aligncenter\"><img loading=\"lazy\" decoding=\"async\" class=\"wp-image-10292 size-full\" src=\"https:\/\/ambulantconvoyeurpar.com\/wp-content\/uploads\/2020\/05\/a-319.jpg\" alt=\"\" width=\"797\" height=\"313\" srcset=\"https:\/\/ambulantconvoyeurpar.com\/wp-content\/uploads\/2020\/05\/a-319.jpg 797w, https:\/\/ambulantconvoyeurpar.com\/wp-content\/uploads\/2020\/05\/a-319-300x118.jpg 300w, https:\/\/ambulantconvoyeurpar.com\/wp-content\/uploads\/2020\/05\/a-319-768x302.jpg 768w, https:\/\/ambulantconvoyeurpar.com\/wp-content\/uploads\/2020\/05\/a-319-604x237.jpg 604w\" sizes=\"auto, (max-width: 797px) 100vw, 797px\" \/><figcaption id=\"caption-attachment-10292\" class=\"wp-caption-text\">Flamme \u00e0 droite.<\/figcaption><\/figure>\n<p>\u00a0<\/p>\n<figure id=\"attachment_12838\" aria-describedby=\"caption-attachment-12838\" style=\"width: 696px\" class=\"wp-caption aligncenter\"><a href=\"https:\/\/ambulantconvoyeurpar.com\/?attachment_id=12838\" rel=\"attachment wp-att-12838\"><img loading=\"lazy\" decoding=\"async\" class=\"wp-image-12838 size-full\" src=\"https:\/\/ambulantconvoyeurpar.com\/wp-content\/uploads\/2020\/12\/a-32.jpg\" alt=\"\" width=\"696\" height=\"293\" srcset=\"https:\/\/ambulantconvoyeurpar.com\/wp-content\/uploads\/2020\/12\/a-32.jpg 696w, https:\/\/ambulantconvoyeurpar.com\/wp-content\/uploads\/2020\/12\/a-32-300x126.jpg 300w, https:\/\/ambulantconvoyeurpar.com\/wp-content\/uploads\/2020\/12\/a-32-604x254.jpg 604w\" sizes=\"auto, (max-width: 696px) 100vw, 696px\" \/><\/a><figcaption id=\"caption-attachment-12838\" class=\"wp-caption-text\">Flamme \u00e0 gauche.<\/figcaption><\/figure>\n<p style=\"text-align: center;\"><strong>1957\/70: 5 lignes ondul\u00e9es, lettres \u00e9troites.<\/strong><\/p>\n<p style=\"text-align: center;\">Je ne poss\u00e8de pas cette flamme.<\/p>\n<p style=\"text-align: center;\"><strong>1970\/91:\u00a0<\/strong><\/p>\n<figure id=\"attachment_13577\" aria-describedby=\"caption-attachment-13577\" style=\"width: 712px\" class=\"wp-caption aligncenter\"><a href=\"https:\/\/ambulantconvoyeurpar.com\/?attachment_id=13577\" rel=\"attachment wp-att-13577\"><img loading=\"lazy\" decoding=\"async\" class=\"wp-image-13577 size-full\" src=\"https:\/\/ambulantconvoyeurpar.com\/wp-content\/uploads\/2021\/04\/a3-132.jpg\" alt=\"\" width=\"712\" height=\"282\" srcset=\"https:\/\/ambulantconvoyeurpar.com\/wp-content\/uploads\/2021\/04\/a3-132.jpg 712w, https:\/\/ambulantconvoyeurpar.com\/wp-content\/uploads\/2021\/04\/a3-132-300x119.jpg 300w, https:\/\/ambulantconvoyeurpar.com\/wp-content\/uploads\/2021\/04\/a3-132-604x239.jpg 604w\" sizes=\"auto, (max-width: 712px) 100vw, 712px\" \/><\/a><figcaption id=\"caption-attachment-13577\" class=\"wp-caption-text\">Lettres larges dans la partie inferieure.<\/figcaption><\/figure>\n<p style=\"text-align: center;\"><strong>1957: bons P.T.T. 6% s\u00e9curit\u00e9 100%<\/strong><\/p>\n<p style=\"text-align: center;\">Flamme \u00e0 droite<\/p>\n<p style=\"text-align: center;\">Je ne poss\u00e8de pas cette flamme.<\/p>\n<p style=\"text-align: center;\"><strong>1958\/59: idem<\/strong><\/p>\n<figure id=\"attachment_10299\" aria-describedby=\"caption-attachment-10299\" style=\"width: 701px\" class=\"wp-caption aligncenter\"><img loading=\"lazy\" decoding=\"async\" class=\"wp-image-10299 size-full\" src=\"https:\/\/ambulantconvoyeurpar.com\/wp-content\/uploads\/2020\/06\/a-356.jpg\" alt=\"\" width=\"701\" height=\"268\" srcset=\"https:\/\/ambulantconvoyeurpar.com\/wp-content\/uploads\/2020\/06\/a-356.jpg 701w, https:\/\/ambulantconvoyeurpar.com\/wp-content\/uploads\/2020\/06\/a-356-300x115.jpg 300w, https:\/\/ambulantconvoyeurpar.com\/wp-content\/uploads\/2020\/06\/a-356-604x231.jpg 604w\" sizes=\"auto, (max-width: 701px) 100vw, 701px\" \/><figcaption id=\"caption-attachment-10299\" class=\"wp-caption-text\">Flamme \u00e0 gauche.<\/figcaption><\/figure>\n<p style=\"text-align: center;\"><b>1958: votez c&rsquo;est b\u00e2tir\/ s&rsquo;abstenir c&rsquo;est d\u00e9sert\u00e9<\/b><\/p>\n<p style=\"text-align: center;\">Je ne poss\u00e8de pas cette flamme.<\/p>\n<p>A partir des ann\u00e9es 1960, les flammes temporaires et permanentes seront l\u00e9gions. Ces flammes temporaires peuvent avoir une dur\u00e9e d\u2019utilisation courte (de quelques semaines \u00e0 trois mois) sauf quelques exceptions.<\/p>\n<p>Toutes les flammes apr\u00e8s 1960 ne sont pas list\u00e9es, elles seront ajout\u00e9es au fur et \u00e0 mesure de mes trouvailles.<\/p>\n<p style=\"text-align: center;\"><strong>1962\/67<\/strong><\/p>\n<p><img loading=\"lazy\" decoding=\"async\" class=\"size-full wp-image-10296 aligncenter\" src=\"http:\/\/ambulantconvoyeurpar.com\/wp-content\/uploads\/2020\/06\/a-353.jpg\" alt=\"\" width=\"721\" height=\"318\" srcset=\"https:\/\/ambulantconvoyeurpar.com\/wp-content\/uploads\/2020\/06\/a-353.jpg 721w, https:\/\/ambulantconvoyeurpar.com\/wp-content\/uploads\/2020\/06\/a-353-300x132.jpg 300w, https:\/\/ambulantconvoyeurpar.com\/wp-content\/uploads\/2020\/06\/a-353-604x266.jpg 604w\" sizes=\"auto, (max-width: 721px) 100vw, 721px\" \/><\/p>\n<p style=\"text-align: center;\"><strong>1965\/82<\/strong><\/p>\n<figure id=\"attachment_13576\" aria-describedby=\"caption-attachment-13576\" style=\"width: 848px\" class=\"wp-caption aligncenter\"><a href=\"https:\/\/ambulantconvoyeurpar.com\/?attachment_id=13576\" rel=\"attachment wp-att-13576\"><img loading=\"lazy\" decoding=\"async\" class=\"wp-image-13576 size-full\" src=\"https:\/\/ambulantconvoyeurpar.com\/wp-content\/uploads\/2021\/04\/a3-131.jpg\" alt=\"\" width=\"848\" height=\"615\" srcset=\"https:\/\/ambulantconvoyeurpar.com\/wp-content\/uploads\/2021\/04\/a3-131.jpg 848w, https:\/\/ambulantconvoyeurpar.com\/wp-content\/uploads\/2021\/04\/a3-131-300x218.jpg 300w, https:\/\/ambulantconvoyeurpar.com\/wp-content\/uploads\/2021\/04\/a3-131-768x557.jpg 768w, https:\/\/ambulantconvoyeurpar.com\/wp-content\/uploads\/2021\/04\/a3-131-372x270.jpg 372w\" sizes=\"auto, (max-width: 848px) 100vw, 848px\" \/><\/a><figcaption id=\"caption-attachment-13576\" class=\"wp-caption-text\">Existe avec une \u00e9toile dans la couronne en 1981.<\/figcaption><\/figure>\n<p style=\"text-align: center;\"><strong>1967<\/strong><\/p>\n<figure id=\"attachment_10294\" aria-describedby=\"caption-attachment-10294\" style=\"width: 701px\" class=\"wp-caption aligncenter\"><img loading=\"lazy\" decoding=\"async\" class=\"wp-image-10294 size-full\" src=\"https:\/\/ambulantconvoyeurpar.com\/wp-content\/uploads\/2020\/06\/a-351.jpg\" alt=\"\" width=\"701\" height=\"353\" srcset=\"https:\/\/ambulantconvoyeurpar.com\/wp-content\/uploads\/2020\/06\/a-351.jpg 701w, https:\/\/ambulantconvoyeurpar.com\/wp-content\/uploads\/2020\/06\/a-351-300x151.jpg 300w, https:\/\/ambulantconvoyeurpar.com\/wp-content\/uploads\/2020\/06\/a-351-536x270.jpg 536w\" sizes=\"auto, (max-width: 701px) 100vw, 701px\" \/><figcaption id=\"caption-attachment-10294\" class=\"wp-caption-text\">Flamme \u00e9mise de octobre \u00e0 d\u00e9cembre 67<\/figcaption><\/figure>\n<p style=\"text-align: center;\"><strong>1969<\/strong><\/p>\n<p><img loading=\"lazy\" decoding=\"async\" class=\"size-full wp-image-10293 aligncenter\" src=\"http:\/\/ambulantconvoyeurpar.com\/wp-content\/uploads\/2020\/06\/a-350.jpg\" alt=\"\" width=\"706\" height=\"359\" srcset=\"https:\/\/ambulantconvoyeurpar.com\/wp-content\/uploads\/2020\/06\/a-350.jpg 706w, https:\/\/ambulantconvoyeurpar.com\/wp-content\/uploads\/2020\/06\/a-350-300x153.jpg 300w, https:\/\/ambulantconvoyeurpar.com\/wp-content\/uploads\/2020\/06\/a-350-531x270.jpg 531w\" sizes=\"auto, (max-width: 706px) 100vw, 706px\" \/><\/p>\n<p style=\"text-align: center;\"><strong>1990<\/strong><\/p>\n<p><a href=\"https:\/\/ambulantconvoyeurpar.com\/?attachment_id=13768\" rel=\"attachment wp-att-13768\"><img loading=\"lazy\" decoding=\"async\" class=\"size-full wp-image-13768 aligncenter\" src=\"https:\/\/ambulantconvoyeurpar.com\/wp-content\/uploads\/2021\/05\/a3-13.jpg\" alt=\"\" width=\"822\" height=\"283\" srcset=\"https:\/\/ambulantconvoyeurpar.com\/wp-content\/uploads\/2021\/05\/a3-13.jpg 822w, https:\/\/ambulantconvoyeurpar.com\/wp-content\/uploads\/2021\/05\/a3-13-300x103.jpg 300w, https:\/\/ambulantconvoyeurpar.com\/wp-content\/uploads\/2021\/05\/a3-13-768x264.jpg 768w, https:\/\/ambulantconvoyeurpar.com\/wp-content\/uploads\/2021\/05\/a3-13-604x208.jpg 604w\" sizes=\"auto, (max-width: 822px) 100vw, 822px\" \/><\/a><\/p>\n<p><strong>2\/Paris gare Austerlitz d\u00e9part<\/strong><\/p>\n<p><span style=\"color: #ff0000;\">Machine S\u00e9cap<\/span><\/p>\n<p style=\"text-align: center;\"><strong>1951\/55: 5 lignes ondul\u00e9es<\/strong><\/p>\n<p style=\"text-align: center;\"><a href=\"https:\/\/ambulantconvoyeurpar.com\/?attachment_id=14832\" rel=\"attachment wp-att-14832\"><img loading=\"lazy\" decoding=\"async\" class=\"size-full wp-image-14832 aligncenter\" src=\"https:\/\/ambulantconvoyeurpar.com\/wp-content\/uploads\/2021\/10\/a4-22.jpg\" alt=\"\" width=\"883\" height=\"288\" srcset=\"https:\/\/ambulantconvoyeurpar.com\/wp-content\/uploads\/2021\/10\/a4-22.jpg 883w, https:\/\/ambulantconvoyeurpar.com\/wp-content\/uploads\/2021\/10\/a4-22-300x98.jpg 300w, https:\/\/ambulantconvoyeurpar.com\/wp-content\/uploads\/2021\/10\/a4-22-768x250.jpg 768w, https:\/\/ambulantconvoyeurpar.com\/wp-content\/uploads\/2021\/10\/a4-22-604x197.jpg 604w\" sizes=\"auto, (max-width: 883px) 100vw, 883px\" \/><\/a><\/p>\n<p style=\"text-align: center;\"><strong>1951\/54: aujourd&rsquo;hui\/ achetez\/ un livre<\/strong><\/p>\n<p><img loading=\"lazy\" decoding=\"async\" class=\"size-full wp-image-10300 aligncenter\" src=\"http:\/\/ambulantconvoyeurpar.com\/wp-content\/uploads\/2020\/06\/a-357.jpg\" alt=\"\" width=\"686\" height=\"288\" srcset=\"https:\/\/ambulantconvoyeurpar.com\/wp-content\/uploads\/2020\/06\/a-357.jpg 686w, https:\/\/ambulantconvoyeurpar.com\/wp-content\/uploads\/2020\/06\/a-357-300x126.jpg 300w, https:\/\/ambulantconvoyeurpar.com\/wp-content\/uploads\/2020\/06\/a-357-604x254.jpg 604w\" sizes=\"auto, (max-width: 686px) 100vw, 686px\" \/><\/p>\n<p style=\"text-align: center;\"><strong>1951\/54: croix rouge<\/strong><\/p>\n<p style=\"text-align: center;\">Flamme \u00e0 gauche<\/p>\n<p style=\"text-align: center;\"><a href=\"https:\/\/ambulantconvoyeurpar.com\/index.php\/2021\/11\/01\/flammes-de-gare-du-departement-75-gare-dausterlitz\/scan-22\/\" rel=\"attachment wp-att-24857\"><img loading=\"lazy\" decoding=\"async\" class=\"alignnone size-full wp-image-24857\" src=\"https:\/\/ambulantconvoyeurpar.com\/wp-content\/uploads\/2021\/11\/Scan.jpg\" alt=\"\" width=\"767\" height=\"263\" srcset=\"https:\/\/ambulantconvoyeurpar.com\/wp-content\/uploads\/2021\/11\/Scan.jpg 767w, https:\/\/ambulantconvoyeurpar.com\/wp-content\/uploads\/2021\/11\/Scan-300x103.jpg 300w, https:\/\/ambulantconvoyeurpar.com\/wp-content\/uploads\/2021\/11\/Scan-604x207.jpg 604w\" sizes=\"auto, (max-width: 767px) 100vw, 767px\" \/><\/a><\/p>\n<p style=\"text-align: center;\"><strong>1955: idem flamme \u00e0 droite<\/strong><\/p>\n<p style=\"text-align: center;\">Je ne poss\u00e8de pas cette flamme.<\/p>\n<p style=\"text-align: center;\">\u00a0<\/p>\n\n\n<p><\/p>\n","protected":false},"excerpt":{"rendered":"<p>Article modifi\u00e9 le 05\/04\/2025. 1\/Paris gare d&rsquo;Austerlitz. 2\/Paris gare Austerlitz d\u00e9part. A ce jour, je ne suis pas capable d\u2019indiquer avec certitude quelles machines \u00e9taient affect\u00e9es dans le bureau postal ou dans le centre de tri. Certaines flammes (les flammes multiples) ont \u00e9t\u00e9 en activit\u00e9 un temps dans un bureau postal et ensuite au centre de tri et vice versa. Voire dans plusieurs \u00e9tablissements postaux d\u2019une m\u00eame ville. A partir de 1971, on va voir appara\u00eetre des flammes avec le&#8230;<\/p>\n<p class=\"read-more\"><a class=\"btn btn-default\" href=\"https:\/\/ambulantconvoyeurpar.com\/index.php\/2021\/11\/01\/flammes-de-gare-du-departement-75-gare-dausterlitz\/\">Lire la suite<span class=\"screen-reader-text\"> Lire la suite<\/span><\/a><\/p>\n","protected":false},"author":1,"featured_media":0,"comment_status":"open","ping_status":"open","sticky":false,"template":"","format":"standard","meta":{"jetpack_post_was_ever_published":false,"_jetpack_newsletter_access":"","_jetpack_dont_email_post_to_subs":false,"_jetpack_newsletter_tier_id":0,"_jetpack_memberships_contains_paywalled_content":false,"_jetpack_memberships_contains_paid_content":false,"footnotes":"","jetpack_publicize_message":"","jetpack_publicize_feature_enabled":true,"jetpack_social_post_already_shared":true,"jetpack_social_options":{"image_generator_settings":{"template":"highway","default_image_id":0,"font":"","enabled":false},"version":2}},"categories":[67,57],"tags":[],"class_list":["post-8795","post","type-post","status-publish","format-standard","hentry","category-departements-61-a-75","category-gares"],"jetpack_publicize_connections":[],"jetpack_featured_media_url":"","jetpack_shortlink":"https:\/\/wp.me\/p91OMs-2hR","jetpack-related-posts":[],"jetpack_sharing_enabled":true,"_links":{"self":[{"href":"https:\/\/ambulantconvoyeurpar.com\/index.php\/wp-json\/wp\/v2\/posts\/8795","targetHints":{"allow":["GET"]}}],"collection":[{"href":"https:\/\/ambulantconvoyeurpar.com\/index.php\/wp-json\/wp\/v2\/posts"}],"about":[{"href":"https:\/\/ambulantconvoyeurpar.com\/index.php\/wp-json\/wp\/v2\/types\/post"}],"author":[{"embeddable":true,"href":"https:\/\/ambulantconvoyeurpar.com\/index.php\/wp-json\/wp\/v2\/users\/1"}],"replies":[{"embeddable":true,"href":"https:\/\/ambulantconvoyeurpar.com\/index.php\/wp-json\/wp\/v2\/comments?post=8795"}],"version-history":[{"count":3,"href":"https:\/\/ambulantconvoyeurpar.com\/index.php\/wp-json\/wp\/v2\/posts\/8795\/revisions"}],"predecessor-version":[{"id":25974,"href":"https:\/\/ambulantconvoyeurpar.com\/index.php\/wp-json\/wp\/v2\/posts\/8795\/revisions\/25974"}],"wp:attachment":[{"href":"https:\/\/ambulantconvoyeurpar.com\/index.php\/wp-json\/wp\/v2\/media?parent=8795"}],"wp:term":[{"taxonomy":"category","embeddable":true,"href":"https:\/\/ambulantconvoyeurpar.com\/index.php\/wp-json\/wp\/v2\/categories?post=8795"},{"taxonomy":"post_tag","embeddable":true,"href":"https:\/\/ambulantconvoyeurpar.com\/index.php\/wp-json\/wp\/v2\/tags?post=8795"}],"curies":[{"name":"wp","href":"https:\/\/api.w.org\/{rel}","templated":true}]}}