{"id":94,"date":"2022-09-06T19:10:49","date_gmt":"2022-09-06T17:10:49","guid":{"rendered":"http:\/\/ambulantconvoyeurpar.com\/?p=94"},"modified":"2025-06-30T12:43:19","modified_gmt":"2025-06-30T10:43:19","slug":"les-entrepots-postaux-de-larmee-dorient-19191920","status":"publish","type":"post","link":"https:\/\/ambulantconvoyeurpar.com\/index.php\/2022\/09\/06\/les-entrepots-postaux-de-larmee-dorient-19191920\/","title":{"rendered":"Les entrep\u00f4ts postaux de l&rsquo;Arm\u00e9e d&rsquo;Orient 1919\/1920, La fin de la guerre des Balkans."},"content":{"rendered":"<p>Article modifi\u00e9 le 21\/06\/25.<\/p>\n<p>Pour r\u00e9diger cette article, je me suis servi des premi\u00e8res informations fournies par l&rsquo;article de Bertrand Sinais paru en 1978 dans les feuilles marcophiles, suppl\u00e9ment info N\u00b0 17. Il est fortement possible que des erreurs soient commises dans cet article au vu des informations incompl\u00e8tes et parcellaires recueillies. Merci de me les signaler.<\/p>\n<p>Peu d&rsquo;informations sur ces entrep\u00f4ts postaux cr\u00e9\u00e9s aux points de jonctions par l&rsquo;arm\u00e9e fran\u00e7aise, notamment ferroviaires, des principales lignes de communication utilis\u00e9es par l&rsquo;Arm\u00e9e d&rsquo;Orient. Tout comme un entrep\u00f4t m\u00e9tropolitain, il s&rsquo;occupe de dispatcher les sacs de courriers et de colis qui lui sont remis. Si l&rsquo;on trouve peu de courriers rev\u00eatus de cette oblit\u00e9ration, c&rsquo;est qu&rsquo;un entrep\u00f4t postal n&rsquo;est pas ouvert au public. La seule mani\u00e8re qu&rsquo;un courrier re\u00e7oive cette oblit\u00e9ration est de glisser son pli dans la bo\u00eete aux lettres accol\u00e9 \u00e0 l&rsquo;entrep\u00f4t ou \u00e0 la gare quand ils sont contigus.<\/p>\n<p>Les chemins de fer occupent une place pr\u00e9pond\u00e9rante dans la guerre des Balkans. Toutes ces lignes ont des int\u00e9r\u00eats \u00e9trangers que ce soient allemand, autrichien, fran\u00e7ais, anglais bien avant la guerre. Toutes ces concessions accord\u00e9es attisent les convoitises de ces pays. En temps de paix, ces lignes sont au mieux b\u00e9n\u00e9ficiaires mais en temps de guerre ou d&rsquo;occupation du territoire pour peu qu&rsquo;elles soient d&rsquo;un int\u00e9r\u00eat strat\u00e9gique majeur, ces lignes font exploser les comptes d&rsquo;exploitations. Les transports des troupes, de mat\u00e9riels, d&rsquo;armes, des postes, des voyageurs, des biens\u2026, tout ceci participe \u00e0 faire rentrer l&rsquo;argent dans les caisses. L&rsquo;arm\u00e9e fran\u00e7aise paye son tribut via le minist\u00e8re de la guerre.<\/p>\n<p>Lignes de chemins de fer en 1888 dans les Balkans.<\/p>\n<figure style=\"width: 1847px\" class=\"wp-caption aligncenter\"><img loading=\"lazy\" decoding=\"async\" src=\"https:\/\/journals.openedition.org\/rhcf\/docannexe\/image\/414\/img-4.png\" alt=\"\" width=\"1847\" height=\"1289\" \/><figcaption class=\"wp-caption-text\"><a href=\"https:\/\/journals.openedition.org\/rhcf\/414?lang=en\">https:\/\/journals.openedition.org\/rhcf\/414?lang=en<\/a><\/figcaption><\/figure>\n<p><a href=\"https:\/\/ambulantconvoyeurpar.com\/?attachment_id=15357\" rel=\"attachment wp-att-15357\"><img loading=\"lazy\" decoding=\"async\" class=\"size-full wp-image-15357 aligncenter\" src=\"https:\/\/ambulantconvoyeurpar.com\/wp-content\/uploads\/2017\/08\/a6-3.jpg\" alt=\"\" width=\"1109\" height=\"712\" srcset=\"https:\/\/ambulantconvoyeurpar.com\/wp-content\/uploads\/2017\/08\/a6-3.jpg 1109w, https:\/\/ambulantconvoyeurpar.com\/wp-content\/uploads\/2017\/08\/a6-3-300x193.jpg 300w, https:\/\/ambulantconvoyeurpar.com\/wp-content\/uploads\/2017\/08\/a6-3-1024x657.jpg 1024w, https:\/\/ambulantconvoyeurpar.com\/wp-content\/uploads\/2017\/08\/a6-3-768x493.jpg 768w, https:\/\/ambulantconvoyeurpar.com\/wp-content\/uploads\/2017\/08\/a6-3-421x270.jpg 421w\" sizes=\"auto, (max-width: 1109px) 100vw, 1109px\" \/><\/a><\/p>\n<p><strong>Ces entrep\u00f4ts ont une existence \u00e9ph\u00e9m\u00e8re d\u00fb \u00e0 plusieurs facteurs:<\/strong><\/p>\n<p>&#8212; Ils sont cr\u00e9\u00e9s pour le temps de l&rsquo;armistice et de la gestion des territoires occup\u00e9s. Ainsi les militaires se retirent du terrain pour laisser la place aux diplomates et aux personnels de service d&rsquo;\u00e9tat.<\/p>\n<p>&#8212; L&rsquo;avanc\u00e9e des troupes sur les diff\u00e9rents terrains d&rsquo;op\u00e9ration. Pour exemple, Bralos qui sert de point de d\u00e9part \u00e0 l&rsquo;offensive des Balkans en 1918 sera vite devenu trop \u00e9loign\u00e9 du th\u00e9\u00e2tre des op\u00e9rations militaires qui choisiront d&rsquo;autres points de d\u00e9barquements ou d&#8217;embarquement des contingents militaires. L&rsquo;armistice sign\u00e9, il est plus facile de se d\u00e9placer dans les Balkans via le r\u00e9seau ferroviaire ou routier.<\/p>\n<p>&#8212; Pour la G\u00e9orgie, la n\u00e9cessit\u00e9 de r\u00e9aliser un tampon entre la Turquie et la Russie \u00e9tait opportun. Ces deux derniers pays avaient un pacte d&rsquo;entente en 1920 pour se partager la G\u00e9orgie et l&rsquo;attaqueront en 1921 peu de temps apr\u00e8s le d\u00e9part de la coalition.<\/p>\n<p>&#8212; Pour la Roumanie, il \u00e9tait important de contenir l&rsquo;avanc\u00e9e Bolchevique.<\/p>\n<p><strong>Entrep\u00f4ts AAO recens\u00e9s:(AAO=Arm\u00e9es Alli\u00e9es Orient)\u00a0<\/strong><\/p>\n<p><strong>AAO Entrep\u00f4t 1<\/strong>: supprim\u00e9 en mai 1919, ville de Bralos en Gr\u00e8ce. Les lignes de chemins de fer de Gr\u00e8ce et de Mac\u00e9doine \u00e9taient plac\u00e9es sous un r\u00e9gime militaire franco-anglais du 02\/06\/1916 au 01\/04\/1919, puis remplac\u00e9es par la commission du r\u00e9seau de Salonique jusqu&rsquo;en 1923. Plusieurs orthographes: Bralo, Bralos, Brallos.<\/p>\n<p>Je ne poss\u00e8de pas cette oblit\u00e9ration<\/p>\n<hr \/>\n<p><strong>AAO Entrep\u00f4t 2:<\/strong>\u00a0 ville de Nisch en Mac\u00e9doine dans la vall\u00e9e du Vardar. La ville de Nisch est reconquise par les serbes le 14\/10\/1918. L&rsquo;exp\u00e9dition de Salonique se termine, elle dura de 1915 \u00e0 1918. Cette ville strat\u00e9gique permettait de contr\u00f4ler la voie ferr\u00e9e qui remonte la vall\u00e9e du Vardar, seule voie de communication avec l&rsquo;ext\u00e9rieur pour le ravitaillement\u00a0 des alli\u00e9s. Se nomme aujourd&rsquo;hui NI\u0160, elle se trouve en Serbie.<\/p>\n<p>Je ne poss\u00e8de pas cette oblit\u00e9ration<\/p>\n<hr \/>\n<p><strong>AAO Entrep\u00f4t 3:<\/strong> ?<\/p>\n<hr \/>\n<p><strong>AAO Entrep\u00f4t 4:<\/strong> Ville de Fete\u015fti, ville de Roumanie. Ligne de chemin de fer de Bucarest \u00e0 Fete\u015fti.<\/p>\n<figure id=\"attachment_825\" aria-describedby=\"caption-attachment-825\" style=\"width: 640px\" class=\"wp-caption aligncenter\"><a href=\"http:\/\/ambulantconvoyeurpar.com\/wp-content\/uploads\/2017\/08\/AAO-N\u00b04.jpg\"><img loading=\"lazy\" decoding=\"async\" class=\"wp-image-825 size-large\" src=\"https:\/\/ambulantconvoyeurpar.com\/wp-content\/uploads\/2017\/08\/AAO-N\u00b04-1024x643.jpg\" alt=\"\" width=\"640\" height=\"402\" srcset=\"https:\/\/ambulantconvoyeurpar.com\/wp-content\/uploads\/2017\/08\/AAO-N\u00b04-1024x643.jpg 1024w, https:\/\/ambulantconvoyeurpar.com\/wp-content\/uploads\/2017\/08\/AAO-N\u00b04-300x188.jpg 300w, https:\/\/ambulantconvoyeurpar.com\/wp-content\/uploads\/2017\/08\/AAO-N\u00b04-768x482.jpg 768w, https:\/\/ambulantconvoyeurpar.com\/wp-content\/uploads\/2017\/08\/AAO-N\u00b04-430x270.jpg 430w, https:\/\/ambulantconvoyeurpar.com\/wp-content\/uploads\/2017\/08\/AAO-N\u00b04.jpg 1675w\" sizes=\"auto, (max-width: 640px) 100vw, 640px\" \/><\/a><figcaption id=\"caption-attachment-825\" class=\"wp-caption-text\">Oblit\u00e9ration de complaisance.<\/figcaption><\/figure>\n<p><a href=\"http:\/\/ambulantconvoyeurpar.com\/wp-content\/uploads\/2017\/08\/AAO-N\u00b04.jpg1_.jpg\">\u00a0<img loading=\"lazy\" decoding=\"async\" class=\"size-medium wp-image-826 aligncenter\" src=\"http:\/\/ambulantconvoyeurpar.com\/wp-content\/uploads\/2017\/08\/AAO-N\u00b04.jpg1_-189x300.jpg\" alt=\"\" width=\"189\" height=\"300\" srcset=\"https:\/\/ambulantconvoyeurpar.com\/wp-content\/uploads\/2017\/08\/AAO-N\u00b04.jpg1_-189x300.jpg 189w, https:\/\/ambulantconvoyeurpar.com\/wp-content\/uploads\/2017\/08\/AAO-N\u00b04.jpg1_-768x1221.jpg 768w, https:\/\/ambulantconvoyeurpar.com\/wp-content\/uploads\/2017\/08\/AAO-N\u00b04.jpg1_-644x1024.jpg 644w, https:\/\/ambulantconvoyeurpar.com\/wp-content\/uploads\/2017\/08\/AAO-N\u00b04.jpg1_-170x270.jpg 170w, https:\/\/ambulantconvoyeurpar.com\/wp-content\/uploads\/2017\/08\/AAO-N\u00b04.jpg1_.jpg 1051w\" sizes=\"auto, (max-width: 189px) 100vw, 189px\" \/><\/a><\/p>\n<hr \/>\n<p><strong>AAO Entrep\u00f4t 5:<\/strong> ville de Giurgevo en Valachie, Roumanie. Premi\u00e8re ville reli\u00e9e \u00e0 Bucarest par le chemin de fer, se nomme aujourd&rsquo;hui Giurgi ou Giurgiu et est situ\u00e9e pr\u00e8s de la fronti\u00e8re bulgare. Le 8\u00e8me r\u00e9giment fran\u00e7ais d&rsquo;infanterie coloniale sera en Roumanie casern\u00e9 \u00e0 Bucarest de janvier \u00e0 juin 1919 puis d\u00e9mobilis\u00e9 ensuite.<\/p>\n<p><img loading=\"lazy\" decoding=\"async\" class=\"size-large wp-image-378 aligncenter\" src=\"http:\/\/ambulantconvoyeurpar.com\/wp-content\/uploads\/2017\/08\/aaa0002-1024x650.jpg\" alt=\"\" width=\"640\" height=\"406\" srcset=\"https:\/\/ambulantconvoyeurpar.com\/wp-content\/uploads\/2017\/08\/aaa0002-1024x650.jpg 1024w, https:\/\/ambulantconvoyeurpar.com\/wp-content\/uploads\/2017\/08\/aaa0002-300x191.jpg 300w, https:\/\/ambulantconvoyeurpar.com\/wp-content\/uploads\/2017\/08\/aaa0002-768x488.jpg 768w, https:\/\/ambulantconvoyeurpar.com\/wp-content\/uploads\/2017\/08\/aaa0002-425x270.jpg 425w, https:\/\/ambulantconvoyeurpar.com\/wp-content\/uploads\/2017\/08\/aaa0002.jpg 1634w\" sizes=\"auto, (max-width: 640px) 100vw, 640px\" \/><img loading=\"lazy\" decoding=\"async\" class=\"size-medium wp-image-388 aligncenter\" src=\"http:\/\/ambulantconvoyeurpar.com\/wp-content\/uploads\/2017\/08\/aaa1-2-192x300.jpg\" alt=\"\" width=\"192\" height=\"300\" srcset=\"https:\/\/ambulantconvoyeurpar.com\/wp-content\/uploads\/2017\/08\/aaa1-2-192x300.jpg 192w, https:\/\/ambulantconvoyeurpar.com\/wp-content\/uploads\/2017\/08\/aaa1-2-768x1199.jpg 768w, https:\/\/ambulantconvoyeurpar.com\/wp-content\/uploads\/2017\/08\/aaa1-2-656x1024.jpg 656w, https:\/\/ambulantconvoyeurpar.com\/wp-content\/uploads\/2017\/08\/aaa1-2-173x270.jpg 173w, https:\/\/ambulantconvoyeurpar.com\/wp-content\/uploads\/2017\/08\/aaa1-2.jpg 1053w\" sizes=\"auto, (max-width: 192px) 100vw, 192px\" \/><a href=\"http:\/\/ambulantconvoyeurpar.com\/?attachment_id=7538\" rel=\"attachment wp-att-7538\"><img loading=\"lazy\" decoding=\"async\" class=\"size-medium wp-image-7538 aligncenter\" src=\"http:\/\/ambulantconvoyeurpar.com\/wp-content\/uploads\/2017\/08\/a-189x300.jpg\" alt=\"\" width=\"189\" height=\"300\" srcset=\"https:\/\/ambulantconvoyeurpar.com\/wp-content\/uploads\/2017\/08\/a-189x300.jpg 189w, https:\/\/ambulantconvoyeurpar.com\/wp-content\/uploads\/2017\/08\/a-647x1024.jpg 647w, https:\/\/ambulantconvoyeurpar.com\/wp-content\/uploads\/2017\/08\/a-170x270.jpg 170w, https:\/\/ambulantconvoyeurpar.com\/wp-content\/uploads\/2017\/08\/a.jpg 680w\" sizes=\"auto, (max-width: 189px) 100vw, 189px\" \/><\/a><\/p>\n<p><a href=\"http:\/\/ambulantconvoyeurpar.com\/?attachment_id=7539\" rel=\"attachment wp-att-7539\"><img loading=\"lazy\" decoding=\"async\" class=\"size-large wp-image-7539 aligncenter\" src=\"http:\/\/ambulantconvoyeurpar.com\/wp-content\/uploads\/2017\/08\/a-1-1024x646.jpg\" alt=\"\" width=\"640\" height=\"404\" srcset=\"https:\/\/ambulantconvoyeurpar.com\/wp-content\/uploads\/2017\/08\/a-1-1024x646.jpg 1024w, https:\/\/ambulantconvoyeurpar.com\/wp-content\/uploads\/2017\/08\/a-1-300x189.jpg 300w, https:\/\/ambulantconvoyeurpar.com\/wp-content\/uploads\/2017\/08\/a-1-768x485.jpg 768w, https:\/\/ambulantconvoyeurpar.com\/wp-content\/uploads\/2017\/08\/a-1-428x270.jpg 428w, https:\/\/ambulantconvoyeurpar.com\/wp-content\/uploads\/2017\/08\/a-1.jpg 1079w\" sizes=\"auto, (max-width: 640px) 100vw, 640px\" \/><\/a><\/p>\n<p><a href=\"http:\/\/ambulantconvoyeurpar.com\/?attachment_id=7540\" rel=\"attachment wp-att-7540\"><img loading=\"lazy\" decoding=\"async\" class=\"size-large wp-image-7540 aligncenter\" src=\"http:\/\/ambulantconvoyeurpar.com\/wp-content\/uploads\/2017\/08\/a-2-1024x652.jpg\" alt=\"\" width=\"640\" height=\"408\" srcset=\"https:\/\/ambulantconvoyeurpar.com\/wp-content\/uploads\/2017\/08\/a-2-1024x652.jpg 1024w, https:\/\/ambulantconvoyeurpar.com\/wp-content\/uploads\/2017\/08\/a-2-300x191.jpg 300w, https:\/\/ambulantconvoyeurpar.com\/wp-content\/uploads\/2017\/08\/a-2-768x489.jpg 768w, https:\/\/ambulantconvoyeurpar.com\/wp-content\/uploads\/2017\/08\/a-2-424x270.jpg 424w, https:\/\/ambulantconvoyeurpar.com\/wp-content\/uploads\/2017\/08\/a-2.jpg 1090w\" sizes=\"auto, (max-width: 640px) 100vw, 640px\" \/><\/a><\/p>\n<p><a href=\"http:\/\/ambulantconvoyeurpar.com\/?attachment_id=7541\" rel=\"attachment wp-att-7541\"><img loading=\"lazy\" decoding=\"async\" class=\"size-medium wp-image-7541 aligncenter\" src=\"http:\/\/ambulantconvoyeurpar.com\/wp-content\/uploads\/2017\/08\/a-3-300x193.jpg\" alt=\"\" width=\"300\" height=\"193\" srcset=\"https:\/\/ambulantconvoyeurpar.com\/wp-content\/uploads\/2017\/08\/a-3-300x193.jpg 300w, https:\/\/ambulantconvoyeurpar.com\/wp-content\/uploads\/2017\/08\/a-3-1024x658.jpg 1024w, https:\/\/ambulantconvoyeurpar.com\/wp-content\/uploads\/2017\/08\/a-3-768x493.jpg 768w, https:\/\/ambulantconvoyeurpar.com\/wp-content\/uploads\/2017\/08\/a-3-420x270.jpg 420w, https:\/\/ambulantconvoyeurpar.com\/wp-content\/uploads\/2017\/08\/a-3.jpg 1091w\" sizes=\"auto, (max-width: 300px) 100vw, 300px\" \/><\/a><\/p>\n<p>Toutes ces oblit\u00e9rations du N\u00b05 sont, \u00e0 mon avis, de complaisance.<\/p>\n<p>Pour la pr\u00e9sence en Roumanie, deux phases:<\/p>\n<p>La coalition roumano franco anglaise franchit la fronti\u00e8re roumaine le 08\/11\/1918, le 10 novembre la Roumanie entre en guerre pour lib\u00e9rer son pays des puissances centrales( Allemagne Autriche Hongrie). Le 11 novembre, l&rsquo;armistice est sign\u00e9 avec l&rsquo;Allemagne \u00e0 Rethondes. Le 12 novembre les soldats des puissances centrales se retirent de Bucarest et \u00e9vacuent la Roumanie. Le 01 d\u00e9cembre, le roi et la reine de Roumanie rentrent \u00e0 Bucarest.<\/p>\n<p>Ensuite, il s&rsquo;agit de repousser l&rsquo;agression du gouvernement bolchevique de Hongrie contre la Roumanie. L&rsquo;arm\u00e9e rouge et le gouvernement bolchevique veulent r\u00e9cup\u00e9rer\u00a0 les territoires donn\u00e9s \u00e0 la Roumanie par le trait\u00e9 du Trianon. Cette agression va durer d&rsquo;avril \u00e0 ao\u00fbt 1919. L&rsquo;Arm\u00e9e roumaine et l&rsquo;Entente\u00a0 \u00a0 \u00a0 \u00a0 \u00a0 \u00a0( France, Serbie, Tch\u00e9coslovaquie) feront tomber les bolcheviques. L&rsquo;arm\u00e9e roumaine sera pr\u00e9sente \u00e0 Budapest en Hongrie jusqu&rsquo;en 1920.<\/p>\n<figure id=\"attachment_824\" aria-describedby=\"caption-attachment-824\" style=\"width: 1658px\" class=\"wp-caption aligncenter\"><a href=\"http:\/\/ambulantconvoyeurpar.com\/wp-content\/uploads\/2017\/08\/roumanie.jpg\"><img loading=\"lazy\" decoding=\"async\" class=\"wp-image-824 size-full\" src=\"https:\/\/ambulantconvoyeurpar.com\/wp-content\/uploads\/2017\/08\/roumanie.jpg\" alt=\"\" width=\"1658\" height=\"1057\" srcset=\"https:\/\/ambulantconvoyeurpar.com\/wp-content\/uploads\/2017\/08\/roumanie.jpg 1658w, https:\/\/ambulantconvoyeurpar.com\/wp-content\/uploads\/2017\/08\/roumanie-300x191.jpg 300w, https:\/\/ambulantconvoyeurpar.com\/wp-content\/uploads\/2017\/08\/roumanie-768x490.jpg 768w, https:\/\/ambulantconvoyeurpar.com\/wp-content\/uploads\/2017\/08\/roumanie-1024x653.jpg 1024w, https:\/\/ambulantconvoyeurpar.com\/wp-content\/uploads\/2017\/08\/roumanie-424x270.jpg 424w\" sizes=\"auto, (max-width: 1658px) 100vw, 1658px\" \/><\/a><figcaption id=\"caption-attachment-824\" class=\"wp-caption-text\">Carte postale \u00e9mise pendant la p\u00e9riode d&rsquo;occupation allemande de Bucarest. Oblit\u00e9ration de la poste aux arm\u00e9es fran\u00e7aise.<\/figcaption><\/figure>\n<hr \/>\n<p><strong>AAO Entrep\u00f4t 6:<\/strong> supprim\u00e9 le 05\/09\/1920, ville de Routschouk en Bulgarie. N\u0153ud ferroviaire. Permet de relier la Bulgarie \u00e0 la Roumanie, relie Routschouk \u00e0 Varna et en direction de l&rsquo;ouest, relie Sofia via Tirnovo\/ Pleven.<\/p>\n<p><img loading=\"lazy\" decoding=\"async\" class=\"size-medium wp-image-385 aligncenter\" src=\"http:\/\/ambulantconvoyeurpar.com\/wp-content\/uploads\/2017\/08\/aaa1-300x194.jpg\" alt=\"\" width=\"300\" height=\"194\" srcset=\"https:\/\/ambulantconvoyeurpar.com\/wp-content\/uploads\/2017\/08\/aaa1-300x194.jpg 300w, https:\/\/ambulantconvoyeurpar.com\/wp-content\/uploads\/2017\/08\/aaa1-768x497.jpg 768w, https:\/\/ambulantconvoyeurpar.com\/wp-content\/uploads\/2017\/08\/aaa1-1024x663.jpg 1024w, https:\/\/ambulantconvoyeurpar.com\/wp-content\/uploads\/2017\/08\/aaa1-417x270.jpg 417w, https:\/\/ambulantconvoyeurpar.com\/wp-content\/uploads\/2017\/08\/aaa1.jpg 1754w\" sizes=\"auto, (max-width: 300px) 100vw, 300px\" \/> \u00a0 \u00a0<a href=\"http:\/\/ambulantconvoyeurpar.com\/wp-content\/uploads\/2017\/08\/aaa1-1.jpg\"><img loading=\"lazy\" decoding=\"async\" class=\"size-large wp-image-387 aligncenter\" src=\"http:\/\/ambulantconvoyeurpar.com\/wp-content\/uploads\/2017\/08\/aaa1-1-1024x657.jpg\" alt=\"\" width=\"640\" height=\"411\" srcset=\"https:\/\/ambulantconvoyeurpar.com\/wp-content\/uploads\/2017\/08\/aaa1-1-1024x657.jpg 1024w, https:\/\/ambulantconvoyeurpar.com\/wp-content\/uploads\/2017\/08\/aaa1-1-300x192.jpg 300w, https:\/\/ambulantconvoyeurpar.com\/wp-content\/uploads\/2017\/08\/aaa1-1-768x493.jpg 768w, https:\/\/ambulantconvoyeurpar.com\/wp-content\/uploads\/2017\/08\/aaa1-1-421x270.jpg 421w, https:\/\/ambulantconvoyeurpar.com\/wp-content\/uploads\/2017\/08\/aaa1-1.jpg 1758w\" sizes=\"auto, (max-width: 640px) 100vw, 640px\" \/><\/a><\/p>\n<p><a href=\"https:\/\/ambulantconvoyeurpar.com\/index.php\/2022\/09\/06\/les-entrepots-postaux-de-larmee-dorient-19191920\/scan-389\/\" rel=\"attachment wp-att-25621\"><img loading=\"lazy\" decoding=\"async\" class=\"alignnone size-large wp-image-25621 aligncenter\" src=\"https:\/\/ambulantconvoyeurpar.com\/wp-content\/uploads\/2022\/09\/Scan-1024x659.jpg\" alt=\"\" width=\"640\" height=\"412\" srcset=\"https:\/\/ambulantconvoyeurpar.com\/wp-content\/uploads\/2022\/09\/Scan-1024x659.jpg 1024w, https:\/\/ambulantconvoyeurpar.com\/wp-content\/uploads\/2022\/09\/Scan-300x193.jpg 300w, https:\/\/ambulantconvoyeurpar.com\/wp-content\/uploads\/2022\/09\/Scan-768x494.jpg 768w, https:\/\/ambulantconvoyeurpar.com\/wp-content\/uploads\/2022\/09\/Scan-419x270.jpg 419w, https:\/\/ambulantconvoyeurpar.com\/wp-content\/uploads\/2022\/09\/Scan.jpg 1089w\" sizes=\"auto, (max-width: 640px) 100vw, 640px\" \/><\/a><\/p>\n<p><a href=\"https:\/\/ambulantconvoyeurpar.com\/index.php\/2022\/09\/06\/les-entrepots-postaux-de-larmee-dorient-19191920\/scan-390\/\" rel=\"attachment wp-att-25622\"><img loading=\"lazy\" decoding=\"async\" class=\"alignnone size-medium wp-image-25622 aligncenter\" src=\"https:\/\/ambulantconvoyeurpar.com\/wp-content\/uploads\/2022\/09\/Scan-1-192x300.jpg\" alt=\"\" width=\"192\" height=\"300\" srcset=\"https:\/\/ambulantconvoyeurpar.com\/wp-content\/uploads\/2022\/09\/Scan-1-192x300.jpg 192w, https:\/\/ambulantconvoyeurpar.com\/wp-content\/uploads\/2022\/09\/Scan-1-655x1024.jpg 655w, https:\/\/ambulantconvoyeurpar.com\/wp-content\/uploads\/2022\/09\/Scan-1-173x270.jpg 173w, https:\/\/ambulantconvoyeurpar.com\/wp-content\/uploads\/2022\/09\/Scan-1.jpg 698w\" sizes=\"auto, (max-width: 192px) 100vw, 192px\" \/><\/a><\/p>\n<hr \/>\n<p><strong>AAO Entrep\u00f4t 7:<\/strong> supprim\u00e9 le 20\/09\/1920, ville de Kuleli-Burgas reli\u00e9e par le chemin de fer \u00e0 Constantinople, territoire ottoman(Turquie) dit\u00a0\u00bb Thrace occidentale\u00a0\u00bb qui sera remis aux grecs en 1920. Occupation interalli\u00e9e d&rsquo;avril 1919 au 28 mai 1920. Occupation fran\u00e7aise dirig\u00e9e par le g\u00e9n\u00e9ral Nayral de Bourgon \u00e0 partir du 30\/04\/1919 et du g\u00e9n\u00e9ral Charpy \u00e0 partir du 14\/12\/1919 avec une compagnie du 17\u00e8me r\u00e9giment de tirailleur alg\u00e9rien, quelques soldats italiens et de bataillons hindous. Les derni\u00e8res troupes fran\u00e7aises quitteront Constantinople le 02\/10\/1923.<\/p>\n<p><a href=\"https:\/\/ambulantconvoyeurpar.com\/index.php\/2022\/09\/06\/les-entrepots-postaux-de-larmee-dorient-19191920\/a1-1965\/\" rel=\"attachment wp-att-21570\"><img loading=\"lazy\" decoding=\"async\" class=\"alignnone size-large wp-image-21570\" src=\"https:\/\/ambulantconvoyeurpar.com\/wp-content\/uploads\/2022\/09\/a1-79-1024x677.jpg\" alt=\"\" width=\"640\" height=\"423\" srcset=\"https:\/\/ambulantconvoyeurpar.com\/wp-content\/uploads\/2022\/09\/a1-79-1024x677.jpg 1024w, https:\/\/ambulantconvoyeurpar.com\/wp-content\/uploads\/2022\/09\/a1-79-300x198.jpg 300w, https:\/\/ambulantconvoyeurpar.com\/wp-content\/uploads\/2022\/09\/a1-79-768x508.jpg 768w, https:\/\/ambulantconvoyeurpar.com\/wp-content\/uploads\/2022\/09\/a1-79-408x270.jpg 408w, https:\/\/ambulantconvoyeurpar.com\/wp-content\/uploads\/2022\/09\/a1-79.jpg 1069w\" sizes=\"auto, (max-width: 640px) 100vw, 640px\" \/><\/a><\/p>\n<p><a href=\"https:\/\/ambulantconvoyeurpar.com\/index.php\/2022\/09\/06\/les-entrepots-postaux-de-larmee-dorient-19191920\/a1-1966\/\" rel=\"attachment wp-att-21572\"><img loading=\"lazy\" decoding=\"async\" class=\"alignnone size-large wp-image-21572\" src=\"https:\/\/ambulantconvoyeurpar.com\/wp-content\/uploads\/2022\/09\/a1-80-1024x691.jpg\" alt=\"\" width=\"640\" height=\"432\" srcset=\"https:\/\/ambulantconvoyeurpar.com\/wp-content\/uploads\/2022\/09\/a1-80-1024x691.jpg 1024w, https:\/\/ambulantconvoyeurpar.com\/wp-content\/uploads\/2022\/09\/a1-80-300x202.jpg 300w, https:\/\/ambulantconvoyeurpar.com\/wp-content\/uploads\/2022\/09\/a1-80-768x518.jpg 768w, https:\/\/ambulantconvoyeurpar.com\/wp-content\/uploads\/2022\/09\/a1-80-400x270.jpg 400w, https:\/\/ambulantconvoyeurpar.com\/wp-content\/uploads\/2022\/09\/a1-80.jpg 1085w\" sizes=\"auto, (max-width: 640px) 100vw, 640px\" \/><\/a><\/p>\n<p><a href=\"https:\/\/ambulantconvoyeurpar.com\/index.php\/2022\/09\/06\/les-entrepots-postaux-de-larmee-dorient-19191920\/a1-1548\/\" rel=\"attachment wp-att-20513\"><img loading=\"lazy\" decoding=\"async\" class=\"wp-image-20513 size-large\" src=\"https:\/\/ambulantconvoyeurpar.com\/wp-content\/uploads\/2022\/09\/a1-77-1024x659.jpg\" alt=\"\" width=\"640\" height=\"412\" srcset=\"https:\/\/ambulantconvoyeurpar.com\/wp-content\/uploads\/2022\/09\/a1-77-1024x659.jpg 1024w, https:\/\/ambulantconvoyeurpar.com\/wp-content\/uploads\/2022\/09\/a1-77-300x193.jpg 300w, https:\/\/ambulantconvoyeurpar.com\/wp-content\/uploads\/2022\/09\/a1-77-768x494.jpg 768w, https:\/\/ambulantconvoyeurpar.com\/wp-content\/uploads\/2022\/09\/a1-77-420x270.jpg 420w, https:\/\/ambulantconvoyeurpar.com\/wp-content\/uploads\/2022\/09\/a1-77.jpg 1102w\" sizes=\"auto, (max-width: 640px) 100vw, 640px\" \/><\/a><\/p>\n<figure id=\"attachment_20515\" aria-describedby=\"caption-attachment-20515\" style=\"width: 640px\" class=\"wp-caption aligncenter\"><a href=\"https:\/\/ambulantconvoyeurpar.com\/index.php\/2022\/09\/06\/les-entrepots-postaux-de-larmee-dorient-19191920\/a1-1549\/\" rel=\"attachment wp-att-20515\"><img loading=\"lazy\" decoding=\"async\" class=\"wp-image-20515 size-large\" src=\"https:\/\/ambulantconvoyeurpar.com\/wp-content\/uploads\/2022\/09\/a1-78-1024x634.jpg\" alt=\"\" width=\"640\" height=\"396\" srcset=\"https:\/\/ambulantconvoyeurpar.com\/wp-content\/uploads\/2022\/09\/a1-78-1024x634.jpg 1024w, https:\/\/ambulantconvoyeurpar.com\/wp-content\/uploads\/2022\/09\/a1-78-300x186.jpg 300w, https:\/\/ambulantconvoyeurpar.com\/wp-content\/uploads\/2022\/09\/a1-78-768x475.jpg 768w, https:\/\/ambulantconvoyeurpar.com\/wp-content\/uploads\/2022\/09\/a1-78-436x270.jpg 436w, https:\/\/ambulantconvoyeurpar.com\/wp-content\/uploads\/2022\/09\/a1-78.jpg 1036w\" sizes=\"auto, (max-width: 640px) 100vw, 640px\" \/><\/a><figcaption id=\"caption-attachment-20515\" class=\"wp-caption-text\">Entiers grecques.<\/figcaption><\/figure>\n<p><a href=\"http:\/\/ambulantconvoyeurpar.com\/wp-content\/uploads\/2017\/08\/aaa10005.jpg\"><img loading=\"lazy\" decoding=\"async\" class=\"size-large wp-image-389 aligncenter\" src=\"http:\/\/ambulantconvoyeurpar.com\/wp-content\/uploads\/2017\/08\/aaa10005-1024x671.jpg\" alt=\"\" width=\"640\" height=\"419\" srcset=\"https:\/\/ambulantconvoyeurpar.com\/wp-content\/uploads\/2017\/08\/aaa10005-1024x671.jpg 1024w, https:\/\/ambulantconvoyeurpar.com\/wp-content\/uploads\/2017\/08\/aaa10005-300x196.jpg 300w, https:\/\/ambulantconvoyeurpar.com\/wp-content\/uploads\/2017\/08\/aaa10005-768x503.jpg 768w, https:\/\/ambulantconvoyeurpar.com\/wp-content\/uploads\/2017\/08\/aaa10005-412x270.jpg 412w, https:\/\/ambulantconvoyeurpar.com\/wp-content\/uploads\/2017\/08\/aaa10005.jpg 1724w\" sizes=\"auto, (max-width: 640px) 100vw, 640px\" \/><\/a><a href=\"http:\/\/ambulantconvoyeurpar.com\/wp-content\/uploads\/2017\/08\/aaa1-3.jpg\"><img loading=\"lazy\" decoding=\"async\" class=\"size-medium wp-image-390 aligncenter\" src=\"http:\/\/ambulantconvoyeurpar.com\/wp-content\/uploads\/2017\/08\/aaa1-3-300x191.jpg\" alt=\"\" width=\"300\" height=\"191\" srcset=\"https:\/\/ambulantconvoyeurpar.com\/wp-content\/uploads\/2017\/08\/aaa1-3-300x191.jpg 300w, https:\/\/ambulantconvoyeurpar.com\/wp-content\/uploads\/2017\/08\/aaa1-3-768x488.jpg 768w, https:\/\/ambulantconvoyeurpar.com\/wp-content\/uploads\/2017\/08\/aaa1-3-1024x651.jpg 1024w, https:\/\/ambulantconvoyeurpar.com\/wp-content\/uploads\/2017\/08\/aaa1-3-425x270.jpg 425w, https:\/\/ambulantconvoyeurpar.com\/wp-content\/uploads\/2017\/08\/aaa1-3.jpg 1673w\" sizes=\"auto, (max-width: 300px) 100vw, 300px\" \/><\/a><\/p>\n<figure id=\"attachment_15006\" aria-describedby=\"caption-attachment-15006\" style=\"width: 1124px\" class=\"wp-caption aligncenter\"><a href=\"https:\/\/ambulantconvoyeurpar.com\/?attachment_id=15006\" rel=\"attachment wp-att-15006\"><img loading=\"lazy\" decoding=\"async\" class=\"wp-image-15006 size-full\" src=\"https:\/\/ambulantconvoyeurpar.com\/wp-content\/uploads\/2017\/08\/a6.jpg\" alt=\"\" width=\"1124\" height=\"797\" srcset=\"https:\/\/ambulantconvoyeurpar.com\/wp-content\/uploads\/2017\/08\/a6.jpg 1124w, https:\/\/ambulantconvoyeurpar.com\/wp-content\/uploads\/2017\/08\/a6-300x213.jpg 300w, https:\/\/ambulantconvoyeurpar.com\/wp-content\/uploads\/2017\/08\/a6-1024x726.jpg 1024w, https:\/\/ambulantconvoyeurpar.com\/wp-content\/uploads\/2017\/08\/a6-768x545.jpg 768w, https:\/\/ambulantconvoyeurpar.com\/wp-content\/uploads\/2017\/08\/a6-381x270.jpg 381w\" sizes=\"auto, (max-width: 1124px) 100vw, 1124px\" \/><\/a><figcaption id=\"caption-attachment-15006\" class=\"wp-caption-text\">lettre du 14\/12\/19. Elle provient du secteur postal 525, commission du r\u00e9seau de Sofia en Bulgarie. Cachet bleu: troupes alli\u00e9es de Bulgarie. Cette date du 14\/12\/1919 co\u00efncide avec l&rsquo;arriv\u00e9e du g\u00e9n\u00e9ral Charpy. Le secteur postal 525 correspond au Q.G. de l&rsquo;arm\u00e9e du Danube, S.P. dissous le 10\/02\/1920.<\/figcaption><\/figure>\n<p><a href=\"http:\/\/maviboncuk.blogspot.com\/2010\/10\/1920-kuleli-bourgas-to-andrinople.html\">http:\/\/maviboncuk.blogspot.com\/2010\/10\/1920-kuleli-bourgas-to-andrinople.html<\/a><\/p>\n<hr \/>\n<p><strong>AAO Entrep\u00f4t 8:<\/strong> cr\u00e9e le 13\/04\/1919, ville de Karagatch en Turquie. La commission mixte de Karagatch fut constitu\u00e9e pour surveiller la voie de chemin de fer qui depuis Svilengrad(Bulgarie) \u00e0 Kuleli-Bourgas (Empire ottoman) relie Constantinople.<\/p>\n<p>Je ne poss\u00e8de pas cette oblit\u00e9ration<\/p>\n<hr \/>\n<p><strong>AAO Entrep\u00f4t 9:<\/strong> cr\u00e9\u00e9 le 13\/04\/1919, village de Varciorova en Roumanie. Ligne de chemin de fer jusque Timisoara vers la fronti\u00e8re serbe et hongroise.<\/p>\n<p>Je ne poss\u00e8de pas cette oblit\u00e9ration<\/p>\n<hr \/>\n<p><strong>AAO Entrep\u00f4t 10:<\/strong> Tiflis, Fonctionne probablement de d\u00e9cembre 1919 \u00e0 septembre 1920, Tiflis (capitale de la G\u00e9orgie)\u00a0 se situe \u00e0 250km \u00e0 l&rsquo;int\u00e9rieur des terres. Capitale qui a \u00e9t\u00e9 choisie comme r\u00e9sidence par la coalition franco-anglo-italienne. Chaque pays surveille une partie du territoire ainsi les anglais couvrent le district de Batom, ville portuaire de la mer noire . Aujourd&rsquo;hui\u00a0 ces deux villes se nomment Tbilissi et Batoumi.<\/p>\n<p>Pour la pr\u00e9sence en G\u00e9orgie de la coalition, les pr\u00e9occupations sont d&rsquo;ordre politique et soci\u00e9tale. Le gouvernement fran\u00e7ais, les alli\u00e9s \u00e9taient soucieux des avanc\u00e9es de la r\u00e9volution bolchevique et de l&rsquo;arm\u00e9e rouge.\u00a0 La coalition s&rsquo;engagea aupr\u00e8s des arm\u00e9es blanches de Russie qui pr\u00f4naient une soci\u00e9t\u00e9 comme du temps des tsars. L&rsquo;arm\u00e9e fran\u00e7aise et sa marine seront pr\u00e9sentes en plusieurs points de la mer noire (Constantinople en novembre 1918, S\u00e9bastopol, Odessa, Batom en d\u00e9cembre 1918). Enfin beaucoup d&rsquo;int\u00e9r\u00eats financiers fran\u00e7ais \u00e9taient investis en Russie par le biais des banques ou d&rsquo;industries, et la r\u00e9volution prol\u00e9tarienne avec la confiscation des biens pour les remettre au peuple ou les nationalis\u00e9s n&rsquo;enchantaient pas particuli\u00e8rement nos financiers.<\/p>\n<p>En avril 1919, les soldats fran\u00e7ais \u00e9vacuent Odessa.\u00a0 Le d\u00e9barquement de quelques maigres contingents le 18 d\u00e9cembre 1918 \u00e0 Odessa, et le 26 \u00e0 S\u00e9bastopol ne suffiront pas pour impressionner la r\u00e9volution. De plus les Fran\u00e7ais sont mal accueillis par une population qui les consid\u00e8re comme une troupe d&rsquo;occupation. L\u2019opinion mondiale et tout \u00e0 moins l&rsquo;opinion europ\u00e9enne est tourn\u00e9e vers la paix qui se pr\u00e9pare \u00e0 Paris. L\u2019arm\u00e9e est fatigu\u00e9e par cette longue guerre. Les refus d\u2019ob\u00e9ir de militaire se multiplient \u00e0 terre en f\u00e9vrier et mars, les hommes ne peuvent r\u00e9sister \u00e0 la moindre pouss\u00e9e des Rouges.<\/p>\n<figure style=\"width: 1008px\" class=\"wp-caption aligncenter\"><img loading=\"lazy\" decoding=\"async\" src=\"https:\/\/upload.wikimedia.org\/wikipedia\/commons\/2\/2e\/Mer_Noire_%28carte%29.png\" alt=\"\" width=\"1008\" height=\"768\" \/><figcaption class=\"wp-caption-text\">Par carte francis\u00e9e par Idarvol \u2014 Ce fichier est d\u00e9riv\u00e9 de\u00a0: Black Sea map.png:, CC BY-SA 3.0, <a href=\"https:\/\/commons.wikimedia.org\/w\/index.php?curid=1691693\">https:\/\/commons.wikimedia.org\/w\/index.php?curid=1691693<\/a><\/figcaption><\/figure>\n<p><a href=\"https:\/\/fr.wikipedia.org\/wiki\/Mutineries_de_la_mer_Noire\">https:\/\/fr.wikipedia.org\/wiki\/Mutineries_de_la_mer_Noire<\/a><\/p>\n<p>le 01\/07\/1920, les anglais qui \u00e9taient pr\u00e9sents sur le territoire g\u00e9orgien depuis d\u00e9cembre 1918, se retirent\u00a0 et remettent le pouvoir aux autorit\u00e9s de G\u00e9orgie, suivi de pr\u00e8s par les fran\u00e7ais et les italiens. Le 11\/02\/1921, l&rsquo;arm\u00e9e rouge envahie la G\u00e9orgie ind\u00e9pendante sans d\u00e9claration de guerre. Le 17\/03\/1921, le gouvernement g\u00e9orgien accepte l&rsquo;asile politique de la France et s&rsquo;exile. La r\u00e9volution bolchevique bat son plein.<\/p>\n<p>La l\u00e9gation de G\u00e9orgie sera active en France jusqu&rsquo;en 1933. L&rsquo;amiti\u00e9 franco-g\u00e9orgienne s&rsquo;est maintenue au fil des ans, les premiers refugi\u00e9s se sont int\u00e9gr\u00e9s en France et y formeront une communaut\u00e9 qui donnera \u00e0 la G\u00e9orgie une pr\u00e9sidente n\u00e9e fran\u00e7aise: Salom\u00e9 Zourabichvili. Cette diplomate de formation obtiendra la nationalit\u00e9 G\u00e9orgienne. Elle est en fonction \u00e0 la t\u00eate de son pays depuis le 16\/12\/2018.<\/p>\n<p><a href=\"https:\/\/fr.wikipedia.org\/wiki\/Salom%C3%A9_Zourabichvili\">https:\/\/fr.wikipedia.org\/wiki\/Salom%C3%A9_Zourabichvili<\/a><\/p>\n<p>Je ne poss\u00e8de pas cette oblit\u00e9ration<\/p>\n<hr \/>\n<p>Plus de 50 000 soldats m\u00e9tropolitains ou des colonies vont laisser leur vie dans cette guerre des Balkans entre 1915 et 1919 sur les 300 000 engag\u00e9s. Le ratio est frappant, vous aviez une chance sur six de mourir.<\/p>\n<p>Les bless\u00e9s en provenance du front serbe sont achemin\u00e9s sur les navires-h\u00f4pitaux r\u00e9serv\u00e9s aux op\u00e9rations chirurgicales, dans la rade de Salonique. Les soldats qui succombent \u00e0 leurs blessures sont jet\u00e9s \u00e0 la mer.<\/p>\n<p>Voici un mot masculin qui devrait \u00eatre plus usit\u00e9, <strong>pacifisme<\/strong>: doctrine ou attitude des personnes qui \u00e9cartent toutes formes de guerre comme moyen de r\u00e9soudre les conflits. Tir\u00e9 du Larousse.<\/p>\n<p><span style=\"color: #ff0000;\">Rep\u00e8res historiques<\/span><\/p>\n<p>Cinq trait\u00e9s de paix majeurs ont \u00e9t\u00e9 sign\u00e9s.<\/p>\n<p>Avec l&rsquo;Allemagne: armistice sign\u00e9 \u00e0 Rethondes le 11\/11\/1918, trait\u00e9 de paix au ch\u00e2teau de Versailles le 28\/06\/19.<\/p>\n<p>Avec l&rsquo;Autriche-Hongrie: armistice sign\u00e9 \u00e0 Villa Giusti le 03\/11\/18, trait\u00e9 de paix avec l&rsquo;<strong>Autriche<\/strong> \u00e0 Saint Germain en Laye le 10\/09\/19.<\/p>\n<p>Avec la Bulgarie: armistice sign\u00e9 le 29\/09\/18 \u00e0 Salonique, trait\u00e9 de paix \u00e0 Neuilly le 27\/11\/19.<\/p>\n<p>Avec la Hongrie: armistice sign\u00e9 pendant la convention de Belgrade le 13\/11\/18, trait\u00e9 de paix le 04\/06\/1920 au ch\u00e2teau de Trianon.<\/p>\n<p>Avec les Ottomans: armistice sign\u00e9 \u00e0 Moudros le 30\/10\/18, trait\u00e9 de paix le 20\/08\/20\u00a0 au ch\u00e2teau de S\u00e8vres(non ratifi\u00e9) suite \u00e0 l&rsquo;attaque des turcs sur l&rsquo;Arm\u00e9nie, remplac\u00e9 par le trait\u00e9 de Lausanne le 24\/07\/23.<\/p>\n<p><strong>Construction des lignes de chemin de fer des pays concern\u00e9s:<\/strong><\/p>\n<p><span style=\"color: #0000ff;\">Autriche<\/span><\/p>\n<p><a href=\"https:\/\/fr.wikipedia.org\/wiki\/Chemins_de_fer_f%C3%A9d%C3%A9raux_autrichiens\">https:\/\/fr.wikipedia.org\/wiki\/Chemins_de_fer_f%C3%A9d%C3%A9raux_autrichiens<\/a><\/p>\n<p><a href=\"http:\/\/www.passion-metrique.net\/pagesweb\/manifestations\/Autriche\/VE%20Autrichiennes%20generalites.html\">http:\/\/www.passion-metrique.net\/pagesweb\/manifestations\/Autriche\/VE%20Autrichiennes%20generalites.html<\/a><\/p>\n<p><a href=\"https:\/\/fr.wikisource.org\/wiki\/Les_Chemins_de_fer_de_l%E2%80%99%C3%A9tat_en_Autriche_-_Le_banat_de_Temeswar\">https:\/\/fr.wikisource.org\/wiki\/Les_Chemins_de_fer_de_l%E2%80%99%C3%A9tat_en_Autriche_-_Le_banat_de_Temeswar<\/a><\/p>\n<p><span style=\"color: #0000ff;\">Bulgarie<\/span><\/p>\n<p><a href=\"https:\/\/fr.wikipedia.org\/wiki\/Transport_ferroviaire_en_Bulgarie\">https:\/\/fr.wikipedia.org\/wiki\/Transport_ferroviaire_en_Bulgarie<\/a><\/p>\n<p><a href=\"https:\/\/bnr.bg\/fr\/post\/100707553\/lhistoire-des-chemins-de-fer-au-musee-des-transports-a-rousse\">https:\/\/bnr.bg\/fr\/post\/100707553\/lhistoire-des-chemins-de-fer-au-musee-des-transports-a-rousse<\/a><\/p>\n<p><span style=\"color: #0000ff;\">Gr\u00e8ce<\/span><\/p>\n<p><a href=\"https:\/\/fr.wikipedia.org\/wiki\/Transport_ferroviaire_en_Gr%C3%A8ce\">https:\/\/fr.wikipedia.org\/wiki\/Transport_ferroviaire_en_Gr%C3%A8ce<\/a><\/p>\n<p><span style=\"color: #0000ff;\">Hongrie<\/span><\/p>\n<p><a href=\"https:\/\/fr.wikipedia.org\/wiki\/Compagnie_des_chemins_de_fer_de_l%27%C3%89tat_autrichien\">https:\/\/fr.wikipedia.org\/wiki\/Compagnie_des_chemins_de_fer_de_l%27%C3%89tat_autrichien<\/a><\/p>\n<p><a href=\"https:\/\/fr.wikipedia.org\/wiki\/S%C3%BCdbahn\">https:\/\/fr.wikipedia.org\/wiki\/S%C3%BCdbahn<\/a><\/p>\n<p><a href=\"https:\/\/www.persee.fr\/doc\/geo_0003-4010_1922_num_31_174_10081\">https:\/\/www.persee.fr\/doc\/geo_0003-4010_1922_num_31_174_10081<\/a><\/p>\n<p><a href=\"https:\/\/fr.wikipedia.org\/wiki\/Transport_ferroviaire_en_Hongrie#:~:text=L'histoire%20du%20chemin%20de,l'innovation%20appara%C3%AEt%20peu%20rentable.\">https:\/\/fr.wikipedia.org\/wiki\/Transport_ferroviaire_en_Hongrie#:~:text=L&rsquo;histoire%20du%20chemin%20de,l&rsquo;innovation%20appara%C3%AEt%20peu%20rentable.<\/a><\/p>\n<p><span style=\"color: #0000ff;\">Ottoman<\/span><\/p>\n<p>http:\/\/aujourdhuilaturquie.com\/fr\/la-politique-ferroviaire-de-lempire-ottoman\/<\/p>\n<p><a href=\"https:\/\/fr.wikipedia.org\/wiki\/Chemin_de_fer_Berlin-Bagdad\">https:\/\/fr.wikipedia.org\/wiki\/Chemin_de_fer_Berlin-Bagdad<\/a><\/p>\n<p><a href=\"https:\/\/fr.wikipedia.org\/wiki\/Soci%C3%A9t%C3%A9_imp%C3%A9riale_des_chemins_de_fer_de_la_Turquie_d%27Europe\">https:\/\/fr.wikipedia.org\/wiki\/Soci%C3%A9t%C3%A9_imp%C3%A9riale_des_chemins_de_fer_de_la_Turquie_d%27Europe<\/a><\/p>\n<p><span style=\"color: #0000ff;\">Roumanie<\/span><\/p>\n<p><a href=\"https:\/\/fr.wikipedia.org\/wiki\/Chemins_de_fer_roumains\">https:\/\/fr.wikipedia.org\/wiki\/Chemins_de_fer_roumains<\/a><\/p>\n<p><span style=\"color: #0000ff;\">Serbie<\/span><\/p>\n<p><a href=\"https:\/\/fr.wikipedia.org\/wiki\/%C5%BDeleznice_Srbije\">https:\/\/fr.wikipedia.org\/wiki\/%C5%BDeleznice_Srbije<\/a><\/p>\n<p><strong>Biblio:<\/strong><\/p>\n<p>les Feuilles Marcophiles information N\u00b017 f\u00e9vrier 1978 (article de B. Sinais).<\/p>\n<p>Catalogue des oblit\u00e9rations militaires fran\u00e7aises 1900\/1985, Bertrand Sinais,\u00a0 Edition Fostier 1986.<\/p>\n<p>La Thrace occidentale sous occupation interalli\u00e9e, HAL archives-ouvertes.fr, Joelle Dalegre, 2016.<\/p>\n<p>Les rails de la discorde, chemin de fer de l&rsquo;arm\u00e9e d&rsquo;orient, 1915\/1933, revue d&rsquo;histoire des chemins de fer, Emmanuel P\u00e9nicaut, 2009.<\/p>\n<p>Les feuilles marcophiles N\u00b010, 1928.<\/p>\n<p><strong>Liens:<\/strong><\/p>\n<p><a href=\"http:\/\/mjp.univ-perp.fr\/traites\/1919saintgermain.htm\">http:\/\/mjp.univ-perp.fr\/traites\/1919saintgermain.htm<\/a><\/p>\n<p><a href=\"http:\/\/ambulantconvoyeurpar.com\/wp-content\/uploads\/2017\/08\/lefront_d_orient_fr_print.pdf\">lefront_d_orient_fr_print<\/a><\/p>\n<p><a href=\"https:\/\/wikimonde.com\/article\/Guerre_hongro-roumaine_de_1919\">https:\/\/wikimonde.com\/article\/Guerre_hongro-roumaine_de_1919<\/a><\/p>\n<p><a href=\"https:\/\/fr.obsfr.ru\/report\/15208\/11997\/\">https:\/\/fr.obsfr.ru\/report\/15208\/11997\/<\/a><\/p>\n<p><a href=\"https:\/\/mediatheque-patrimoine.culture.gouv.fr\/la-guerre-des-balkans-1915-1918\">https:\/\/mediatheque-patrimoine.culture.gouv.fr\/la-guerre-des-balkans-1915-1918<\/a><\/p>\n<p><a href=\"https:\/\/journals.openedition.org\/rhcf\/414?lang=en\">https:\/\/journals.openedition.org\/rhcf\/414?lang=en<\/a><\/p>\n<p><a href=\"https:\/\/journals.openedition.org\/rhcf\/2584?lang=en\">https:\/\/journals.openedition.org\/rhcf\/2584?lang=en<\/a><\/p>\n<p><a href=\"https:\/\/ambulantconvoyeurpar.com\/?attachment_id=15212\" rel=\"attachment wp-att-15212\"><img loading=\"lazy\" decoding=\"async\" class=\"alignnone size-full wp-image-15212\" src=\"https:\/\/ambulantconvoyeurpar.com\/wp-content\/uploads\/2017\/08\/a6-2.jpg\" alt=\"\" width=\"1241\" height=\"899\" srcset=\"https:\/\/ambulantconvoyeurpar.com\/wp-content\/uploads\/2017\/08\/a6-2.jpg 1241w, https:\/\/ambulantconvoyeurpar.com\/wp-content\/uploads\/2017\/08\/a6-2-300x217.jpg 300w, https:\/\/ambulantconvoyeurpar.com\/wp-content\/uploads\/2017\/08\/a6-2-1024x742.jpg 1024w, https:\/\/ambulantconvoyeurpar.com\/wp-content\/uploads\/2017\/08\/a6-2-768x556.jpg 768w, https:\/\/ambulantconvoyeurpar.com\/wp-content\/uploads\/2017\/08\/a6-2-373x270.jpg 373w\" sizes=\"auto, (max-width: 1241px) 100vw, 1241px\" \/><\/a><\/p>\n","protected":false},"excerpt":{"rendered":"<p>Article modifi\u00e9 le 21\/06\/25. Pour r\u00e9diger cette article, je me suis servi des premi\u00e8res informations fournies par l&rsquo;article de Bertrand Sinais paru en 1978 dans les feuilles marcophiles, suppl\u00e9ment info N\u00b0 17. Il est fortement possible que des erreurs soient commises dans cet article au vu des informations incompl\u00e8tes et parcellaires recueillies. Merci de me les signaler. Peu d&rsquo;informations sur ces entrep\u00f4ts postaux cr\u00e9\u00e9s aux points de jonctions par l&rsquo;arm\u00e9e fran\u00e7aise, notamment ferroviaires, des principales lignes de communication utilis\u00e9es par&#8230;<\/p>\n<p class=\"read-more\"><a class=\"btn btn-default\" href=\"https:\/\/ambulantconvoyeurpar.com\/index.php\/2022\/09\/06\/les-entrepots-postaux-de-larmee-dorient-19191920\/\">Lire la suite<span class=\"screen-reader-text\"> Lire la suite<\/span><\/a><\/p>\n","protected":false},"author":1,"featured_media":0,"comment_status":"open","ping_status":"open","sticky":false,"template":"","format":"standard","meta":{"jetpack_post_was_ever_published":true,"_jetpack_newsletter_access":"","_jetpack_dont_email_post_to_subs":false,"_jetpack_newsletter_tier_id":0,"_jetpack_memberships_contains_paywalled_content":false,"_jetpack_memberships_contains_paid_content":false,"footnotes":"","jetpack_publicize_message":"","jetpack_publicize_feature_enabled":true,"jetpack_social_post_already_shared":true,"jetpack_social_options":{"image_generator_settings":{"template":"highway","default_image_id":0,"font":"","enabled":false},"version":2}},"categories":[61,59],"tags":[],"class_list":["post-94","post","type-post","status-publish","format-standard","hentry","category-aao-armee-dorient","category-territoires-occupes"],"jetpack_publicize_connections":[],"jetpack_featured_media_url":"","jetpack_shortlink":"https:\/\/wp.me\/p91OMs-1w","jetpack-related-posts":[],"jetpack_sharing_enabled":true,"_links":{"self":[{"href":"https:\/\/ambulantconvoyeurpar.com\/index.php\/wp-json\/wp\/v2\/posts\/94","targetHints":{"allow":["GET"]}}],"collection":[{"href":"https:\/\/ambulantconvoyeurpar.com\/index.php\/wp-json\/wp\/v2\/posts"}],"about":[{"href":"https:\/\/ambulantconvoyeurpar.com\/index.php\/wp-json\/wp\/v2\/types\/post"}],"author":[{"embeddable":true,"href":"https:\/\/ambulantconvoyeurpar.com\/index.php\/wp-json\/wp\/v2\/users\/1"}],"replies":[{"embeddable":true,"href":"https:\/\/ambulantconvoyeurpar.com\/index.php\/wp-json\/wp\/v2\/comments?post=94"}],"version-history":[{"count":3,"href":"https:\/\/ambulantconvoyeurpar.com\/index.php\/wp-json\/wp\/v2\/posts\/94\/revisions"}],"predecessor-version":[{"id":25623,"href":"https:\/\/ambulantconvoyeurpar.com\/index.php\/wp-json\/wp\/v2\/posts\/94\/revisions\/25623"}],"wp:attachment":[{"href":"https:\/\/ambulantconvoyeurpar.com\/index.php\/wp-json\/wp\/v2\/media?parent=94"}],"wp:term":[{"taxonomy":"category","embeddable":true,"href":"https:\/\/ambulantconvoyeurpar.com\/index.php\/wp-json\/wp\/v2\/categories?post=94"},{"taxonomy":"post_tag","embeddable":true,"href":"https:\/\/ambulantconvoyeurpar.com\/index.php\/wp-json\/wp\/v2\/tags?post=94"}],"curies":[{"name":"wp","href":"https:\/\/api.w.org\/{rel}","templated":true}]}}